{"id":3733,"date":"2013-08-14T13:44:33","date_gmt":"2013-08-14T16:44:33","guid":{"rendered":"http:\/\/blog.panrotas.com.br\/semreserva\/?p=3733"},"modified":"2013-08-14T13:44:33","modified_gmt":"2013-08-14T16:44:33","slug":"dias-negros-para-as-otas","status":"publish","type":"post","link":"https:\/\/blog.panrotas.com.br\/semreserva\/dias-negros-para-as-otas\/14-08-2013\/","title":{"rendered":"DIAS NEGROS PARA AS OTAs"},"content":{"rendered":"<p>&#8230; Nos Estados Unidos.<\/p>\n<p>De qualquer forma vale ler o artigo do site Tnooz (<a href=\"http:\/\/www.tnooz.com\/2013\/08\/13\/news\/dark-days-for-online-travel-agencies\/\">http:\/\/www.tnooz.com\/2013\/08\/13\/news\/dark-days-for-online-travel-agencies\/<\/a>), que aborda os desafios que as OTAs v\u00eam enfrentando no mercado americano, onde as coisas acontecem mais rapida e profissionalmente que no Brasil.<\/p>\n<p>Por aqui, desde que esse monstro, essa aberra\u00e7\u00e3o, essa coisa do capeta chamada INTERNET ousou chegar e acabar com a posi\u00e7\u00e3o acomodada e consolidada de algumas profiss\u00f5es em todas as \u00e1reas, o desespero passou a tomar conta de alguns. Os mais espertos investiram em conhecimento, estrat\u00e9gia, estudos&#8230; e viram que nada seria como antes. Se antigamente, naquele long\u00ednquo s\u00e9culo 20, na estapaf\u00fardia d\u00e9cada de 80, onde pessoas chiques e poderosas usavam ombreiras e mullets e investiam no overnight, tudo mudava lentamente, agora n\u00e3o \u00e9 mais assim.<\/p>\n<p>As OTAs mal completaram um ciclo de sucesso no topo da cadeia produtiva do turismo (e nunca reinaram sozinhas, sempre dividindo o bolo com outros canais) e j\u00e1 est\u00e3o amea\u00e7adas pelos metasearchers e pelos sites de venda direta dos fornecedores.<\/p>\n<p>A\u00e7\u00f5es da Expedia ca\u00edram 20%, os fornecedores conseguem, ao se unirem em fus\u00f5es ou ao adquirirem concorrentes, pre\u00e7os e contatos melhores com o consumidor, os metasearchers s\u00e3o mais amig\u00e1veis e trazem uma multiplicidade de pre\u00e7os.<\/p>\n<p>A vida n\u00e3o est\u00e1 f\u00e1cil para as OTAs e isso deve chegar ao Brasil, com o delay a que estamos acostumados (bem menor, por\u00e9m, que antigamente).<\/p>\n<p>O importante \u00e9 ter uma estrat\u00e9gia. \u00c9 saber com quem quer fazer neg\u00f3cio. \u00c9 saber se valorizar e agregar valor ao produto que vende, todos, ali\u00e1s, de terceiros, pois nem as OTAs, nem as ag\u00eancias tradicionais s\u00e3o donas do que vendem.<\/p>\n<p>Quem n\u00e3o est\u00e1 acompanhando as tend\u00eancias, quem n\u00e3o entendeu que on e off line hoje s\u00e3o uma coisa s\u00f3, quem ainda estranha pessoas conectadas 24 horas por dia, quem ainda acha que est\u00e1 na d\u00e9cada das ombreiras e dos mullets tem data para &#8220;expirar&#8221;. Mas olha que a idade m\u00e9dia dos brasileiros est\u00e1 aumentando hein&#8230; Portanto, prepare-se para viver mais.<\/p>\n","protected":false},"excerpt":{"rendered":"<p>&#8230; Nos Estados Unidos. De qualquer forma vale ler o artigo do site Tnooz (http:\/\/www.tnooz.com\/2013\/08\/13\/news\/dark-days-for-online-travel-agencies\/), que aborda os desafios que as OTAs v\u00eam enfrentando no mercado americano, onde as coisas acontecem mais rapida e profissionalmente que no Brasil. Por aqui, desde que esse monstro, essa aberra\u00e7\u00e3o, essa coisa do capeta chamada INTERNET ousou chegar e [&hellip;]<\/p>\n","protected":false},"author":7,"featured_media":0,"comment_status":"open","ping_status":"open","sticky":false,"template":"","format":"standard","meta":{"spay_email":""},"categories":[2],"tags":[],"yoast_head":"<!-- This site is optimized with the Yoast SEO plugin v17.3 - https:\/\/yoast.com\/wordpress\/plugins\/seo\/ -->\n<title>DIAS NEGROS PARA AS OTAs -<\/title>\n<meta name=\"description\" content=\"DIAS NEGROS PARA AS OTAs. Confira essa Mat\u00e9ria no Canal Sem reserva. \u27a4 Projeto em parceria com a PANROTAS.\" \/>\n<meta name=\"robots\" content=\"index, follow, max-snippet:-1, max-image-preview:large, max-video-preview:-1\" \/>\n<link rel=\"canonical\" href=\"https:\/\/blog.panrotas.com.br\/semreserva\/dias-negros-para-as-otas\/14-08-2013\/\" \/>\n<meta property=\"og:locale\" content=\"pt_BR\" \/>\n<meta property=\"og:type\" content=\"article\" \/>\n<meta property=\"og:title\" content=\"DIAS NEGROS PARA AS OTAs -\" \/>\n<meta property=\"og:description\" content=\"DIAS NEGROS PARA AS OTAs. Confira essa Mat\u00e9ria no Canal Sem reserva. \u27a4 Projeto em parceria com a PANROTAS.\" \/>\n<meta property=\"og:url\" content=\"https:\/\/blog.panrotas.com.br\/semreserva\/dias-negros-para-as-otas\/14-08-2013\/\" \/>\n<meta property=\"og:site_name\" content=\"Sem reserva\" \/>\n<meta property=\"article:publisher\" content=\"https:\/\/www.facebook.com\/portalpanrotas\/\" \/>\n<meta property=\"article:published_time\" content=\"2013-08-14T16:44:33+00:00\" \/>\n<meta name=\"twitter:card\" content=\"summary_large_image\" \/>\n<meta name=\"twitter:creator\" content=\"@portalpanrotas\" \/>\n<meta name=\"twitter:site\" content=\"@portalpanrotas\" \/>\n<meta name=\"twitter:label1\" content=\"Escrito por\" \/>\n\t<meta name=\"twitter:data1\" content=\"Artur Andrade\" \/>\n\t<meta name=\"twitter:label2\" content=\"Est. tempo de leitura\" \/>\n\t<meta name=\"twitter:data2\" content=\"2 minutos\" \/>\n<script type=\"application\/ld+json\" class=\"yoast-schema-graph\">{\"@context\":\"https:\/\/schema.org\",\"@graph\":[{\"@type\":\"Organization\",\"@id\":\"http:\/\/blog.panrotas.com.br\/semreserva\/#organization\",\"name\":\"Sem Reserva - Blog no Portal PANROTAS\",\"url\":\"http:\/\/blog.panrotas.com.br\/semreserva\/\",\"sameAs\":[\"https:\/\/www.facebook.com\/portalpanrotas\/\",\"https:\/\/www.instagram.com\/portalpanrotas\/\",\"https:\/\/br.linkedin.com\/company\/panrotas\",\"https:\/\/www.youtube.com\/tvpanrotas\",\"https:\/\/twitter.com\/portalpanrotas\"],\"logo\":{\"@type\":\"ImageObject\",\"@id\":\"http:\/\/blog.panrotas.com.br\/semreserva\/#logo\",\"inLanguage\":\"pt-BR\",\"url\":\"https:\/\/blog.panrotas.com.br\/semreserva\/wp-content\/uploads\/sites\/5\/2020\/06\/logo.png\",\"contentUrl\":\"https:\/\/blog.panrotas.com.br\/semreserva\/wp-content\/uploads\/sites\/5\/2020\/06\/logo.png\",\"width\":259,\"height\":53,\"caption\":\"Sem Reserva - Blog no Portal PANROTAS\"},\"image\":{\"@id\":\"http:\/\/blog.panrotas.com.br\/semreserva\/#logo\"}},{\"@type\":\"WebSite\",\"@id\":\"http:\/\/blog.panrotas.com.br\/semreserva\/#website\",\"url\":\"http:\/\/blog.panrotas.com.br\/semreserva\/\",\"name\":\"Sem reserva\",\"description\":\"Blogosfera PANROTAS\",\"publisher\":{\"@id\":\"http:\/\/blog.panrotas.com.br\/semreserva\/#organization\"},\"potentialAction\":[{\"@type\":\"SearchAction\",\"target\":{\"@type\":\"EntryPoint\",\"urlTemplate\":\"http:\/\/blog.panrotas.com.br\/semreserva\/?s={search_term_string}\"},\"query-input\":\"required name=search_term_string\"}],\"inLanguage\":\"pt-BR\"},{\"@type\":\"WebPage\",\"@id\":\"https:\/\/blog.panrotas.com.br\/semreserva\/dias-negros-para-as-otas\/14-08-2013\/#webpage\",\"url\":\"https:\/\/blog.panrotas.com.br\/semreserva\/dias-negros-para-as-otas\/14-08-2013\/\",\"name\":\"DIAS NEGROS PARA AS OTAs -\",\"isPartOf\":{\"@id\":\"http:\/\/blog.panrotas.com.br\/semreserva\/#website\"},\"datePublished\":\"2013-08-14T16:44:33+00:00\",\"dateModified\":\"2013-08-14T16:44:33+00:00\",\"description\":\"DIAS NEGROS PARA AS OTAs. Confira essa Mat\\u00e9ria no Canal Sem reserva. \\u27a4 Projeto em parceria com a PANROTAS.\",\"breadcrumb\":{\"@id\":\"https:\/\/blog.panrotas.com.br\/semreserva\/dias-negros-para-as-otas\/14-08-2013\/#breadcrumb\"},\"inLanguage\":\"pt-BR\",\"potentialAction\":[{\"@type\":\"ReadAction\",\"target\":[\"https:\/\/blog.panrotas.com.br\/semreserva\/dias-negros-para-as-otas\/14-08-2013\/\"]}]},{\"@type\":\"BreadcrumbList\",\"@id\":\"https:\/\/blog.panrotas.com.br\/semreserva\/dias-negros-para-as-otas\/14-08-2013\/#breadcrumb\",\"itemListElement\":[{\"@type\":\"ListItem\",\"position\":1,\"name\":\"Home do Blog\",\"item\":\"http:\/\/blog.panrotas.com.br\/semreserva\/\"},{\"@type\":\"ListItem\",\"position\":2,\"name\":\"Dia a dia\",\"item\":\"https:\/\/blog.panrotas.com.br\/semreserva\/category\/dia-a-dia\/\"},{\"@type\":\"ListItem\",\"position\":3,\"name\":\"DIAS NEGROS PARA AS OTAs\"}]},{\"@type\":\"Article\",\"@id\":\"https:\/\/blog.panrotas.com.br\/semreserva\/dias-negros-para-as-otas\/14-08-2013\/#article\",\"isPartOf\":{\"@id\":\"https:\/\/blog.panrotas.com.br\/semreserva\/dias-negros-para-as-otas\/14-08-2013\/#webpage\"},\"author\":{\"@id\":\"http:\/\/blog.panrotas.com.br\/semreserva\/#\/schema\/person\/c93b4555f6a497d2d83c25dcb80f61ed\"},\"headline\":\"DIAS NEGROS PARA AS OTAs\",\"datePublished\":\"2013-08-14T16:44:33+00:00\",\"dateModified\":\"2013-08-14T16:44:33+00:00\",\"mainEntityOfPage\":{\"@id\":\"https:\/\/blog.panrotas.com.br\/semreserva\/dias-negros-para-as-otas\/14-08-2013\/#webpage\"},\"wordCount\":360,\"commentCount\":0,\"publisher\":{\"@id\":\"http:\/\/blog.panrotas.com.br\/semreserva\/#organization\"},\"articleSection\":[\"Dia a dia\"],\"inLanguage\":\"pt-BR\",\"potentialAction\":[{\"@type\":\"CommentAction\",\"name\":\"Comment\",\"target\":[\"https:\/\/blog.panrotas.com.br\/semreserva\/dias-negros-para-as-otas\/14-08-2013\/#respond\"]}]},{\"@type\":\"Person\",\"@id\":\"http:\/\/blog.panrotas.com.br\/semreserva\/#\/schema\/person\/c93b4555f6a497d2d83c25dcb80f61ed\",\"name\":\"Artur Andrade\",\"image\":{\"@type\":\"ImageObject\",\"@id\":\"http:\/\/blog.panrotas.com.br\/semreserva\/#personlogo\",\"inLanguage\":\"pt-BR\",\"url\":\"https:\/\/secure.gravatar.com\/avatar\/a94564d630220cefd5c82f3452ac1ef4?s=96&d=mm&r=g\",\"contentUrl\":\"https:\/\/secure.gravatar.com\/avatar\/a94564d630220cefd5c82f3452ac1ef4?s=96&d=mm&r=g\",\"caption\":\"Artur Andrade\"},\"description\":\"Artur Luiz Andrade \\u00e9 carioca, taurino, jornalista e nasceu em 1969. \\u00c9 editor-chefe da PANROTAS Editora e mora em S\\u00e3o Paulo desde 1998\",\"sameAs\":[\"http:\/\/www.panrotas.com.br\"]}]}<\/script>\n<!-- \/ Yoast SEO plugin. -->","yoast_head_json":{"title":"DIAS NEGROS PARA AS OTAs -","description":"DIAS NEGROS PARA AS OTAs. Confira essa Mat\u00e9ria no Canal Sem reserva. \u27a4 Projeto em parceria com a PANROTAS.","robots":{"index":"index","follow":"follow","max-snippet":"max-snippet:-1","max-image-preview":"max-image-preview:large","max-video-preview":"max-video-preview:-1"},"canonical":"https:\/\/blog.panrotas.com.br\/semreserva\/dias-negros-para-as-otas\/14-08-2013\/","og_locale":"pt_BR","og_type":"article","og_title":"DIAS NEGROS PARA AS OTAs -","og_description":"DIAS NEGROS PARA AS OTAs. Confira essa Mat\u00e9ria no Canal Sem reserva. \u27a4 Projeto em parceria com a PANROTAS.","og_url":"https:\/\/blog.panrotas.com.br\/semreserva\/dias-negros-para-as-otas\/14-08-2013\/","og_site_name":"Sem reserva","article_publisher":"https:\/\/www.facebook.com\/portalpanrotas\/","article_published_time":"2013-08-14T16:44:33+00:00","twitter_card":"summary_large_image","twitter_creator":"@portalpanrotas","twitter_site":"@portalpanrotas","twitter_misc":{"Escrito por":"Artur Andrade","Est. tempo de leitura":"2 minutos"},"schema":{"@context":"https:\/\/schema.org","@graph":[{"@type":"Organization","@id":"http:\/\/blog.panrotas.com.br\/semreserva\/#organization","name":"Sem Reserva - Blog no Portal PANROTAS","url":"http:\/\/blog.panrotas.com.br\/semreserva\/","sameAs":["https:\/\/www.facebook.com\/portalpanrotas\/","https:\/\/www.instagram.com\/portalpanrotas\/","https:\/\/br.linkedin.com\/company\/panrotas","https:\/\/www.youtube.com\/tvpanrotas","https:\/\/twitter.com\/portalpanrotas"],"logo":{"@type":"ImageObject","@id":"http:\/\/blog.panrotas.com.br\/semreserva\/#logo","inLanguage":"pt-BR","url":"https:\/\/blog.panrotas.com.br\/semreserva\/wp-content\/uploads\/sites\/5\/2020\/06\/logo.png","contentUrl":"https:\/\/blog.panrotas.com.br\/semreserva\/wp-content\/uploads\/sites\/5\/2020\/06\/logo.png","width":259,"height":53,"caption":"Sem Reserva - Blog no Portal PANROTAS"},"image":{"@id":"http:\/\/blog.panrotas.com.br\/semreserva\/#logo"}},{"@type":"WebSite","@id":"http:\/\/blog.panrotas.com.br\/semreserva\/#website","url":"http:\/\/blog.panrotas.com.br\/semreserva\/","name":"Sem reserva","description":"Blogosfera PANROTAS","publisher":{"@id":"http:\/\/blog.panrotas.com.br\/semreserva\/#organization"},"potentialAction":[{"@type":"SearchAction","target":{"@type":"EntryPoint","urlTemplate":"http:\/\/blog.panrotas.com.br\/semreserva\/?s={search_term_string}"},"query-input":"required name=search_term_string"}],"inLanguage":"pt-BR"},{"@type":"WebPage","@id":"https:\/\/blog.panrotas.com.br\/semreserva\/dias-negros-para-as-otas\/14-08-2013\/#webpage","url":"https:\/\/blog.panrotas.com.br\/semreserva\/dias-negros-para-as-otas\/14-08-2013\/","name":"DIAS NEGROS PARA AS OTAs -","isPartOf":{"@id":"http:\/\/blog.panrotas.com.br\/semreserva\/#website"},"datePublished":"2013-08-14T16:44:33+00:00","dateModified":"2013-08-14T16:44:33+00:00","description":"DIAS NEGROS PARA AS OTAs. Confira essa Mat\u00e9ria no Canal Sem reserva. \u27a4 Projeto em parceria com a PANROTAS.","breadcrumb":{"@id":"https:\/\/blog.panrotas.com.br\/semreserva\/dias-negros-para-as-otas\/14-08-2013\/#breadcrumb"},"inLanguage":"pt-BR","potentialAction":[{"@type":"ReadAction","target":["https:\/\/blog.panrotas.com.br\/semreserva\/dias-negros-para-as-otas\/14-08-2013\/"]}]},{"@type":"BreadcrumbList","@id":"https:\/\/blog.panrotas.com.br\/semreserva\/dias-negros-para-as-otas\/14-08-2013\/#breadcrumb","itemListElement":[{"@type":"ListItem","position":1,"name":"Home do Blog","item":"http:\/\/blog.panrotas.com.br\/semreserva\/"},{"@type":"ListItem","position":2,"name":"Dia a dia","item":"https:\/\/blog.panrotas.com.br\/semreserva\/category\/dia-a-dia\/"},{"@type":"ListItem","position":3,"name":"DIAS NEGROS PARA AS OTAs"}]},{"@type":"Article","@id":"https:\/\/blog.panrotas.com.br\/semreserva\/dias-negros-para-as-otas\/14-08-2013\/#article","isPartOf":{"@id":"https:\/\/blog.panrotas.com.br\/semreserva\/dias-negros-para-as-otas\/14-08-2013\/#webpage"},"author":{"@id":"http:\/\/blog.panrotas.com.br\/semreserva\/#\/schema\/person\/c93b4555f6a497d2d83c25dcb80f61ed"},"headline":"DIAS NEGROS PARA AS OTAs","datePublished":"2013-08-14T16:44:33+00:00","dateModified":"2013-08-14T16:44:33+00:00","mainEntityOfPage":{"@id":"https:\/\/blog.panrotas.com.br\/semreserva\/dias-negros-para-as-otas\/14-08-2013\/#webpage"},"wordCount":360,"commentCount":0,"publisher":{"@id":"http:\/\/blog.panrotas.com.br\/semreserva\/#organization"},"articleSection":["Dia a dia"],"inLanguage":"pt-BR","potentialAction":[{"@type":"CommentAction","name":"Comment","target":["https:\/\/blog.panrotas.com.br\/semreserva\/dias-negros-para-as-otas\/14-08-2013\/#respond"]}]},{"@type":"Person","@id":"http:\/\/blog.panrotas.com.br\/semreserva\/#\/schema\/person\/c93b4555f6a497d2d83c25dcb80f61ed","name":"Artur Andrade","image":{"@type":"ImageObject","@id":"http:\/\/blog.panrotas.com.br\/semreserva\/#personlogo","inLanguage":"pt-BR","url":"https:\/\/secure.gravatar.com\/avatar\/a94564d630220cefd5c82f3452ac1ef4?s=96&d=mm&r=g","contentUrl":"https:\/\/secure.gravatar.com\/avatar\/a94564d630220cefd5c82f3452ac1ef4?s=96&d=mm&r=g","caption":"Artur Andrade"},"description":"Artur Luiz Andrade \u00e9 carioca, taurino, jornalista e nasceu em 1969. \u00c9 editor-chefe da PANROTAS Editora e mora em S\u00e3o Paulo desde 1998","sameAs":["http:\/\/www.panrotas.com.br"]}]}},"jetpack_featured_media_url":"","jetpack_shortlink":"https:\/\/wp.me\/p7idIU-Yd","_links":{"self":[{"href":"https:\/\/blog.panrotas.com.br\/semreserva\/wp-json\/wp\/v2\/posts\/3733"}],"collection":[{"href":"https:\/\/blog.panrotas.com.br\/semreserva\/wp-json\/wp\/v2\/posts"}],"about":[{"href":"https:\/\/blog.panrotas.com.br\/semreserva\/wp-json\/wp\/v2\/types\/post"}],"author":[{"embeddable":true,"href":"https:\/\/blog.panrotas.com.br\/semreserva\/wp-json\/wp\/v2\/users\/7"}],"replies":[{"embeddable":true,"href":"https:\/\/blog.panrotas.com.br\/semreserva\/wp-json\/wp\/v2\/comments?post=3733"}],"version-history":[{"count":0,"href":"https:\/\/blog.panrotas.com.br\/semreserva\/wp-json\/wp\/v2\/posts\/3733\/revisions"}],"wp:attachment":[{"href":"https:\/\/blog.panrotas.com.br\/semreserva\/wp-json\/wp\/v2\/media?parent=3733"}],"wp:term":[{"taxonomy":"category","embeddable":true,"href":"https:\/\/blog.panrotas.com.br\/semreserva\/wp-json\/wp\/v2\/categories?post=3733"},{"taxonomy":"post_tag","embeddable":true,"href":"https:\/\/blog.panrotas.com.br\/semreserva\/wp-json\/wp\/v2\/tags?post=3733"}],"curies":[{"name":"wp","href":"https:\/\/api.w.org\/{rel}","templated":true}]}}