{"id":3737,"date":"2013-08-16T17:14:12","date_gmt":"2013-08-16T20:14:12","guid":{"rendered":"http:\/\/blog.panrotas.com.br\/semreserva\/?p=3737"},"modified":"2013-08-16T17:14:12","modified_gmt":"2013-08-16T20:14:12","slug":"consideracoes-pre-fds","status":"publish","type":"post","link":"https:\/\/blog.panrotas.com.br\/semreserva\/consideracoes-pre-fds\/16-08-2013\/","title":{"rendered":"CONSIDERA\u00c7\u00d5ES PR\u00c9-FDS"},"content":{"rendered":"<p>Gostei muito do aplicativo 99T\u00e1xi, em que voc\u00ea at\u00e9 v\u00ea o percurso do t\u00e1xi que vai lhe atender. Foto do motorista, telefone, placa do carro&#8230; Escolhe como pagar. A empresa deve estar construindo um bom banco de dados para iniciar a cobran\u00e7a, pois at\u00e9 agora nem o taxista nem o passageiro pagam algo. Tamb\u00e9m pode ser estrat\u00e9gia para eliminar a concorr\u00eancia, que cobra uma pequena taxa do cliente por corrida. At\u00e9 agora, n\u00e3o tive problemas. No \u00faltimo t\u00e1xi que peguei, o motorista, palmeirense, evang\u00e9lico, casado (adoram me contar a vida toda&#8230; isso n\u00e3o muda) elogiou a novidade tecnol\u00f3gica e me surpreendeu ao dizer que usa Whats App e at\u00e9 o Facebook para se comunicar com os passageiros. Parado ele n\u00e3o fica.<\/p>\n<p>&nbsp;<\/p>\n<p>E a vida das empresas on-line n\u00e3o est\u00e1 f\u00e1cil mesmo. A Decolar.com, l\u00edder em viagens on-line no Brasil, n\u00e3o divulga resultados, mas est\u00e1 no meio de pol\u00eamicas com a AA e o trade. J\u00e1 a B2W, que tem a B2W Viagens no seu portf\u00f3lio (e as marcas Submarino Viagens, Americanas Viagens e Shoptime Viagens, al\u00e9m da argentina Submarino Viajes) apresentou um preju\u00edzo de R$ 50 milh\u00f5es no segundo trimestre do ano. Mas pelo menos a B2W Viagens se vangloria de ter atingido um milh\u00e3o&#8230; de f\u00e3s no Facebook. Ent\u00e3o t\u00e1.<\/p>\n<p>&nbsp;<\/p>\n<p>A Viajanet j\u00e1 havia declarado que n\u00e3o havia ganhado dinheiro em sua breve hist\u00f3ria. Ser\u00e1 que j\u00e1 conseguiu?<\/p>\n<p>&nbsp;<\/p>\n<p>Descobri que a B2W \u00e9 dona da Ingresso.com. S\u00f3 compro ingresso no cinema por l\u00e1. Quando me d\u00e3o a op\u00e7\u00e3o de entregar pelo celular, aceito de cara. \u00c9 como o cart\u00e3o de embarque no smartphone. O grande problema, de ambos, \u00e9 o aplicativo n\u00e3o abrir na hora H. Seja por causa da falta de internet, seja por falha do aplicativo. Um truque \u00e9 tirar uma foto assim que receber pelo celular. Mas j\u00e1 embarquei em avi\u00e3o e entrei no cinema sem ter conseguido abrir. Na base da confian\u00e7a.<\/p>\n<p>&nbsp;<\/p>\n<p>Ou no fio do bigode, como se falava naqueles tempos que nem eu sei quais. Ali\u00e1s, hoje desencavei uma palavra que pelo visto est\u00e1 em desuso: modess. Quase fui massacrado pela mulherada&#8230; Agora \u00e9 absorvente. Outro dia falei \u201cempolado\u201d e metade n\u00e3o sabia o que era. J\u00e1 nosso leitor querido Luiz Fernando Mury foi al\u00e9m no bairrismo: disse que o desconto no \u00f4nibus do aeroporto, de apenas 10% para os abavianos, mal daria para comprar um joelho e um refresco aguado de caju. Joelho no Rio \u00e9 aquele salgadinho que acho que em Sampa chamam de enroladinho (de queijo e presunto).<\/p>\n<p>&nbsp;<\/p>\n<p>O tema do post, que era tecnologia, descambou pro bairrismo. Como pode isso? Sexta-feira. Ent\u00e3o vai aqui a mais recente das p\u00e9rolas, mas n\u00e3o vou dar o nome do santo. E fal\u00e1vamos do C\u00edrio de Nazar\u00e9 e eu falei que N.S. de Nazar\u00e9 deveria ser a segunda santa mais popular do Pa\u00eds, atr\u00e1s de N.S. Aparecida (apesar de serem a mesma santa, claro)&#8230; Eis que o rapaz se espanta e dispara: mas eu achei que c\u00edrio fosse santo homem. Logging off.<\/p>\n<p>&nbsp;<\/p>\n<p>Bom fim de semana. #voudetaxi<\/p>\n<p>&nbsp;<\/p>\n<p>&nbsp;<\/p>\n<p>&nbsp;<\/p>\n<p>&nbsp;<\/p>\n","protected":false},"excerpt":{"rendered":"<p>Gostei muito do aplicativo 99T\u00e1xi, em que voc\u00ea at\u00e9 v\u00ea o percurso do t\u00e1xi que vai lhe atender. Foto do motorista, telefone, placa do carro&#8230; Escolhe como pagar. A empresa deve estar construindo um bom banco de dados para iniciar a cobran\u00e7a, pois at\u00e9 agora nem o taxista nem o passageiro pagam algo. Tamb\u00e9m pode [&hellip;]<\/p>\n","protected":false},"author":7,"featured_media":0,"comment_status":"open","ping_status":"open","sticky":false,"template":"","format":"standard","meta":{"spay_email":""},"categories":[2],"tags":[],"yoast_head":"<!-- This site is optimized with the Yoast SEO plugin v17.3 - https:\/\/yoast.com\/wordpress\/plugins\/seo\/ -->\n<title>CONSIDERA\u00c7\u00d5ES PR\u00c9-FDS -<\/title>\n<meta name=\"description\" content=\"CONSIDERA\u00c7\u00d5ES PR\u00c9-FDS. Confira essa Mat\u00e9ria no Canal Sem reserva. \u27a4 Projeto em parceria com a PANROTAS.\" \/>\n<meta name=\"robots\" content=\"index, follow, max-snippet:-1, max-image-preview:large, max-video-preview:-1\" \/>\n<link rel=\"canonical\" href=\"https:\/\/blog.panrotas.com.br\/semreserva\/consideracoes-pre-fds\/16-08-2013\/\" \/>\n<meta property=\"og:locale\" content=\"pt_BR\" \/>\n<meta property=\"og:type\" content=\"article\" \/>\n<meta property=\"og:title\" content=\"CONSIDERA\u00c7\u00d5ES PR\u00c9-FDS -\" \/>\n<meta property=\"og:description\" content=\"CONSIDERA\u00c7\u00d5ES PR\u00c9-FDS. Confira essa Mat\u00e9ria no Canal Sem reserva. \u27a4 Projeto em parceria com a PANROTAS.\" \/>\n<meta property=\"og:url\" content=\"https:\/\/blog.panrotas.com.br\/semreserva\/consideracoes-pre-fds\/16-08-2013\/\" \/>\n<meta property=\"og:site_name\" content=\"Sem reserva\" \/>\n<meta property=\"article:publisher\" content=\"https:\/\/www.facebook.com\/portalpanrotas\/\" \/>\n<meta property=\"article:published_time\" content=\"2013-08-16T20:14:12+00:00\" \/>\n<meta name=\"twitter:card\" content=\"summary_large_image\" \/>\n<meta name=\"twitter:creator\" content=\"@portalpanrotas\" \/>\n<meta name=\"twitter:site\" content=\"@portalpanrotas\" \/>\n<meta name=\"twitter:label1\" content=\"Escrito por\" \/>\n\t<meta name=\"twitter:data1\" content=\"Artur Andrade\" \/>\n\t<meta name=\"twitter:label2\" content=\"Est. tempo de leitura\" \/>\n\t<meta name=\"twitter:data2\" content=\"3 minutos\" \/>\n<script type=\"application\/ld+json\" class=\"yoast-schema-graph\">{\"@context\":\"https:\/\/schema.org\",\"@graph\":[{\"@type\":\"Organization\",\"@id\":\"http:\/\/blog.panrotas.com.br\/semreserva\/#organization\",\"name\":\"Sem Reserva - Blog no Portal PANROTAS\",\"url\":\"http:\/\/blog.panrotas.com.br\/semreserva\/\",\"sameAs\":[\"https:\/\/www.facebook.com\/portalpanrotas\/\",\"https:\/\/www.instagram.com\/portalpanrotas\/\",\"https:\/\/br.linkedin.com\/company\/panrotas\",\"https:\/\/www.youtube.com\/tvpanrotas\",\"https:\/\/twitter.com\/portalpanrotas\"],\"logo\":{\"@type\":\"ImageObject\",\"@id\":\"http:\/\/blog.panrotas.com.br\/semreserva\/#logo\",\"inLanguage\":\"pt-BR\",\"url\":\"https:\/\/blog.panrotas.com.br\/semreserva\/wp-content\/uploads\/sites\/5\/2020\/06\/logo.png\",\"contentUrl\":\"https:\/\/blog.panrotas.com.br\/semreserva\/wp-content\/uploads\/sites\/5\/2020\/06\/logo.png\",\"width\":259,\"height\":53,\"caption\":\"Sem Reserva - Blog no Portal PANROTAS\"},\"image\":{\"@id\":\"http:\/\/blog.panrotas.com.br\/semreserva\/#logo\"}},{\"@type\":\"WebSite\",\"@id\":\"http:\/\/blog.panrotas.com.br\/semreserva\/#website\",\"url\":\"http:\/\/blog.panrotas.com.br\/semreserva\/\",\"name\":\"Sem reserva\",\"description\":\"Blogosfera PANROTAS\",\"publisher\":{\"@id\":\"http:\/\/blog.panrotas.com.br\/semreserva\/#organization\"},\"potentialAction\":[{\"@type\":\"SearchAction\",\"target\":{\"@type\":\"EntryPoint\",\"urlTemplate\":\"http:\/\/blog.panrotas.com.br\/semreserva\/?s={search_term_string}\"},\"query-input\":\"required name=search_term_string\"}],\"inLanguage\":\"pt-BR\"},{\"@type\":\"WebPage\",\"@id\":\"https:\/\/blog.panrotas.com.br\/semreserva\/consideracoes-pre-fds\/16-08-2013\/#webpage\",\"url\":\"https:\/\/blog.panrotas.com.br\/semreserva\/consideracoes-pre-fds\/16-08-2013\/\",\"name\":\"CONSIDERA\\u00c7\\u00d5ES PR\\u00c9-FDS -\",\"isPartOf\":{\"@id\":\"http:\/\/blog.panrotas.com.br\/semreserva\/#website\"},\"datePublished\":\"2013-08-16T20:14:12+00:00\",\"dateModified\":\"2013-08-16T20:14:12+00:00\",\"description\":\"CONSIDERA\\u00c7\\u00d5ES PR\\u00c9-FDS. Confira essa Mat\\u00e9ria no Canal Sem reserva. \\u27a4 Projeto em parceria com a PANROTAS.\",\"breadcrumb\":{\"@id\":\"https:\/\/blog.panrotas.com.br\/semreserva\/consideracoes-pre-fds\/16-08-2013\/#breadcrumb\"},\"inLanguage\":\"pt-BR\",\"potentialAction\":[{\"@type\":\"ReadAction\",\"target\":[\"https:\/\/blog.panrotas.com.br\/semreserva\/consideracoes-pre-fds\/16-08-2013\/\"]}]},{\"@type\":\"BreadcrumbList\",\"@id\":\"https:\/\/blog.panrotas.com.br\/semreserva\/consideracoes-pre-fds\/16-08-2013\/#breadcrumb\",\"itemListElement\":[{\"@type\":\"ListItem\",\"position\":1,\"name\":\"Home do Blog\",\"item\":\"http:\/\/blog.panrotas.com.br\/semreserva\/\"},{\"@type\":\"ListItem\",\"position\":2,\"name\":\"Dia a dia\",\"item\":\"https:\/\/blog.panrotas.com.br\/semreserva\/category\/dia-a-dia\/\"},{\"@type\":\"ListItem\",\"position\":3,\"name\":\"CONSIDERA\\u00c7\\u00d5ES PR\\u00c9-FDS\"}]},{\"@type\":\"Article\",\"@id\":\"https:\/\/blog.panrotas.com.br\/semreserva\/consideracoes-pre-fds\/16-08-2013\/#article\",\"isPartOf\":{\"@id\":\"https:\/\/blog.panrotas.com.br\/semreserva\/consideracoes-pre-fds\/16-08-2013\/#webpage\"},\"author\":{\"@id\":\"http:\/\/blog.panrotas.com.br\/semreserva\/#\/schema\/person\/c93b4555f6a497d2d83c25dcb80f61ed\"},\"headline\":\"CONSIDERA\\u00c7\\u00d5ES PR\\u00c9-FDS\",\"datePublished\":\"2013-08-16T20:14:12+00:00\",\"dateModified\":\"2013-08-16T20:14:12+00:00\",\"mainEntityOfPage\":{\"@id\":\"https:\/\/blog.panrotas.com.br\/semreserva\/consideracoes-pre-fds\/16-08-2013\/#webpage\"},\"wordCount\":561,\"commentCount\":0,\"publisher\":{\"@id\":\"http:\/\/blog.panrotas.com.br\/semreserva\/#organization\"},\"articleSection\":[\"Dia a dia\"],\"inLanguage\":\"pt-BR\",\"potentialAction\":[{\"@type\":\"CommentAction\",\"name\":\"Comment\",\"target\":[\"https:\/\/blog.panrotas.com.br\/semreserva\/consideracoes-pre-fds\/16-08-2013\/#respond\"]}]},{\"@type\":\"Person\",\"@id\":\"http:\/\/blog.panrotas.com.br\/semreserva\/#\/schema\/person\/c93b4555f6a497d2d83c25dcb80f61ed\",\"name\":\"Artur Andrade\",\"image\":{\"@type\":\"ImageObject\",\"@id\":\"http:\/\/blog.panrotas.com.br\/semreserva\/#personlogo\",\"inLanguage\":\"pt-BR\",\"url\":\"https:\/\/secure.gravatar.com\/avatar\/a94564d630220cefd5c82f3452ac1ef4?s=96&d=mm&r=g\",\"contentUrl\":\"https:\/\/secure.gravatar.com\/avatar\/a94564d630220cefd5c82f3452ac1ef4?s=96&d=mm&r=g\",\"caption\":\"Artur Andrade\"},\"description\":\"Artur Luiz Andrade \\u00e9 carioca, taurino, jornalista e nasceu em 1969. \\u00c9 editor-chefe da PANROTAS Editora e mora em S\\u00e3o Paulo desde 1998\",\"sameAs\":[\"http:\/\/www.panrotas.com.br\"]}]}<\/script>\n<!-- \/ Yoast SEO plugin. -->","yoast_head_json":{"title":"CONSIDERA\u00c7\u00d5ES PR\u00c9-FDS -","description":"CONSIDERA\u00c7\u00d5ES PR\u00c9-FDS. Confira essa Mat\u00e9ria no Canal Sem reserva. \u27a4 Projeto em parceria com a PANROTAS.","robots":{"index":"index","follow":"follow","max-snippet":"max-snippet:-1","max-image-preview":"max-image-preview:large","max-video-preview":"max-video-preview:-1"},"canonical":"https:\/\/blog.panrotas.com.br\/semreserva\/consideracoes-pre-fds\/16-08-2013\/","og_locale":"pt_BR","og_type":"article","og_title":"CONSIDERA\u00c7\u00d5ES PR\u00c9-FDS -","og_description":"CONSIDERA\u00c7\u00d5ES PR\u00c9-FDS. Confira essa Mat\u00e9ria no Canal Sem reserva. \u27a4 Projeto em parceria com a PANROTAS.","og_url":"https:\/\/blog.panrotas.com.br\/semreserva\/consideracoes-pre-fds\/16-08-2013\/","og_site_name":"Sem reserva","article_publisher":"https:\/\/www.facebook.com\/portalpanrotas\/","article_published_time":"2013-08-16T20:14:12+00:00","twitter_card":"summary_large_image","twitter_creator":"@portalpanrotas","twitter_site":"@portalpanrotas","twitter_misc":{"Escrito por":"Artur Andrade","Est. tempo de leitura":"3 minutos"},"schema":{"@context":"https:\/\/schema.org","@graph":[{"@type":"Organization","@id":"http:\/\/blog.panrotas.com.br\/semreserva\/#organization","name":"Sem Reserva - Blog no Portal PANROTAS","url":"http:\/\/blog.panrotas.com.br\/semreserva\/","sameAs":["https:\/\/www.facebook.com\/portalpanrotas\/","https:\/\/www.instagram.com\/portalpanrotas\/","https:\/\/br.linkedin.com\/company\/panrotas","https:\/\/www.youtube.com\/tvpanrotas","https:\/\/twitter.com\/portalpanrotas"],"logo":{"@type":"ImageObject","@id":"http:\/\/blog.panrotas.com.br\/semreserva\/#logo","inLanguage":"pt-BR","url":"https:\/\/blog.panrotas.com.br\/semreserva\/wp-content\/uploads\/sites\/5\/2020\/06\/logo.png","contentUrl":"https:\/\/blog.panrotas.com.br\/semreserva\/wp-content\/uploads\/sites\/5\/2020\/06\/logo.png","width":259,"height":53,"caption":"Sem Reserva - Blog no Portal PANROTAS"},"image":{"@id":"http:\/\/blog.panrotas.com.br\/semreserva\/#logo"}},{"@type":"WebSite","@id":"http:\/\/blog.panrotas.com.br\/semreserva\/#website","url":"http:\/\/blog.panrotas.com.br\/semreserva\/","name":"Sem reserva","description":"Blogosfera PANROTAS","publisher":{"@id":"http:\/\/blog.panrotas.com.br\/semreserva\/#organization"},"potentialAction":[{"@type":"SearchAction","target":{"@type":"EntryPoint","urlTemplate":"http:\/\/blog.panrotas.com.br\/semreserva\/?s={search_term_string}"},"query-input":"required name=search_term_string"}],"inLanguage":"pt-BR"},{"@type":"WebPage","@id":"https:\/\/blog.panrotas.com.br\/semreserva\/consideracoes-pre-fds\/16-08-2013\/#webpage","url":"https:\/\/blog.panrotas.com.br\/semreserva\/consideracoes-pre-fds\/16-08-2013\/","name":"CONSIDERA\u00c7\u00d5ES PR\u00c9-FDS -","isPartOf":{"@id":"http:\/\/blog.panrotas.com.br\/semreserva\/#website"},"datePublished":"2013-08-16T20:14:12+00:00","dateModified":"2013-08-16T20:14:12+00:00","description":"CONSIDERA\u00c7\u00d5ES PR\u00c9-FDS. Confira essa Mat\u00e9ria no Canal Sem reserva. \u27a4 Projeto em parceria com a PANROTAS.","breadcrumb":{"@id":"https:\/\/blog.panrotas.com.br\/semreserva\/consideracoes-pre-fds\/16-08-2013\/#breadcrumb"},"inLanguage":"pt-BR","potentialAction":[{"@type":"ReadAction","target":["https:\/\/blog.panrotas.com.br\/semreserva\/consideracoes-pre-fds\/16-08-2013\/"]}]},{"@type":"BreadcrumbList","@id":"https:\/\/blog.panrotas.com.br\/semreserva\/consideracoes-pre-fds\/16-08-2013\/#breadcrumb","itemListElement":[{"@type":"ListItem","position":1,"name":"Home do Blog","item":"http:\/\/blog.panrotas.com.br\/semreserva\/"},{"@type":"ListItem","position":2,"name":"Dia a dia","item":"https:\/\/blog.panrotas.com.br\/semreserva\/category\/dia-a-dia\/"},{"@type":"ListItem","position":3,"name":"CONSIDERA\u00c7\u00d5ES PR\u00c9-FDS"}]},{"@type":"Article","@id":"https:\/\/blog.panrotas.com.br\/semreserva\/consideracoes-pre-fds\/16-08-2013\/#article","isPartOf":{"@id":"https:\/\/blog.panrotas.com.br\/semreserva\/consideracoes-pre-fds\/16-08-2013\/#webpage"},"author":{"@id":"http:\/\/blog.panrotas.com.br\/semreserva\/#\/schema\/person\/c93b4555f6a497d2d83c25dcb80f61ed"},"headline":"CONSIDERA\u00c7\u00d5ES PR\u00c9-FDS","datePublished":"2013-08-16T20:14:12+00:00","dateModified":"2013-08-16T20:14:12+00:00","mainEntityOfPage":{"@id":"https:\/\/blog.panrotas.com.br\/semreserva\/consideracoes-pre-fds\/16-08-2013\/#webpage"},"wordCount":561,"commentCount":0,"publisher":{"@id":"http:\/\/blog.panrotas.com.br\/semreserva\/#organization"},"articleSection":["Dia a dia"],"inLanguage":"pt-BR","potentialAction":[{"@type":"CommentAction","name":"Comment","target":["https:\/\/blog.panrotas.com.br\/semreserva\/consideracoes-pre-fds\/16-08-2013\/#respond"]}]},{"@type":"Person","@id":"http:\/\/blog.panrotas.com.br\/semreserva\/#\/schema\/person\/c93b4555f6a497d2d83c25dcb80f61ed","name":"Artur Andrade","image":{"@type":"ImageObject","@id":"http:\/\/blog.panrotas.com.br\/semreserva\/#personlogo","inLanguage":"pt-BR","url":"https:\/\/secure.gravatar.com\/avatar\/a94564d630220cefd5c82f3452ac1ef4?s=96&d=mm&r=g","contentUrl":"https:\/\/secure.gravatar.com\/avatar\/a94564d630220cefd5c82f3452ac1ef4?s=96&d=mm&r=g","caption":"Artur Andrade"},"description":"Artur Luiz Andrade \u00e9 carioca, taurino, jornalista e nasceu em 1969. \u00c9 editor-chefe da PANROTAS Editora e mora em S\u00e3o Paulo desde 1998","sameAs":["http:\/\/www.panrotas.com.br"]}]}},"jetpack_featured_media_url":"","jetpack_shortlink":"https:\/\/wp.me\/p7idIU-Yh","_links":{"self":[{"href":"https:\/\/blog.panrotas.com.br\/semreserva\/wp-json\/wp\/v2\/posts\/3737"}],"collection":[{"href":"https:\/\/blog.panrotas.com.br\/semreserva\/wp-json\/wp\/v2\/posts"}],"about":[{"href":"https:\/\/blog.panrotas.com.br\/semreserva\/wp-json\/wp\/v2\/types\/post"}],"author":[{"embeddable":true,"href":"https:\/\/blog.panrotas.com.br\/semreserva\/wp-json\/wp\/v2\/users\/7"}],"replies":[{"embeddable":true,"href":"https:\/\/blog.panrotas.com.br\/semreserva\/wp-json\/wp\/v2\/comments?post=3737"}],"version-history":[{"count":0,"href":"https:\/\/blog.panrotas.com.br\/semreserva\/wp-json\/wp\/v2\/posts\/3737\/revisions"}],"wp:attachment":[{"href":"https:\/\/blog.panrotas.com.br\/semreserva\/wp-json\/wp\/v2\/media?parent=3737"}],"wp:term":[{"taxonomy":"category","embeddable":true,"href":"https:\/\/blog.panrotas.com.br\/semreserva\/wp-json\/wp\/v2\/categories?post=3737"},{"taxonomy":"post_tag","embeddable":true,"href":"https:\/\/blog.panrotas.com.br\/semreserva\/wp-json\/wp\/v2\/tags?post=3737"}],"curies":[{"name":"wp","href":"https:\/\/api.w.org\/{rel}","templated":true}]}}