{"id":3745,"date":"2013-12-10T00:43:08","date_gmt":"2013-12-10T03:43:08","guid":{"rendered":"http:\/\/blog.panrotas.com.br\/semreserva\/?p=3745"},"modified":"2013-12-10T00:43:08","modified_gmt":"2013-12-10T03:43:08","slug":"inspiracao","status":"publish","type":"post","link":"https:\/\/blog.panrotas.com.br\/semreserva\/inspiracao\/10-12-2013\/","title":{"rendered":"Inspira\u00e7\u00e3o"},"content":{"rendered":"<p>N\u00e3o d\u00e1 para comparar vidas ou dores, cada um tem a sua e talvez nem saibamos direito o que estamos fazendo e como chegamos onde estamos. Ali\u00e1s, onde estamos nesse momento?<\/p>\n<p>Mas algumas vidas nos servem como inspira\u00e7\u00e3o, como um sopro de bom pensamento em meio \u00e0s a\u00e7\u00f5ezinhas do dia a dia a que temos de nos \u201csubmeter\u201d para que, aos pouquinhos, cheguemos em algum lugar. E a soma delas, com paix\u00e3o e inspira\u00e7\u00e3o, com certeza nos leva a algum lugar.<\/p>\n<p>N\u00e3o saberemos, acredito, como \u00e9 passar 27 anos em uma pris\u00e3o, por causa de uma regime constru\u00eddo sobre o 0 preconceito, a desigualdade e a estupidez. Tamb\u00e9m n\u00e3o saberemos como conseguir sair da cadeia, tanto tempo depois, tanta injusti\u00e7a depois, e virar um \u00edcone mundial em favor da paz, da igualdade, do fim dos bo\u00e7ais. Mas n\u00e3o precisamos saber tanto. Mandela j\u00e1 desempenhou esse papel e se um pouco de sua brisa soprar em nossos cabelos, j\u00e1 estaremos no lucro.<\/p>\n<p>Muitos de n\u00f3s n\u00e3o saberemos como \u00e9 construir, do zero, um imp\u00e9rio respeitado, amado, temido e invejado por tantos. Mas podemos nos espelhar na simplicidade, na humildade e na experi\u00eancia s\u00e1bia dos grandes empreendedores de nosso setor. Nem preciso citar nomes aqui. Mas acho que o segredo maior \u00e9 a simplicidade e o respeito a quem constr\u00f3i com eles e n\u00e3o \u201cpara\u201d eles. A diferen\u00e7a \u00e9 enorme.<\/p>\n<p>N\u00e3o precisamos perder um filho de quatro anos em uma trag\u00e9dia natural ou produzida pelo homem para saber que \u00e9 preciso provid\u00eancias de quem est\u00e1 no poder. Mas como \u00e9 chegar no poder e n\u00e3o fazer nada? N\u00e3o mudar o rumo do que est\u00e1 errado? Deve ser horr\u00edvel. A pol\u00edtica, infelizmente, n\u00e3o nos inspirar\u00e1. Temo que sem exce\u00e7\u00f5es, pois o sistema \u00e9 corrupto, cruel e ego\u00edsta. Ou se est\u00e1 dentro dele ou se \u00e9 apenas uma fonte de energia sendo sugada insistentemente at\u00e9 que\u2026 n\u00e3o sirva mais e seja substitu\u00edda. Sem dor (para eles) nem pena.<\/p>\n<p>Quem trabalha com paix\u00e3o me inspira. Acho no m\u00ednimo indelicado e um verdadeiro sinal de fraqueza e incompet\u00eancia quem usa as redes sociais para reclamar do trabalho, por exemplo. Estar cansado em um momento, querer uma massagem nas costas ou uma dose dupla de qualquer bebida em outros s\u00e3o coisas distintas de estar sempre se lamentando\u2026 \u00c9 como se o m\u00e9dico sempre entrar no plant\u00e3o reclamando\u2026 Por que n\u00e3o foi ser qualquer outra coisa, ent\u00e3o? Quem passa a vida a se lamentar n\u00e3o me inspira. Nem um pouco.<\/p>\n<p>Mas quem se entrega, quem faz a diferen\u00e7a, quem est\u00e1 sempre fazendo o mesmo trabalho como se fosse a primeira vez, quem n\u00e3o fica contando os minutos para ir para casa (e chegar em casa e reclamar da comida, da mulher, do marido, da novela que se repete, do vizinho)\u2026 esses me inspiram. Dizem que um bom l\u00edder pode fazer com que todos trabalhem com esse brilho, mas \u00e9 muito dif\u00edcil ter a coragem e a oportunidade de fazer o que se gosta, o que se quer\u2026 portanto, bastar\u00e1 o l\u00edder virar as costas para entrar a mensagem na internet: \u201cque saco, trabalhando at\u00e9 tarde de novo\u201d, ou \u201cdoido pra chegar o fim de semana\u201d\u2026 Isso parece tempo perdido. E pensar que trabalhar \u00e9 tempo perdido\u2026 ter\u00e1 sido vida perdida.<\/p>\n<p>Eu me divirto vendo e convivendo com os amigos e tamb\u00e9m os conhecidos simp\u00e1ticos e os desconhecidos legais nos eventos, nas viagens\u2026 Como na viagem da Abracorp para Orlando, como no almo\u00e7o da Esferatur\u2026 Eu me inspiro com diversas hist\u00f3rias e acontecimentos desses momentos de trabalho e vejo muitos se divertindo tamb\u00e9m, transformando trabalho em leveza, sem perder a seriedade. Abertos a inspira\u00e7\u00e3o.<\/p>\n<p>O turismo pode fazer ainda muito pelo Pa\u00eds (e infelizmente n\u00e3o foi a cria\u00e7\u00e3o de um minist\u00e9rio ou a mudan\u00e7a de papel da Embratur que fizeram diferen\u00e7a nos \u00faltimos anos; e felizmente existem os inspiradores que citei, sem nominar, l\u00e1 no alto), somos pura inspira\u00e7\u00e3o, puro prazer em realizar, em fazer bons servi\u00e7os, em encantar\u2026 Quando ir\u00e3o descobrir isso?<\/p>\n<p>Lembro que na minha inf\u00e2ncia, uma \u201cnamorada de col\u00e9gio\u201d era filha de um gari (lembro at\u00e9 hoje da cara dos dois). Imagine o esc\u00e2ndalo atualmente se uma menina chega para o pai e a m\u00e3e e diz que est\u00e1 namorando o filho de um gari. Sim, conhe\u00e7o v\u00e1rias pessoas que reagiriam como se deve, sem preconceito ou menosprezo por qualquer atividade ou classe social, ou cor de pele, ou religi\u00e3o\u2026 Pode ser saudosismo de tempos que n\u00e3o voltam mais, por\u00e9m, acredito que a maioria hoje n\u00e3o reagiria bem e que o mundo est\u00e1 mais dividido, elitista, duro, cinza\u2026 Precisamos de mais Nelsons Mandela. De mais oportunidades e inspira\u00e7\u00f5es.<\/p>\n<p>Parece dif\u00edcil. Mas falta-nos o exerc\u00edcio de olhar com mais cuidado e profundidade. A igualdade come\u00e7a a cent\u00edmetros de n\u00f3s. Em como olhamos o invis\u00edvel. Em como nos comparamos a outros e sabemos relativizar.<\/p>\n<p>Vidas n\u00e3o se comparam com precis\u00e3o. Nem dores. Mas \u00e9 dessa mistura e de pensar a vida que vem a inspira\u00e7\u00e3o. E quem dela n\u00e3o precisa, necessita de novas baterias. E de novos ares. Ou tem grandes chances de virar o coelhinho neur\u00f3tico e repetitivo da Duracell.<\/p>\n<p>N\u00e3o queremos isso.<\/p>\n<p>Queremos\u2026 Mandelas.<\/p>\n","protected":false},"excerpt":{"rendered":"<p>N\u00e3o d\u00e1 para comparar vidas ou dores, cada um tem a sua e talvez nem saibamos direito o que estamos fazendo e como chegamos onde estamos. Ali\u00e1s, onde estamos nesse momento? Mas algumas vidas nos servem como inspira\u00e7\u00e3o, como um sopro de bom pensamento em meio \u00e0s a\u00e7\u00f5ezinhas do dia a dia a que temos [&hellip;]<\/p>\n","protected":false},"author":7,"featured_media":0,"comment_status":"open","ping_status":"open","sticky":false,"template":"","format":"standard","meta":{"spay_email":""},"categories":[2],"tags":[],"yoast_head":"<!-- This site is optimized with the Yoast SEO plugin v17.3 - https:\/\/yoast.com\/wordpress\/plugins\/seo\/ -->\n<title>Inspira\u00e7\u00e3o -<\/title>\n<meta name=\"description\" content=\"Inspira\u00e7\u00e3o. Confira essa Mat\u00e9ria no Canal Sem reserva. \u27a4 Projeto em parceria com a PANROTAS.\" \/>\n<meta name=\"robots\" content=\"index, follow, max-snippet:-1, max-image-preview:large, max-video-preview:-1\" \/>\n<link rel=\"canonical\" href=\"https:\/\/blog.panrotas.com.br\/semreserva\/inspiracao\/10-12-2013\/\" \/>\n<meta property=\"og:locale\" content=\"pt_BR\" \/>\n<meta property=\"og:type\" content=\"article\" \/>\n<meta property=\"og:title\" content=\"Inspira\u00e7\u00e3o -\" \/>\n<meta property=\"og:description\" content=\"Inspira\u00e7\u00e3o. Confira essa Mat\u00e9ria no Canal Sem reserva. \u27a4 Projeto em parceria com a PANROTAS.\" \/>\n<meta property=\"og:url\" content=\"https:\/\/blog.panrotas.com.br\/semreserva\/inspiracao\/10-12-2013\/\" \/>\n<meta property=\"og:site_name\" content=\"Sem reserva\" \/>\n<meta property=\"article:publisher\" content=\"https:\/\/www.facebook.com\/portalpanrotas\/\" \/>\n<meta property=\"article:published_time\" content=\"2013-12-10T03:43:08+00:00\" \/>\n<meta name=\"twitter:card\" content=\"summary_large_image\" \/>\n<meta name=\"twitter:creator\" content=\"@portalpanrotas\" \/>\n<meta name=\"twitter:site\" content=\"@portalpanrotas\" \/>\n<meta name=\"twitter:label1\" content=\"Escrito por\" \/>\n\t<meta name=\"twitter:data1\" content=\"Artur Andrade\" \/>\n\t<meta name=\"twitter:label2\" content=\"Est. tempo de leitura\" \/>\n\t<meta name=\"twitter:data2\" content=\"5 minutos\" \/>\n<script type=\"application\/ld+json\" class=\"yoast-schema-graph\">{\"@context\":\"https:\/\/schema.org\",\"@graph\":[{\"@type\":\"Organization\",\"@id\":\"http:\/\/blog.panrotas.com.br\/semreserva\/#organization\",\"name\":\"Sem Reserva - Blog no Portal PANROTAS\",\"url\":\"http:\/\/blog.panrotas.com.br\/semreserva\/\",\"sameAs\":[\"https:\/\/www.facebook.com\/portalpanrotas\/\",\"https:\/\/www.instagram.com\/portalpanrotas\/\",\"https:\/\/br.linkedin.com\/company\/panrotas\",\"https:\/\/www.youtube.com\/tvpanrotas\",\"https:\/\/twitter.com\/portalpanrotas\"],\"logo\":{\"@type\":\"ImageObject\",\"@id\":\"http:\/\/blog.panrotas.com.br\/semreserva\/#logo\",\"inLanguage\":\"pt-BR\",\"url\":\"https:\/\/blog.panrotas.com.br\/semreserva\/wp-content\/uploads\/sites\/5\/2020\/06\/logo.png\",\"contentUrl\":\"https:\/\/blog.panrotas.com.br\/semreserva\/wp-content\/uploads\/sites\/5\/2020\/06\/logo.png\",\"width\":259,\"height\":53,\"caption\":\"Sem Reserva - Blog no Portal PANROTAS\"},\"image\":{\"@id\":\"http:\/\/blog.panrotas.com.br\/semreserva\/#logo\"}},{\"@type\":\"WebSite\",\"@id\":\"http:\/\/blog.panrotas.com.br\/semreserva\/#website\",\"url\":\"http:\/\/blog.panrotas.com.br\/semreserva\/\",\"name\":\"Sem reserva\",\"description\":\"Blogosfera PANROTAS\",\"publisher\":{\"@id\":\"http:\/\/blog.panrotas.com.br\/semreserva\/#organization\"},\"potentialAction\":[{\"@type\":\"SearchAction\",\"target\":{\"@type\":\"EntryPoint\",\"urlTemplate\":\"http:\/\/blog.panrotas.com.br\/semreserva\/?s={search_term_string}\"},\"query-input\":\"required name=search_term_string\"}],\"inLanguage\":\"pt-BR\"},{\"@type\":\"WebPage\",\"@id\":\"https:\/\/blog.panrotas.com.br\/semreserva\/inspiracao\/10-12-2013\/#webpage\",\"url\":\"https:\/\/blog.panrotas.com.br\/semreserva\/inspiracao\/10-12-2013\/\",\"name\":\"Inspira\\u00e7\\u00e3o -\",\"isPartOf\":{\"@id\":\"http:\/\/blog.panrotas.com.br\/semreserva\/#website\"},\"datePublished\":\"2013-12-10T03:43:08+00:00\",\"dateModified\":\"2013-12-10T03:43:08+00:00\",\"description\":\"Inspira\\u00e7\\u00e3o. Confira essa Mat\\u00e9ria no Canal Sem reserva. \\u27a4 Projeto em parceria com a PANROTAS.\",\"breadcrumb\":{\"@id\":\"https:\/\/blog.panrotas.com.br\/semreserva\/inspiracao\/10-12-2013\/#breadcrumb\"},\"inLanguage\":\"pt-BR\",\"potentialAction\":[{\"@type\":\"ReadAction\",\"target\":[\"https:\/\/blog.panrotas.com.br\/semreserva\/inspiracao\/10-12-2013\/\"]}]},{\"@type\":\"BreadcrumbList\",\"@id\":\"https:\/\/blog.panrotas.com.br\/semreserva\/inspiracao\/10-12-2013\/#breadcrumb\",\"itemListElement\":[{\"@type\":\"ListItem\",\"position\":1,\"name\":\"Home do Blog\",\"item\":\"http:\/\/blog.panrotas.com.br\/semreserva\/\"},{\"@type\":\"ListItem\",\"position\":2,\"name\":\"Dia a dia\",\"item\":\"https:\/\/blog.panrotas.com.br\/semreserva\/category\/dia-a-dia\/\"},{\"@type\":\"ListItem\",\"position\":3,\"name\":\"Inspira\\u00e7\\u00e3o\"}]},{\"@type\":\"Article\",\"@id\":\"https:\/\/blog.panrotas.com.br\/semreserva\/inspiracao\/10-12-2013\/#article\",\"isPartOf\":{\"@id\":\"https:\/\/blog.panrotas.com.br\/semreserva\/inspiracao\/10-12-2013\/#webpage\"},\"author\":{\"@id\":\"http:\/\/blog.panrotas.com.br\/semreserva\/#\/schema\/person\/c93b4555f6a497d2d83c25dcb80f61ed\"},\"headline\":\"Inspira\\u00e7\\u00e3o\",\"datePublished\":\"2013-12-10T03:43:08+00:00\",\"dateModified\":\"2013-12-10T03:43:08+00:00\",\"mainEntityOfPage\":{\"@id\":\"https:\/\/blog.panrotas.com.br\/semreserva\/inspiracao\/10-12-2013\/#webpage\"},\"wordCount\":932,\"commentCount\":0,\"publisher\":{\"@id\":\"http:\/\/blog.panrotas.com.br\/semreserva\/#organization\"},\"articleSection\":[\"Dia a dia\"],\"inLanguage\":\"pt-BR\",\"potentialAction\":[{\"@type\":\"CommentAction\",\"name\":\"Comment\",\"target\":[\"https:\/\/blog.panrotas.com.br\/semreserva\/inspiracao\/10-12-2013\/#respond\"]}]},{\"@type\":\"Person\",\"@id\":\"http:\/\/blog.panrotas.com.br\/semreserva\/#\/schema\/person\/c93b4555f6a497d2d83c25dcb80f61ed\",\"name\":\"Artur Andrade\",\"image\":{\"@type\":\"ImageObject\",\"@id\":\"http:\/\/blog.panrotas.com.br\/semreserva\/#personlogo\",\"inLanguage\":\"pt-BR\",\"url\":\"https:\/\/secure.gravatar.com\/avatar\/a94564d630220cefd5c82f3452ac1ef4?s=96&d=mm&r=g\",\"contentUrl\":\"https:\/\/secure.gravatar.com\/avatar\/a94564d630220cefd5c82f3452ac1ef4?s=96&d=mm&r=g\",\"caption\":\"Artur Andrade\"},\"description\":\"Artur Luiz Andrade \\u00e9 carioca, taurino, jornalista e nasceu em 1969. \\u00c9 editor-chefe da PANROTAS Editora e mora em S\\u00e3o Paulo desde 1998\",\"sameAs\":[\"http:\/\/www.panrotas.com.br\"]}]}<\/script>\n<!-- \/ Yoast SEO plugin. -->","yoast_head_json":{"title":"Inspira\u00e7\u00e3o -","description":"Inspira\u00e7\u00e3o. Confira essa Mat\u00e9ria no Canal Sem reserva. \u27a4 Projeto em parceria com a PANROTAS.","robots":{"index":"index","follow":"follow","max-snippet":"max-snippet:-1","max-image-preview":"max-image-preview:large","max-video-preview":"max-video-preview:-1"},"canonical":"https:\/\/blog.panrotas.com.br\/semreserva\/inspiracao\/10-12-2013\/","og_locale":"pt_BR","og_type":"article","og_title":"Inspira\u00e7\u00e3o -","og_description":"Inspira\u00e7\u00e3o. Confira essa Mat\u00e9ria no Canal Sem reserva. \u27a4 Projeto em parceria com a PANROTAS.","og_url":"https:\/\/blog.panrotas.com.br\/semreserva\/inspiracao\/10-12-2013\/","og_site_name":"Sem reserva","article_publisher":"https:\/\/www.facebook.com\/portalpanrotas\/","article_published_time":"2013-12-10T03:43:08+00:00","twitter_card":"summary_large_image","twitter_creator":"@portalpanrotas","twitter_site":"@portalpanrotas","twitter_misc":{"Escrito por":"Artur Andrade","Est. tempo de leitura":"5 minutos"},"schema":{"@context":"https:\/\/schema.org","@graph":[{"@type":"Organization","@id":"http:\/\/blog.panrotas.com.br\/semreserva\/#organization","name":"Sem Reserva - Blog no Portal PANROTAS","url":"http:\/\/blog.panrotas.com.br\/semreserva\/","sameAs":["https:\/\/www.facebook.com\/portalpanrotas\/","https:\/\/www.instagram.com\/portalpanrotas\/","https:\/\/br.linkedin.com\/company\/panrotas","https:\/\/www.youtube.com\/tvpanrotas","https:\/\/twitter.com\/portalpanrotas"],"logo":{"@type":"ImageObject","@id":"http:\/\/blog.panrotas.com.br\/semreserva\/#logo","inLanguage":"pt-BR","url":"https:\/\/blog.panrotas.com.br\/semreserva\/wp-content\/uploads\/sites\/5\/2020\/06\/logo.png","contentUrl":"https:\/\/blog.panrotas.com.br\/semreserva\/wp-content\/uploads\/sites\/5\/2020\/06\/logo.png","width":259,"height":53,"caption":"Sem Reserva - Blog no Portal PANROTAS"},"image":{"@id":"http:\/\/blog.panrotas.com.br\/semreserva\/#logo"}},{"@type":"WebSite","@id":"http:\/\/blog.panrotas.com.br\/semreserva\/#website","url":"http:\/\/blog.panrotas.com.br\/semreserva\/","name":"Sem reserva","description":"Blogosfera PANROTAS","publisher":{"@id":"http:\/\/blog.panrotas.com.br\/semreserva\/#organization"},"potentialAction":[{"@type":"SearchAction","target":{"@type":"EntryPoint","urlTemplate":"http:\/\/blog.panrotas.com.br\/semreserva\/?s={search_term_string}"},"query-input":"required name=search_term_string"}],"inLanguage":"pt-BR"},{"@type":"WebPage","@id":"https:\/\/blog.panrotas.com.br\/semreserva\/inspiracao\/10-12-2013\/#webpage","url":"https:\/\/blog.panrotas.com.br\/semreserva\/inspiracao\/10-12-2013\/","name":"Inspira\u00e7\u00e3o -","isPartOf":{"@id":"http:\/\/blog.panrotas.com.br\/semreserva\/#website"},"datePublished":"2013-12-10T03:43:08+00:00","dateModified":"2013-12-10T03:43:08+00:00","description":"Inspira\u00e7\u00e3o. Confira essa Mat\u00e9ria no Canal Sem reserva. \u27a4 Projeto em parceria com a PANROTAS.","breadcrumb":{"@id":"https:\/\/blog.panrotas.com.br\/semreserva\/inspiracao\/10-12-2013\/#breadcrumb"},"inLanguage":"pt-BR","potentialAction":[{"@type":"ReadAction","target":["https:\/\/blog.panrotas.com.br\/semreserva\/inspiracao\/10-12-2013\/"]}]},{"@type":"BreadcrumbList","@id":"https:\/\/blog.panrotas.com.br\/semreserva\/inspiracao\/10-12-2013\/#breadcrumb","itemListElement":[{"@type":"ListItem","position":1,"name":"Home do Blog","item":"http:\/\/blog.panrotas.com.br\/semreserva\/"},{"@type":"ListItem","position":2,"name":"Dia a dia","item":"https:\/\/blog.panrotas.com.br\/semreserva\/category\/dia-a-dia\/"},{"@type":"ListItem","position":3,"name":"Inspira\u00e7\u00e3o"}]},{"@type":"Article","@id":"https:\/\/blog.panrotas.com.br\/semreserva\/inspiracao\/10-12-2013\/#article","isPartOf":{"@id":"https:\/\/blog.panrotas.com.br\/semreserva\/inspiracao\/10-12-2013\/#webpage"},"author":{"@id":"http:\/\/blog.panrotas.com.br\/semreserva\/#\/schema\/person\/c93b4555f6a497d2d83c25dcb80f61ed"},"headline":"Inspira\u00e7\u00e3o","datePublished":"2013-12-10T03:43:08+00:00","dateModified":"2013-12-10T03:43:08+00:00","mainEntityOfPage":{"@id":"https:\/\/blog.panrotas.com.br\/semreserva\/inspiracao\/10-12-2013\/#webpage"},"wordCount":932,"commentCount":0,"publisher":{"@id":"http:\/\/blog.panrotas.com.br\/semreserva\/#organization"},"articleSection":["Dia a dia"],"inLanguage":"pt-BR","potentialAction":[{"@type":"CommentAction","name":"Comment","target":["https:\/\/blog.panrotas.com.br\/semreserva\/inspiracao\/10-12-2013\/#respond"]}]},{"@type":"Person","@id":"http:\/\/blog.panrotas.com.br\/semreserva\/#\/schema\/person\/c93b4555f6a497d2d83c25dcb80f61ed","name":"Artur Andrade","image":{"@type":"ImageObject","@id":"http:\/\/blog.panrotas.com.br\/semreserva\/#personlogo","inLanguage":"pt-BR","url":"https:\/\/secure.gravatar.com\/avatar\/a94564d630220cefd5c82f3452ac1ef4?s=96&d=mm&r=g","contentUrl":"https:\/\/secure.gravatar.com\/avatar\/a94564d630220cefd5c82f3452ac1ef4?s=96&d=mm&r=g","caption":"Artur Andrade"},"description":"Artur Luiz Andrade \u00e9 carioca, taurino, jornalista e nasceu em 1969. \u00c9 editor-chefe da PANROTAS Editora e mora em S\u00e3o Paulo desde 1998","sameAs":["http:\/\/www.panrotas.com.br"]}]}},"jetpack_featured_media_url":"","jetpack_shortlink":"https:\/\/wp.me\/p7idIU-Yp","_links":{"self":[{"href":"https:\/\/blog.panrotas.com.br\/semreserva\/wp-json\/wp\/v2\/posts\/3745"}],"collection":[{"href":"https:\/\/blog.panrotas.com.br\/semreserva\/wp-json\/wp\/v2\/posts"}],"about":[{"href":"https:\/\/blog.panrotas.com.br\/semreserva\/wp-json\/wp\/v2\/types\/post"}],"author":[{"embeddable":true,"href":"https:\/\/blog.panrotas.com.br\/semreserva\/wp-json\/wp\/v2\/users\/7"}],"replies":[{"embeddable":true,"href":"https:\/\/blog.panrotas.com.br\/semreserva\/wp-json\/wp\/v2\/comments?post=3745"}],"version-history":[{"count":0,"href":"https:\/\/blog.panrotas.com.br\/semreserva\/wp-json\/wp\/v2\/posts\/3745\/revisions"}],"wp:attachment":[{"href":"https:\/\/blog.panrotas.com.br\/semreserva\/wp-json\/wp\/v2\/media?parent=3745"}],"wp:term":[{"taxonomy":"category","embeddable":true,"href":"https:\/\/blog.panrotas.com.br\/semreserva\/wp-json\/wp\/v2\/categories?post=3745"},{"taxonomy":"post_tag","embeddable":true,"href":"https:\/\/blog.panrotas.com.br\/semreserva\/wp-json\/wp\/v2\/tags?post=3745"}],"curies":[{"name":"wp","href":"https:\/\/api.w.org\/{rel}","templated":true}]}}