{"id":3754,"date":"2013-11-19T01:21:45","date_gmt":"2013-11-19T04:21:45","guid":{"rendered":"http:\/\/blog.panrotas.com.br\/semreserva\/?p=3754"},"modified":"2013-11-19T01:21:45","modified_gmt":"2013-11-19T04:21:45","slug":"patria-amada-brasil","status":"publish","type":"post","link":"https:\/\/blog.panrotas.com.br\/semreserva\/patria-amada-brasil\/19-11-2013\/","title":{"rendered":"P\u00c1TRIA AMADA\u2026 BRASIL"},"content":{"rendered":"<p>Eu j\u00e1 estava com este sentimento havia umas duas semanas, mas quando chego nos Estados Unidos e vejo as coisas funcionarem irritantemente de forma perfeita e organizada, aquele sentimento acaba virando um inc\u00f4modo, uma necessidade de desabafo: ser\u00e1 que seremos n\u00f3s, depois da Fran\u00e7a, a desperdi\u00e7armos as oportunidades de uma Copa do Mundo de Futebol?<\/p>\n<p>Nem estamos preparados (do ponto de vista de infraestrutura, de capacita\u00e7\u00e3o de m\u00e3o de obra, de processos transparentes e organizados), nem conseguimos vender uma boa imagem do Pa\u00eds pr\u00e9-evento (pelo contr\u00e1rio, o governo tenta nos vender como destino caro e explorador de turistas indefesos) e nem otimizamos o \u00f3bvio interesse que despertamos simplesmente por sediarmos esse megaevento.<\/p>\n<p>Indo para o jogo Brasil X Honduras, em Miami, parado em um engarrafamento a poucos metros do est\u00e1dio, um policial assume sem ruborizar: n\u00e3o est\u00e1vamos preparados para isso. Al\u00e9m da humildade de assumir que o sistema de tr\u00e2nsito poderia ser melhor, o policial ainda se dobra ao poder do futebol. Mas americano n\u00e3o sabe do poder do futebol, mesmo tendo sediado uma Copa. Grandes eventos para eles \u00e9 que nem fregu\u00eas de padaria na hora que sai p\u00e3o quentinho: um atr\u00e1s do outro. Isso porque h\u00e1 pelo menos 20 Estados americanos que nos d\u00e3o banho em turismo\u2026<\/p>\n<p>Quando, l\u00e1 na \u00faltim fileira do est\u00e1dio, com a m\u00e3o nos pain\u00e9is de publicidade, conecte meu celular no wi-fi gratuito um frio me veio na espinha: e na Copa do Brasil? Comos nossa imagem ser\u00e1 espalhada para o mundo inteiro via redes sociais? Tomara que instantaneamente e de forma positiva.<\/p>\n<p>Mas antes a internet fosse nosso maior problema\u2026<\/p>\n<p>Tamb\u00e9m andei falando com alguns hoteleiros em Miami e os pre\u00e7os quintuplicam em datas concorridas\u2026 No Brasil, o Fohb tem um estudo que mostra o r\u00e9veillon mais caro que a Copa no Rio de Janeiro\u2026 O que pode atrapalhar a demanda futura \u00e9 se o servi\u00e7o n\u00e3o for bom, se os voos atrasarem, se a seguran\u00e7a falhar, se houver desvio de dinheiro p\u00fablico (e qual \u00f3rg\u00e3o do governo n\u00e3o foi envolvido em agum esc\u00e2ndalo nos \u00faltimos anos, qual Estado, qual cidade desse Pa\u00eds? Ate o MTur e a Embratur t\u00eam essa p\u00e1gina infeliz em suas hist\u00f3rias\u2026), se o est\u00e1dio desmoronar, se a praia estiver polu\u00edda, se a infraestrutura n\u00e3o suportar\u2026 Se os moradores e cidad\u00e3os n\u00e3o se sentirem inclu\u00eddos e beneficiados\u2026 Grande evento gera emprego e renda. Renda para ser reinvestida no Pa\u00eds. Renda para crescermos. E boa imagem para que o Turismo finalmente nos tome de Norte a Sul em volumes e em n\u00edveis nunca antes alcan\u00e7ados nesse Pa\u00eds. Como quero usar essa frase com orgulho e l\u00e1grimas nos olhos\u2026 nunca antes nesse Pa\u00eds o turismo foi t\u00e3o levado a s\u00e9rio e t\u00e3o ben\u00e9fico para todos os brasileiros.<\/p>\n<p>Enquanto isso, aqui em Miami, as coisas continuam irritantemente organizadas, os processos transparentes, as transa\u00e7\u00f5es comerciais com regras claras.<\/p>\n","protected":false},"excerpt":{"rendered":"<p>Eu j\u00e1 estava com este sentimento havia umas duas semanas, mas quando chego nos Estados Unidos e vejo as coisas funcionarem irritantemente de forma perfeita e organizada, aquele sentimento acaba virando um inc\u00f4modo, uma necessidade de desabafo: ser\u00e1 que seremos n\u00f3s, depois da Fran\u00e7a, a desperdi\u00e7armos as oportunidades de uma Copa do Mundo de Futebol? [&hellip;]<\/p>\n","protected":false},"author":7,"featured_media":0,"comment_status":"open","ping_status":"open","sticky":false,"template":"","format":"standard","meta":{"spay_email":""},"categories":[2],"tags":[],"yoast_head":"<!-- This site is optimized with the Yoast SEO plugin v17.3 - https:\/\/yoast.com\/wordpress\/plugins\/seo\/ -->\n<title>P\u00c1TRIA AMADA\u2026 BRASIL -<\/title>\n<meta name=\"description\" content=\"P\u00c1TRIA AMADA\u2026 BRASIL. Confira essa Mat\u00e9ria no Canal Sem reserva. \u27a4 Projeto em parceria com a PANROTAS.\" \/>\n<meta name=\"robots\" content=\"index, follow, max-snippet:-1, max-image-preview:large, max-video-preview:-1\" \/>\n<link rel=\"canonical\" href=\"https:\/\/blog.panrotas.com.br\/semreserva\/patria-amada-brasil\/19-11-2013\/\" \/>\n<meta property=\"og:locale\" content=\"pt_BR\" \/>\n<meta property=\"og:type\" content=\"article\" \/>\n<meta property=\"og:title\" content=\"P\u00c1TRIA AMADA\u2026 BRASIL -\" \/>\n<meta property=\"og:description\" content=\"P\u00c1TRIA AMADA\u2026 BRASIL. Confira essa Mat\u00e9ria no Canal Sem reserva. \u27a4 Projeto em parceria com a PANROTAS.\" \/>\n<meta property=\"og:url\" content=\"https:\/\/blog.panrotas.com.br\/semreserva\/patria-amada-brasil\/19-11-2013\/\" \/>\n<meta property=\"og:site_name\" content=\"Sem reserva\" \/>\n<meta property=\"article:publisher\" content=\"https:\/\/www.facebook.com\/portalpanrotas\/\" \/>\n<meta property=\"article:published_time\" content=\"2013-11-19T04:21:45+00:00\" \/>\n<meta name=\"twitter:card\" content=\"summary_large_image\" \/>\n<meta name=\"twitter:creator\" content=\"@portalpanrotas\" \/>\n<meta name=\"twitter:site\" content=\"@portalpanrotas\" \/>\n<meta name=\"twitter:label1\" content=\"Escrito por\" \/>\n\t<meta name=\"twitter:data1\" content=\"Artur Andrade\" \/>\n\t<meta name=\"twitter:label2\" content=\"Est. tempo de leitura\" \/>\n\t<meta name=\"twitter:data2\" content=\"3 minutos\" \/>\n<script type=\"application\/ld+json\" class=\"yoast-schema-graph\">{\"@context\":\"https:\/\/schema.org\",\"@graph\":[{\"@type\":\"Organization\",\"@id\":\"http:\/\/blog.panrotas.com.br\/semreserva\/#organization\",\"name\":\"Sem Reserva - Blog no Portal PANROTAS\",\"url\":\"http:\/\/blog.panrotas.com.br\/semreserva\/\",\"sameAs\":[\"https:\/\/www.facebook.com\/portalpanrotas\/\",\"https:\/\/www.instagram.com\/portalpanrotas\/\",\"https:\/\/br.linkedin.com\/company\/panrotas\",\"https:\/\/www.youtube.com\/tvpanrotas\",\"https:\/\/twitter.com\/portalpanrotas\"],\"logo\":{\"@type\":\"ImageObject\",\"@id\":\"http:\/\/blog.panrotas.com.br\/semreserva\/#logo\",\"inLanguage\":\"pt-BR\",\"url\":\"https:\/\/blog.panrotas.com.br\/semreserva\/wp-content\/uploads\/sites\/5\/2020\/06\/logo.png\",\"contentUrl\":\"https:\/\/blog.panrotas.com.br\/semreserva\/wp-content\/uploads\/sites\/5\/2020\/06\/logo.png\",\"width\":259,\"height\":53,\"caption\":\"Sem Reserva - Blog no Portal PANROTAS\"},\"image\":{\"@id\":\"http:\/\/blog.panrotas.com.br\/semreserva\/#logo\"}},{\"@type\":\"WebSite\",\"@id\":\"http:\/\/blog.panrotas.com.br\/semreserva\/#website\",\"url\":\"http:\/\/blog.panrotas.com.br\/semreserva\/\",\"name\":\"Sem reserva\",\"description\":\"Blogosfera PANROTAS\",\"publisher\":{\"@id\":\"http:\/\/blog.panrotas.com.br\/semreserva\/#organization\"},\"potentialAction\":[{\"@type\":\"SearchAction\",\"target\":{\"@type\":\"EntryPoint\",\"urlTemplate\":\"http:\/\/blog.panrotas.com.br\/semreserva\/?s={search_term_string}\"},\"query-input\":\"required name=search_term_string\"}],\"inLanguage\":\"pt-BR\"},{\"@type\":\"WebPage\",\"@id\":\"https:\/\/blog.panrotas.com.br\/semreserva\/patria-amada-brasil\/19-11-2013\/#webpage\",\"url\":\"https:\/\/blog.panrotas.com.br\/semreserva\/patria-amada-brasil\/19-11-2013\/\",\"name\":\"P\\u00c1TRIA AMADA\\u2026 BRASIL -\",\"isPartOf\":{\"@id\":\"http:\/\/blog.panrotas.com.br\/semreserva\/#website\"},\"datePublished\":\"2013-11-19T04:21:45+00:00\",\"dateModified\":\"2013-11-19T04:21:45+00:00\",\"description\":\"P\\u00c1TRIA AMADA\\u2026 BRASIL. Confira essa Mat\\u00e9ria no Canal Sem reserva. \\u27a4 Projeto em parceria com a PANROTAS.\",\"breadcrumb\":{\"@id\":\"https:\/\/blog.panrotas.com.br\/semreserva\/patria-amada-brasil\/19-11-2013\/#breadcrumb\"},\"inLanguage\":\"pt-BR\",\"potentialAction\":[{\"@type\":\"ReadAction\",\"target\":[\"https:\/\/blog.panrotas.com.br\/semreserva\/patria-amada-brasil\/19-11-2013\/\"]}]},{\"@type\":\"BreadcrumbList\",\"@id\":\"https:\/\/blog.panrotas.com.br\/semreserva\/patria-amada-brasil\/19-11-2013\/#breadcrumb\",\"itemListElement\":[{\"@type\":\"ListItem\",\"position\":1,\"name\":\"Home do Blog\",\"item\":\"http:\/\/blog.panrotas.com.br\/semreserva\/\"},{\"@type\":\"ListItem\",\"position\":2,\"name\":\"Dia a dia\",\"item\":\"https:\/\/blog.panrotas.com.br\/semreserva\/category\/dia-a-dia\/\"},{\"@type\":\"ListItem\",\"position\":3,\"name\":\"P\\u00c1TRIA AMADA\\u2026 BRASIL\"}]},{\"@type\":\"Article\",\"@id\":\"https:\/\/blog.panrotas.com.br\/semreserva\/patria-amada-brasil\/19-11-2013\/#article\",\"isPartOf\":{\"@id\":\"https:\/\/blog.panrotas.com.br\/semreserva\/patria-amada-brasil\/19-11-2013\/#webpage\"},\"author\":{\"@id\":\"http:\/\/blog.panrotas.com.br\/semreserva\/#\/schema\/person\/c93b4555f6a497d2d83c25dcb80f61ed\"},\"headline\":\"P\\u00c1TRIA AMADA\\u2026 BRASIL\",\"datePublished\":\"2013-11-19T04:21:45+00:00\",\"dateModified\":\"2013-11-19T04:21:45+00:00\",\"mainEntityOfPage\":{\"@id\":\"https:\/\/blog.panrotas.com.br\/semreserva\/patria-amada-brasil\/19-11-2013\/#webpage\"},\"wordCount\":529,\"commentCount\":0,\"publisher\":{\"@id\":\"http:\/\/blog.panrotas.com.br\/semreserva\/#organization\"},\"articleSection\":[\"Dia a dia\"],\"inLanguage\":\"pt-BR\",\"potentialAction\":[{\"@type\":\"CommentAction\",\"name\":\"Comment\",\"target\":[\"https:\/\/blog.panrotas.com.br\/semreserva\/patria-amada-brasil\/19-11-2013\/#respond\"]}]},{\"@type\":\"Person\",\"@id\":\"http:\/\/blog.panrotas.com.br\/semreserva\/#\/schema\/person\/c93b4555f6a497d2d83c25dcb80f61ed\",\"name\":\"Artur Andrade\",\"image\":{\"@type\":\"ImageObject\",\"@id\":\"http:\/\/blog.panrotas.com.br\/semreserva\/#personlogo\",\"inLanguage\":\"pt-BR\",\"url\":\"https:\/\/secure.gravatar.com\/avatar\/a94564d630220cefd5c82f3452ac1ef4?s=96&d=mm&r=g\",\"contentUrl\":\"https:\/\/secure.gravatar.com\/avatar\/a94564d630220cefd5c82f3452ac1ef4?s=96&d=mm&r=g\",\"caption\":\"Artur Andrade\"},\"description\":\"Artur Luiz Andrade \\u00e9 carioca, taurino, jornalista e nasceu em 1969. \\u00c9 editor-chefe da PANROTAS Editora e mora em S\\u00e3o Paulo desde 1998\",\"sameAs\":[\"http:\/\/www.panrotas.com.br\"]}]}<\/script>\n<!-- \/ Yoast SEO plugin. -->","yoast_head_json":{"title":"P\u00c1TRIA AMADA\u2026 BRASIL -","description":"P\u00c1TRIA AMADA\u2026 BRASIL. Confira essa Mat\u00e9ria no Canal Sem reserva. \u27a4 Projeto em parceria com a PANROTAS.","robots":{"index":"index","follow":"follow","max-snippet":"max-snippet:-1","max-image-preview":"max-image-preview:large","max-video-preview":"max-video-preview:-1"},"canonical":"https:\/\/blog.panrotas.com.br\/semreserva\/patria-amada-brasil\/19-11-2013\/","og_locale":"pt_BR","og_type":"article","og_title":"P\u00c1TRIA AMADA\u2026 BRASIL -","og_description":"P\u00c1TRIA AMADA\u2026 BRASIL. Confira essa Mat\u00e9ria no Canal Sem reserva. \u27a4 Projeto em parceria com a PANROTAS.","og_url":"https:\/\/blog.panrotas.com.br\/semreserva\/patria-amada-brasil\/19-11-2013\/","og_site_name":"Sem reserva","article_publisher":"https:\/\/www.facebook.com\/portalpanrotas\/","article_published_time":"2013-11-19T04:21:45+00:00","twitter_card":"summary_large_image","twitter_creator":"@portalpanrotas","twitter_site":"@portalpanrotas","twitter_misc":{"Escrito por":"Artur Andrade","Est. tempo de leitura":"3 minutos"},"schema":{"@context":"https:\/\/schema.org","@graph":[{"@type":"Organization","@id":"http:\/\/blog.panrotas.com.br\/semreserva\/#organization","name":"Sem Reserva - Blog no Portal PANROTAS","url":"http:\/\/blog.panrotas.com.br\/semreserva\/","sameAs":["https:\/\/www.facebook.com\/portalpanrotas\/","https:\/\/www.instagram.com\/portalpanrotas\/","https:\/\/br.linkedin.com\/company\/panrotas","https:\/\/www.youtube.com\/tvpanrotas","https:\/\/twitter.com\/portalpanrotas"],"logo":{"@type":"ImageObject","@id":"http:\/\/blog.panrotas.com.br\/semreserva\/#logo","inLanguage":"pt-BR","url":"https:\/\/blog.panrotas.com.br\/semreserva\/wp-content\/uploads\/sites\/5\/2020\/06\/logo.png","contentUrl":"https:\/\/blog.panrotas.com.br\/semreserva\/wp-content\/uploads\/sites\/5\/2020\/06\/logo.png","width":259,"height":53,"caption":"Sem Reserva - Blog no Portal PANROTAS"},"image":{"@id":"http:\/\/blog.panrotas.com.br\/semreserva\/#logo"}},{"@type":"WebSite","@id":"http:\/\/blog.panrotas.com.br\/semreserva\/#website","url":"http:\/\/blog.panrotas.com.br\/semreserva\/","name":"Sem reserva","description":"Blogosfera PANROTAS","publisher":{"@id":"http:\/\/blog.panrotas.com.br\/semreserva\/#organization"},"potentialAction":[{"@type":"SearchAction","target":{"@type":"EntryPoint","urlTemplate":"http:\/\/blog.panrotas.com.br\/semreserva\/?s={search_term_string}"},"query-input":"required name=search_term_string"}],"inLanguage":"pt-BR"},{"@type":"WebPage","@id":"https:\/\/blog.panrotas.com.br\/semreserva\/patria-amada-brasil\/19-11-2013\/#webpage","url":"https:\/\/blog.panrotas.com.br\/semreserva\/patria-amada-brasil\/19-11-2013\/","name":"P\u00c1TRIA AMADA\u2026 BRASIL -","isPartOf":{"@id":"http:\/\/blog.panrotas.com.br\/semreserva\/#website"},"datePublished":"2013-11-19T04:21:45+00:00","dateModified":"2013-11-19T04:21:45+00:00","description":"P\u00c1TRIA AMADA\u2026 BRASIL. Confira essa Mat\u00e9ria no Canal Sem reserva. \u27a4 Projeto em parceria com a PANROTAS.","breadcrumb":{"@id":"https:\/\/blog.panrotas.com.br\/semreserva\/patria-amada-brasil\/19-11-2013\/#breadcrumb"},"inLanguage":"pt-BR","potentialAction":[{"@type":"ReadAction","target":["https:\/\/blog.panrotas.com.br\/semreserva\/patria-amada-brasil\/19-11-2013\/"]}]},{"@type":"BreadcrumbList","@id":"https:\/\/blog.panrotas.com.br\/semreserva\/patria-amada-brasil\/19-11-2013\/#breadcrumb","itemListElement":[{"@type":"ListItem","position":1,"name":"Home do Blog","item":"http:\/\/blog.panrotas.com.br\/semreserva\/"},{"@type":"ListItem","position":2,"name":"Dia a dia","item":"https:\/\/blog.panrotas.com.br\/semreserva\/category\/dia-a-dia\/"},{"@type":"ListItem","position":3,"name":"P\u00c1TRIA AMADA\u2026 BRASIL"}]},{"@type":"Article","@id":"https:\/\/blog.panrotas.com.br\/semreserva\/patria-amada-brasil\/19-11-2013\/#article","isPartOf":{"@id":"https:\/\/blog.panrotas.com.br\/semreserva\/patria-amada-brasil\/19-11-2013\/#webpage"},"author":{"@id":"http:\/\/blog.panrotas.com.br\/semreserva\/#\/schema\/person\/c93b4555f6a497d2d83c25dcb80f61ed"},"headline":"P\u00c1TRIA AMADA\u2026 BRASIL","datePublished":"2013-11-19T04:21:45+00:00","dateModified":"2013-11-19T04:21:45+00:00","mainEntityOfPage":{"@id":"https:\/\/blog.panrotas.com.br\/semreserva\/patria-amada-brasil\/19-11-2013\/#webpage"},"wordCount":529,"commentCount":0,"publisher":{"@id":"http:\/\/blog.panrotas.com.br\/semreserva\/#organization"},"articleSection":["Dia a dia"],"inLanguage":"pt-BR","potentialAction":[{"@type":"CommentAction","name":"Comment","target":["https:\/\/blog.panrotas.com.br\/semreserva\/patria-amada-brasil\/19-11-2013\/#respond"]}]},{"@type":"Person","@id":"http:\/\/blog.panrotas.com.br\/semreserva\/#\/schema\/person\/c93b4555f6a497d2d83c25dcb80f61ed","name":"Artur Andrade","image":{"@type":"ImageObject","@id":"http:\/\/blog.panrotas.com.br\/semreserva\/#personlogo","inLanguage":"pt-BR","url":"https:\/\/secure.gravatar.com\/avatar\/a94564d630220cefd5c82f3452ac1ef4?s=96&d=mm&r=g","contentUrl":"https:\/\/secure.gravatar.com\/avatar\/a94564d630220cefd5c82f3452ac1ef4?s=96&d=mm&r=g","caption":"Artur Andrade"},"description":"Artur Luiz Andrade \u00e9 carioca, taurino, jornalista e nasceu em 1969. \u00c9 editor-chefe da PANROTAS Editora e mora em S\u00e3o Paulo desde 1998","sameAs":["http:\/\/www.panrotas.com.br"]}]}},"jetpack_featured_media_url":"","jetpack_shortlink":"https:\/\/wp.me\/p7idIU-Yy","_links":{"self":[{"href":"https:\/\/blog.panrotas.com.br\/semreserva\/wp-json\/wp\/v2\/posts\/3754"}],"collection":[{"href":"https:\/\/blog.panrotas.com.br\/semreserva\/wp-json\/wp\/v2\/posts"}],"about":[{"href":"https:\/\/blog.panrotas.com.br\/semreserva\/wp-json\/wp\/v2\/types\/post"}],"author":[{"embeddable":true,"href":"https:\/\/blog.panrotas.com.br\/semreserva\/wp-json\/wp\/v2\/users\/7"}],"replies":[{"embeddable":true,"href":"https:\/\/blog.panrotas.com.br\/semreserva\/wp-json\/wp\/v2\/comments?post=3754"}],"version-history":[{"count":0,"href":"https:\/\/blog.panrotas.com.br\/semreserva\/wp-json\/wp\/v2\/posts\/3754\/revisions"}],"wp:attachment":[{"href":"https:\/\/blog.panrotas.com.br\/semreserva\/wp-json\/wp\/v2\/media?parent=3754"}],"wp:term":[{"taxonomy":"category","embeddable":true,"href":"https:\/\/blog.panrotas.com.br\/semreserva\/wp-json\/wp\/v2\/categories?post=3754"},{"taxonomy":"post_tag","embeddable":true,"href":"https:\/\/blog.panrotas.com.br\/semreserva\/wp-json\/wp\/v2\/tags?post=3754"}],"curies":[{"name":"wp","href":"https:\/\/api.w.org\/{rel}","templated":true}]}}