{"id":3757,"date":"2013-11-12T07:56:54","date_gmt":"2013-11-12T10:56:54","guid":{"rendered":"http:\/\/blog.panrotas.com.br\/semreserva\/?p=3757"},"modified":"2013-11-12T07:56:54","modified_gmt":"2013-11-12T10:56:54","slug":"respiracao","status":"publish","type":"post","link":"https:\/\/blog.panrotas.com.br\/semreserva\/respiracao\/12-11-2013\/","title":{"rendered":"Respira\u00e7\u00e3o"},"content":{"rendered":"<p>Senta. N\u00e3o age precipitadamente. Voc\u00ea sabe que se esperar at\u00e9 amanh\u00e3, tudo isso ser\u00e1 passado. E voc\u00ea, se quiser, mas n\u00e3o vai querer, sabemos, poder\u00e1 at\u00e9 rir de tudo. Sem raiva. Sem desejo de vingan\u00e7a. E esse tempo vai te obrigar a rir. \u00c9 inevit\u00e1vel. Sempre rimos do rid\u00edculo. Mesmo do rid\u00edculo de n\u00f3s mesmos. Criados em trag\u00e9dias que s\u00e3o apenas\u2026 desencontros.<\/p>\n<p>Senta e fecha os olhos. Encosta a cabe\u00e7a no estofado macio que lhe faz lembrar-se do seu pai. Da sua inf\u00e2ncia no apartamento daquele bairro que n\u00e3o sai de voc\u00ea. Talvez essas recorda\u00e7\u00f5es sirvam para tirar o gosto amargo que essa descoberta deixou na sua boca. \u00c9 s\u00f3 por esta noite. Voc\u00ea sabe disso. \u00c9 s\u00f3 at\u00e9 o amanhecer. Uma desilus\u00e3ozinha.<\/p>\n<p>Tenta dormir. E em \u00faltimo caso reze por pesadelos. Ao despertar, isso ser\u00e1 nada. Estar vivo ser\u00e1 melhor que qualquer sentimento. E essa noite ter\u00e1 sido apenas mais uma qualquer. Perdida. Para n\u00e3o ser recordada daqui a alguns anos.<\/p>\n<p>Gasta teu tempo com o que vale a pena. N\u00e3o d\u00ea ouvidos a quem s\u00f3 fala mal dos outros e bem de si mesmo. Ou\u00e7a o vento. Ou\u00e7a m\u00fasica. Ou\u00e7a a respira\u00e7\u00e3o e as palavras de \u2014 amor, tes\u00e3o, f\u00faria, \u00eaxtase e catarse \u2014 da hora do sexo. Ou\u00e7a o seu cora\u00e7\u00e3o. Para o resto, sorria. Dizem que os males espanta. Cantar tamb\u00e9m. Rezar ent\u00e3o\u2026<\/p>\n<p>E nada de contar at\u00e9 dez. \u00c9 muito para perder com o que n\u00e3o vale a pena. Liga a TV. Respira. Assista de nova \u00e0quele filme. Tem aquela cena\u2026 Voc\u00ea viu a primeira vez com aquela pessoa. E te lembra aquele dia\u2026 S\u00f3 coisas boas. Nada de fofoquinhas\u2026 Nada de vaidadezinhas\u2026<\/p>\n<p>Espera at\u00e9 amanh\u00e3, pois voc\u00ea nem saber\u00e1 por que esperou.<\/p>\n<p>E, importante: quando o acaso lhe trouxer a vingan\u00e7a, quando o corpo cair, do nada, sem querer, de repente, a seus p\u00e9s\u2026 tente n\u00e3o se sentir vingado. Apenas constate a vida. Pois aqui se faz, aqui se paga.<\/p>\n<p>Outro dia algu\u00e9m me disse isso: \u201cessa queda j\u00e1 era prevista\u201d. Que n\u00e3o seja por nossas m\u00e3os. E sim, pelos n\u00f3s dados pela l\u00edngua daninha daqueles que um dia pronunciaram seu nome com maldade entre os dentes\u2026 A vida sempre se encarrega desses. A tenta\u00e7\u00e3o \u00e9 n\u00e3o ajud\u00e1-la e acabar\u2026 perdendo tempo. Tamb\u00e9m n\u00e3o espere por justi\u00e7a. Apenas seja justo. E se distancie de trombadinhas do dia a dia.<\/p>\n<p>N\u00e3o perca tempo. Voc\u00ea sabe o que lhe interessa. Ent\u00e3o n\u00e3o espere at\u00e9 o primeiro minuto de janeiro para prometer. Cumpra aos pouquinhos. Abra a mente, os bra\u00e7os e os olhos para quem est\u00e1 do seu lado e sempre estar\u00e1. O resto \u00e9 consequ\u00eancia.<\/p>\n<p>E enquanto espera, se \u00e9 que ainda lembra disso, nada de not\u00edcias sanguinolentas, de crian\u00e7as jogadas em rios, de pais que se punem matando filhos, de jovens que atiram em si mesmo mas antes disparam cegamente para todos os lados, de maledic\u00eancias, de intrigas, de difama\u00e7\u00f5es\u2026 \u00c9 tudo\u2026 o mal que nos cerca. E perda de tempo.<\/p>\n<p>Abra mais ainda os olhos, a mente e os bra\u00e7os. Alcance quem voc\u00ea n\u00e3o v\u00ea. E esque\u00e7a qualquer sentimento de vingan\u00e7a ou m\u00e1goa. As pessoas s\u00e3o o que s\u00e3o. Pessoas. Como voc\u00ea e eu. E nem todos veem o que voc\u00ea v\u00ea. Isso j\u00e1 \u00e9 suficiente para causar atritos. Que n\u00e3o valem a pena ser estendidos.<\/p>\n<p>Entendido?<\/p>\n<p>N\u00e3o espere janeiro. Feliz ano novo agora!<\/p>\n<p><em>PS: Antes que perguntem, n\u00e3o \u00e9 um texto factual, temporal\u2026 na verdade \u00e9 uma colagem de dois textos de meses, talvez anos atr\u00e1s\u2026 Reflex\u00f5es antes de malhar\u2026 \u00d3dio do personal trainer? hahaha<\/em><\/p>\n","protected":false},"excerpt":{"rendered":"<p>Senta. N\u00e3o age precipitadamente. Voc\u00ea sabe que se esperar at\u00e9 amanh\u00e3, tudo isso ser\u00e1 passado. E voc\u00ea, se quiser, mas n\u00e3o vai querer, sabemos, poder\u00e1 at\u00e9 rir de tudo. Sem raiva. Sem desejo de vingan\u00e7a. E esse tempo vai te obrigar a rir. \u00c9 inevit\u00e1vel. Sempre rimos do rid\u00edculo. Mesmo do rid\u00edculo de n\u00f3s mesmos. [&hellip;]<\/p>\n","protected":false},"author":7,"featured_media":0,"comment_status":"open","ping_status":"open","sticky":false,"template":"","format":"standard","meta":{"spay_email":""},"categories":[2],"tags":[],"yoast_head":"<!-- This site is optimized with the Yoast SEO plugin v17.3 - https:\/\/yoast.com\/wordpress\/plugins\/seo\/ -->\n<title>Respira\u00e7\u00e3o -<\/title>\n<meta name=\"description\" content=\"Respira\u00e7\u00e3o. Confira essa Mat\u00e9ria no Canal Sem reserva. \u27a4 Projeto em parceria com a PANROTAS.\" \/>\n<meta name=\"robots\" content=\"index, follow, max-snippet:-1, max-image-preview:large, max-video-preview:-1\" \/>\n<link rel=\"canonical\" href=\"https:\/\/blog.panrotas.com.br\/semreserva\/respiracao\/12-11-2013\/\" \/>\n<meta property=\"og:locale\" content=\"pt_BR\" \/>\n<meta property=\"og:type\" content=\"article\" \/>\n<meta property=\"og:title\" content=\"Respira\u00e7\u00e3o -\" \/>\n<meta property=\"og:description\" content=\"Respira\u00e7\u00e3o. Confira essa Mat\u00e9ria no Canal Sem reserva. \u27a4 Projeto em parceria com a PANROTAS.\" \/>\n<meta property=\"og:url\" content=\"https:\/\/blog.panrotas.com.br\/semreserva\/respiracao\/12-11-2013\/\" \/>\n<meta property=\"og:site_name\" content=\"Sem reserva\" \/>\n<meta property=\"article:publisher\" content=\"https:\/\/www.facebook.com\/portalpanrotas\/\" \/>\n<meta property=\"article:published_time\" content=\"2013-11-12T10:56:54+00:00\" \/>\n<meta name=\"twitter:card\" content=\"summary_large_image\" \/>\n<meta name=\"twitter:creator\" content=\"@portalpanrotas\" \/>\n<meta name=\"twitter:site\" content=\"@portalpanrotas\" \/>\n<meta name=\"twitter:label1\" content=\"Escrito por\" \/>\n\t<meta name=\"twitter:data1\" content=\"Artur Andrade\" \/>\n\t<meta name=\"twitter:label2\" content=\"Est. tempo de leitura\" \/>\n\t<meta name=\"twitter:data2\" content=\"3 minutos\" \/>\n<script type=\"application\/ld+json\" class=\"yoast-schema-graph\">{\"@context\":\"https:\/\/schema.org\",\"@graph\":[{\"@type\":\"Organization\",\"@id\":\"http:\/\/blog.panrotas.com.br\/semreserva\/#organization\",\"name\":\"Sem Reserva - Blog no Portal PANROTAS\",\"url\":\"http:\/\/blog.panrotas.com.br\/semreserva\/\",\"sameAs\":[\"https:\/\/www.facebook.com\/portalpanrotas\/\",\"https:\/\/www.instagram.com\/portalpanrotas\/\",\"https:\/\/br.linkedin.com\/company\/panrotas\",\"https:\/\/www.youtube.com\/tvpanrotas\",\"https:\/\/twitter.com\/portalpanrotas\"],\"logo\":{\"@type\":\"ImageObject\",\"@id\":\"http:\/\/blog.panrotas.com.br\/semreserva\/#logo\",\"inLanguage\":\"pt-BR\",\"url\":\"https:\/\/blog.panrotas.com.br\/semreserva\/wp-content\/uploads\/sites\/5\/2020\/06\/logo.png\",\"contentUrl\":\"https:\/\/blog.panrotas.com.br\/semreserva\/wp-content\/uploads\/sites\/5\/2020\/06\/logo.png\",\"width\":259,\"height\":53,\"caption\":\"Sem Reserva - Blog no Portal PANROTAS\"},\"image\":{\"@id\":\"http:\/\/blog.panrotas.com.br\/semreserva\/#logo\"}},{\"@type\":\"WebSite\",\"@id\":\"http:\/\/blog.panrotas.com.br\/semreserva\/#website\",\"url\":\"http:\/\/blog.panrotas.com.br\/semreserva\/\",\"name\":\"Sem reserva\",\"description\":\"Blogosfera PANROTAS\",\"publisher\":{\"@id\":\"http:\/\/blog.panrotas.com.br\/semreserva\/#organization\"},\"potentialAction\":[{\"@type\":\"SearchAction\",\"target\":{\"@type\":\"EntryPoint\",\"urlTemplate\":\"http:\/\/blog.panrotas.com.br\/semreserva\/?s={search_term_string}\"},\"query-input\":\"required name=search_term_string\"}],\"inLanguage\":\"pt-BR\"},{\"@type\":\"WebPage\",\"@id\":\"https:\/\/blog.panrotas.com.br\/semreserva\/respiracao\/12-11-2013\/#webpage\",\"url\":\"https:\/\/blog.panrotas.com.br\/semreserva\/respiracao\/12-11-2013\/\",\"name\":\"Respira\\u00e7\\u00e3o -\",\"isPartOf\":{\"@id\":\"http:\/\/blog.panrotas.com.br\/semreserva\/#website\"},\"datePublished\":\"2013-11-12T10:56:54+00:00\",\"dateModified\":\"2013-11-12T10:56:54+00:00\",\"description\":\"Respira\\u00e7\\u00e3o. Confira essa Mat\\u00e9ria no Canal Sem reserva. \\u27a4 Projeto em parceria com a PANROTAS.\",\"breadcrumb\":{\"@id\":\"https:\/\/blog.panrotas.com.br\/semreserva\/respiracao\/12-11-2013\/#breadcrumb\"},\"inLanguage\":\"pt-BR\",\"potentialAction\":[{\"@type\":\"ReadAction\",\"target\":[\"https:\/\/blog.panrotas.com.br\/semreserva\/respiracao\/12-11-2013\/\"]}]},{\"@type\":\"BreadcrumbList\",\"@id\":\"https:\/\/blog.panrotas.com.br\/semreserva\/respiracao\/12-11-2013\/#breadcrumb\",\"itemListElement\":[{\"@type\":\"ListItem\",\"position\":1,\"name\":\"Home do Blog\",\"item\":\"http:\/\/blog.panrotas.com.br\/semreserva\/\"},{\"@type\":\"ListItem\",\"position\":2,\"name\":\"Dia a dia\",\"item\":\"https:\/\/blog.panrotas.com.br\/semreserva\/category\/dia-a-dia\/\"},{\"@type\":\"ListItem\",\"position\":3,\"name\":\"Respira\\u00e7\\u00e3o\"}]},{\"@type\":\"Article\",\"@id\":\"https:\/\/blog.panrotas.com.br\/semreserva\/respiracao\/12-11-2013\/#article\",\"isPartOf\":{\"@id\":\"https:\/\/blog.panrotas.com.br\/semreserva\/respiracao\/12-11-2013\/#webpage\"},\"author\":{\"@id\":\"http:\/\/blog.panrotas.com.br\/semreserva\/#\/schema\/person\/c93b4555f6a497d2d83c25dcb80f61ed\"},\"headline\":\"Respira\\u00e7\\u00e3o\",\"datePublished\":\"2013-11-12T10:56:54+00:00\",\"dateModified\":\"2013-11-12T10:56:54+00:00\",\"mainEntityOfPage\":{\"@id\":\"https:\/\/blog.panrotas.com.br\/semreserva\/respiracao\/12-11-2013\/#webpage\"},\"wordCount\":644,\"commentCount\":0,\"publisher\":{\"@id\":\"http:\/\/blog.panrotas.com.br\/semreserva\/#organization\"},\"articleSection\":[\"Dia a dia\"],\"inLanguage\":\"pt-BR\",\"potentialAction\":[{\"@type\":\"CommentAction\",\"name\":\"Comment\",\"target\":[\"https:\/\/blog.panrotas.com.br\/semreserva\/respiracao\/12-11-2013\/#respond\"]}]},{\"@type\":\"Person\",\"@id\":\"http:\/\/blog.panrotas.com.br\/semreserva\/#\/schema\/person\/c93b4555f6a497d2d83c25dcb80f61ed\",\"name\":\"Artur Andrade\",\"image\":{\"@type\":\"ImageObject\",\"@id\":\"http:\/\/blog.panrotas.com.br\/semreserva\/#personlogo\",\"inLanguage\":\"pt-BR\",\"url\":\"https:\/\/secure.gravatar.com\/avatar\/a94564d630220cefd5c82f3452ac1ef4?s=96&d=mm&r=g\",\"contentUrl\":\"https:\/\/secure.gravatar.com\/avatar\/a94564d630220cefd5c82f3452ac1ef4?s=96&d=mm&r=g\",\"caption\":\"Artur Andrade\"},\"description\":\"Artur Luiz Andrade \\u00e9 carioca, taurino, jornalista e nasceu em 1969. \\u00c9 editor-chefe da PANROTAS Editora e mora em S\\u00e3o Paulo desde 1998\",\"sameAs\":[\"http:\/\/www.panrotas.com.br\"]}]}<\/script>\n<!-- \/ Yoast SEO plugin. -->","yoast_head_json":{"title":"Respira\u00e7\u00e3o -","description":"Respira\u00e7\u00e3o. Confira essa Mat\u00e9ria no Canal Sem reserva. \u27a4 Projeto em parceria com a PANROTAS.","robots":{"index":"index","follow":"follow","max-snippet":"max-snippet:-1","max-image-preview":"max-image-preview:large","max-video-preview":"max-video-preview:-1"},"canonical":"https:\/\/blog.panrotas.com.br\/semreserva\/respiracao\/12-11-2013\/","og_locale":"pt_BR","og_type":"article","og_title":"Respira\u00e7\u00e3o -","og_description":"Respira\u00e7\u00e3o. Confira essa Mat\u00e9ria no Canal Sem reserva. \u27a4 Projeto em parceria com a PANROTAS.","og_url":"https:\/\/blog.panrotas.com.br\/semreserva\/respiracao\/12-11-2013\/","og_site_name":"Sem reserva","article_publisher":"https:\/\/www.facebook.com\/portalpanrotas\/","article_published_time":"2013-11-12T10:56:54+00:00","twitter_card":"summary_large_image","twitter_creator":"@portalpanrotas","twitter_site":"@portalpanrotas","twitter_misc":{"Escrito por":"Artur Andrade","Est. tempo de leitura":"3 minutos"},"schema":{"@context":"https:\/\/schema.org","@graph":[{"@type":"Organization","@id":"http:\/\/blog.panrotas.com.br\/semreserva\/#organization","name":"Sem Reserva - Blog no Portal PANROTAS","url":"http:\/\/blog.panrotas.com.br\/semreserva\/","sameAs":["https:\/\/www.facebook.com\/portalpanrotas\/","https:\/\/www.instagram.com\/portalpanrotas\/","https:\/\/br.linkedin.com\/company\/panrotas","https:\/\/www.youtube.com\/tvpanrotas","https:\/\/twitter.com\/portalpanrotas"],"logo":{"@type":"ImageObject","@id":"http:\/\/blog.panrotas.com.br\/semreserva\/#logo","inLanguage":"pt-BR","url":"https:\/\/blog.panrotas.com.br\/semreserva\/wp-content\/uploads\/sites\/5\/2020\/06\/logo.png","contentUrl":"https:\/\/blog.panrotas.com.br\/semreserva\/wp-content\/uploads\/sites\/5\/2020\/06\/logo.png","width":259,"height":53,"caption":"Sem Reserva - Blog no Portal PANROTAS"},"image":{"@id":"http:\/\/blog.panrotas.com.br\/semreserva\/#logo"}},{"@type":"WebSite","@id":"http:\/\/blog.panrotas.com.br\/semreserva\/#website","url":"http:\/\/blog.panrotas.com.br\/semreserva\/","name":"Sem reserva","description":"Blogosfera PANROTAS","publisher":{"@id":"http:\/\/blog.panrotas.com.br\/semreserva\/#organization"},"potentialAction":[{"@type":"SearchAction","target":{"@type":"EntryPoint","urlTemplate":"http:\/\/blog.panrotas.com.br\/semreserva\/?s={search_term_string}"},"query-input":"required name=search_term_string"}],"inLanguage":"pt-BR"},{"@type":"WebPage","@id":"https:\/\/blog.panrotas.com.br\/semreserva\/respiracao\/12-11-2013\/#webpage","url":"https:\/\/blog.panrotas.com.br\/semreserva\/respiracao\/12-11-2013\/","name":"Respira\u00e7\u00e3o -","isPartOf":{"@id":"http:\/\/blog.panrotas.com.br\/semreserva\/#website"},"datePublished":"2013-11-12T10:56:54+00:00","dateModified":"2013-11-12T10:56:54+00:00","description":"Respira\u00e7\u00e3o. Confira essa Mat\u00e9ria no Canal Sem reserva. \u27a4 Projeto em parceria com a PANROTAS.","breadcrumb":{"@id":"https:\/\/blog.panrotas.com.br\/semreserva\/respiracao\/12-11-2013\/#breadcrumb"},"inLanguage":"pt-BR","potentialAction":[{"@type":"ReadAction","target":["https:\/\/blog.panrotas.com.br\/semreserva\/respiracao\/12-11-2013\/"]}]},{"@type":"BreadcrumbList","@id":"https:\/\/blog.panrotas.com.br\/semreserva\/respiracao\/12-11-2013\/#breadcrumb","itemListElement":[{"@type":"ListItem","position":1,"name":"Home do Blog","item":"http:\/\/blog.panrotas.com.br\/semreserva\/"},{"@type":"ListItem","position":2,"name":"Dia a dia","item":"https:\/\/blog.panrotas.com.br\/semreserva\/category\/dia-a-dia\/"},{"@type":"ListItem","position":3,"name":"Respira\u00e7\u00e3o"}]},{"@type":"Article","@id":"https:\/\/blog.panrotas.com.br\/semreserva\/respiracao\/12-11-2013\/#article","isPartOf":{"@id":"https:\/\/blog.panrotas.com.br\/semreserva\/respiracao\/12-11-2013\/#webpage"},"author":{"@id":"http:\/\/blog.panrotas.com.br\/semreserva\/#\/schema\/person\/c93b4555f6a497d2d83c25dcb80f61ed"},"headline":"Respira\u00e7\u00e3o","datePublished":"2013-11-12T10:56:54+00:00","dateModified":"2013-11-12T10:56:54+00:00","mainEntityOfPage":{"@id":"https:\/\/blog.panrotas.com.br\/semreserva\/respiracao\/12-11-2013\/#webpage"},"wordCount":644,"commentCount":0,"publisher":{"@id":"http:\/\/blog.panrotas.com.br\/semreserva\/#organization"},"articleSection":["Dia a dia"],"inLanguage":"pt-BR","potentialAction":[{"@type":"CommentAction","name":"Comment","target":["https:\/\/blog.panrotas.com.br\/semreserva\/respiracao\/12-11-2013\/#respond"]}]},{"@type":"Person","@id":"http:\/\/blog.panrotas.com.br\/semreserva\/#\/schema\/person\/c93b4555f6a497d2d83c25dcb80f61ed","name":"Artur Andrade","image":{"@type":"ImageObject","@id":"http:\/\/blog.panrotas.com.br\/semreserva\/#personlogo","inLanguage":"pt-BR","url":"https:\/\/secure.gravatar.com\/avatar\/a94564d630220cefd5c82f3452ac1ef4?s=96&d=mm&r=g","contentUrl":"https:\/\/secure.gravatar.com\/avatar\/a94564d630220cefd5c82f3452ac1ef4?s=96&d=mm&r=g","caption":"Artur Andrade"},"description":"Artur Luiz Andrade \u00e9 carioca, taurino, jornalista e nasceu em 1969. \u00c9 editor-chefe da PANROTAS Editora e mora em S\u00e3o Paulo desde 1998","sameAs":["http:\/\/www.panrotas.com.br"]}]}},"jetpack_featured_media_url":"","jetpack_shortlink":"https:\/\/wp.me\/p7idIU-YB","_links":{"self":[{"href":"https:\/\/blog.panrotas.com.br\/semreserva\/wp-json\/wp\/v2\/posts\/3757"}],"collection":[{"href":"https:\/\/blog.panrotas.com.br\/semreserva\/wp-json\/wp\/v2\/posts"}],"about":[{"href":"https:\/\/blog.panrotas.com.br\/semreserva\/wp-json\/wp\/v2\/types\/post"}],"author":[{"embeddable":true,"href":"https:\/\/blog.panrotas.com.br\/semreserva\/wp-json\/wp\/v2\/users\/7"}],"replies":[{"embeddable":true,"href":"https:\/\/blog.panrotas.com.br\/semreserva\/wp-json\/wp\/v2\/comments?post=3757"}],"version-history":[{"count":0,"href":"https:\/\/blog.panrotas.com.br\/semreserva\/wp-json\/wp\/v2\/posts\/3757\/revisions"}],"wp:attachment":[{"href":"https:\/\/blog.panrotas.com.br\/semreserva\/wp-json\/wp\/v2\/media?parent=3757"}],"wp:term":[{"taxonomy":"category","embeddable":true,"href":"https:\/\/blog.panrotas.com.br\/semreserva\/wp-json\/wp\/v2\/categories?post=3757"},{"taxonomy":"post_tag","embeddable":true,"href":"https:\/\/blog.panrotas.com.br\/semreserva\/wp-json\/wp\/v2\/tags?post=3757"}],"curies":[{"name":"wp","href":"https:\/\/api.w.org\/{rel}","templated":true}]}}