{"id":3760,"date":"2013-11-05T11:26:21","date_gmt":"2013-11-05T14:26:21","guid":{"rendered":"http:\/\/blog.panrotas.com.br\/semreserva\/?p=3760"},"modified":"2013-11-05T11:26:21","modified_gmt":"2013-11-05T14:26:21","slug":"cinema-e-turismo","status":"publish","type":"post","link":"https:\/\/blog.panrotas.com.br\/semreserva\/cinema-e-turismo\/05-11-2013\/","title":{"rendered":"CINEMA E TURISMO"},"content":{"rendered":"<p>Fui assistir, sem expectativa alguma, ao filme Meu passado me Condena, com os humoristas F\u00e1bio Porchat e Mi\u00e1 Mello. O motivo maior de minha ida ao cinema foi o fato de ter passado o r\u00e9veillon no Costa Favolosa, onde 80% do filme se passa.<\/p>\n<p>Al\u00e9m de ter gostado de ver o navio como loca\u00e7\u00e3o e de rever diversos locais e rostos familiares na tripula\u00e7\u00e3o, achei o filme bastante correto. Bem dirigido e editado, com ritmo, atores bons, engra\u00e7ado. Ou seja, n\u00e3o se alongou e serviu como entretenimento. Para a Costa, um megacomercial, por mais que na hist\u00f3ria houvesse alguns aspectos negativos, como os tripulantes que d\u00e3o golpes em velhinhas (mas eles se redimem no final e ainda ajudam o casal principal a se reconciliar).<\/p>\n<p>O Brasil carece de filmes assim, corretos, com\u00e9dias rom\u00e2nticas, para entreter. Ousadias como Serra Pelada, O Tempo e o Vento\u2026 n\u00e3o est\u00e3o em sintonia com o que a maior parte da plateia quer ver. O cinema americano faz isso muito bem, sem deixar os filmes s\u00e9rios e de arte de lado.<\/p>\n<p>Claro que um dia F\u00e1bio Porchat vai cansar. Ele ocupa o lugar que j\u00e1 foi de Renato Arag\u00e3o, de Xuxa, de Bruno Mazzeo, de Marcelo Adnet\u2026 A estrela da vez. Em breve ir\u00e1 para o banco de elencos do cinema e da TV\u2026 Por enquanto ajuda a Costa a se promover e a ind\u00fastria a ganhar awareness entre um novo p\u00fablico.<\/p>\n<p>O filme j\u00e1 ultrapassou 1,2 milh\u00e3o de espectadores. Merece.<\/p>\n<p><a href=\"http:\/\/blogosfera-panrotas.s3.amazonaws.com\/semreserva\/wp-content\/uploads\/2013\/11\/porchat.jpg\"><img loading=\"lazy\" class=\"alignnone size-full wp-image-3884\" alt=\"porchat\" src=\"http:\/\/blogosfera-panrotas.s3.amazonaws.com\/semreserva\/wp-content\/uploads\/2013\/11\/porchat.jpg\" width=\"440\" height=\"293\" \/><\/a><\/p>\n","protected":false},"excerpt":{"rendered":"<p>Fui assistir, sem expectativa alguma, ao filme Meu passado me Condena, com os humoristas F\u00e1bio Porchat e Mi\u00e1 Mello. O motivo maior de minha ida ao cinema foi o fato de ter passado o r\u00e9veillon no Costa Favolosa, onde 80% do filme se passa. Al\u00e9m de ter gostado de ver o navio como loca\u00e7\u00e3o e [&hellip;]<\/p>\n","protected":false},"author":7,"featured_media":0,"comment_status":"open","ping_status":"open","sticky":false,"template":"","format":"standard","meta":{"spay_email":""},"categories":[2],"tags":[],"yoast_head":"<!-- This site is optimized with the Yoast SEO plugin v17.3 - https:\/\/yoast.com\/wordpress\/plugins\/seo\/ -->\n<title>CINEMA E TURISMO -<\/title>\n<meta name=\"description\" content=\"CINEMA E TURISMO. Confira essa Mat\u00e9ria no Canal Sem reserva. \u27a4 Projeto em parceria com a PANROTAS.\" \/>\n<meta name=\"robots\" content=\"index, follow, max-snippet:-1, max-image-preview:large, max-video-preview:-1\" \/>\n<link rel=\"canonical\" href=\"https:\/\/blog.panrotas.com.br\/semreserva\/cinema-e-turismo\/05-11-2013\/\" \/>\n<meta property=\"og:locale\" content=\"pt_BR\" \/>\n<meta property=\"og:type\" content=\"article\" \/>\n<meta property=\"og:title\" content=\"CINEMA E TURISMO -\" \/>\n<meta property=\"og:description\" content=\"CINEMA E TURISMO. Confira essa Mat\u00e9ria no Canal Sem reserva. \u27a4 Projeto em parceria com a PANROTAS.\" \/>\n<meta property=\"og:url\" content=\"https:\/\/blog.panrotas.com.br\/semreserva\/cinema-e-turismo\/05-11-2013\/\" \/>\n<meta property=\"og:site_name\" content=\"Sem reserva\" \/>\n<meta property=\"article:publisher\" content=\"https:\/\/www.facebook.com\/portalpanrotas\/\" \/>\n<meta property=\"article:published_time\" content=\"2013-11-05T14:26:21+00:00\" \/>\n<meta property=\"og:image\" content=\"http:\/\/blogosfera-panrotas.s3.amazonaws.com\/semreserva\/wp-content\/uploads\/2013\/11\/porchat.jpg\" \/>\n<meta name=\"twitter:card\" content=\"summary_large_image\" \/>\n<meta name=\"twitter:creator\" content=\"@portalpanrotas\" \/>\n<meta name=\"twitter:site\" content=\"@portalpanrotas\" \/>\n<meta name=\"twitter:label1\" content=\"Escrito por\" \/>\n\t<meta name=\"twitter:data1\" content=\"Artur Andrade\" \/>\n\t<meta name=\"twitter:label2\" content=\"Est. tempo de leitura\" \/>\n\t<meta name=\"twitter:data2\" content=\"1 minuto\" \/>\n<script type=\"application\/ld+json\" class=\"yoast-schema-graph\">{\"@context\":\"https:\/\/schema.org\",\"@graph\":[{\"@type\":\"Organization\",\"@id\":\"http:\/\/blog.panrotas.com.br\/semreserva\/#organization\",\"name\":\"Sem Reserva - Blog no Portal PANROTAS\",\"url\":\"http:\/\/blog.panrotas.com.br\/semreserva\/\",\"sameAs\":[\"https:\/\/www.facebook.com\/portalpanrotas\/\",\"https:\/\/www.instagram.com\/portalpanrotas\/\",\"https:\/\/br.linkedin.com\/company\/panrotas\",\"https:\/\/www.youtube.com\/tvpanrotas\",\"https:\/\/twitter.com\/portalpanrotas\"],\"logo\":{\"@type\":\"ImageObject\",\"@id\":\"http:\/\/blog.panrotas.com.br\/semreserva\/#logo\",\"inLanguage\":\"pt-BR\",\"url\":\"https:\/\/blog.panrotas.com.br\/semreserva\/wp-content\/uploads\/sites\/5\/2020\/06\/logo.png\",\"contentUrl\":\"https:\/\/blog.panrotas.com.br\/semreserva\/wp-content\/uploads\/sites\/5\/2020\/06\/logo.png\",\"width\":259,\"height\":53,\"caption\":\"Sem Reserva - Blog no Portal PANROTAS\"},\"image\":{\"@id\":\"http:\/\/blog.panrotas.com.br\/semreserva\/#logo\"}},{\"@type\":\"WebSite\",\"@id\":\"http:\/\/blog.panrotas.com.br\/semreserva\/#website\",\"url\":\"http:\/\/blog.panrotas.com.br\/semreserva\/\",\"name\":\"Sem reserva\",\"description\":\"Blogosfera PANROTAS\",\"publisher\":{\"@id\":\"http:\/\/blog.panrotas.com.br\/semreserva\/#organization\"},\"potentialAction\":[{\"@type\":\"SearchAction\",\"target\":{\"@type\":\"EntryPoint\",\"urlTemplate\":\"http:\/\/blog.panrotas.com.br\/semreserva\/?s={search_term_string}\"},\"query-input\":\"required name=search_term_string\"}],\"inLanguage\":\"pt-BR\"},{\"@type\":\"ImageObject\",\"@id\":\"https:\/\/blog.panrotas.com.br\/semreserva\/cinema-e-turismo\/05-11-2013\/#primaryimage\",\"inLanguage\":\"pt-BR\",\"url\":\"http:\/\/blogosfera-panrotas.s3.amazonaws.com\/semreserva\/wp-content\/uploads\/2013\/11\/porchat.jpg\",\"contentUrl\":\"http:\/\/blogosfera-panrotas.s3.amazonaws.com\/semreserva\/wp-content\/uploads\/2013\/11\/porchat.jpg\"},{\"@type\":\"WebPage\",\"@id\":\"https:\/\/blog.panrotas.com.br\/semreserva\/cinema-e-turismo\/05-11-2013\/#webpage\",\"url\":\"https:\/\/blog.panrotas.com.br\/semreserva\/cinema-e-turismo\/05-11-2013\/\",\"name\":\"CINEMA E TURISMO -\",\"isPartOf\":{\"@id\":\"http:\/\/blog.panrotas.com.br\/semreserva\/#website\"},\"primaryImageOfPage\":{\"@id\":\"https:\/\/blog.panrotas.com.br\/semreserva\/cinema-e-turismo\/05-11-2013\/#primaryimage\"},\"datePublished\":\"2013-11-05T14:26:21+00:00\",\"dateModified\":\"2013-11-05T14:26:21+00:00\",\"description\":\"CINEMA E TURISMO. Confira essa Mat\\u00e9ria no Canal Sem reserva. \\u27a4 Projeto em parceria com a PANROTAS.\",\"breadcrumb\":{\"@id\":\"https:\/\/blog.panrotas.com.br\/semreserva\/cinema-e-turismo\/05-11-2013\/#breadcrumb\"},\"inLanguage\":\"pt-BR\",\"potentialAction\":[{\"@type\":\"ReadAction\",\"target\":[\"https:\/\/blog.panrotas.com.br\/semreserva\/cinema-e-turismo\/05-11-2013\/\"]}]},{\"@type\":\"BreadcrumbList\",\"@id\":\"https:\/\/blog.panrotas.com.br\/semreserva\/cinema-e-turismo\/05-11-2013\/#breadcrumb\",\"itemListElement\":[{\"@type\":\"ListItem\",\"position\":1,\"name\":\"Home do Blog\",\"item\":\"http:\/\/blog.panrotas.com.br\/semreserva\/\"},{\"@type\":\"ListItem\",\"position\":2,\"name\":\"Dia a dia\",\"item\":\"https:\/\/blog.panrotas.com.br\/semreserva\/category\/dia-a-dia\/\"},{\"@type\":\"ListItem\",\"position\":3,\"name\":\"CINEMA E TURISMO\"}]},{\"@type\":\"Article\",\"@id\":\"https:\/\/blog.panrotas.com.br\/semreserva\/cinema-e-turismo\/05-11-2013\/#article\",\"isPartOf\":{\"@id\":\"https:\/\/blog.panrotas.com.br\/semreserva\/cinema-e-turismo\/05-11-2013\/#webpage\"},\"author\":{\"@id\":\"http:\/\/blog.panrotas.com.br\/semreserva\/#\/schema\/person\/c93b4555f6a497d2d83c25dcb80f61ed\"},\"headline\":\"CINEMA E TURISMO\",\"datePublished\":\"2013-11-05T14:26:21+00:00\",\"dateModified\":\"2013-11-05T14:26:21+00:00\",\"mainEntityOfPage\":{\"@id\":\"https:\/\/blog.panrotas.com.br\/semreserva\/cinema-e-turismo\/05-11-2013\/#webpage\"},\"wordCount\":265,\"commentCount\":0,\"publisher\":{\"@id\":\"http:\/\/blog.panrotas.com.br\/semreserva\/#organization\"},\"image\":{\"@id\":\"https:\/\/blog.panrotas.com.br\/semreserva\/cinema-e-turismo\/05-11-2013\/#primaryimage\"},\"thumbnailUrl\":\"http:\/\/blogosfera-panrotas.s3.amazonaws.com\/semreserva\/wp-content\/uploads\/2013\/11\/porchat.jpg\",\"articleSection\":[\"Dia a dia\"],\"inLanguage\":\"pt-BR\",\"potentialAction\":[{\"@type\":\"CommentAction\",\"name\":\"Comment\",\"target\":[\"https:\/\/blog.panrotas.com.br\/semreserva\/cinema-e-turismo\/05-11-2013\/#respond\"]}]},{\"@type\":\"Person\",\"@id\":\"http:\/\/blog.panrotas.com.br\/semreserva\/#\/schema\/person\/c93b4555f6a497d2d83c25dcb80f61ed\",\"name\":\"Artur Andrade\",\"image\":{\"@type\":\"ImageObject\",\"@id\":\"http:\/\/blog.panrotas.com.br\/semreserva\/#personlogo\",\"inLanguage\":\"pt-BR\",\"url\":\"https:\/\/secure.gravatar.com\/avatar\/a94564d630220cefd5c82f3452ac1ef4?s=96&d=mm&r=g\",\"contentUrl\":\"https:\/\/secure.gravatar.com\/avatar\/a94564d630220cefd5c82f3452ac1ef4?s=96&d=mm&r=g\",\"caption\":\"Artur Andrade\"},\"description\":\"Artur Luiz Andrade \\u00e9 carioca, taurino, jornalista e nasceu em 1969. \\u00c9 editor-chefe da PANROTAS Editora e mora em S\\u00e3o Paulo desde 1998\",\"sameAs\":[\"http:\/\/www.panrotas.com.br\"]}]}<\/script>\n<!-- \/ Yoast SEO plugin. -->","yoast_head_json":{"title":"CINEMA E TURISMO -","description":"CINEMA E TURISMO. Confira essa Mat\u00e9ria no Canal Sem reserva. \u27a4 Projeto em parceria com a PANROTAS.","robots":{"index":"index","follow":"follow","max-snippet":"max-snippet:-1","max-image-preview":"max-image-preview:large","max-video-preview":"max-video-preview:-1"},"canonical":"https:\/\/blog.panrotas.com.br\/semreserva\/cinema-e-turismo\/05-11-2013\/","og_locale":"pt_BR","og_type":"article","og_title":"CINEMA E TURISMO -","og_description":"CINEMA E TURISMO. Confira essa Mat\u00e9ria no Canal Sem reserva. \u27a4 Projeto em parceria com a PANROTAS.","og_url":"https:\/\/blog.panrotas.com.br\/semreserva\/cinema-e-turismo\/05-11-2013\/","og_site_name":"Sem reserva","article_publisher":"https:\/\/www.facebook.com\/portalpanrotas\/","article_published_time":"2013-11-05T14:26:21+00:00","og_image":[{"url":"http:\/\/blogosfera-panrotas.s3.amazonaws.com\/semreserva\/wp-content\/uploads\/2013\/11\/porchat.jpg"}],"twitter_card":"summary_large_image","twitter_creator":"@portalpanrotas","twitter_site":"@portalpanrotas","twitter_misc":{"Escrito por":"Artur Andrade","Est. tempo de leitura":"1 minuto"},"schema":{"@context":"https:\/\/schema.org","@graph":[{"@type":"Organization","@id":"http:\/\/blog.panrotas.com.br\/semreserva\/#organization","name":"Sem Reserva - Blog no Portal PANROTAS","url":"http:\/\/blog.panrotas.com.br\/semreserva\/","sameAs":["https:\/\/www.facebook.com\/portalpanrotas\/","https:\/\/www.instagram.com\/portalpanrotas\/","https:\/\/br.linkedin.com\/company\/panrotas","https:\/\/www.youtube.com\/tvpanrotas","https:\/\/twitter.com\/portalpanrotas"],"logo":{"@type":"ImageObject","@id":"http:\/\/blog.panrotas.com.br\/semreserva\/#logo","inLanguage":"pt-BR","url":"https:\/\/blog.panrotas.com.br\/semreserva\/wp-content\/uploads\/sites\/5\/2020\/06\/logo.png","contentUrl":"https:\/\/blog.panrotas.com.br\/semreserva\/wp-content\/uploads\/sites\/5\/2020\/06\/logo.png","width":259,"height":53,"caption":"Sem Reserva - Blog no Portal PANROTAS"},"image":{"@id":"http:\/\/blog.panrotas.com.br\/semreserva\/#logo"}},{"@type":"WebSite","@id":"http:\/\/blog.panrotas.com.br\/semreserva\/#website","url":"http:\/\/blog.panrotas.com.br\/semreserva\/","name":"Sem reserva","description":"Blogosfera PANROTAS","publisher":{"@id":"http:\/\/blog.panrotas.com.br\/semreserva\/#organization"},"potentialAction":[{"@type":"SearchAction","target":{"@type":"EntryPoint","urlTemplate":"http:\/\/blog.panrotas.com.br\/semreserva\/?s={search_term_string}"},"query-input":"required name=search_term_string"}],"inLanguage":"pt-BR"},{"@type":"ImageObject","@id":"https:\/\/blog.panrotas.com.br\/semreserva\/cinema-e-turismo\/05-11-2013\/#primaryimage","inLanguage":"pt-BR","url":"http:\/\/blogosfera-panrotas.s3.amazonaws.com\/semreserva\/wp-content\/uploads\/2013\/11\/porchat.jpg","contentUrl":"http:\/\/blogosfera-panrotas.s3.amazonaws.com\/semreserva\/wp-content\/uploads\/2013\/11\/porchat.jpg"},{"@type":"WebPage","@id":"https:\/\/blog.panrotas.com.br\/semreserva\/cinema-e-turismo\/05-11-2013\/#webpage","url":"https:\/\/blog.panrotas.com.br\/semreserva\/cinema-e-turismo\/05-11-2013\/","name":"CINEMA E TURISMO -","isPartOf":{"@id":"http:\/\/blog.panrotas.com.br\/semreserva\/#website"},"primaryImageOfPage":{"@id":"https:\/\/blog.panrotas.com.br\/semreserva\/cinema-e-turismo\/05-11-2013\/#primaryimage"},"datePublished":"2013-11-05T14:26:21+00:00","dateModified":"2013-11-05T14:26:21+00:00","description":"CINEMA E TURISMO. Confira essa Mat\u00e9ria no Canal Sem reserva. \u27a4 Projeto em parceria com a PANROTAS.","breadcrumb":{"@id":"https:\/\/blog.panrotas.com.br\/semreserva\/cinema-e-turismo\/05-11-2013\/#breadcrumb"},"inLanguage":"pt-BR","potentialAction":[{"@type":"ReadAction","target":["https:\/\/blog.panrotas.com.br\/semreserva\/cinema-e-turismo\/05-11-2013\/"]}]},{"@type":"BreadcrumbList","@id":"https:\/\/blog.panrotas.com.br\/semreserva\/cinema-e-turismo\/05-11-2013\/#breadcrumb","itemListElement":[{"@type":"ListItem","position":1,"name":"Home do Blog","item":"http:\/\/blog.panrotas.com.br\/semreserva\/"},{"@type":"ListItem","position":2,"name":"Dia a dia","item":"https:\/\/blog.panrotas.com.br\/semreserva\/category\/dia-a-dia\/"},{"@type":"ListItem","position":3,"name":"CINEMA E TURISMO"}]},{"@type":"Article","@id":"https:\/\/blog.panrotas.com.br\/semreserva\/cinema-e-turismo\/05-11-2013\/#article","isPartOf":{"@id":"https:\/\/blog.panrotas.com.br\/semreserva\/cinema-e-turismo\/05-11-2013\/#webpage"},"author":{"@id":"http:\/\/blog.panrotas.com.br\/semreserva\/#\/schema\/person\/c93b4555f6a497d2d83c25dcb80f61ed"},"headline":"CINEMA E TURISMO","datePublished":"2013-11-05T14:26:21+00:00","dateModified":"2013-11-05T14:26:21+00:00","mainEntityOfPage":{"@id":"https:\/\/blog.panrotas.com.br\/semreserva\/cinema-e-turismo\/05-11-2013\/#webpage"},"wordCount":265,"commentCount":0,"publisher":{"@id":"http:\/\/blog.panrotas.com.br\/semreserva\/#organization"},"image":{"@id":"https:\/\/blog.panrotas.com.br\/semreserva\/cinema-e-turismo\/05-11-2013\/#primaryimage"},"thumbnailUrl":"http:\/\/blogosfera-panrotas.s3.amazonaws.com\/semreserva\/wp-content\/uploads\/2013\/11\/porchat.jpg","articleSection":["Dia a dia"],"inLanguage":"pt-BR","potentialAction":[{"@type":"CommentAction","name":"Comment","target":["https:\/\/blog.panrotas.com.br\/semreserva\/cinema-e-turismo\/05-11-2013\/#respond"]}]},{"@type":"Person","@id":"http:\/\/blog.panrotas.com.br\/semreserva\/#\/schema\/person\/c93b4555f6a497d2d83c25dcb80f61ed","name":"Artur Andrade","image":{"@type":"ImageObject","@id":"http:\/\/blog.panrotas.com.br\/semreserva\/#personlogo","inLanguage":"pt-BR","url":"https:\/\/secure.gravatar.com\/avatar\/a94564d630220cefd5c82f3452ac1ef4?s=96&d=mm&r=g","contentUrl":"https:\/\/secure.gravatar.com\/avatar\/a94564d630220cefd5c82f3452ac1ef4?s=96&d=mm&r=g","caption":"Artur Andrade"},"description":"Artur Luiz Andrade \u00e9 carioca, taurino, jornalista e nasceu em 1969. \u00c9 editor-chefe da PANROTAS Editora e mora em S\u00e3o Paulo desde 1998","sameAs":["http:\/\/www.panrotas.com.br"]}]}},"jetpack_featured_media_url":"","jetpack_shortlink":"https:\/\/wp.me\/p7idIU-YE","_links":{"self":[{"href":"https:\/\/blog.panrotas.com.br\/semreserva\/wp-json\/wp\/v2\/posts\/3760"}],"collection":[{"href":"https:\/\/blog.panrotas.com.br\/semreserva\/wp-json\/wp\/v2\/posts"}],"about":[{"href":"https:\/\/blog.panrotas.com.br\/semreserva\/wp-json\/wp\/v2\/types\/post"}],"author":[{"embeddable":true,"href":"https:\/\/blog.panrotas.com.br\/semreserva\/wp-json\/wp\/v2\/users\/7"}],"replies":[{"embeddable":true,"href":"https:\/\/blog.panrotas.com.br\/semreserva\/wp-json\/wp\/v2\/comments?post=3760"}],"version-history":[{"count":0,"href":"https:\/\/blog.panrotas.com.br\/semreserva\/wp-json\/wp\/v2\/posts\/3760\/revisions"}],"wp:attachment":[{"href":"https:\/\/blog.panrotas.com.br\/semreserva\/wp-json\/wp\/v2\/media?parent=3760"}],"wp:term":[{"taxonomy":"category","embeddable":true,"href":"https:\/\/blog.panrotas.com.br\/semreserva\/wp-json\/wp\/v2\/categories?post=3760"},{"taxonomy":"post_tag","embeddable":true,"href":"https:\/\/blog.panrotas.com.br\/semreserva\/wp-json\/wp\/v2\/tags?post=3760"}],"curies":[{"name":"wp","href":"https:\/\/api.w.org\/{rel}","templated":true}]}}