{"id":3796,"date":"2013-12-24T11:12:22","date_gmt":"2013-12-24T14:12:22","guid":{"rendered":"http:\/\/blog.panrotas.com.br\/semreserva\/?p=3796"},"modified":"2013-12-24T11:12:22","modified_gmt":"2013-12-24T14:12:22","slug":"quando-paramos-para-pensar-pensamos-e-depois","status":"publish","type":"post","link":"https:\/\/blog.panrotas.com.br\/semreserva\/quando-paramos-para-pensar-pensamos-e-depois\/24-12-2013\/","title":{"rendered":"QUANDO PARAMOS PARA PENSAR, PENSAMOS. E DEPOIS?"},"content":{"rendered":"<p><a href=\"http:\/\/blog.panrotas.com.br\/semreserva\/wp-content\/uploads\/2013\/12\/asas.jpg\"><img loading=\"lazy\" class=\"alignnone size-full wp-image-3797\" alt=\"asas\" src=\"http:\/\/blog.panrotas.com.br\/semreserva\/wp-content\/uploads\/2013\/12\/asas.jpg\" width=\"450\" height=\"400\" srcset=\"https:\/\/blog.panrotas.com.br\/semreserva\/wp-content\/uploads\/sites\/5\/2013\/12\/asas.jpg 450w, https:\/\/blog.panrotas.com.br\/semreserva\/wp-content\/uploads\/sites\/5\/2013\/12\/asas-300x267.jpg 300w\" sizes=\"(max-width: 450px) 100vw, 450px\" \/><\/a><\/p>\n<p>&nbsp;<\/p>\n<p>A vida n\u00e3o \u00e9 exatamente que postamos nas redes sociais. Nem as fotos do Emerson, para quem todos riem (diria que a maioria com sinceridade, uma parte por obriga\u00e7\u00e3o, e outros t\u00e3o poucos que nem contam). Nem as fotos da Playboy e da Caras, com mais retoques e remendos que Dr. Frankenstein jamais ousaria imaginar.<\/p>\n<p>&nbsp;<\/p>\n<p>A vida \u00e9 dura, complexa e n\u00e3o \u00e9 f\u00e1cil. Mas e da\u00ed? N\u00e3o \u00e9 t\u00e3o bom viver?<\/p>\n<p>&nbsp;<\/p>\n<p>N\u00e3o queremos ver e ler e ouvir s\u00f3 trag\u00e9dias e casos de cortar o cora\u00e7\u00e3o (afinal, s\u00f3 temos unzinho) e acho que nem devemos mesmo focar a vida em perdas e danos. Nas imperfei\u00e7\u00f5ezinhas debaixo do Photoshop. Nessa luta eterna do bem contra o mal (opa, ficou pesado o ar), melhor \u00e9 sorrir.<\/p>\n<p>&nbsp;<\/p>\n<p>Essa ang\u00fastia que sabe-se l\u00e1 por que nos atinge no final do ano \u00e9 passageira e imagin\u00e1ria, apesar de fazer parte de n\u00f3s. Quer dizer, a gente at\u00e9 sabe o porqu\u00ea, mas viver vale mais. Raios de luz contra a maldade. Pelo bem que se quer. Quem sorri os males espanta. Cantar tamb\u00e9m funciona. Nada de lamenta\u00e7\u00f5es.<\/p>\n<p>&nbsp;<\/p>\n<p>Mas a\u00ed algu\u00e9m chega pertinho de seu ouvido e diz que ouviu o que voc\u00ea n\u00e3o quer ouvir. Afaste-se desses. Afaste-se de quem s\u00f3 fala mal dos outros ou bem de si mesmo (nem sei qual o pior). Afasta-se dos atropelamentos nas ruas, das balas que s\u00f3 acham inocentes, das injusti\u00e7as e dos crimes sem sangue que matam mais que bombas, fuzis e espadas. Afaste-se do que te faz perder tempo\/vida.<\/p>\n<p>&nbsp;<\/p>\n<p>A vida \u00e9 tudo isso sim. Mas a gente pode, um pouco, escolher como viver. Melhor.<\/p>\n<p>&nbsp;<\/p>\n<p>No primeiro minuto de janeiro com certeza prometeremos mais tempo com a fam\u00edlia, mais gestos sem interesse, mais cuidado com o dinheiro, mais aten\u00e7\u00e3o \u00e0 sa\u00fade, menos v\u00edcios, menos culpa&#8230; Se prometemos, \u00e9 porque sabemos que precisamos de tudo isso, que vivemos ref\u00e9ns do que dizem por a\u00ed e da ansiedade de aparecer para os outros da forma que n\u00e3o somos e sequer perto da forma que sonhamos quando crian\u00e7as ou planejamos quando sa\u00edmos da faculdade.<\/p>\n<p>&nbsp;<\/p>\n<p>No dia a dia esquecemos as promessas, e batemos as metas. Semana ap\u00f3s semanas n\u00e3o nos lembramos dos fogos de artif\u00edcio coloridos sobre nossas cabe\u00e7as, dos abra\u00e7os e beijos, dos desejos de um novo ano. E o ano anterior se repete. Mas batendo as metas&#8230;<\/p>\n<p>&nbsp;<\/p>\n<p>Cabe a pergunta: \u00e9 autom\u00e1tico? Ou podemos fazer alguma coisa para mudar isso? Como aliviar o estresse sem rem\u00e9dios ou chocolates? Como passar um dia sem olhar o telefone inteligente e s\u00e1bio? (sim, o telefone \u00e9 tudo isso; n\u00f3s, obviamente, n\u00e3o) Como dar conte\u00fado farto ao Facebook e demais redes (e por conte\u00fado leiamos: a nossa vida) e sermos recompensados? Como pensar em liberdade se somos espionados e ainda ajudamos a quem quer nos bisbilhotar?<\/p>\n<p>&nbsp;<\/p>\n<p>No dia 1\u00ba de janeiro, prometerei passar os finais de semana com o celular desligado. Prometerei e n\u00e3o cumprirei. Prometerei tamb\u00e9m n\u00e3o usar minha santa imagem em v\u00e3o. Nem a dos amigos, parentes e passantes. Prometerei mas a vaidade h\u00e1 de falar mais alto. No primeiro minuto do primeiro dia do ano da Copa vou torcer para que tudo passe logo. Mesmo sabendo que haver\u00e1 um verdadeiro massacre midi\u00e1tico, uma obriga\u00e7\u00e3o de torcer, de dar audi\u00eancia, de colocar moedas de ouros em cofres alheios. E ai de quem passar mal durante a Copa e buscar um hospital&#8230; Se hoje, j\u00e1 n\u00e3o temos sa\u00fade, imagine na Copa.<\/p>\n<p>&nbsp;<\/p>\n<p>A resposta para as perguntas chatas \u00e9 d\u00fabia: depende de n\u00f3s e n\u00e3o depende de n\u00f3s. No que depender da gente, culpa a ser creditada. Mas ainda temos salva\u00e7\u00e3o. N\u00e3o para os grandes saltos, mas para a mudan\u00e7a nos detalhes. Nos pequenos gestos. Em nossos atos (pensados).<\/p>\n<p>&nbsp;<\/p>\n<p>No que depender de outros&#8230; tamb\u00e9m culpa na nossa conta: 2014 \u00e9 ano de elei\u00e7\u00e3o. S\u00f3 continua assim (em todos os n\u00edveis, n\u00e3o estou aqui atirando pedras e sim pesando uma a uma para ver quem merece as mais pesadas e quem pode levar uma s\u00f3 de rasp\u00e3o) se n\u00f3s quisermos que continue ou se nos omitirmos. Sim, sabemos que n\u00e3o \u00e9 simples assim.<\/p>\n<p>&nbsp;<\/p>\n<p>Mas \u00e9 Natal. \u00c9 s\u00f3 abrir um sorriso e ho ho ho.<\/p>\n<p>&nbsp;<\/p>\n<p>A vida que levamos \u00e9 sim a vida das redes sociais. Ao nos mostrarmos felizes ou em lugares diferentes, estamos compartilhando. Talvez com gente demais&#8230; Talvez sem sabermos por qu\u00ea. Seja para que digam \u201ceu te amo\u201d de alguma forma. Seja para que tenham algo para dizer a algu\u00e9m (ou algu\u00e9m para dizer algo). Para que nos vejamos como astros de nossas pr\u00f3prias vidas. Para vermos quem amamos bonitos e felizes. Para repartir beleza e alegria. Mas com cuidado. Pois junto podem vir sobras e ressentimentos.<\/p>\n<p>&nbsp;<\/p>\n<p>Em terra de bunda e silicone, uma coxa mal fotografada pode virar meme. Uma selfie pode virar trolagem. Um simples post pode ser mal interpretado e voc\u00ea ganhar\u00e1 inimigos que nem conhece.<\/p>\n<p>&nbsp;<\/p>\n<p>\u00c9 Natal. Nada de mal entendido. Ou ficaremos sem presente. E sem fotos no Instagram. \u00c9 tudo de uma alegria triste ou de uma beleza melanc\u00f3lica. Afinal, tem muitos significados. O passar do tempo, um deles. E se o tempo passa, que passemos bem. Com sorrisos ao receber um presente (n\u00e3o importa qual), com emo\u00e7\u00e3o ao relembrarmos um outro Natal, com molecagem ao brincar com as crian\u00e7as, compartilhando n\u00e3o apenas fotos&#8230; mas tamb\u00e9m o que podemos compartilhar com quem nos cerca. N\u00e3o com quem est\u00e1 do outro lado do mundo e adorar\u00edamos conhecer e abra\u00e7ar. Mas com quem vemos quase todos os dias e talvez nunca tenhamos abra\u00e7ado. Com quem podemos tocar. O toque, j\u00e1 nos ensinaram os f\u00edsicos, \u00e9 m\u00fatuo. Vai e vem. A\u00e7\u00e3o e rea\u00e7\u00e3o.<\/p>\n<p>&nbsp;<\/p>\n<p>Essa \u00e9poca do ano \u00e9 assim. A gente pensa tanta coisa. Ou n\u00e3o pensa nada. Mas o que fica \u00e9 o que a gente sente. E que vai gerar o que fazemos. Nossos atos.<\/p>\n<p>&nbsp;<\/p>\n<p>Feliz&#8230; Natal. Dia 25. Para os que s\u00e3o de Natal. Feliz dia a mais, noite com amigos, manh\u00e3 pregui\u00e7osa com quem se ama. Feliz todos os dias. E que, independentemente do que queiramos compartilhar, que estejamos bem resolvidos. Cada um consigo mesmo.<\/p>\n<p>&nbsp;<\/p>\n<p>Que saiamos do autom\u00e1tico&#8230; felizes!!!<\/p>\n<p><a href=\"http:\/\/blog.panrotas.com.br\/semreserva\/wp-content\/uploads\/2012\/12\/aP1120526.jpg\"><img loading=\"lazy\" class=\"alignnone size-full wp-image-3253\" alt=\"aP1120526\" src=\"http:\/\/blog.panrotas.com.br\/semreserva\/wp-content\/uploads\/2012\/12\/aP1120526.jpg\" width=\"500\" height=\"400\" srcset=\"https:\/\/blog.panrotas.com.br\/semreserva\/wp-content\/uploads\/sites\/5\/2012\/12\/aP1120526.jpg 500w, https:\/\/blog.panrotas.com.br\/semreserva\/wp-content\/uploads\/sites\/5\/2012\/12\/aP1120526-300x240.jpg 300w\" sizes=\"(max-width: 500px) 100vw, 500px\" \/><\/a><\/p>\n","protected":false},"excerpt":{"rendered":"<p>&nbsp; A vida n\u00e3o \u00e9 exatamente que postamos nas redes sociais. Nem as fotos do Emerson, para quem todos riem (diria que a maioria com sinceridade, uma parte por obriga\u00e7\u00e3o, e outros t\u00e3o poucos que nem contam). Nem as fotos da Playboy e da Caras, com mais retoques e remendos que Dr. Frankenstein jamais ousaria [&hellip;]<\/p>\n","protected":false},"author":7,"featured_media":0,"comment_status":"open","ping_status":"open","sticky":false,"template":"","format":"standard","meta":{"spay_email":""},"categories":[2],"tags":[],"yoast_head":"<!-- This site is optimized with the Yoast SEO plugin v17.3 - https:\/\/yoast.com\/wordpress\/plugins\/seo\/ -->\n<title>QUANDO PARAMOS PARA PENSAR, PENSAMOS. E DEPOIS? -<\/title>\n<meta name=\"description\" content=\"QUANDO PARAMOS PARA PENSAR, PENSAMOS. E DEPOIS?. Confira essa Mat\u00e9ria no Canal Sem reserva. \u27a4 Projeto em parceria com a PANROTAS.\" \/>\n<meta name=\"robots\" content=\"index, follow, max-snippet:-1, max-image-preview:large, max-video-preview:-1\" \/>\n<link rel=\"canonical\" href=\"https:\/\/blog.panrotas.com.br\/semreserva\/quando-paramos-para-pensar-pensamos-e-depois\/24-12-2013\/\" \/>\n<meta property=\"og:locale\" content=\"pt_BR\" \/>\n<meta property=\"og:type\" content=\"article\" \/>\n<meta property=\"og:title\" content=\"QUANDO PARAMOS PARA PENSAR, PENSAMOS. E DEPOIS? -\" \/>\n<meta property=\"og:description\" content=\"QUANDO PARAMOS PARA PENSAR, PENSAMOS. E DEPOIS?. Confira essa Mat\u00e9ria no Canal Sem reserva. \u27a4 Projeto em parceria com a PANROTAS.\" \/>\n<meta property=\"og:url\" content=\"https:\/\/blog.panrotas.com.br\/semreserva\/quando-paramos-para-pensar-pensamos-e-depois\/24-12-2013\/\" \/>\n<meta property=\"og:site_name\" content=\"Sem reserva\" \/>\n<meta property=\"article:publisher\" content=\"https:\/\/www.facebook.com\/portalpanrotas\/\" \/>\n<meta property=\"article:published_time\" content=\"2013-12-24T14:12:22+00:00\" \/>\n<meta property=\"og:image\" content=\"http:\/\/blog.panrotas.com.br\/semreserva\/wp-content\/uploads\/2013\/12\/asas.jpg\" \/>\n<meta name=\"twitter:card\" content=\"summary_large_image\" \/>\n<meta name=\"twitter:creator\" content=\"@portalpanrotas\" \/>\n<meta name=\"twitter:site\" content=\"@portalpanrotas\" \/>\n<meta name=\"twitter:label1\" content=\"Escrito por\" \/>\n\t<meta name=\"twitter:data1\" content=\"Artur Andrade\" \/>\n\t<meta name=\"twitter:label2\" content=\"Est. tempo de leitura\" \/>\n\t<meta name=\"twitter:data2\" content=\"5 minutos\" \/>\n<script type=\"application\/ld+json\" class=\"yoast-schema-graph\">{\"@context\":\"https:\/\/schema.org\",\"@graph\":[{\"@type\":\"Organization\",\"@id\":\"http:\/\/blog.panrotas.com.br\/semreserva\/#organization\",\"name\":\"Sem Reserva - Blog no Portal PANROTAS\",\"url\":\"http:\/\/blog.panrotas.com.br\/semreserva\/\",\"sameAs\":[\"https:\/\/www.facebook.com\/portalpanrotas\/\",\"https:\/\/www.instagram.com\/portalpanrotas\/\",\"https:\/\/br.linkedin.com\/company\/panrotas\",\"https:\/\/www.youtube.com\/tvpanrotas\",\"https:\/\/twitter.com\/portalpanrotas\"],\"logo\":{\"@type\":\"ImageObject\",\"@id\":\"http:\/\/blog.panrotas.com.br\/semreserva\/#logo\",\"inLanguage\":\"pt-BR\",\"url\":\"https:\/\/blog.panrotas.com.br\/semreserva\/wp-content\/uploads\/sites\/5\/2020\/06\/logo.png\",\"contentUrl\":\"https:\/\/blog.panrotas.com.br\/semreserva\/wp-content\/uploads\/sites\/5\/2020\/06\/logo.png\",\"width\":259,\"height\":53,\"caption\":\"Sem Reserva - Blog no Portal PANROTAS\"},\"image\":{\"@id\":\"http:\/\/blog.panrotas.com.br\/semreserva\/#logo\"}},{\"@type\":\"WebSite\",\"@id\":\"http:\/\/blog.panrotas.com.br\/semreserva\/#website\",\"url\":\"http:\/\/blog.panrotas.com.br\/semreserva\/\",\"name\":\"Sem reserva\",\"description\":\"Blogosfera PANROTAS\",\"publisher\":{\"@id\":\"http:\/\/blog.panrotas.com.br\/semreserva\/#organization\"},\"potentialAction\":[{\"@type\":\"SearchAction\",\"target\":{\"@type\":\"EntryPoint\",\"urlTemplate\":\"http:\/\/blog.panrotas.com.br\/semreserva\/?s={search_term_string}\"},\"query-input\":\"required name=search_term_string\"}],\"inLanguage\":\"pt-BR\"},{\"@type\":\"ImageObject\",\"@id\":\"https:\/\/blog.panrotas.com.br\/semreserva\/quando-paramos-para-pensar-pensamos-e-depois\/24-12-2013\/#primaryimage\",\"inLanguage\":\"pt-BR\",\"url\":\"http:\/\/blog.panrotas.com.br\/semreserva\/wp-content\/uploads\/2013\/12\/asas.jpg\",\"contentUrl\":\"http:\/\/blog.panrotas.com.br\/semreserva\/wp-content\/uploads\/2013\/12\/asas.jpg\"},{\"@type\":\"WebPage\",\"@id\":\"https:\/\/blog.panrotas.com.br\/semreserva\/quando-paramos-para-pensar-pensamos-e-depois\/24-12-2013\/#webpage\",\"url\":\"https:\/\/blog.panrotas.com.br\/semreserva\/quando-paramos-para-pensar-pensamos-e-depois\/24-12-2013\/\",\"name\":\"QUANDO PARAMOS PARA PENSAR, PENSAMOS. E DEPOIS? -\",\"isPartOf\":{\"@id\":\"http:\/\/blog.panrotas.com.br\/semreserva\/#website\"},\"primaryImageOfPage\":{\"@id\":\"https:\/\/blog.panrotas.com.br\/semreserva\/quando-paramos-para-pensar-pensamos-e-depois\/24-12-2013\/#primaryimage\"},\"datePublished\":\"2013-12-24T14:12:22+00:00\",\"dateModified\":\"2013-12-24T14:12:22+00:00\",\"description\":\"QUANDO PARAMOS PARA PENSAR, PENSAMOS. E DEPOIS?. Confira essa Mat\\u00e9ria no Canal Sem reserva. \\u27a4 Projeto em parceria com a PANROTAS.\",\"breadcrumb\":{\"@id\":\"https:\/\/blog.panrotas.com.br\/semreserva\/quando-paramos-para-pensar-pensamos-e-depois\/24-12-2013\/#breadcrumb\"},\"inLanguage\":\"pt-BR\",\"potentialAction\":[{\"@type\":\"ReadAction\",\"target\":[\"https:\/\/blog.panrotas.com.br\/semreserva\/quando-paramos-para-pensar-pensamos-e-depois\/24-12-2013\/\"]}]},{\"@type\":\"BreadcrumbList\",\"@id\":\"https:\/\/blog.panrotas.com.br\/semreserva\/quando-paramos-para-pensar-pensamos-e-depois\/24-12-2013\/#breadcrumb\",\"itemListElement\":[{\"@type\":\"ListItem\",\"position\":1,\"name\":\"Home do Blog\",\"item\":\"http:\/\/blog.panrotas.com.br\/semreserva\/\"},{\"@type\":\"ListItem\",\"position\":2,\"name\":\"Dia a dia\",\"item\":\"https:\/\/blog.panrotas.com.br\/semreserva\/category\/dia-a-dia\/\"},{\"@type\":\"ListItem\",\"position\":3,\"name\":\"QUANDO PARAMOS PARA PENSAR, PENSAMOS. E DEPOIS?\"}]},{\"@type\":\"Article\",\"@id\":\"https:\/\/blog.panrotas.com.br\/semreserva\/quando-paramos-para-pensar-pensamos-e-depois\/24-12-2013\/#article\",\"isPartOf\":{\"@id\":\"https:\/\/blog.panrotas.com.br\/semreserva\/quando-paramos-para-pensar-pensamos-e-depois\/24-12-2013\/#webpage\"},\"author\":{\"@id\":\"http:\/\/blog.panrotas.com.br\/semreserva\/#\/schema\/person\/c93b4555f6a497d2d83c25dcb80f61ed\"},\"headline\":\"QUANDO PARAMOS PARA PENSAR, PENSAMOS. E DEPOIS?\",\"datePublished\":\"2013-12-24T14:12:22+00:00\",\"dateModified\":\"2013-12-24T14:12:22+00:00\",\"mainEntityOfPage\":{\"@id\":\"https:\/\/blog.panrotas.com.br\/semreserva\/quando-paramos-para-pensar-pensamos-e-depois\/24-12-2013\/#webpage\"},\"wordCount\":1105,\"commentCount\":0,\"publisher\":{\"@id\":\"http:\/\/blog.panrotas.com.br\/semreserva\/#organization\"},\"image\":{\"@id\":\"https:\/\/blog.panrotas.com.br\/semreserva\/quando-paramos-para-pensar-pensamos-e-depois\/24-12-2013\/#primaryimage\"},\"thumbnailUrl\":\"http:\/\/blog.panrotas.com.br\/semreserva\/wp-content\/uploads\/2013\/12\/asas.jpg\",\"articleSection\":[\"Dia a dia\"],\"inLanguage\":\"pt-BR\",\"potentialAction\":[{\"@type\":\"CommentAction\",\"name\":\"Comment\",\"target\":[\"https:\/\/blog.panrotas.com.br\/semreserva\/quando-paramos-para-pensar-pensamos-e-depois\/24-12-2013\/#respond\"]}]},{\"@type\":\"Person\",\"@id\":\"http:\/\/blog.panrotas.com.br\/semreserva\/#\/schema\/person\/c93b4555f6a497d2d83c25dcb80f61ed\",\"name\":\"Artur Andrade\",\"image\":{\"@type\":\"ImageObject\",\"@id\":\"http:\/\/blog.panrotas.com.br\/semreserva\/#personlogo\",\"inLanguage\":\"pt-BR\",\"url\":\"https:\/\/secure.gravatar.com\/avatar\/a94564d630220cefd5c82f3452ac1ef4?s=96&d=mm&r=g\",\"contentUrl\":\"https:\/\/secure.gravatar.com\/avatar\/a94564d630220cefd5c82f3452ac1ef4?s=96&d=mm&r=g\",\"caption\":\"Artur Andrade\"},\"description\":\"Artur Luiz Andrade \\u00e9 carioca, taurino, jornalista e nasceu em 1969. \\u00c9 editor-chefe da PANROTAS Editora e mora em S\\u00e3o Paulo desde 1998\",\"sameAs\":[\"http:\/\/www.panrotas.com.br\"]}]}<\/script>\n<!-- \/ Yoast SEO plugin. -->","yoast_head_json":{"title":"QUANDO PARAMOS PARA PENSAR, PENSAMOS. E DEPOIS? -","description":"QUANDO PARAMOS PARA PENSAR, PENSAMOS. E DEPOIS?. Confira essa Mat\u00e9ria no Canal Sem reserva. \u27a4 Projeto em parceria com a PANROTAS.","robots":{"index":"index","follow":"follow","max-snippet":"max-snippet:-1","max-image-preview":"max-image-preview:large","max-video-preview":"max-video-preview:-1"},"canonical":"https:\/\/blog.panrotas.com.br\/semreserva\/quando-paramos-para-pensar-pensamos-e-depois\/24-12-2013\/","og_locale":"pt_BR","og_type":"article","og_title":"QUANDO PARAMOS PARA PENSAR, PENSAMOS. E DEPOIS? -","og_description":"QUANDO PARAMOS PARA PENSAR, PENSAMOS. E DEPOIS?. Confira essa Mat\u00e9ria no Canal Sem reserva. \u27a4 Projeto em parceria com a PANROTAS.","og_url":"https:\/\/blog.panrotas.com.br\/semreserva\/quando-paramos-para-pensar-pensamos-e-depois\/24-12-2013\/","og_site_name":"Sem reserva","article_publisher":"https:\/\/www.facebook.com\/portalpanrotas\/","article_published_time":"2013-12-24T14:12:22+00:00","og_image":[{"url":"http:\/\/blog.panrotas.com.br\/semreserva\/wp-content\/uploads\/2013\/12\/asas.jpg"}],"twitter_card":"summary_large_image","twitter_creator":"@portalpanrotas","twitter_site":"@portalpanrotas","twitter_misc":{"Escrito por":"Artur Andrade","Est. tempo de leitura":"5 minutos"},"schema":{"@context":"https:\/\/schema.org","@graph":[{"@type":"Organization","@id":"http:\/\/blog.panrotas.com.br\/semreserva\/#organization","name":"Sem Reserva - Blog no Portal PANROTAS","url":"http:\/\/blog.panrotas.com.br\/semreserva\/","sameAs":["https:\/\/www.facebook.com\/portalpanrotas\/","https:\/\/www.instagram.com\/portalpanrotas\/","https:\/\/br.linkedin.com\/company\/panrotas","https:\/\/www.youtube.com\/tvpanrotas","https:\/\/twitter.com\/portalpanrotas"],"logo":{"@type":"ImageObject","@id":"http:\/\/blog.panrotas.com.br\/semreserva\/#logo","inLanguage":"pt-BR","url":"https:\/\/blog.panrotas.com.br\/semreserva\/wp-content\/uploads\/sites\/5\/2020\/06\/logo.png","contentUrl":"https:\/\/blog.panrotas.com.br\/semreserva\/wp-content\/uploads\/sites\/5\/2020\/06\/logo.png","width":259,"height":53,"caption":"Sem Reserva - Blog no Portal PANROTAS"},"image":{"@id":"http:\/\/blog.panrotas.com.br\/semreserva\/#logo"}},{"@type":"WebSite","@id":"http:\/\/blog.panrotas.com.br\/semreserva\/#website","url":"http:\/\/blog.panrotas.com.br\/semreserva\/","name":"Sem reserva","description":"Blogosfera PANROTAS","publisher":{"@id":"http:\/\/blog.panrotas.com.br\/semreserva\/#organization"},"potentialAction":[{"@type":"SearchAction","target":{"@type":"EntryPoint","urlTemplate":"http:\/\/blog.panrotas.com.br\/semreserva\/?s={search_term_string}"},"query-input":"required name=search_term_string"}],"inLanguage":"pt-BR"},{"@type":"ImageObject","@id":"https:\/\/blog.panrotas.com.br\/semreserva\/quando-paramos-para-pensar-pensamos-e-depois\/24-12-2013\/#primaryimage","inLanguage":"pt-BR","url":"http:\/\/blog.panrotas.com.br\/semreserva\/wp-content\/uploads\/2013\/12\/asas.jpg","contentUrl":"http:\/\/blog.panrotas.com.br\/semreserva\/wp-content\/uploads\/2013\/12\/asas.jpg"},{"@type":"WebPage","@id":"https:\/\/blog.panrotas.com.br\/semreserva\/quando-paramos-para-pensar-pensamos-e-depois\/24-12-2013\/#webpage","url":"https:\/\/blog.panrotas.com.br\/semreserva\/quando-paramos-para-pensar-pensamos-e-depois\/24-12-2013\/","name":"QUANDO PARAMOS PARA PENSAR, PENSAMOS. E DEPOIS? -","isPartOf":{"@id":"http:\/\/blog.panrotas.com.br\/semreserva\/#website"},"primaryImageOfPage":{"@id":"https:\/\/blog.panrotas.com.br\/semreserva\/quando-paramos-para-pensar-pensamos-e-depois\/24-12-2013\/#primaryimage"},"datePublished":"2013-12-24T14:12:22+00:00","dateModified":"2013-12-24T14:12:22+00:00","description":"QUANDO PARAMOS PARA PENSAR, PENSAMOS. E DEPOIS?. Confira essa Mat\u00e9ria no Canal Sem reserva. \u27a4 Projeto em parceria com a PANROTAS.","breadcrumb":{"@id":"https:\/\/blog.panrotas.com.br\/semreserva\/quando-paramos-para-pensar-pensamos-e-depois\/24-12-2013\/#breadcrumb"},"inLanguage":"pt-BR","potentialAction":[{"@type":"ReadAction","target":["https:\/\/blog.panrotas.com.br\/semreserva\/quando-paramos-para-pensar-pensamos-e-depois\/24-12-2013\/"]}]},{"@type":"BreadcrumbList","@id":"https:\/\/blog.panrotas.com.br\/semreserva\/quando-paramos-para-pensar-pensamos-e-depois\/24-12-2013\/#breadcrumb","itemListElement":[{"@type":"ListItem","position":1,"name":"Home do Blog","item":"http:\/\/blog.panrotas.com.br\/semreserva\/"},{"@type":"ListItem","position":2,"name":"Dia a dia","item":"https:\/\/blog.panrotas.com.br\/semreserva\/category\/dia-a-dia\/"},{"@type":"ListItem","position":3,"name":"QUANDO PARAMOS PARA PENSAR, PENSAMOS. E DEPOIS?"}]},{"@type":"Article","@id":"https:\/\/blog.panrotas.com.br\/semreserva\/quando-paramos-para-pensar-pensamos-e-depois\/24-12-2013\/#article","isPartOf":{"@id":"https:\/\/blog.panrotas.com.br\/semreserva\/quando-paramos-para-pensar-pensamos-e-depois\/24-12-2013\/#webpage"},"author":{"@id":"http:\/\/blog.panrotas.com.br\/semreserva\/#\/schema\/person\/c93b4555f6a497d2d83c25dcb80f61ed"},"headline":"QUANDO PARAMOS PARA PENSAR, PENSAMOS. E DEPOIS?","datePublished":"2013-12-24T14:12:22+00:00","dateModified":"2013-12-24T14:12:22+00:00","mainEntityOfPage":{"@id":"https:\/\/blog.panrotas.com.br\/semreserva\/quando-paramos-para-pensar-pensamos-e-depois\/24-12-2013\/#webpage"},"wordCount":1105,"commentCount":0,"publisher":{"@id":"http:\/\/blog.panrotas.com.br\/semreserva\/#organization"},"image":{"@id":"https:\/\/blog.panrotas.com.br\/semreserva\/quando-paramos-para-pensar-pensamos-e-depois\/24-12-2013\/#primaryimage"},"thumbnailUrl":"http:\/\/blog.panrotas.com.br\/semreserva\/wp-content\/uploads\/2013\/12\/asas.jpg","articleSection":["Dia a dia"],"inLanguage":"pt-BR","potentialAction":[{"@type":"CommentAction","name":"Comment","target":["https:\/\/blog.panrotas.com.br\/semreserva\/quando-paramos-para-pensar-pensamos-e-depois\/24-12-2013\/#respond"]}]},{"@type":"Person","@id":"http:\/\/blog.panrotas.com.br\/semreserva\/#\/schema\/person\/c93b4555f6a497d2d83c25dcb80f61ed","name":"Artur Andrade","image":{"@type":"ImageObject","@id":"http:\/\/blog.panrotas.com.br\/semreserva\/#personlogo","inLanguage":"pt-BR","url":"https:\/\/secure.gravatar.com\/avatar\/a94564d630220cefd5c82f3452ac1ef4?s=96&d=mm&r=g","contentUrl":"https:\/\/secure.gravatar.com\/avatar\/a94564d630220cefd5c82f3452ac1ef4?s=96&d=mm&r=g","caption":"Artur Andrade"},"description":"Artur Luiz Andrade \u00e9 carioca, taurino, jornalista e nasceu em 1969. \u00c9 editor-chefe da PANROTAS Editora e mora em S\u00e3o Paulo desde 1998","sameAs":["http:\/\/www.panrotas.com.br"]}]}},"jetpack_featured_media_url":"","jetpack_shortlink":"https:\/\/wp.me\/p7idIU-Ze","_links":{"self":[{"href":"https:\/\/blog.panrotas.com.br\/semreserva\/wp-json\/wp\/v2\/posts\/3796"}],"collection":[{"href":"https:\/\/blog.panrotas.com.br\/semreserva\/wp-json\/wp\/v2\/posts"}],"about":[{"href":"https:\/\/blog.panrotas.com.br\/semreserva\/wp-json\/wp\/v2\/types\/post"}],"author":[{"embeddable":true,"href":"https:\/\/blog.panrotas.com.br\/semreserva\/wp-json\/wp\/v2\/users\/7"}],"replies":[{"embeddable":true,"href":"https:\/\/blog.panrotas.com.br\/semreserva\/wp-json\/wp\/v2\/comments?post=3796"}],"version-history":[{"count":0,"href":"https:\/\/blog.panrotas.com.br\/semreserva\/wp-json\/wp\/v2\/posts\/3796\/revisions"}],"wp:attachment":[{"href":"https:\/\/blog.panrotas.com.br\/semreserva\/wp-json\/wp\/v2\/media?parent=3796"}],"wp:term":[{"taxonomy":"category","embeddable":true,"href":"https:\/\/blog.panrotas.com.br\/semreserva\/wp-json\/wp\/v2\/categories?post=3796"},{"taxonomy":"post_tag","embeddable":true,"href":"https:\/\/blog.panrotas.com.br\/semreserva\/wp-json\/wp\/v2\/tags?post=3796"}],"curies":[{"name":"wp","href":"https:\/\/api.w.org\/{rel}","templated":true}]}}