{"id":3802,"date":"2013-12-27T11:31:39","date_gmt":"2013-12-27T14:31:39","guid":{"rendered":"http:\/\/blog.panrotas.com.br\/semreserva\/?p=3802"},"modified":"2013-12-27T11:31:39","modified_gmt":"2013-12-27T14:31:39","slug":"retrospectiva-2","status":"publish","type":"post","link":"https:\/\/blog.panrotas.com.br\/semreserva\/retrospectiva-2\/27-12-2013\/","title":{"rendered":"RETROSPECTIVA 2"},"content":{"rendered":"<p>Em quantos eventos chatos voc\u00ea foi este ano? Quantas viagens mal organizadas, com aqueles programas que te fizeram lembrar da rotina dos militares nos dramas de Hollywood? Quanto tempo perdido? O turismo precisa aprender a organizar eventos e viagens de familiariza\u00e7\u00e3o. Quem diria, n\u00e3o \u00e9 mesmo?<\/p>\n<p>Saber passar uma mensagem sem discurso e de forma que fique sem que o \u201creceptor\u201d sinta \u00e9 para poucos. Na maioria das vezes d\u00f3i. E muito. E tempo perdido n\u00e3o se resgata mais. E tempo perdido significa: \u201cn\u00e3o vou mais a esse evento no pr\u00f3ximo ano\u201d. \u201cO que eu estou fazendo aqui\u201d, diriam outros.<\/p>\n<p>E haja placa na estante (com os mesmos dizeres, os mesmos erros de portugu\u00eas, o mesmo metal barato), haja diploma na gaveta&#8230; O que vale \u00e9 a inten\u00e7\u00e3o? N\u00e3o. O que vale \u00e9 a criatividade, o gesto com verdade, o reconhecimento que pode vir em um e-mail. O trade precisa ser mais criativo em seus eventos.<\/p>\n<p>N\u00e3o fui a tantas viagens quanto gostaria (ou quanto pode parecer), menos ainda a eventos&#8230; Simplesmente por falta de tempo. Por causa do tr\u00e2nsito (gastamos pelo menos quatro horas para ir e voltar de um evento em S\u00e3o Paulo). Porque fechamos pelo menos uma publica\u00e7\u00e3o por dia. E fechar significa: preparar para mandar para a gr\u00e1fica. Deixar tudo pronto, redondo. E mais a internet, os plant\u00f5es, as redes sociais&#8230; Mal sobra tempo para viagens e eventos e quando pensamos no que h\u00e1 por a\u00ed&#8230;<\/p>\n<p>Se eu fosse uma empresa de turismo e precisasse organizar eventos, teria apenas dois focos: relev\u00e2ncia e adequa\u00e7\u00e3o. Ou conte\u00fado e criatividade. Relev\u00e2ncia na maioria das vezes \u00e9 capacita\u00e7\u00e3o (o que mais falta em nossa ind\u00fastria), mas pode ser uma premia\u00e7\u00e3o, um reconhecimento em petit comit\u00e9&#8230; Mas tem de ter uma hist\u00f3ria que me envolva, at\u00e9 que emocione. Apelar aos sentimentos e sentidos n\u00e3o \u00e9 s\u00f3 tarefa da Disney. \u00c9 nossa tamb\u00e9m. E a criatividade na medida certa s\u00f3 ajudar\u00e1 a fixar a tal da mensagem, pois, em outra frase famosa do setor, \u201cn\u00e3o tem almo\u00e7o gr\u00e1tis\u201d.<\/p>\n<p>Ali\u00e1s, j\u00e1 fui a alguns eventos em que o anfitri\u00e3o pedia sil\u00eancio, pois todos precisavam \u201cpagar o almo\u00e7o\u201d. Mais um exemplo de tempo perdido. De formato inadequado (j\u00e1 que ningu\u00e9m prestava aten\u00e7\u00e3o). De momento inoportuno e frase infeliz.<\/p>\n<p>Quanto \u00e0s viagens (e adoraria aceitar todos os convites, mas \u00e9 humanamente imposs\u00edvel para nossa equipe), procuramos escolher as que acreditemos serem as mais proveitosas. \u00c0s vezes nos damos mal. Mas j\u00e1 temos certa expertise. E quando n\u00e3o vamos em uma viagem boa, tenha certeza de que o motivo \u00e9 bom tamb\u00e9m. D\u00f3i na gente tamb\u00e9m, pois fazemos tudo com muita paix\u00e3o aqui e queremos sempre contar tudo para todos. Uma vez um representante de uma empresa ficou indignado pois eu n\u00e3o podia aceitar seu convite pessoal e intransfer\u00edvel. \u201cComo assim voc\u00ea n\u00e3o quer ir para a (nome do pa\u00eds)\u201d?, bradou do outro lado da linha. Adoraria, mas n\u00e3o podia e ainda indiquei um dos editores para me substituir. Acho que at\u00e9 hoje ele acha que eu n\u00e3o gosto dele ou da (nome do pa\u00eds). Ossos do of\u00edcio. E eu aqui louco para voltar \u00e0 (nome do pa\u00eds).<\/p>\n<p>E assim, de evento ruim em evento ruim, de viagens n\u00e3o realizadas em viagens n\u00e3o realizadas, de engarrafamento em engarrafamento, a gente ainda consegue contar boas hist\u00f3rias. \u00a0Simplesmente porque o turismo \u00e9 feito de e por pessoas. E todo mundo tem uma boa hist\u00f3ria para contar. Somos todos ouvidos. \u00c9 o nosso papel. Com muito prazer.<\/p>\n<p>Feliz 2014, com \u00f3timas hist\u00f3rias, eventos, viagens&#8230;<\/p>\n<p>&nbsp;<\/p>\n<p>&nbsp;<\/p>\n","protected":false},"excerpt":{"rendered":"<p>Em quantos eventos chatos voc\u00ea foi este ano? Quantas viagens mal organizadas, com aqueles programas que te fizeram lembrar da rotina dos militares nos dramas de Hollywood? Quanto tempo perdido? O turismo precisa aprender a organizar eventos e viagens de familiariza\u00e7\u00e3o. Quem diria, n\u00e3o \u00e9 mesmo? Saber passar uma mensagem sem discurso e de forma [&hellip;]<\/p>\n","protected":false},"author":7,"featured_media":0,"comment_status":"open","ping_status":"open","sticky":false,"template":"","format":"standard","meta":{"spay_email":""},"categories":[2],"tags":[],"yoast_head":"<!-- This site is optimized with the Yoast SEO plugin v17.3 - https:\/\/yoast.com\/wordpress\/plugins\/seo\/ -->\n<title>RETROSPECTIVA 2 -<\/title>\n<meta name=\"description\" content=\"RETROSPECTIVA 2. Confira essa Mat\u00e9ria no Canal Sem reserva. \u27a4 Projeto em parceria com a PANROTAS.\" \/>\n<meta name=\"robots\" content=\"index, follow, max-snippet:-1, max-image-preview:large, max-video-preview:-1\" \/>\n<link rel=\"canonical\" href=\"https:\/\/blog.panrotas.com.br\/semreserva\/retrospectiva-2\/27-12-2013\/\" \/>\n<meta property=\"og:locale\" content=\"pt_BR\" \/>\n<meta property=\"og:type\" content=\"article\" \/>\n<meta property=\"og:title\" content=\"RETROSPECTIVA 2 -\" \/>\n<meta property=\"og:description\" content=\"RETROSPECTIVA 2. Confira essa Mat\u00e9ria no Canal Sem reserva. \u27a4 Projeto em parceria com a PANROTAS.\" \/>\n<meta property=\"og:url\" content=\"https:\/\/blog.panrotas.com.br\/semreserva\/retrospectiva-2\/27-12-2013\/\" \/>\n<meta property=\"og:site_name\" content=\"Sem reserva\" \/>\n<meta property=\"article:publisher\" content=\"https:\/\/www.facebook.com\/portalpanrotas\/\" \/>\n<meta property=\"article:published_time\" content=\"2013-12-27T14:31:39+00:00\" \/>\n<meta name=\"twitter:card\" content=\"summary_large_image\" \/>\n<meta name=\"twitter:creator\" content=\"@portalpanrotas\" \/>\n<meta name=\"twitter:site\" content=\"@portalpanrotas\" \/>\n<meta name=\"twitter:label1\" content=\"Escrito por\" \/>\n\t<meta name=\"twitter:data1\" content=\"Artur Andrade\" \/>\n\t<meta name=\"twitter:label2\" content=\"Est. tempo de leitura\" \/>\n\t<meta name=\"twitter:data2\" content=\"3 minutos\" \/>\n<script type=\"application\/ld+json\" class=\"yoast-schema-graph\">{\"@context\":\"https:\/\/schema.org\",\"@graph\":[{\"@type\":\"Organization\",\"@id\":\"http:\/\/blog.panrotas.com.br\/semreserva\/#organization\",\"name\":\"Sem Reserva - Blog no Portal PANROTAS\",\"url\":\"http:\/\/blog.panrotas.com.br\/semreserva\/\",\"sameAs\":[\"https:\/\/www.facebook.com\/portalpanrotas\/\",\"https:\/\/www.instagram.com\/portalpanrotas\/\",\"https:\/\/br.linkedin.com\/company\/panrotas\",\"https:\/\/www.youtube.com\/tvpanrotas\",\"https:\/\/twitter.com\/portalpanrotas\"],\"logo\":{\"@type\":\"ImageObject\",\"@id\":\"http:\/\/blog.panrotas.com.br\/semreserva\/#logo\",\"inLanguage\":\"pt-BR\",\"url\":\"https:\/\/blog.panrotas.com.br\/semreserva\/wp-content\/uploads\/sites\/5\/2020\/06\/logo.png\",\"contentUrl\":\"https:\/\/blog.panrotas.com.br\/semreserva\/wp-content\/uploads\/sites\/5\/2020\/06\/logo.png\",\"width\":259,\"height\":53,\"caption\":\"Sem Reserva - Blog no Portal PANROTAS\"},\"image\":{\"@id\":\"http:\/\/blog.panrotas.com.br\/semreserva\/#logo\"}},{\"@type\":\"WebSite\",\"@id\":\"http:\/\/blog.panrotas.com.br\/semreserva\/#website\",\"url\":\"http:\/\/blog.panrotas.com.br\/semreserva\/\",\"name\":\"Sem reserva\",\"description\":\"Blogosfera PANROTAS\",\"publisher\":{\"@id\":\"http:\/\/blog.panrotas.com.br\/semreserva\/#organization\"},\"potentialAction\":[{\"@type\":\"SearchAction\",\"target\":{\"@type\":\"EntryPoint\",\"urlTemplate\":\"http:\/\/blog.panrotas.com.br\/semreserva\/?s={search_term_string}\"},\"query-input\":\"required name=search_term_string\"}],\"inLanguage\":\"pt-BR\"},{\"@type\":\"WebPage\",\"@id\":\"https:\/\/blog.panrotas.com.br\/semreserva\/retrospectiva-2\/27-12-2013\/#webpage\",\"url\":\"https:\/\/blog.panrotas.com.br\/semreserva\/retrospectiva-2\/27-12-2013\/\",\"name\":\"RETROSPECTIVA 2 -\",\"isPartOf\":{\"@id\":\"http:\/\/blog.panrotas.com.br\/semreserva\/#website\"},\"datePublished\":\"2013-12-27T14:31:39+00:00\",\"dateModified\":\"2013-12-27T14:31:39+00:00\",\"description\":\"RETROSPECTIVA 2. Confira essa Mat\\u00e9ria no Canal Sem reserva. \\u27a4 Projeto em parceria com a PANROTAS.\",\"breadcrumb\":{\"@id\":\"https:\/\/blog.panrotas.com.br\/semreserva\/retrospectiva-2\/27-12-2013\/#breadcrumb\"},\"inLanguage\":\"pt-BR\",\"potentialAction\":[{\"@type\":\"ReadAction\",\"target\":[\"https:\/\/blog.panrotas.com.br\/semreserva\/retrospectiva-2\/27-12-2013\/\"]}]},{\"@type\":\"BreadcrumbList\",\"@id\":\"https:\/\/blog.panrotas.com.br\/semreserva\/retrospectiva-2\/27-12-2013\/#breadcrumb\",\"itemListElement\":[{\"@type\":\"ListItem\",\"position\":1,\"name\":\"Home do Blog\",\"item\":\"http:\/\/blog.panrotas.com.br\/semreserva\/\"},{\"@type\":\"ListItem\",\"position\":2,\"name\":\"Dia a dia\",\"item\":\"https:\/\/blog.panrotas.com.br\/semreserva\/category\/dia-a-dia\/\"},{\"@type\":\"ListItem\",\"position\":3,\"name\":\"RETROSPECTIVA 2\"}]},{\"@type\":\"Article\",\"@id\":\"https:\/\/blog.panrotas.com.br\/semreserva\/retrospectiva-2\/27-12-2013\/#article\",\"isPartOf\":{\"@id\":\"https:\/\/blog.panrotas.com.br\/semreserva\/retrospectiva-2\/27-12-2013\/#webpage\"},\"author\":{\"@id\":\"http:\/\/blog.panrotas.com.br\/semreserva\/#\/schema\/person\/c93b4555f6a497d2d83c25dcb80f61ed\"},\"headline\":\"RETROSPECTIVA 2\",\"datePublished\":\"2013-12-27T14:31:39+00:00\",\"dateModified\":\"2013-12-27T14:31:39+00:00\",\"mainEntityOfPage\":{\"@id\":\"https:\/\/blog.panrotas.com.br\/semreserva\/retrospectiva-2\/27-12-2013\/#webpage\"},\"wordCount\":630,\"commentCount\":0,\"publisher\":{\"@id\":\"http:\/\/blog.panrotas.com.br\/semreserva\/#organization\"},\"articleSection\":[\"Dia a dia\"],\"inLanguage\":\"pt-BR\",\"potentialAction\":[{\"@type\":\"CommentAction\",\"name\":\"Comment\",\"target\":[\"https:\/\/blog.panrotas.com.br\/semreserva\/retrospectiva-2\/27-12-2013\/#respond\"]}]},{\"@type\":\"Person\",\"@id\":\"http:\/\/blog.panrotas.com.br\/semreserva\/#\/schema\/person\/c93b4555f6a497d2d83c25dcb80f61ed\",\"name\":\"Artur Andrade\",\"image\":{\"@type\":\"ImageObject\",\"@id\":\"http:\/\/blog.panrotas.com.br\/semreserva\/#personlogo\",\"inLanguage\":\"pt-BR\",\"url\":\"https:\/\/secure.gravatar.com\/avatar\/a94564d630220cefd5c82f3452ac1ef4?s=96&d=mm&r=g\",\"contentUrl\":\"https:\/\/secure.gravatar.com\/avatar\/a94564d630220cefd5c82f3452ac1ef4?s=96&d=mm&r=g\",\"caption\":\"Artur Andrade\"},\"description\":\"Artur Luiz Andrade \\u00e9 carioca, taurino, jornalista e nasceu em 1969. \\u00c9 editor-chefe da PANROTAS Editora e mora em S\\u00e3o Paulo desde 1998\",\"sameAs\":[\"http:\/\/www.panrotas.com.br\"]}]}<\/script>\n<!-- \/ Yoast SEO plugin. -->","yoast_head_json":{"title":"RETROSPECTIVA 2 -","description":"RETROSPECTIVA 2. Confira essa Mat\u00e9ria no Canal Sem reserva. \u27a4 Projeto em parceria com a PANROTAS.","robots":{"index":"index","follow":"follow","max-snippet":"max-snippet:-1","max-image-preview":"max-image-preview:large","max-video-preview":"max-video-preview:-1"},"canonical":"https:\/\/blog.panrotas.com.br\/semreserva\/retrospectiva-2\/27-12-2013\/","og_locale":"pt_BR","og_type":"article","og_title":"RETROSPECTIVA 2 -","og_description":"RETROSPECTIVA 2. Confira essa Mat\u00e9ria no Canal Sem reserva. \u27a4 Projeto em parceria com a PANROTAS.","og_url":"https:\/\/blog.panrotas.com.br\/semreserva\/retrospectiva-2\/27-12-2013\/","og_site_name":"Sem reserva","article_publisher":"https:\/\/www.facebook.com\/portalpanrotas\/","article_published_time":"2013-12-27T14:31:39+00:00","twitter_card":"summary_large_image","twitter_creator":"@portalpanrotas","twitter_site":"@portalpanrotas","twitter_misc":{"Escrito por":"Artur Andrade","Est. tempo de leitura":"3 minutos"},"schema":{"@context":"https:\/\/schema.org","@graph":[{"@type":"Organization","@id":"http:\/\/blog.panrotas.com.br\/semreserva\/#organization","name":"Sem Reserva - Blog no Portal PANROTAS","url":"http:\/\/blog.panrotas.com.br\/semreserva\/","sameAs":["https:\/\/www.facebook.com\/portalpanrotas\/","https:\/\/www.instagram.com\/portalpanrotas\/","https:\/\/br.linkedin.com\/company\/panrotas","https:\/\/www.youtube.com\/tvpanrotas","https:\/\/twitter.com\/portalpanrotas"],"logo":{"@type":"ImageObject","@id":"http:\/\/blog.panrotas.com.br\/semreserva\/#logo","inLanguage":"pt-BR","url":"https:\/\/blog.panrotas.com.br\/semreserva\/wp-content\/uploads\/sites\/5\/2020\/06\/logo.png","contentUrl":"https:\/\/blog.panrotas.com.br\/semreserva\/wp-content\/uploads\/sites\/5\/2020\/06\/logo.png","width":259,"height":53,"caption":"Sem Reserva - Blog no Portal PANROTAS"},"image":{"@id":"http:\/\/blog.panrotas.com.br\/semreserva\/#logo"}},{"@type":"WebSite","@id":"http:\/\/blog.panrotas.com.br\/semreserva\/#website","url":"http:\/\/blog.panrotas.com.br\/semreserva\/","name":"Sem reserva","description":"Blogosfera PANROTAS","publisher":{"@id":"http:\/\/blog.panrotas.com.br\/semreserva\/#organization"},"potentialAction":[{"@type":"SearchAction","target":{"@type":"EntryPoint","urlTemplate":"http:\/\/blog.panrotas.com.br\/semreserva\/?s={search_term_string}"},"query-input":"required name=search_term_string"}],"inLanguage":"pt-BR"},{"@type":"WebPage","@id":"https:\/\/blog.panrotas.com.br\/semreserva\/retrospectiva-2\/27-12-2013\/#webpage","url":"https:\/\/blog.panrotas.com.br\/semreserva\/retrospectiva-2\/27-12-2013\/","name":"RETROSPECTIVA 2 -","isPartOf":{"@id":"http:\/\/blog.panrotas.com.br\/semreserva\/#website"},"datePublished":"2013-12-27T14:31:39+00:00","dateModified":"2013-12-27T14:31:39+00:00","description":"RETROSPECTIVA 2. Confira essa Mat\u00e9ria no Canal Sem reserva. \u27a4 Projeto em parceria com a PANROTAS.","breadcrumb":{"@id":"https:\/\/blog.panrotas.com.br\/semreserva\/retrospectiva-2\/27-12-2013\/#breadcrumb"},"inLanguage":"pt-BR","potentialAction":[{"@type":"ReadAction","target":["https:\/\/blog.panrotas.com.br\/semreserva\/retrospectiva-2\/27-12-2013\/"]}]},{"@type":"BreadcrumbList","@id":"https:\/\/blog.panrotas.com.br\/semreserva\/retrospectiva-2\/27-12-2013\/#breadcrumb","itemListElement":[{"@type":"ListItem","position":1,"name":"Home do Blog","item":"http:\/\/blog.panrotas.com.br\/semreserva\/"},{"@type":"ListItem","position":2,"name":"Dia a dia","item":"https:\/\/blog.panrotas.com.br\/semreserva\/category\/dia-a-dia\/"},{"@type":"ListItem","position":3,"name":"RETROSPECTIVA 2"}]},{"@type":"Article","@id":"https:\/\/blog.panrotas.com.br\/semreserva\/retrospectiva-2\/27-12-2013\/#article","isPartOf":{"@id":"https:\/\/blog.panrotas.com.br\/semreserva\/retrospectiva-2\/27-12-2013\/#webpage"},"author":{"@id":"http:\/\/blog.panrotas.com.br\/semreserva\/#\/schema\/person\/c93b4555f6a497d2d83c25dcb80f61ed"},"headline":"RETROSPECTIVA 2","datePublished":"2013-12-27T14:31:39+00:00","dateModified":"2013-12-27T14:31:39+00:00","mainEntityOfPage":{"@id":"https:\/\/blog.panrotas.com.br\/semreserva\/retrospectiva-2\/27-12-2013\/#webpage"},"wordCount":630,"commentCount":0,"publisher":{"@id":"http:\/\/blog.panrotas.com.br\/semreserva\/#organization"},"articleSection":["Dia a dia"],"inLanguage":"pt-BR","potentialAction":[{"@type":"CommentAction","name":"Comment","target":["https:\/\/blog.panrotas.com.br\/semreserva\/retrospectiva-2\/27-12-2013\/#respond"]}]},{"@type":"Person","@id":"http:\/\/blog.panrotas.com.br\/semreserva\/#\/schema\/person\/c93b4555f6a497d2d83c25dcb80f61ed","name":"Artur Andrade","image":{"@type":"ImageObject","@id":"http:\/\/blog.panrotas.com.br\/semreserva\/#personlogo","inLanguage":"pt-BR","url":"https:\/\/secure.gravatar.com\/avatar\/a94564d630220cefd5c82f3452ac1ef4?s=96&d=mm&r=g","contentUrl":"https:\/\/secure.gravatar.com\/avatar\/a94564d630220cefd5c82f3452ac1ef4?s=96&d=mm&r=g","caption":"Artur Andrade"},"description":"Artur Luiz Andrade \u00e9 carioca, taurino, jornalista e nasceu em 1969. \u00c9 editor-chefe da PANROTAS Editora e mora em S\u00e3o Paulo desde 1998","sameAs":["http:\/\/www.panrotas.com.br"]}]}},"jetpack_featured_media_url":"","jetpack_shortlink":"https:\/\/wp.me\/p7idIU-Zk","_links":{"self":[{"href":"https:\/\/blog.panrotas.com.br\/semreserva\/wp-json\/wp\/v2\/posts\/3802"}],"collection":[{"href":"https:\/\/blog.panrotas.com.br\/semreserva\/wp-json\/wp\/v2\/posts"}],"about":[{"href":"https:\/\/blog.panrotas.com.br\/semreserva\/wp-json\/wp\/v2\/types\/post"}],"author":[{"embeddable":true,"href":"https:\/\/blog.panrotas.com.br\/semreserva\/wp-json\/wp\/v2\/users\/7"}],"replies":[{"embeddable":true,"href":"https:\/\/blog.panrotas.com.br\/semreserva\/wp-json\/wp\/v2\/comments?post=3802"}],"version-history":[{"count":0,"href":"https:\/\/blog.panrotas.com.br\/semreserva\/wp-json\/wp\/v2\/posts\/3802\/revisions"}],"wp:attachment":[{"href":"https:\/\/blog.panrotas.com.br\/semreserva\/wp-json\/wp\/v2\/media?parent=3802"}],"wp:term":[{"taxonomy":"category","embeddable":true,"href":"https:\/\/blog.panrotas.com.br\/semreserva\/wp-json\/wp\/v2\/categories?post=3802"},{"taxonomy":"post_tag","embeddable":true,"href":"https:\/\/blog.panrotas.com.br\/semreserva\/wp-json\/wp\/v2\/tags?post=3802"}],"curies":[{"name":"wp","href":"https:\/\/api.w.org\/{rel}","templated":true}]}}