{"id":3805,"date":"2014-01-05T21:20:43","date_gmt":"2014-01-06T00:20:43","guid":{"rendered":"http:\/\/blog.panrotas.com.br\/semreserva\/?p=3805"},"modified":"2014-01-05T21:20:43","modified_gmt":"2014-01-06T00:20:43","slug":"apesar-de-voce","status":"publish","type":"post","link":"https:\/\/blog.panrotas.com.br\/semreserva\/apesar-de-voce\/05-01-2014\/","title":{"rendered":"APESAR DE VOC\u00ca"},"content":{"rendered":"<p>Lendo artigos da \u00c9poca e da Veja, dos jornalistas Ruth de Aquino e J. R. Guzzo, ouvindo as pessoas nas ruas, os empres\u00e1rios de turismo, os turistas nos hot\u00e9is, os motoristas de t\u00e1xi&#8230; a conclus\u00e3o \u00e9 uma s\u00f3. Continuamos contando apenas com n\u00f3s mesmos, como empres\u00e1rios, executivos, funcion\u00e1rios, cidad\u00e3os, contribuintes, pensadores, cr\u00edticos ou mero observadores, e talvez tamb\u00e9m com a sorte e a provid\u00eancia divina, para continuarmos tendo \u00eaxito e um ano produtivo e ainda esperan\u00e7a em um futuro melhor. Porque se dependermos do que autoridades p\u00fablicas, em qualquer esfera, fa\u00e7amalgo para melhorar nossas vidas, chegaremos a dezembro secos como uvas passas, sugados at\u00e9 a raiz, pisoteados e ainda com a possibilidade de estarem rindo de nossas caras.<\/p>\n<p>E isso vai al\u00e9m da boa inten\u00e7\u00e3o. N\u00e3o entra na cabe\u00e7a de qualquer um com um \u00e1timo de lucidez os rumos das coisas em nossas cidades, Estados, Pa\u00eds. Talvez as urnas acenem com algo, mas quais as op\u00e7\u00f5es? Enfim, como n\u00f3s do turismo j\u00e1 sabemos h\u00e1 d\u00e9cadas, estamos entregues a nossa pr\u00f3pria sorte. H\u00e1 dez anos temos uma pasta com nosso nome e nada mudou em nossa ind\u00fastria por conta de a\u00e7\u00f5es vindas do governo. Absolutamente nada. Se melhoramos, n\u00e3o h\u00e1 d\u00favida, \u00e9 porque temos em nosso meio empreendedores, de todos os portes, conhecedores que sabem o que fazer, e produtos que atraem o interesse interno e externo a despeito da falta de estrat\u00e9gia oficial para ajudar nesse desenvolvimento.<\/p>\n<p>Com ou sem Copa ou Olimp\u00edada (e o governo demorou at\u00e9 o \u00faltimo minuto para investir corretamente nesses eventos), vamos voar mais, nos hospedar mais, comer mais fora (enquanto os impostos governamentais permitirem), comprar mais no Brasil e no Exterior, nos divertir mais&#8230; apesar do esfor\u00e7o das autoridades para que tudo d\u00ea certo apenas para eles. Ou apesar do desconhecimento, do descaso e do desalinhamento dessas autoridades em rela\u00e7\u00e3o a uma ind\u00fastria que ajudou a segurar a Europa e os Estados Unidos no auge das piores crises. Talvez tenhamos mesmo que abrir os c\u00e9us para empresas estrangeiras, para que, l\u00e1 na frente, nossos (des) governantes vejam o estrago que fizeram por causa da busca da popularidade e da manuten\u00e7\u00e3o da ignor\u00e2ncia entre a popula\u00e7\u00e3o. Mas acho que nem assim&#8230; pois eles voam de FAB. De gra\u00e7a. E riem de n\u00f3s. N\u00e3o ser\u00e3o afetados. Eles investiram em estradas, e n\u00e3o em aeroportos e trens. Eles n\u00e3o sabem o que fazem. Eles assistem aos eventos na tribuna de&#8230; honra?<\/p>\n<p>H\u00e1 esperan\u00e7a? Sempre. Basta olhar para os in\u00fameros exemplos em nossa ind\u00fastria. H\u00e1 bons pol\u00edticos? Claro, mas n\u00e3o h\u00e1 continuidade e a roda, a cada nova \u201c(re) inven\u00e7\u00e3o\u201d sai mais quadrada, inadequada e milion\u00e1ria.<\/p>\n<p>Feliz 2014. N\u00f3s sabemos que vai dar certo (e que vai ser dif\u00edcil). Apesar deles&#8230;<\/p>\n","protected":false},"excerpt":{"rendered":"<p>Lendo artigos da \u00c9poca e da Veja, dos jornalistas Ruth de Aquino e J. R. Guzzo, ouvindo as pessoas nas ruas, os empres\u00e1rios de turismo, os turistas nos hot\u00e9is, os motoristas de t\u00e1xi&#8230; a conclus\u00e3o \u00e9 uma s\u00f3. Continuamos contando apenas com n\u00f3s mesmos, como empres\u00e1rios, executivos, funcion\u00e1rios, cidad\u00e3os, contribuintes, pensadores, cr\u00edticos ou mero observadores, [&hellip;]<\/p>\n","protected":false},"author":7,"featured_media":0,"comment_status":"open","ping_status":"open","sticky":false,"template":"","format":"standard","meta":{"spay_email":""},"categories":[2],"tags":[],"yoast_head":"<!-- This site is optimized with the Yoast SEO plugin v17.3 - https:\/\/yoast.com\/wordpress\/plugins\/seo\/ -->\n<title>APESAR DE VOC\u00ca -<\/title>\n<meta name=\"description\" content=\"APESAR DE VOC\u00ca. Confira essa Mat\u00e9ria no Canal Sem reserva. \u27a4 Projeto em parceria com a PANROTAS.\" \/>\n<meta name=\"robots\" content=\"index, follow, max-snippet:-1, max-image-preview:large, max-video-preview:-1\" \/>\n<link rel=\"canonical\" href=\"https:\/\/blog.panrotas.com.br\/semreserva\/apesar-de-voce\/05-01-2014\/\" \/>\n<meta property=\"og:locale\" content=\"pt_BR\" \/>\n<meta property=\"og:type\" content=\"article\" \/>\n<meta property=\"og:title\" content=\"APESAR DE VOC\u00ca -\" \/>\n<meta property=\"og:description\" content=\"APESAR DE VOC\u00ca. Confira essa Mat\u00e9ria no Canal Sem reserva. \u27a4 Projeto em parceria com a PANROTAS.\" \/>\n<meta property=\"og:url\" content=\"https:\/\/blog.panrotas.com.br\/semreserva\/apesar-de-voce\/05-01-2014\/\" \/>\n<meta property=\"og:site_name\" content=\"Sem reserva\" \/>\n<meta property=\"article:publisher\" content=\"https:\/\/www.facebook.com\/portalpanrotas\/\" \/>\n<meta property=\"article:published_time\" content=\"2014-01-06T00:20:43+00:00\" \/>\n<meta name=\"twitter:card\" content=\"summary_large_image\" \/>\n<meta name=\"twitter:creator\" content=\"@portalpanrotas\" \/>\n<meta name=\"twitter:site\" content=\"@portalpanrotas\" \/>\n<meta name=\"twitter:label1\" content=\"Escrito por\" \/>\n\t<meta name=\"twitter:data1\" content=\"Artur Andrade\" \/>\n\t<meta name=\"twitter:label2\" content=\"Est. tempo de leitura\" \/>\n\t<meta name=\"twitter:data2\" content=\"3 minutos\" \/>\n<script type=\"application\/ld+json\" class=\"yoast-schema-graph\">{\"@context\":\"https:\/\/schema.org\",\"@graph\":[{\"@type\":\"Organization\",\"@id\":\"http:\/\/blog.panrotas.com.br\/semreserva\/#organization\",\"name\":\"Sem Reserva - Blog no Portal PANROTAS\",\"url\":\"http:\/\/blog.panrotas.com.br\/semreserva\/\",\"sameAs\":[\"https:\/\/www.facebook.com\/portalpanrotas\/\",\"https:\/\/www.instagram.com\/portalpanrotas\/\",\"https:\/\/br.linkedin.com\/company\/panrotas\",\"https:\/\/www.youtube.com\/tvpanrotas\",\"https:\/\/twitter.com\/portalpanrotas\"],\"logo\":{\"@type\":\"ImageObject\",\"@id\":\"http:\/\/blog.panrotas.com.br\/semreserva\/#logo\",\"inLanguage\":\"pt-BR\",\"url\":\"https:\/\/blog.panrotas.com.br\/semreserva\/wp-content\/uploads\/sites\/5\/2020\/06\/logo.png\",\"contentUrl\":\"https:\/\/blog.panrotas.com.br\/semreserva\/wp-content\/uploads\/sites\/5\/2020\/06\/logo.png\",\"width\":259,\"height\":53,\"caption\":\"Sem Reserva - Blog no Portal PANROTAS\"},\"image\":{\"@id\":\"http:\/\/blog.panrotas.com.br\/semreserva\/#logo\"}},{\"@type\":\"WebSite\",\"@id\":\"http:\/\/blog.panrotas.com.br\/semreserva\/#website\",\"url\":\"http:\/\/blog.panrotas.com.br\/semreserva\/\",\"name\":\"Sem reserva\",\"description\":\"Blogosfera PANROTAS\",\"publisher\":{\"@id\":\"http:\/\/blog.panrotas.com.br\/semreserva\/#organization\"},\"potentialAction\":[{\"@type\":\"SearchAction\",\"target\":{\"@type\":\"EntryPoint\",\"urlTemplate\":\"http:\/\/blog.panrotas.com.br\/semreserva\/?s={search_term_string}\"},\"query-input\":\"required name=search_term_string\"}],\"inLanguage\":\"pt-BR\"},{\"@type\":\"WebPage\",\"@id\":\"https:\/\/blog.panrotas.com.br\/semreserva\/apesar-de-voce\/05-01-2014\/#webpage\",\"url\":\"https:\/\/blog.panrotas.com.br\/semreserva\/apesar-de-voce\/05-01-2014\/\",\"name\":\"APESAR DE VOC\\u00ca -\",\"isPartOf\":{\"@id\":\"http:\/\/blog.panrotas.com.br\/semreserva\/#website\"},\"datePublished\":\"2014-01-06T00:20:43+00:00\",\"dateModified\":\"2014-01-06T00:20:43+00:00\",\"description\":\"APESAR DE VOC\\u00ca. Confira essa Mat\\u00e9ria no Canal Sem reserva. \\u27a4 Projeto em parceria com a PANROTAS.\",\"breadcrumb\":{\"@id\":\"https:\/\/blog.panrotas.com.br\/semreserva\/apesar-de-voce\/05-01-2014\/#breadcrumb\"},\"inLanguage\":\"pt-BR\",\"potentialAction\":[{\"@type\":\"ReadAction\",\"target\":[\"https:\/\/blog.panrotas.com.br\/semreserva\/apesar-de-voce\/05-01-2014\/\"]}]},{\"@type\":\"BreadcrumbList\",\"@id\":\"https:\/\/blog.panrotas.com.br\/semreserva\/apesar-de-voce\/05-01-2014\/#breadcrumb\",\"itemListElement\":[{\"@type\":\"ListItem\",\"position\":1,\"name\":\"Home do Blog\",\"item\":\"http:\/\/blog.panrotas.com.br\/semreserva\/\"},{\"@type\":\"ListItem\",\"position\":2,\"name\":\"Dia a dia\",\"item\":\"https:\/\/blog.panrotas.com.br\/semreserva\/category\/dia-a-dia\/\"},{\"@type\":\"ListItem\",\"position\":3,\"name\":\"APESAR DE VOC\\u00ca\"}]},{\"@type\":\"Article\",\"@id\":\"https:\/\/blog.panrotas.com.br\/semreserva\/apesar-de-voce\/05-01-2014\/#article\",\"isPartOf\":{\"@id\":\"https:\/\/blog.panrotas.com.br\/semreserva\/apesar-de-voce\/05-01-2014\/#webpage\"},\"author\":{\"@id\":\"http:\/\/blog.panrotas.com.br\/semreserva\/#\/schema\/person\/c93b4555f6a497d2d83c25dcb80f61ed\"},\"headline\":\"APESAR DE VOC\\u00ca\",\"datePublished\":\"2014-01-06T00:20:43+00:00\",\"dateModified\":\"2014-01-06T00:20:43+00:00\",\"mainEntityOfPage\":{\"@id\":\"https:\/\/blog.panrotas.com.br\/semreserva\/apesar-de-voce\/05-01-2014\/#webpage\"},\"wordCount\":504,\"commentCount\":0,\"publisher\":{\"@id\":\"http:\/\/blog.panrotas.com.br\/semreserva\/#organization\"},\"articleSection\":[\"Dia a dia\"],\"inLanguage\":\"pt-BR\",\"potentialAction\":[{\"@type\":\"CommentAction\",\"name\":\"Comment\",\"target\":[\"https:\/\/blog.panrotas.com.br\/semreserva\/apesar-de-voce\/05-01-2014\/#respond\"]}]},{\"@type\":\"Person\",\"@id\":\"http:\/\/blog.panrotas.com.br\/semreserva\/#\/schema\/person\/c93b4555f6a497d2d83c25dcb80f61ed\",\"name\":\"Artur Andrade\",\"image\":{\"@type\":\"ImageObject\",\"@id\":\"http:\/\/blog.panrotas.com.br\/semreserva\/#personlogo\",\"inLanguage\":\"pt-BR\",\"url\":\"https:\/\/secure.gravatar.com\/avatar\/a94564d630220cefd5c82f3452ac1ef4?s=96&d=mm&r=g\",\"contentUrl\":\"https:\/\/secure.gravatar.com\/avatar\/a94564d630220cefd5c82f3452ac1ef4?s=96&d=mm&r=g\",\"caption\":\"Artur Andrade\"},\"description\":\"Artur Luiz Andrade \\u00e9 carioca, taurino, jornalista e nasceu em 1969. \\u00c9 editor-chefe da PANROTAS Editora e mora em S\\u00e3o Paulo desde 1998\",\"sameAs\":[\"http:\/\/www.panrotas.com.br\"]}]}<\/script>\n<!-- \/ Yoast SEO plugin. -->","yoast_head_json":{"title":"APESAR DE VOC\u00ca -","description":"APESAR DE VOC\u00ca. Confira essa Mat\u00e9ria no Canal Sem reserva. \u27a4 Projeto em parceria com a PANROTAS.","robots":{"index":"index","follow":"follow","max-snippet":"max-snippet:-1","max-image-preview":"max-image-preview:large","max-video-preview":"max-video-preview:-1"},"canonical":"https:\/\/blog.panrotas.com.br\/semreserva\/apesar-de-voce\/05-01-2014\/","og_locale":"pt_BR","og_type":"article","og_title":"APESAR DE VOC\u00ca -","og_description":"APESAR DE VOC\u00ca. Confira essa Mat\u00e9ria no Canal Sem reserva. \u27a4 Projeto em parceria com a PANROTAS.","og_url":"https:\/\/blog.panrotas.com.br\/semreserva\/apesar-de-voce\/05-01-2014\/","og_site_name":"Sem reserva","article_publisher":"https:\/\/www.facebook.com\/portalpanrotas\/","article_published_time":"2014-01-06T00:20:43+00:00","twitter_card":"summary_large_image","twitter_creator":"@portalpanrotas","twitter_site":"@portalpanrotas","twitter_misc":{"Escrito por":"Artur Andrade","Est. tempo de leitura":"3 minutos"},"schema":{"@context":"https:\/\/schema.org","@graph":[{"@type":"Organization","@id":"http:\/\/blog.panrotas.com.br\/semreserva\/#organization","name":"Sem Reserva - Blog no Portal PANROTAS","url":"http:\/\/blog.panrotas.com.br\/semreserva\/","sameAs":["https:\/\/www.facebook.com\/portalpanrotas\/","https:\/\/www.instagram.com\/portalpanrotas\/","https:\/\/br.linkedin.com\/company\/panrotas","https:\/\/www.youtube.com\/tvpanrotas","https:\/\/twitter.com\/portalpanrotas"],"logo":{"@type":"ImageObject","@id":"http:\/\/blog.panrotas.com.br\/semreserva\/#logo","inLanguage":"pt-BR","url":"https:\/\/blog.panrotas.com.br\/semreserva\/wp-content\/uploads\/sites\/5\/2020\/06\/logo.png","contentUrl":"https:\/\/blog.panrotas.com.br\/semreserva\/wp-content\/uploads\/sites\/5\/2020\/06\/logo.png","width":259,"height":53,"caption":"Sem Reserva - Blog no Portal PANROTAS"},"image":{"@id":"http:\/\/blog.panrotas.com.br\/semreserva\/#logo"}},{"@type":"WebSite","@id":"http:\/\/blog.panrotas.com.br\/semreserva\/#website","url":"http:\/\/blog.panrotas.com.br\/semreserva\/","name":"Sem reserva","description":"Blogosfera PANROTAS","publisher":{"@id":"http:\/\/blog.panrotas.com.br\/semreserva\/#organization"},"potentialAction":[{"@type":"SearchAction","target":{"@type":"EntryPoint","urlTemplate":"http:\/\/blog.panrotas.com.br\/semreserva\/?s={search_term_string}"},"query-input":"required name=search_term_string"}],"inLanguage":"pt-BR"},{"@type":"WebPage","@id":"https:\/\/blog.panrotas.com.br\/semreserva\/apesar-de-voce\/05-01-2014\/#webpage","url":"https:\/\/blog.panrotas.com.br\/semreserva\/apesar-de-voce\/05-01-2014\/","name":"APESAR DE VOC\u00ca -","isPartOf":{"@id":"http:\/\/blog.panrotas.com.br\/semreserva\/#website"},"datePublished":"2014-01-06T00:20:43+00:00","dateModified":"2014-01-06T00:20:43+00:00","description":"APESAR DE VOC\u00ca. Confira essa Mat\u00e9ria no Canal Sem reserva. \u27a4 Projeto em parceria com a PANROTAS.","breadcrumb":{"@id":"https:\/\/blog.panrotas.com.br\/semreserva\/apesar-de-voce\/05-01-2014\/#breadcrumb"},"inLanguage":"pt-BR","potentialAction":[{"@type":"ReadAction","target":["https:\/\/blog.panrotas.com.br\/semreserva\/apesar-de-voce\/05-01-2014\/"]}]},{"@type":"BreadcrumbList","@id":"https:\/\/blog.panrotas.com.br\/semreserva\/apesar-de-voce\/05-01-2014\/#breadcrumb","itemListElement":[{"@type":"ListItem","position":1,"name":"Home do Blog","item":"http:\/\/blog.panrotas.com.br\/semreserva\/"},{"@type":"ListItem","position":2,"name":"Dia a dia","item":"https:\/\/blog.panrotas.com.br\/semreserva\/category\/dia-a-dia\/"},{"@type":"ListItem","position":3,"name":"APESAR DE VOC\u00ca"}]},{"@type":"Article","@id":"https:\/\/blog.panrotas.com.br\/semreserva\/apesar-de-voce\/05-01-2014\/#article","isPartOf":{"@id":"https:\/\/blog.panrotas.com.br\/semreserva\/apesar-de-voce\/05-01-2014\/#webpage"},"author":{"@id":"http:\/\/blog.panrotas.com.br\/semreserva\/#\/schema\/person\/c93b4555f6a497d2d83c25dcb80f61ed"},"headline":"APESAR DE VOC\u00ca","datePublished":"2014-01-06T00:20:43+00:00","dateModified":"2014-01-06T00:20:43+00:00","mainEntityOfPage":{"@id":"https:\/\/blog.panrotas.com.br\/semreserva\/apesar-de-voce\/05-01-2014\/#webpage"},"wordCount":504,"commentCount":0,"publisher":{"@id":"http:\/\/blog.panrotas.com.br\/semreserva\/#organization"},"articleSection":["Dia a dia"],"inLanguage":"pt-BR","potentialAction":[{"@type":"CommentAction","name":"Comment","target":["https:\/\/blog.panrotas.com.br\/semreserva\/apesar-de-voce\/05-01-2014\/#respond"]}]},{"@type":"Person","@id":"http:\/\/blog.panrotas.com.br\/semreserva\/#\/schema\/person\/c93b4555f6a497d2d83c25dcb80f61ed","name":"Artur Andrade","image":{"@type":"ImageObject","@id":"http:\/\/blog.panrotas.com.br\/semreserva\/#personlogo","inLanguage":"pt-BR","url":"https:\/\/secure.gravatar.com\/avatar\/a94564d630220cefd5c82f3452ac1ef4?s=96&d=mm&r=g","contentUrl":"https:\/\/secure.gravatar.com\/avatar\/a94564d630220cefd5c82f3452ac1ef4?s=96&d=mm&r=g","caption":"Artur Andrade"},"description":"Artur Luiz Andrade \u00e9 carioca, taurino, jornalista e nasceu em 1969. \u00c9 editor-chefe da PANROTAS Editora e mora em S\u00e3o Paulo desde 1998","sameAs":["http:\/\/www.panrotas.com.br"]}]}},"jetpack_featured_media_url":"","jetpack_shortlink":"https:\/\/wp.me\/p7idIU-Zn","_links":{"self":[{"href":"https:\/\/blog.panrotas.com.br\/semreserva\/wp-json\/wp\/v2\/posts\/3805"}],"collection":[{"href":"https:\/\/blog.panrotas.com.br\/semreserva\/wp-json\/wp\/v2\/posts"}],"about":[{"href":"https:\/\/blog.panrotas.com.br\/semreserva\/wp-json\/wp\/v2\/types\/post"}],"author":[{"embeddable":true,"href":"https:\/\/blog.panrotas.com.br\/semreserva\/wp-json\/wp\/v2\/users\/7"}],"replies":[{"embeddable":true,"href":"https:\/\/blog.panrotas.com.br\/semreserva\/wp-json\/wp\/v2\/comments?post=3805"}],"version-history":[{"count":0,"href":"https:\/\/blog.panrotas.com.br\/semreserva\/wp-json\/wp\/v2\/posts\/3805\/revisions"}],"wp:attachment":[{"href":"https:\/\/blog.panrotas.com.br\/semreserva\/wp-json\/wp\/v2\/media?parent=3805"}],"wp:term":[{"taxonomy":"category","embeddable":true,"href":"https:\/\/blog.panrotas.com.br\/semreserva\/wp-json\/wp\/v2\/categories?post=3805"},{"taxonomy":"post_tag","embeddable":true,"href":"https:\/\/blog.panrotas.com.br\/semreserva\/wp-json\/wp\/v2\/tags?post=3805"}],"curies":[{"name":"wp","href":"https:\/\/api.w.org\/{rel}","templated":true}]}}