{"id":3810,"date":"2014-01-10T00:44:26","date_gmt":"2014-01-10T03:44:26","guid":{"rendered":"http:\/\/blog.panrotas.com.br\/semreserva\/?p=3810"},"modified":"2014-01-10T00:44:26","modified_gmt":"2014-01-10T03:44:26","slug":"reciclando-text-me-touch-me","status":"publish","type":"post","link":"https:\/\/blog.panrotas.com.br\/semreserva\/reciclando-text-me-touch-me\/10-01-2014\/","title":{"rendered":"RECICLANDO &#8211; TEXT ME &#8211; TOUCH ME"},"content":{"rendered":"<p>Outro dia me peguei lendo um texto meu, fui fazendo umas altera\u00e7\u00f5es, fui cortando aqui, mudando uma v\u00edrgula ali&#8230; E de repente me dei conta que j\u00e1 tinha publicado aquele texto aqui mesmo, h\u00e1 um ano mais ou menos&#8230; Fala sobre envelhecer, mundos diferentes, novas prioridades&#8230; Resolvi recicl\u00e1-lo. E mostrar a nova vers\u00e3o. prova de que mudamos, mas nem tanto assim. E que prioridades mudam&#8230; mas \u00e0s vezes algumas voltam sim.<\/p>\n<p>Espero que apreciem a releitura. Algo in\u00e9dito ou falta de criatividade? Tudo isso e algo mais.<\/p>\n<p>&#8220;<strong>ENVELHE\u00c7O NA CIDADE<\/strong><\/p>\n<p>Sei que estou um pouco ou um tanto mais velho quando vejo minhas prioridades mudarem. Coisas que me irritavam tanto, ou que eu queria tanto tanto&#8230; hoje me s\u00e3o indiferentes. A gente vai aprendendo ou ficando mais velho? Ficar mais velho \u00e9 esquecer superficialidades ou abusar delas? N\u00e3o sei. Mas as prioridades mudam sim. Ser\u00e1 que algumas voltam?<\/p>\n<p>Uma vantagem que tenho \u00e9 que nada (NADA) me assusta. Ou me choca. Quer dizer, a viol\u00eancia sim. Essa eternamente vai me&#8230; violentar. Falo da viol\u00eancia f\u00edsica, covarde&#8230; Pois com olhares, pensamentos e&#8230; palavras, at\u00e9 eu sou \u201cviolento\u201d quando ati\u00e7ado. Nada me surpreende, mas tudo pode me deixar mais triste. Faz sentido?<\/p>\n<p>Continuo n\u00e3o tolerando malandragem, aqueles que tentam dar voltas, que se camuflam, que se perfumam e, ao final, s\u00e3o descobertos, pois fedem.<\/p>\n<p>Sei que estou um pouco mais velho quando s\u00f3 observo os mais jovens. Continuam inocentes, continuam eternos, continuam \u00e1vidos por independ\u00eancia e nos olham de forma estranha (voc\u00ea \u00e9 um ET?). E posso optar por me juntar ou n\u00e3o a eles. N\u00e3o entendo a m\u00fasica deles, mas com algumas at\u00e9 dan\u00e7o. E o cabelo? Fico achando que o meu o boi lambeu. Tento falar igual, mas eles n\u00e3o falam&#8230; eles mandam sinais (uma volta no tempo). <em>Please, text me. Text me. Text me<\/em>. Na minha \u00e9poca era&#8230; <em>touch me<\/em>. Pelo menos.<\/p>\n<p>T\u00f4 ficando velho. Ou cansado? Ou intolerante? Acho que n\u00e3o&#8230; \u00c9 uma quest\u00e3o de prioridades, cen\u00e1rios&#8230; Olhares&#8230;<\/p>\n<p>E s\u00e3o fatores externos que nos dizem:\u00a0 voc\u00ea est\u00e1 velho. Pois aqui dentro, salvo exce\u00e7\u00f5es, continuamos jovens. Ou achando que somos. Mesmo j\u00e1 sabendo que n\u00e3o t\u00e3o eternos. Ou nada eternos \u2014 no sentido f\u00edsico mesmo. Touch me.<\/p>\n<p>\u00c9\u00a0 a barriga que nos lembra da nossa \u201cvelhice\u201d ou do tempo avan\u00e7ando (adianta malhar? Ficarei mais jovem? Talvez mais saud\u00e1vel). E ainda a internet, os \u00eddolos cheios de botox e pl\u00e1sticas (e os poucos ainda com rugas),\u00a0 os recordes de ida a um mesmo evento, a opini\u00e3o com a qual ningu\u00e9m mais concorda (\u201cmas \u00e9 um filme t\u00e3o bom\u201d, pensamos, sabendo que a ind\u00fastria hoje \u00e9 feita para os teens e que esse filme t\u00e3o bom , \u201cde arte\u201d, \u00e9 coisa de \u201cvelho\u201d), os cabelos ralos&#8230;<\/p>\n<p>Mas o mundo tamb\u00e9m \u00e9 meu. E a setoriza\u00e7\u00e3o (por gera\u00e7\u00f5es, por classes sociais, por torcedores do mesmo time, por carn\u00edvoros e vegetarianos, por op\u00e7\u00e3o sexual, por sorteio&#8230;) ajuda a nos sentirmos ainda em nosso mundo. Algum mundo.<\/p>\n<p>Lembra da tia que sempre pediu para voc\u00ea ajustar o v\u00eddeo-cassete dela? Hoje em dia, \u00e9 s\u00f3 pedir para um garoto te ensinar o caminho no mundo virtual e depois nem precisamos mais dele. \u00c9 s\u00f3 navegar. E no pr\u00f3ximo lan\u00e7amento, idem&#8230; O importante \u00e9 n\u00e3o ter de aderir a tudo para se sentir jovem e parte de um todo que n\u00e3o existe mais. Hoje o mundo \u00e9 feito de v\u00e1rios todos. V\u00e1rios mundinhos que se conectam, se veem, se rejeitam, se esbarram, se apreciam, se namoram, se separam&#8230; e que formam o todo. Mas eu quero o meu mundinho ainda.<\/p>\n<p>Saudosismo n\u00e3o tenho. Nunca tive, Mas h\u00e1 uma tend\u00eancia \u201cfdp\u201d de vermos os tempos passados sem seus defeitos&#8230; A inf\u00e2ncia, ent\u00e3o, vira um para\u00edso. A n\u00e3o ser que haja um trauma envolvido, os problemas de hoje s\u00e3o muito maiores que os de ontem, que foram at\u00e9 piores, mas nem lembramos direito. Passamos por eles. Envelhecemos. E eles tamb\u00e9m. Mem\u00f3ria seletiva sem vergonha&#8230; Ou salvadora?<\/p>\n<p>Quando temos 18 pensamos: ser\u00e1 que vamos conseguir sustentar uma fam\u00edlia? Quando vemos&#8230; os netos nos trazem presente no Natal. E h\u00e1 os velhos que nem visita recebem&#8230; mas isso \u00e9 outra hist\u00f3ria. Vi o filme da Meryl Streep e da Julia Roberts (\u00c1lbum de Fam\u00edlia) pensei nisso. \u201cDediquei minha vida para criar voc\u00eas&#8230; e agora estou aqui, sozinha, doente e rancorosa\u201d. Um filme para est\u00f4magos fortes. E eu sa\u00ed me achando o normal. Mesmo sendo hoje t\u00e3o&#8230; distante.<\/p>\n<p>H\u00e1 quem n\u00e3o goste da palavra \u201cvelho\u201d, mas h\u00e1 \u201cvelho\u201d e \u201cvelho\u201d. Uma pessoa com mais idade \u00e9 mais velha. Nem vou entrar no m\u00e9rito dos livros de auto-ajuda (que chamo de n\u00e3o ajuda ou me engana que eu gosto), com aquela hist\u00f3ria de que idade a que se sente ou que a mente bl\u00e1 bl\u00e1 bl\u00e1.<\/p>\n<p>O mundo se encarrega de mostrar que est\u00e1 diferente e que n\u00f3s envelhecemos. \u00c9 natural. Alguns se adaptam melhor ou pior ao \u201cnovo mundo\u201d e a tecnologia e a medicina, mais que nunca, mostram que h\u00e1 \u201cmundo\u201d ou \u201cmundos\u201d para todos. Fique no seu. Isso \u00e9 importante. Mas nunca se esque\u00e7a do \u201ctouch me\u201d. Mesmo que de vez em quando voc\u00ea \u201ctext me\u201d<\/p>\n<p>Idade na maioria das vezes n\u00e3o importa. Mas \u00e9 sempre bom t\u00ea-la em mente. E depois decidir o que fazer. Escolher. Eu tenho escolhido mudar prioridades. N\u00e3o conceitos e aquilo que admiro (seriedade, qualidade no que se faz, senso de justi\u00e7a, paix\u00e3o), mas nas medidas movidas pela ira, por exemplo. Dif\u00edcil estar h\u00e1 20 e tantos anos em uma empresa, por exemplo, e continuar gostando do que se faz. Eu me adapto bem \u00e0 rotina, mas sou movido a rea\u00e7\u00f5es. Se n\u00e3o reagem, eu mudo. Viro a p\u00e1gina, sigo em frente. Acompanho o ibope&#8230;<\/p>\n<p>Um dos motivos \u00e9 fazer coisas diferentes, saber envelhecer. Sempre arriscar. \u00a0Dividir tamb\u00e9m, claro. Fazer o que nunca foi feito, pois o mundo \u00e9 outro&#8230; E quando chegam as reclama\u00e7\u00f5es (que n\u00e3o envelhecem), atenda&#8230; A maioria se contenta com muito pouco. E no meu trabalho, quem decide \u00e9 audi\u00eancia, quem julga s\u00e3o os outros.<\/p>\n<p>Eu observo. Algo que nunca mudou. Um voyeurismo de atitudes, vaidades, jogadas, cartadas e tamb\u00e9m da rotina fascinante do ser humano. E de sua beleza.<\/p>\n<p>T\u00f4 ficando velho. Mas de olho em todas as gera\u00e7\u00f5es. Mente aberta. Corpo tentando acompanhar \u2013 mas como doem as articula\u00e7\u00f5es&#8230; Pensamentos que flutuam dentro de mim. E que uma hora se materializam. J\u00e1 velhos, por\u00e9m&#8230; Tempos modernos. Velhos tempos.<\/p>\n<p>Ah sim, cada um envelhece de forma diferente. E isso torna tudo mais dif\u00edcil, fascinante e&#8230; misterioso, \u00fanico. N\u00e3o queira saber tudo, n\u00e3o ir\u00e1 conseguir. Muito menos dividir o mesmo mundo. No m\u00e1ximo longas interse\u00e7\u00f5es.<\/p>\n<p>E assim vamos&#8230; envelhecendo na cidade. Querendo uma casa no campo. Enviando mensagens. Lembrando-se do antigamente, mesmo que de ontem \u00e1 tarde. E sem nunca se esquecer do&#8230; <em>touch me<\/em>.<\/p>\n","protected":false},"excerpt":{"rendered":"<p>Outro dia me peguei lendo um texto meu, fui fazendo umas altera\u00e7\u00f5es, fui cortando aqui, mudando uma v\u00edrgula ali&#8230; E de repente me dei conta que j\u00e1 tinha publicado aquele texto aqui mesmo, h\u00e1 um ano mais ou menos&#8230; Fala sobre envelhecer, mundos diferentes, novas prioridades&#8230; Resolvi recicl\u00e1-lo. E mostrar a nova vers\u00e3o. prova de [&hellip;]<\/p>\n","protected":false},"author":7,"featured_media":0,"comment_status":"open","ping_status":"open","sticky":false,"template":"","format":"standard","meta":{"spay_email":""},"categories":[2],"tags":[],"yoast_head":"<!-- This site is optimized with the Yoast SEO plugin v17.3 - https:\/\/yoast.com\/wordpress\/plugins\/seo\/ -->\n<title>RECICLANDO - TEXT ME - TOUCH ME -<\/title>\n<meta name=\"description\" content=\"RECICLANDO - TEXT ME - TOUCH ME. Confira essa Mat\u00e9ria no Canal Sem reserva. \u27a4 Projeto em parceria com a PANROTAS.\" \/>\n<meta name=\"robots\" content=\"index, follow, max-snippet:-1, max-image-preview:large, max-video-preview:-1\" \/>\n<link rel=\"canonical\" href=\"https:\/\/blog.panrotas.com.br\/semreserva\/reciclando-text-me-touch-me\/10-01-2014\/\" \/>\n<meta property=\"og:locale\" content=\"pt_BR\" \/>\n<meta property=\"og:type\" content=\"article\" \/>\n<meta property=\"og:title\" content=\"RECICLANDO - TEXT ME - TOUCH ME -\" \/>\n<meta property=\"og:description\" content=\"RECICLANDO - TEXT ME - TOUCH ME. Confira essa Mat\u00e9ria no Canal Sem reserva. \u27a4 Projeto em parceria com a PANROTAS.\" \/>\n<meta property=\"og:url\" content=\"https:\/\/blog.panrotas.com.br\/semreserva\/reciclando-text-me-touch-me\/10-01-2014\/\" \/>\n<meta property=\"og:site_name\" content=\"Sem reserva\" \/>\n<meta property=\"article:publisher\" content=\"https:\/\/www.facebook.com\/portalpanrotas\/\" \/>\n<meta property=\"article:published_time\" content=\"2014-01-10T03:44:26+00:00\" \/>\n<meta name=\"twitter:card\" content=\"summary_large_image\" \/>\n<meta name=\"twitter:creator\" content=\"@portalpanrotas\" \/>\n<meta name=\"twitter:site\" content=\"@portalpanrotas\" \/>\n<meta name=\"twitter:label1\" content=\"Escrito por\" \/>\n\t<meta name=\"twitter:data1\" content=\"Artur Andrade\" \/>\n\t<meta name=\"twitter:label2\" content=\"Est. tempo de leitura\" \/>\n\t<meta name=\"twitter:data2\" content=\"6 minutos\" \/>\n<script type=\"application\/ld+json\" class=\"yoast-schema-graph\">{\"@context\":\"https:\/\/schema.org\",\"@graph\":[{\"@type\":\"Organization\",\"@id\":\"http:\/\/blog.panrotas.com.br\/semreserva\/#organization\",\"name\":\"Sem Reserva - Blog no Portal PANROTAS\",\"url\":\"http:\/\/blog.panrotas.com.br\/semreserva\/\",\"sameAs\":[\"https:\/\/www.facebook.com\/portalpanrotas\/\",\"https:\/\/www.instagram.com\/portalpanrotas\/\",\"https:\/\/br.linkedin.com\/company\/panrotas\",\"https:\/\/www.youtube.com\/tvpanrotas\",\"https:\/\/twitter.com\/portalpanrotas\"],\"logo\":{\"@type\":\"ImageObject\",\"@id\":\"http:\/\/blog.panrotas.com.br\/semreserva\/#logo\",\"inLanguage\":\"pt-BR\",\"url\":\"https:\/\/blog.panrotas.com.br\/semreserva\/wp-content\/uploads\/sites\/5\/2020\/06\/logo.png\",\"contentUrl\":\"https:\/\/blog.panrotas.com.br\/semreserva\/wp-content\/uploads\/sites\/5\/2020\/06\/logo.png\",\"width\":259,\"height\":53,\"caption\":\"Sem Reserva - Blog no Portal PANROTAS\"},\"image\":{\"@id\":\"http:\/\/blog.panrotas.com.br\/semreserva\/#logo\"}},{\"@type\":\"WebSite\",\"@id\":\"http:\/\/blog.panrotas.com.br\/semreserva\/#website\",\"url\":\"http:\/\/blog.panrotas.com.br\/semreserva\/\",\"name\":\"Sem reserva\",\"description\":\"Blogosfera PANROTAS\",\"publisher\":{\"@id\":\"http:\/\/blog.panrotas.com.br\/semreserva\/#organization\"},\"potentialAction\":[{\"@type\":\"SearchAction\",\"target\":{\"@type\":\"EntryPoint\",\"urlTemplate\":\"http:\/\/blog.panrotas.com.br\/semreserva\/?s={search_term_string}\"},\"query-input\":\"required name=search_term_string\"}],\"inLanguage\":\"pt-BR\"},{\"@type\":\"WebPage\",\"@id\":\"https:\/\/blog.panrotas.com.br\/semreserva\/reciclando-text-me-touch-me\/10-01-2014\/#webpage\",\"url\":\"https:\/\/blog.panrotas.com.br\/semreserva\/reciclando-text-me-touch-me\/10-01-2014\/\",\"name\":\"RECICLANDO - TEXT ME - TOUCH ME -\",\"isPartOf\":{\"@id\":\"http:\/\/blog.panrotas.com.br\/semreserva\/#website\"},\"datePublished\":\"2014-01-10T03:44:26+00:00\",\"dateModified\":\"2014-01-10T03:44:26+00:00\",\"description\":\"RECICLANDO - TEXT ME - TOUCH ME. Confira essa Mat\\u00e9ria no Canal Sem reserva. \\u27a4 Projeto em parceria com a PANROTAS.\",\"breadcrumb\":{\"@id\":\"https:\/\/blog.panrotas.com.br\/semreserva\/reciclando-text-me-touch-me\/10-01-2014\/#breadcrumb\"},\"inLanguage\":\"pt-BR\",\"potentialAction\":[{\"@type\":\"ReadAction\",\"target\":[\"https:\/\/blog.panrotas.com.br\/semreserva\/reciclando-text-me-touch-me\/10-01-2014\/\"]}]},{\"@type\":\"BreadcrumbList\",\"@id\":\"https:\/\/blog.panrotas.com.br\/semreserva\/reciclando-text-me-touch-me\/10-01-2014\/#breadcrumb\",\"itemListElement\":[{\"@type\":\"ListItem\",\"position\":1,\"name\":\"Home do Blog\",\"item\":\"http:\/\/blog.panrotas.com.br\/semreserva\/\"},{\"@type\":\"ListItem\",\"position\":2,\"name\":\"Dia a dia\",\"item\":\"https:\/\/blog.panrotas.com.br\/semreserva\/category\/dia-a-dia\/\"},{\"@type\":\"ListItem\",\"position\":3,\"name\":\"RECICLANDO &#8211; TEXT ME &#8211; TOUCH ME\"}]},{\"@type\":\"Article\",\"@id\":\"https:\/\/blog.panrotas.com.br\/semreserva\/reciclando-text-me-touch-me\/10-01-2014\/#article\",\"isPartOf\":{\"@id\":\"https:\/\/blog.panrotas.com.br\/semreserva\/reciclando-text-me-touch-me\/10-01-2014\/#webpage\"},\"author\":{\"@id\":\"http:\/\/blog.panrotas.com.br\/semreserva\/#\/schema\/person\/c93b4555f6a497d2d83c25dcb80f61ed\"},\"headline\":\"RECICLANDO &#8211; TEXT ME &#8211; TOUCH ME\",\"datePublished\":\"2014-01-10T03:44:26+00:00\",\"dateModified\":\"2014-01-10T03:44:26+00:00\",\"mainEntityOfPage\":{\"@id\":\"https:\/\/blog.panrotas.com.br\/semreserva\/reciclando-text-me-touch-me\/10-01-2014\/#webpage\"},\"wordCount\":1206,\"commentCount\":0,\"publisher\":{\"@id\":\"http:\/\/blog.panrotas.com.br\/semreserva\/#organization\"},\"articleSection\":[\"Dia a dia\"],\"inLanguage\":\"pt-BR\",\"potentialAction\":[{\"@type\":\"CommentAction\",\"name\":\"Comment\",\"target\":[\"https:\/\/blog.panrotas.com.br\/semreserva\/reciclando-text-me-touch-me\/10-01-2014\/#respond\"]}]},{\"@type\":\"Person\",\"@id\":\"http:\/\/blog.panrotas.com.br\/semreserva\/#\/schema\/person\/c93b4555f6a497d2d83c25dcb80f61ed\",\"name\":\"Artur Andrade\",\"image\":{\"@type\":\"ImageObject\",\"@id\":\"http:\/\/blog.panrotas.com.br\/semreserva\/#personlogo\",\"inLanguage\":\"pt-BR\",\"url\":\"https:\/\/secure.gravatar.com\/avatar\/a94564d630220cefd5c82f3452ac1ef4?s=96&d=mm&r=g\",\"contentUrl\":\"https:\/\/secure.gravatar.com\/avatar\/a94564d630220cefd5c82f3452ac1ef4?s=96&d=mm&r=g\",\"caption\":\"Artur Andrade\"},\"description\":\"Artur Luiz Andrade \\u00e9 carioca, taurino, jornalista e nasceu em 1969. \\u00c9 editor-chefe da PANROTAS Editora e mora em S\\u00e3o Paulo desde 1998\",\"sameAs\":[\"http:\/\/www.panrotas.com.br\"]}]}<\/script>\n<!-- \/ Yoast SEO plugin. -->","yoast_head_json":{"title":"RECICLANDO - TEXT ME - TOUCH ME -","description":"RECICLANDO - TEXT ME - TOUCH ME. Confira essa Mat\u00e9ria no Canal Sem reserva. \u27a4 Projeto em parceria com a PANROTAS.","robots":{"index":"index","follow":"follow","max-snippet":"max-snippet:-1","max-image-preview":"max-image-preview:large","max-video-preview":"max-video-preview:-1"},"canonical":"https:\/\/blog.panrotas.com.br\/semreserva\/reciclando-text-me-touch-me\/10-01-2014\/","og_locale":"pt_BR","og_type":"article","og_title":"RECICLANDO - TEXT ME - TOUCH ME -","og_description":"RECICLANDO - TEXT ME - TOUCH ME. Confira essa Mat\u00e9ria no Canal Sem reserva. \u27a4 Projeto em parceria com a PANROTAS.","og_url":"https:\/\/blog.panrotas.com.br\/semreserva\/reciclando-text-me-touch-me\/10-01-2014\/","og_site_name":"Sem reserva","article_publisher":"https:\/\/www.facebook.com\/portalpanrotas\/","article_published_time":"2014-01-10T03:44:26+00:00","twitter_card":"summary_large_image","twitter_creator":"@portalpanrotas","twitter_site":"@portalpanrotas","twitter_misc":{"Escrito por":"Artur Andrade","Est. tempo de leitura":"6 minutos"},"schema":{"@context":"https:\/\/schema.org","@graph":[{"@type":"Organization","@id":"http:\/\/blog.panrotas.com.br\/semreserva\/#organization","name":"Sem Reserva - Blog no Portal PANROTAS","url":"http:\/\/blog.panrotas.com.br\/semreserva\/","sameAs":["https:\/\/www.facebook.com\/portalpanrotas\/","https:\/\/www.instagram.com\/portalpanrotas\/","https:\/\/br.linkedin.com\/company\/panrotas","https:\/\/www.youtube.com\/tvpanrotas","https:\/\/twitter.com\/portalpanrotas"],"logo":{"@type":"ImageObject","@id":"http:\/\/blog.panrotas.com.br\/semreserva\/#logo","inLanguage":"pt-BR","url":"https:\/\/blog.panrotas.com.br\/semreserva\/wp-content\/uploads\/sites\/5\/2020\/06\/logo.png","contentUrl":"https:\/\/blog.panrotas.com.br\/semreserva\/wp-content\/uploads\/sites\/5\/2020\/06\/logo.png","width":259,"height":53,"caption":"Sem Reserva - Blog no Portal PANROTAS"},"image":{"@id":"http:\/\/blog.panrotas.com.br\/semreserva\/#logo"}},{"@type":"WebSite","@id":"http:\/\/blog.panrotas.com.br\/semreserva\/#website","url":"http:\/\/blog.panrotas.com.br\/semreserva\/","name":"Sem reserva","description":"Blogosfera PANROTAS","publisher":{"@id":"http:\/\/blog.panrotas.com.br\/semreserva\/#organization"},"potentialAction":[{"@type":"SearchAction","target":{"@type":"EntryPoint","urlTemplate":"http:\/\/blog.panrotas.com.br\/semreserva\/?s={search_term_string}"},"query-input":"required name=search_term_string"}],"inLanguage":"pt-BR"},{"@type":"WebPage","@id":"https:\/\/blog.panrotas.com.br\/semreserva\/reciclando-text-me-touch-me\/10-01-2014\/#webpage","url":"https:\/\/blog.panrotas.com.br\/semreserva\/reciclando-text-me-touch-me\/10-01-2014\/","name":"RECICLANDO - TEXT ME - TOUCH ME -","isPartOf":{"@id":"http:\/\/blog.panrotas.com.br\/semreserva\/#website"},"datePublished":"2014-01-10T03:44:26+00:00","dateModified":"2014-01-10T03:44:26+00:00","description":"RECICLANDO - TEXT ME - TOUCH ME. Confira essa Mat\u00e9ria no Canal Sem reserva. \u27a4 Projeto em parceria com a PANROTAS.","breadcrumb":{"@id":"https:\/\/blog.panrotas.com.br\/semreserva\/reciclando-text-me-touch-me\/10-01-2014\/#breadcrumb"},"inLanguage":"pt-BR","potentialAction":[{"@type":"ReadAction","target":["https:\/\/blog.panrotas.com.br\/semreserva\/reciclando-text-me-touch-me\/10-01-2014\/"]}]},{"@type":"BreadcrumbList","@id":"https:\/\/blog.panrotas.com.br\/semreserva\/reciclando-text-me-touch-me\/10-01-2014\/#breadcrumb","itemListElement":[{"@type":"ListItem","position":1,"name":"Home do Blog","item":"http:\/\/blog.panrotas.com.br\/semreserva\/"},{"@type":"ListItem","position":2,"name":"Dia a dia","item":"https:\/\/blog.panrotas.com.br\/semreserva\/category\/dia-a-dia\/"},{"@type":"ListItem","position":3,"name":"RECICLANDO &#8211; TEXT ME &#8211; TOUCH ME"}]},{"@type":"Article","@id":"https:\/\/blog.panrotas.com.br\/semreserva\/reciclando-text-me-touch-me\/10-01-2014\/#article","isPartOf":{"@id":"https:\/\/blog.panrotas.com.br\/semreserva\/reciclando-text-me-touch-me\/10-01-2014\/#webpage"},"author":{"@id":"http:\/\/blog.panrotas.com.br\/semreserva\/#\/schema\/person\/c93b4555f6a497d2d83c25dcb80f61ed"},"headline":"RECICLANDO &#8211; TEXT ME &#8211; TOUCH ME","datePublished":"2014-01-10T03:44:26+00:00","dateModified":"2014-01-10T03:44:26+00:00","mainEntityOfPage":{"@id":"https:\/\/blog.panrotas.com.br\/semreserva\/reciclando-text-me-touch-me\/10-01-2014\/#webpage"},"wordCount":1206,"commentCount":0,"publisher":{"@id":"http:\/\/blog.panrotas.com.br\/semreserva\/#organization"},"articleSection":["Dia a dia"],"inLanguage":"pt-BR","potentialAction":[{"@type":"CommentAction","name":"Comment","target":["https:\/\/blog.panrotas.com.br\/semreserva\/reciclando-text-me-touch-me\/10-01-2014\/#respond"]}]},{"@type":"Person","@id":"http:\/\/blog.panrotas.com.br\/semreserva\/#\/schema\/person\/c93b4555f6a497d2d83c25dcb80f61ed","name":"Artur Andrade","image":{"@type":"ImageObject","@id":"http:\/\/blog.panrotas.com.br\/semreserva\/#personlogo","inLanguage":"pt-BR","url":"https:\/\/secure.gravatar.com\/avatar\/a94564d630220cefd5c82f3452ac1ef4?s=96&d=mm&r=g","contentUrl":"https:\/\/secure.gravatar.com\/avatar\/a94564d630220cefd5c82f3452ac1ef4?s=96&d=mm&r=g","caption":"Artur Andrade"},"description":"Artur Luiz Andrade \u00e9 carioca, taurino, jornalista e nasceu em 1969. \u00c9 editor-chefe da PANROTAS Editora e mora em S\u00e3o Paulo desde 1998","sameAs":["http:\/\/www.panrotas.com.br"]}]}},"jetpack_featured_media_url":"","jetpack_shortlink":"https:\/\/wp.me\/p7idIU-Zs","_links":{"self":[{"href":"https:\/\/blog.panrotas.com.br\/semreserva\/wp-json\/wp\/v2\/posts\/3810"}],"collection":[{"href":"https:\/\/blog.panrotas.com.br\/semreserva\/wp-json\/wp\/v2\/posts"}],"about":[{"href":"https:\/\/blog.panrotas.com.br\/semreserva\/wp-json\/wp\/v2\/types\/post"}],"author":[{"embeddable":true,"href":"https:\/\/blog.panrotas.com.br\/semreserva\/wp-json\/wp\/v2\/users\/7"}],"replies":[{"embeddable":true,"href":"https:\/\/blog.panrotas.com.br\/semreserva\/wp-json\/wp\/v2\/comments?post=3810"}],"version-history":[{"count":0,"href":"https:\/\/blog.panrotas.com.br\/semreserva\/wp-json\/wp\/v2\/posts\/3810\/revisions"}],"wp:attachment":[{"href":"https:\/\/blog.panrotas.com.br\/semreserva\/wp-json\/wp\/v2\/media?parent=3810"}],"wp:term":[{"taxonomy":"category","embeddable":true,"href":"https:\/\/blog.panrotas.com.br\/semreserva\/wp-json\/wp\/v2\/categories?post=3810"},{"taxonomy":"post_tag","embeddable":true,"href":"https:\/\/blog.panrotas.com.br\/semreserva\/wp-json\/wp\/v2\/tags?post=3810"}],"curies":[{"name":"wp","href":"https:\/\/api.w.org\/{rel}","templated":true}]}}