{"id":3821,"date":"2014-01-16T20:15:20","date_gmt":"2014-01-16T23:15:20","guid":{"rendered":"http:\/\/blog.panrotas.com.br\/semreserva\/?p=3821"},"modified":"2014-01-16T20:15:20","modified_gmt":"2014-01-16T23:15:20","slug":"da-serie-manda-quem-pode-obedece-quem-desconhece","status":"publish","type":"post","link":"https:\/\/blog.panrotas.com.br\/semreserva\/da-serie-manda-quem-pode-obedece-quem-desconhece\/16-01-2014\/","title":{"rendered":"DA S\u00c9RIE MANDA QUEM PODE&#8230; OBEDECE QUEM DESCONHECE"},"content":{"rendered":"<p>Durante o an\u00fancio da malha a\u00e9rea para a Copa do Mundo, o diretor-presidente da Anac, Marcelo Guaranys foi questionado sobre a possibilidade de o governo autorizar as empresas estrangeiras a operar voos internos no Pa\u00eds. Depois de um leve sorriso, Guaranys n\u00e3o quis comentar sua posi\u00e7\u00e3o sobre o assunto. Disse apenas que se o governo decidir, a ag\u00eancia estar\u00e1 preparada para analisar as condi\u00e7\u00f5es de opera\u00e7\u00e3o e exigir que as normas nacionais sejam seguidas.<\/p>\n<p>Em entrevista para a Folha de S. Paulo, no dia 5 de janeiro, a ministra Gleisi Hoffmann (Casa Civil) disse que o governo pode autorizar as empresas a\u00e9reas estrangeiras a operar voos internos no Pa\u00eds, em rea\u00e7\u00e3o a eventuais aumentos abusivos de pre\u00e7os das passagens na Copa do Mundo. &#8220;N\u00f3s n\u00e3o deixaremos de avaliar todas as possibilidades, inclusive abrir o mercado&#8221;, disse, acrescentando que a ideia em estudo \u00e9 &#8220;autorizar que elas [estrangeiras] operem dentro do Brasil&#8221;.<\/p>\n<p>A ministra desconhece, no entanto,a Conven\u00e7\u00e3o de Chicago, pela qual tem de haver reciprocidade em casos como a concess\u00e3o de cabotagem. Ou seja, para uma empresa americana ou alem\u00e3 fazer voos no Brasil, uma brasileira teria de ter a permiss\u00e3o inversa. Dificilmente um pa\u00eds desenvolvido e uma empresa a\u00e9rea s\u00e9ria aceitaria ferir uma conven\u00e7\u00e3o internacional, al\u00e9m do que, teria de haver aprova\u00e7\u00e3o do Congresso Nacional. Parece, portanto, mais press\u00e3o sobre as companhias que qualquer outra coisa. Duas sa\u00edram na frente e anunciaram teto de R$ 1.998 para uma passagem ida e volta, tr\u00eas vezes mais que a m\u00e9dia nacional, e o governo agradeceu. Sabem tudo de avia\u00e7\u00e3o, mercado, Copa do Mundo&#8230;<\/p>\n<p>Sobre as raz\u00f5es espec\u00edficas da quase que impossibilidade da opera\u00e7\u00e3o estrangeira dentro do Brasil, melhor ler o especialista Resp\u00edcio do Esp\u00edrito Santo, em seu Avia\u00e7\u00e3o em Destaque. L\u00e1,\u00a0<a href=\"http:\/\/aviacaoemdestaque.com.br\/\">http:\/\/aviacaoemdestaque.com.br\/<\/a>, ele explica tudo mesmo.<\/p>\n","protected":false},"excerpt":{"rendered":"<p>Durante o an\u00fancio da malha a\u00e9rea para a Copa do Mundo, o diretor-presidente da Anac, Marcelo Guaranys foi questionado sobre a possibilidade de o governo autorizar as empresas estrangeiras a operar voos internos no Pa\u00eds. Depois de um leve sorriso, Guaranys n\u00e3o quis comentar sua posi\u00e7\u00e3o sobre o assunto. Disse apenas que se o governo [&hellip;]<\/p>\n","protected":false},"author":7,"featured_media":0,"comment_status":"open","ping_status":"open","sticky":false,"template":"","format":"standard","meta":{"spay_email":""},"categories":[2],"tags":[],"yoast_head":"<!-- This site is optimized with the Yoast SEO plugin v17.3 - https:\/\/yoast.com\/wordpress\/plugins\/seo\/ -->\n<title>DA S\u00c9RIE MANDA QUEM PODE... OBEDECE QUEM DESCONHECE -<\/title>\n<meta name=\"description\" content=\"DA S\u00c9RIE MANDA QUEM PODE... OBEDECE QUEM DESCONHECE. Confira essa Mat\u00e9ria no Canal Sem reserva. \u27a4 Projeto em parceria com a PANROTAS.\" \/>\n<meta name=\"robots\" content=\"index, follow, max-snippet:-1, max-image-preview:large, max-video-preview:-1\" \/>\n<link rel=\"canonical\" href=\"https:\/\/blog.panrotas.com.br\/semreserva\/da-serie-manda-quem-pode-obedece-quem-desconhece\/16-01-2014\/\" \/>\n<meta property=\"og:locale\" content=\"pt_BR\" \/>\n<meta property=\"og:type\" content=\"article\" \/>\n<meta property=\"og:title\" content=\"DA S\u00c9RIE MANDA QUEM PODE... OBEDECE QUEM DESCONHECE -\" \/>\n<meta property=\"og:description\" content=\"DA S\u00c9RIE MANDA QUEM PODE... OBEDECE QUEM DESCONHECE. Confira essa Mat\u00e9ria no Canal Sem reserva. \u27a4 Projeto em parceria com a PANROTAS.\" \/>\n<meta property=\"og:url\" content=\"https:\/\/blog.panrotas.com.br\/semreserva\/da-serie-manda-quem-pode-obedece-quem-desconhece\/16-01-2014\/\" \/>\n<meta property=\"og:site_name\" content=\"Sem reserva\" \/>\n<meta property=\"article:publisher\" content=\"https:\/\/www.facebook.com\/portalpanrotas\/\" \/>\n<meta property=\"article:published_time\" content=\"2014-01-16T23:15:20+00:00\" \/>\n<meta name=\"twitter:card\" content=\"summary_large_image\" \/>\n<meta name=\"twitter:creator\" content=\"@portalpanrotas\" \/>\n<meta name=\"twitter:site\" content=\"@portalpanrotas\" \/>\n<meta name=\"twitter:label1\" content=\"Escrito por\" \/>\n\t<meta name=\"twitter:data1\" content=\"Artur Andrade\" \/>\n\t<meta name=\"twitter:label2\" content=\"Est. tempo de leitura\" \/>\n\t<meta name=\"twitter:data2\" content=\"2 minutos\" \/>\n<script type=\"application\/ld+json\" class=\"yoast-schema-graph\">{\"@context\":\"https:\/\/schema.org\",\"@graph\":[{\"@type\":\"Organization\",\"@id\":\"http:\/\/blog.panrotas.com.br\/semreserva\/#organization\",\"name\":\"Sem Reserva - Blog no Portal PANROTAS\",\"url\":\"http:\/\/blog.panrotas.com.br\/semreserva\/\",\"sameAs\":[\"https:\/\/www.facebook.com\/portalpanrotas\/\",\"https:\/\/www.instagram.com\/portalpanrotas\/\",\"https:\/\/br.linkedin.com\/company\/panrotas\",\"https:\/\/www.youtube.com\/tvpanrotas\",\"https:\/\/twitter.com\/portalpanrotas\"],\"logo\":{\"@type\":\"ImageObject\",\"@id\":\"http:\/\/blog.panrotas.com.br\/semreserva\/#logo\",\"inLanguage\":\"pt-BR\",\"url\":\"https:\/\/blog.panrotas.com.br\/semreserva\/wp-content\/uploads\/sites\/5\/2020\/06\/logo.png\",\"contentUrl\":\"https:\/\/blog.panrotas.com.br\/semreserva\/wp-content\/uploads\/sites\/5\/2020\/06\/logo.png\",\"width\":259,\"height\":53,\"caption\":\"Sem Reserva - Blog no Portal PANROTAS\"},\"image\":{\"@id\":\"http:\/\/blog.panrotas.com.br\/semreserva\/#logo\"}},{\"@type\":\"WebSite\",\"@id\":\"http:\/\/blog.panrotas.com.br\/semreserva\/#website\",\"url\":\"http:\/\/blog.panrotas.com.br\/semreserva\/\",\"name\":\"Sem reserva\",\"description\":\"Blogosfera PANROTAS\",\"publisher\":{\"@id\":\"http:\/\/blog.panrotas.com.br\/semreserva\/#organization\"},\"potentialAction\":[{\"@type\":\"SearchAction\",\"target\":{\"@type\":\"EntryPoint\",\"urlTemplate\":\"http:\/\/blog.panrotas.com.br\/semreserva\/?s={search_term_string}\"},\"query-input\":\"required name=search_term_string\"}],\"inLanguage\":\"pt-BR\"},{\"@type\":\"WebPage\",\"@id\":\"https:\/\/blog.panrotas.com.br\/semreserva\/da-serie-manda-quem-pode-obedece-quem-desconhece\/16-01-2014\/#webpage\",\"url\":\"https:\/\/blog.panrotas.com.br\/semreserva\/da-serie-manda-quem-pode-obedece-quem-desconhece\/16-01-2014\/\",\"name\":\"DA S\\u00c9RIE MANDA QUEM PODE... OBEDECE QUEM DESCONHECE -\",\"isPartOf\":{\"@id\":\"http:\/\/blog.panrotas.com.br\/semreserva\/#website\"},\"datePublished\":\"2014-01-16T23:15:20+00:00\",\"dateModified\":\"2014-01-16T23:15:20+00:00\",\"description\":\"DA S\\u00c9RIE MANDA QUEM PODE... OBEDECE QUEM DESCONHECE. Confira essa Mat\\u00e9ria no Canal Sem reserva. \\u27a4 Projeto em parceria com a PANROTAS.\",\"breadcrumb\":{\"@id\":\"https:\/\/blog.panrotas.com.br\/semreserva\/da-serie-manda-quem-pode-obedece-quem-desconhece\/16-01-2014\/#breadcrumb\"},\"inLanguage\":\"pt-BR\",\"potentialAction\":[{\"@type\":\"ReadAction\",\"target\":[\"https:\/\/blog.panrotas.com.br\/semreserva\/da-serie-manda-quem-pode-obedece-quem-desconhece\/16-01-2014\/\"]}]},{\"@type\":\"BreadcrumbList\",\"@id\":\"https:\/\/blog.panrotas.com.br\/semreserva\/da-serie-manda-quem-pode-obedece-quem-desconhece\/16-01-2014\/#breadcrumb\",\"itemListElement\":[{\"@type\":\"ListItem\",\"position\":1,\"name\":\"Home do Blog\",\"item\":\"http:\/\/blog.panrotas.com.br\/semreserva\/\"},{\"@type\":\"ListItem\",\"position\":2,\"name\":\"Dia a dia\",\"item\":\"https:\/\/blog.panrotas.com.br\/semreserva\/category\/dia-a-dia\/\"},{\"@type\":\"ListItem\",\"position\":3,\"name\":\"DA S\\u00c9RIE MANDA QUEM PODE&#8230; OBEDECE QUEM DESCONHECE\"}]},{\"@type\":\"Article\",\"@id\":\"https:\/\/blog.panrotas.com.br\/semreserva\/da-serie-manda-quem-pode-obedece-quem-desconhece\/16-01-2014\/#article\",\"isPartOf\":{\"@id\":\"https:\/\/blog.panrotas.com.br\/semreserva\/da-serie-manda-quem-pode-obedece-quem-desconhece\/16-01-2014\/#webpage\"},\"author\":{\"@id\":\"http:\/\/blog.panrotas.com.br\/semreserva\/#\/schema\/person\/c93b4555f6a497d2d83c25dcb80f61ed\"},\"headline\":\"DA S\\u00c9RIE MANDA QUEM PODE&#8230; OBEDECE QUEM DESCONHECE\",\"datePublished\":\"2014-01-16T23:15:20+00:00\",\"dateModified\":\"2014-01-16T23:15:20+00:00\",\"mainEntityOfPage\":{\"@id\":\"https:\/\/blog.panrotas.com.br\/semreserva\/da-serie-manda-quem-pode-obedece-quem-desconhece\/16-01-2014\/#webpage\"},\"wordCount\":339,\"commentCount\":0,\"publisher\":{\"@id\":\"http:\/\/blog.panrotas.com.br\/semreserva\/#organization\"},\"articleSection\":[\"Dia a dia\"],\"inLanguage\":\"pt-BR\",\"potentialAction\":[{\"@type\":\"CommentAction\",\"name\":\"Comment\",\"target\":[\"https:\/\/blog.panrotas.com.br\/semreserva\/da-serie-manda-quem-pode-obedece-quem-desconhece\/16-01-2014\/#respond\"]}]},{\"@type\":\"Person\",\"@id\":\"http:\/\/blog.panrotas.com.br\/semreserva\/#\/schema\/person\/c93b4555f6a497d2d83c25dcb80f61ed\",\"name\":\"Artur Andrade\",\"image\":{\"@type\":\"ImageObject\",\"@id\":\"http:\/\/blog.panrotas.com.br\/semreserva\/#personlogo\",\"inLanguage\":\"pt-BR\",\"url\":\"https:\/\/secure.gravatar.com\/avatar\/a94564d630220cefd5c82f3452ac1ef4?s=96&d=mm&r=g\",\"contentUrl\":\"https:\/\/secure.gravatar.com\/avatar\/a94564d630220cefd5c82f3452ac1ef4?s=96&d=mm&r=g\",\"caption\":\"Artur Andrade\"},\"description\":\"Artur Luiz Andrade \\u00e9 carioca, taurino, jornalista e nasceu em 1969. \\u00c9 editor-chefe da PANROTAS Editora e mora em S\\u00e3o Paulo desde 1998\",\"sameAs\":[\"http:\/\/www.panrotas.com.br\"]}]}<\/script>\n<!-- \/ Yoast SEO plugin. -->","yoast_head_json":{"title":"DA S\u00c9RIE MANDA QUEM PODE... OBEDECE QUEM DESCONHECE -","description":"DA S\u00c9RIE MANDA QUEM PODE... OBEDECE QUEM DESCONHECE. Confira essa Mat\u00e9ria no Canal Sem reserva. \u27a4 Projeto em parceria com a PANROTAS.","robots":{"index":"index","follow":"follow","max-snippet":"max-snippet:-1","max-image-preview":"max-image-preview:large","max-video-preview":"max-video-preview:-1"},"canonical":"https:\/\/blog.panrotas.com.br\/semreserva\/da-serie-manda-quem-pode-obedece-quem-desconhece\/16-01-2014\/","og_locale":"pt_BR","og_type":"article","og_title":"DA S\u00c9RIE MANDA QUEM PODE... OBEDECE QUEM DESCONHECE -","og_description":"DA S\u00c9RIE MANDA QUEM PODE... OBEDECE QUEM DESCONHECE. Confira essa Mat\u00e9ria no Canal Sem reserva. \u27a4 Projeto em parceria com a PANROTAS.","og_url":"https:\/\/blog.panrotas.com.br\/semreserva\/da-serie-manda-quem-pode-obedece-quem-desconhece\/16-01-2014\/","og_site_name":"Sem reserva","article_publisher":"https:\/\/www.facebook.com\/portalpanrotas\/","article_published_time":"2014-01-16T23:15:20+00:00","twitter_card":"summary_large_image","twitter_creator":"@portalpanrotas","twitter_site":"@portalpanrotas","twitter_misc":{"Escrito por":"Artur Andrade","Est. tempo de leitura":"2 minutos"},"schema":{"@context":"https:\/\/schema.org","@graph":[{"@type":"Organization","@id":"http:\/\/blog.panrotas.com.br\/semreserva\/#organization","name":"Sem Reserva - Blog no Portal PANROTAS","url":"http:\/\/blog.panrotas.com.br\/semreserva\/","sameAs":["https:\/\/www.facebook.com\/portalpanrotas\/","https:\/\/www.instagram.com\/portalpanrotas\/","https:\/\/br.linkedin.com\/company\/panrotas","https:\/\/www.youtube.com\/tvpanrotas","https:\/\/twitter.com\/portalpanrotas"],"logo":{"@type":"ImageObject","@id":"http:\/\/blog.panrotas.com.br\/semreserva\/#logo","inLanguage":"pt-BR","url":"https:\/\/blog.panrotas.com.br\/semreserva\/wp-content\/uploads\/sites\/5\/2020\/06\/logo.png","contentUrl":"https:\/\/blog.panrotas.com.br\/semreserva\/wp-content\/uploads\/sites\/5\/2020\/06\/logo.png","width":259,"height":53,"caption":"Sem Reserva - Blog no Portal PANROTAS"},"image":{"@id":"http:\/\/blog.panrotas.com.br\/semreserva\/#logo"}},{"@type":"WebSite","@id":"http:\/\/blog.panrotas.com.br\/semreserva\/#website","url":"http:\/\/blog.panrotas.com.br\/semreserva\/","name":"Sem reserva","description":"Blogosfera PANROTAS","publisher":{"@id":"http:\/\/blog.panrotas.com.br\/semreserva\/#organization"},"potentialAction":[{"@type":"SearchAction","target":{"@type":"EntryPoint","urlTemplate":"http:\/\/blog.panrotas.com.br\/semreserva\/?s={search_term_string}"},"query-input":"required name=search_term_string"}],"inLanguage":"pt-BR"},{"@type":"WebPage","@id":"https:\/\/blog.panrotas.com.br\/semreserva\/da-serie-manda-quem-pode-obedece-quem-desconhece\/16-01-2014\/#webpage","url":"https:\/\/blog.panrotas.com.br\/semreserva\/da-serie-manda-quem-pode-obedece-quem-desconhece\/16-01-2014\/","name":"DA S\u00c9RIE MANDA QUEM PODE... OBEDECE QUEM DESCONHECE -","isPartOf":{"@id":"http:\/\/blog.panrotas.com.br\/semreserva\/#website"},"datePublished":"2014-01-16T23:15:20+00:00","dateModified":"2014-01-16T23:15:20+00:00","description":"DA S\u00c9RIE MANDA QUEM PODE... OBEDECE QUEM DESCONHECE. Confira essa Mat\u00e9ria no Canal Sem reserva. \u27a4 Projeto em parceria com a PANROTAS.","breadcrumb":{"@id":"https:\/\/blog.panrotas.com.br\/semreserva\/da-serie-manda-quem-pode-obedece-quem-desconhece\/16-01-2014\/#breadcrumb"},"inLanguage":"pt-BR","potentialAction":[{"@type":"ReadAction","target":["https:\/\/blog.panrotas.com.br\/semreserva\/da-serie-manda-quem-pode-obedece-quem-desconhece\/16-01-2014\/"]}]},{"@type":"BreadcrumbList","@id":"https:\/\/blog.panrotas.com.br\/semreserva\/da-serie-manda-quem-pode-obedece-quem-desconhece\/16-01-2014\/#breadcrumb","itemListElement":[{"@type":"ListItem","position":1,"name":"Home do Blog","item":"http:\/\/blog.panrotas.com.br\/semreserva\/"},{"@type":"ListItem","position":2,"name":"Dia a dia","item":"https:\/\/blog.panrotas.com.br\/semreserva\/category\/dia-a-dia\/"},{"@type":"ListItem","position":3,"name":"DA S\u00c9RIE MANDA QUEM PODE&#8230; OBEDECE QUEM DESCONHECE"}]},{"@type":"Article","@id":"https:\/\/blog.panrotas.com.br\/semreserva\/da-serie-manda-quem-pode-obedece-quem-desconhece\/16-01-2014\/#article","isPartOf":{"@id":"https:\/\/blog.panrotas.com.br\/semreserva\/da-serie-manda-quem-pode-obedece-quem-desconhece\/16-01-2014\/#webpage"},"author":{"@id":"http:\/\/blog.panrotas.com.br\/semreserva\/#\/schema\/person\/c93b4555f6a497d2d83c25dcb80f61ed"},"headline":"DA S\u00c9RIE MANDA QUEM PODE&#8230; OBEDECE QUEM DESCONHECE","datePublished":"2014-01-16T23:15:20+00:00","dateModified":"2014-01-16T23:15:20+00:00","mainEntityOfPage":{"@id":"https:\/\/blog.panrotas.com.br\/semreserva\/da-serie-manda-quem-pode-obedece-quem-desconhece\/16-01-2014\/#webpage"},"wordCount":339,"commentCount":0,"publisher":{"@id":"http:\/\/blog.panrotas.com.br\/semreserva\/#organization"},"articleSection":["Dia a dia"],"inLanguage":"pt-BR","potentialAction":[{"@type":"CommentAction","name":"Comment","target":["https:\/\/blog.panrotas.com.br\/semreserva\/da-serie-manda-quem-pode-obedece-quem-desconhece\/16-01-2014\/#respond"]}]},{"@type":"Person","@id":"http:\/\/blog.panrotas.com.br\/semreserva\/#\/schema\/person\/c93b4555f6a497d2d83c25dcb80f61ed","name":"Artur Andrade","image":{"@type":"ImageObject","@id":"http:\/\/blog.panrotas.com.br\/semreserva\/#personlogo","inLanguage":"pt-BR","url":"https:\/\/secure.gravatar.com\/avatar\/a94564d630220cefd5c82f3452ac1ef4?s=96&d=mm&r=g","contentUrl":"https:\/\/secure.gravatar.com\/avatar\/a94564d630220cefd5c82f3452ac1ef4?s=96&d=mm&r=g","caption":"Artur Andrade"},"description":"Artur Luiz Andrade \u00e9 carioca, taurino, jornalista e nasceu em 1969. \u00c9 editor-chefe da PANROTAS Editora e mora em S\u00e3o Paulo desde 1998","sameAs":["http:\/\/www.panrotas.com.br"]}]}},"jetpack_featured_media_url":"","jetpack_shortlink":"https:\/\/wp.me\/p7idIU-ZD","_links":{"self":[{"href":"https:\/\/blog.panrotas.com.br\/semreserva\/wp-json\/wp\/v2\/posts\/3821"}],"collection":[{"href":"https:\/\/blog.panrotas.com.br\/semreserva\/wp-json\/wp\/v2\/posts"}],"about":[{"href":"https:\/\/blog.panrotas.com.br\/semreserva\/wp-json\/wp\/v2\/types\/post"}],"author":[{"embeddable":true,"href":"https:\/\/blog.panrotas.com.br\/semreserva\/wp-json\/wp\/v2\/users\/7"}],"replies":[{"embeddable":true,"href":"https:\/\/blog.panrotas.com.br\/semreserva\/wp-json\/wp\/v2\/comments?post=3821"}],"version-history":[{"count":0,"href":"https:\/\/blog.panrotas.com.br\/semreserva\/wp-json\/wp\/v2\/posts\/3821\/revisions"}],"wp:attachment":[{"href":"https:\/\/blog.panrotas.com.br\/semreserva\/wp-json\/wp\/v2\/media?parent=3821"}],"wp:term":[{"taxonomy":"category","embeddable":true,"href":"https:\/\/blog.panrotas.com.br\/semreserva\/wp-json\/wp\/v2\/categories?post=3821"},{"taxonomy":"post_tag","embeddable":true,"href":"https:\/\/blog.panrotas.com.br\/semreserva\/wp-json\/wp\/v2\/tags?post=3821"}],"curies":[{"name":"wp","href":"https:\/\/api.w.org\/{rel}","templated":true}]}}