{"id":3825,"date":"2014-01-20T18:03:05","date_gmt":"2014-01-20T21:03:05","guid":{"rendered":"http:\/\/blog.panrotas.com.br\/semreserva\/?p=3825"},"modified":"2014-01-20T18:03:05","modified_gmt":"2014-01-20T21:03:05","slug":"verao-surreal-1","status":"publish","type":"post","link":"https:\/\/blog.panrotas.com.br\/semreserva\/verao-surreal-1\/20-01-2014\/","title":{"rendered":"VER\u00c3O SURREAL 1"},"content":{"rendered":"<p>Adorei a ideia, a criatividade, a ousadia, o grito, o desabafo de alguns cariocas, que criaram o movimento pr\u00f3-surreal, onde surreal \u00e9 a nova moeda do Brasil e o movimento um protesto contra os pre\u00e7os abusivos. E n\u00e3o estamos falando de passagem a\u00e9rea e hotel, como gosta o governo de desviar o assunto para a parte que lhe cabe nesse latif\u00fandio. Tamb\u00e9m n\u00e3o estamos falando dos itens de luxo, onde quem tem paga, quem n\u00e3o tem baba. S\u00e3o pre\u00e7os abusivos no dia a dia.<\/p>\n<p>\u00c9 a comida na rua, \u00e9 o plano de sa\u00fade, a \u00e1gua de coco na praia, o aluguel, a venda de im\u00f3veis, as roupas, o material escolar, a mensalidade da escola, o dentista, o oculista&#8230; Pre\u00e7os abusivos viraram mania nacional. N\u00e3o por causa da Copa ou da Olimp\u00edada, mas porque se o consumo aumentou os impostos sa\u00edram na frente e s\u00e3o os mais altos do planeta.<\/p>\n<p>\u00c9 surreal o que pagamos aqui frente ao que vemos em viagens para os Estados Unidos, por exemplo. A coisa chegou a um ponto de \u201csurrealidade\u201d que brasileiros que v\u00e3o a Londres enchem malas e malas e malas e malas&#8230; Parece Miami. E estamos falando em libras. N\u00e3o \u00e9 real. N\u00e3o \u00e9 d\u00f3lar. N\u00e3o \u00e9 euro. \u00c9 moeda fort\u00edssima. E o brasileiro n\u00e3o est\u00e1 nem a\u00ed, j\u00e1 que no Brasil tudo sai muito mais caro.<\/p>\n<p>Claro que, aproveitando a temperatura surreal do ver\u00e3o atual, os comerciantes aproveitam e inflacionam os produtos. A\u00ed o governo aperta mais nos impostos. E aumentam as viagens para o Exterior. E vem mais imposto nas viagens. E o comerciante continua olhando somente para o presente e cobra R$ 90 a pizza de mu\u00e7arela. A\u00ed o governo cobra mais imposto (sem oferecer a contrapartida em infraestrutura e servi\u00e7os).<\/p>\n<p>Essa bolha vai explodir. E n\u00e3o vai adiantar chorar e lembrar do tempo em que a pizza era R$ 45, pois o povo n\u00e3o vai pagar nem R$ 20.<\/p>\n<p>Comer fora virou turismo de luxo no Brasil. A Gap e a Sephora s\u00e3o luxo, alt\u00edssimo luxo no Brasil. O que ser\u00e1 a Armani e a Dior? Sonho imposs\u00edvel&#8230;<\/p>\n<p>Aderi ao movimento surreal e prometo divulgar algumas surrealidades que encontrar pelo caminho. Quem passar por Congonhas e Guarulhos far\u00e1 a festa&#8230; Outro dia, comi nuggets e uma coca-cola e paguei quase R$ 30 em uma fast-fooderia nova. E estava tudo muito ruim. Surreal.<\/p>\n<p>Mas n\u00e3o aumentem o pre\u00e7o da hospedagem e da passagem a\u00e9rea. O governo est\u00e1 de olho.<\/p>\n","protected":false},"excerpt":{"rendered":"<p>Adorei a ideia, a criatividade, a ousadia, o grito, o desabafo de alguns cariocas, que criaram o movimento pr\u00f3-surreal, onde surreal \u00e9 a nova moeda do Brasil e o movimento um protesto contra os pre\u00e7os abusivos. E n\u00e3o estamos falando de passagem a\u00e9rea e hotel, como gosta o governo de desviar o assunto para a [&hellip;]<\/p>\n","protected":false},"author":7,"featured_media":0,"comment_status":"open","ping_status":"open","sticky":false,"template":"","format":"standard","meta":{"spay_email":""},"categories":[2],"tags":[],"yoast_head":"<!-- This site is optimized with the Yoast SEO plugin v17.3 - https:\/\/yoast.com\/wordpress\/plugins\/seo\/ -->\n<title>VER\u00c3O SURREAL 1 -<\/title>\n<meta name=\"description\" content=\"VER\u00c3O SURREAL 1. Confira essa Mat\u00e9ria no Canal Sem reserva. \u27a4 Projeto em parceria com a PANROTAS.\" \/>\n<meta name=\"robots\" content=\"index, follow, max-snippet:-1, max-image-preview:large, max-video-preview:-1\" \/>\n<link rel=\"canonical\" href=\"https:\/\/blog.panrotas.com.br\/semreserva\/verao-surreal-1\/20-01-2014\/\" \/>\n<meta property=\"og:locale\" content=\"pt_BR\" \/>\n<meta property=\"og:type\" content=\"article\" \/>\n<meta property=\"og:title\" content=\"VER\u00c3O SURREAL 1 -\" \/>\n<meta property=\"og:description\" content=\"VER\u00c3O SURREAL 1. Confira essa Mat\u00e9ria no Canal Sem reserva. \u27a4 Projeto em parceria com a PANROTAS.\" \/>\n<meta property=\"og:url\" content=\"https:\/\/blog.panrotas.com.br\/semreserva\/verao-surreal-1\/20-01-2014\/\" \/>\n<meta property=\"og:site_name\" content=\"Sem reserva\" \/>\n<meta property=\"article:publisher\" content=\"https:\/\/www.facebook.com\/portalpanrotas\/\" \/>\n<meta property=\"article:published_time\" content=\"2014-01-20T21:03:05+00:00\" \/>\n<meta name=\"twitter:card\" content=\"summary_large_image\" \/>\n<meta name=\"twitter:creator\" content=\"@portalpanrotas\" \/>\n<meta name=\"twitter:site\" content=\"@portalpanrotas\" \/>\n<meta name=\"twitter:label1\" content=\"Escrito por\" \/>\n\t<meta name=\"twitter:data1\" content=\"Artur Andrade\" \/>\n\t<meta name=\"twitter:label2\" content=\"Est. tempo de leitura\" \/>\n\t<meta name=\"twitter:data2\" content=\"2 minutos\" \/>\n<script type=\"application\/ld+json\" class=\"yoast-schema-graph\">{\"@context\":\"https:\/\/schema.org\",\"@graph\":[{\"@type\":\"Organization\",\"@id\":\"http:\/\/blog.panrotas.com.br\/semreserva\/#organization\",\"name\":\"Sem Reserva - Blog no Portal PANROTAS\",\"url\":\"http:\/\/blog.panrotas.com.br\/semreserva\/\",\"sameAs\":[\"https:\/\/www.facebook.com\/portalpanrotas\/\",\"https:\/\/www.instagram.com\/portalpanrotas\/\",\"https:\/\/br.linkedin.com\/company\/panrotas\",\"https:\/\/www.youtube.com\/tvpanrotas\",\"https:\/\/twitter.com\/portalpanrotas\"],\"logo\":{\"@type\":\"ImageObject\",\"@id\":\"http:\/\/blog.panrotas.com.br\/semreserva\/#logo\",\"inLanguage\":\"pt-BR\",\"url\":\"https:\/\/blog.panrotas.com.br\/semreserva\/wp-content\/uploads\/sites\/5\/2020\/06\/logo.png\",\"contentUrl\":\"https:\/\/blog.panrotas.com.br\/semreserva\/wp-content\/uploads\/sites\/5\/2020\/06\/logo.png\",\"width\":259,\"height\":53,\"caption\":\"Sem Reserva - Blog no Portal PANROTAS\"},\"image\":{\"@id\":\"http:\/\/blog.panrotas.com.br\/semreserva\/#logo\"}},{\"@type\":\"WebSite\",\"@id\":\"http:\/\/blog.panrotas.com.br\/semreserva\/#website\",\"url\":\"http:\/\/blog.panrotas.com.br\/semreserva\/\",\"name\":\"Sem reserva\",\"description\":\"Blogosfera PANROTAS\",\"publisher\":{\"@id\":\"http:\/\/blog.panrotas.com.br\/semreserva\/#organization\"},\"potentialAction\":[{\"@type\":\"SearchAction\",\"target\":{\"@type\":\"EntryPoint\",\"urlTemplate\":\"http:\/\/blog.panrotas.com.br\/semreserva\/?s={search_term_string}\"},\"query-input\":\"required name=search_term_string\"}],\"inLanguage\":\"pt-BR\"},{\"@type\":\"WebPage\",\"@id\":\"https:\/\/blog.panrotas.com.br\/semreserva\/verao-surreal-1\/20-01-2014\/#webpage\",\"url\":\"https:\/\/blog.panrotas.com.br\/semreserva\/verao-surreal-1\/20-01-2014\/\",\"name\":\"VER\\u00c3O SURREAL 1 -\",\"isPartOf\":{\"@id\":\"http:\/\/blog.panrotas.com.br\/semreserva\/#website\"},\"datePublished\":\"2014-01-20T21:03:05+00:00\",\"dateModified\":\"2014-01-20T21:03:05+00:00\",\"description\":\"VER\\u00c3O SURREAL 1. Confira essa Mat\\u00e9ria no Canal Sem reserva. \\u27a4 Projeto em parceria com a PANROTAS.\",\"breadcrumb\":{\"@id\":\"https:\/\/blog.panrotas.com.br\/semreserva\/verao-surreal-1\/20-01-2014\/#breadcrumb\"},\"inLanguage\":\"pt-BR\",\"potentialAction\":[{\"@type\":\"ReadAction\",\"target\":[\"https:\/\/blog.panrotas.com.br\/semreserva\/verao-surreal-1\/20-01-2014\/\"]}]},{\"@type\":\"BreadcrumbList\",\"@id\":\"https:\/\/blog.panrotas.com.br\/semreserva\/verao-surreal-1\/20-01-2014\/#breadcrumb\",\"itemListElement\":[{\"@type\":\"ListItem\",\"position\":1,\"name\":\"Home do Blog\",\"item\":\"http:\/\/blog.panrotas.com.br\/semreserva\/\"},{\"@type\":\"ListItem\",\"position\":2,\"name\":\"Dia a dia\",\"item\":\"https:\/\/blog.panrotas.com.br\/semreserva\/category\/dia-a-dia\/\"},{\"@type\":\"ListItem\",\"position\":3,\"name\":\"VER\\u00c3O SURREAL 1\"}]},{\"@type\":\"Article\",\"@id\":\"https:\/\/blog.panrotas.com.br\/semreserva\/verao-surreal-1\/20-01-2014\/#article\",\"isPartOf\":{\"@id\":\"https:\/\/blog.panrotas.com.br\/semreserva\/verao-surreal-1\/20-01-2014\/#webpage\"},\"author\":{\"@id\":\"http:\/\/blog.panrotas.com.br\/semreserva\/#\/schema\/person\/c93b4555f6a497d2d83c25dcb80f61ed\"},\"headline\":\"VER\\u00c3O SURREAL 1\",\"datePublished\":\"2014-01-20T21:03:05+00:00\",\"dateModified\":\"2014-01-20T21:03:05+00:00\",\"mainEntityOfPage\":{\"@id\":\"https:\/\/blog.panrotas.com.br\/semreserva\/verao-surreal-1\/20-01-2014\/#webpage\"},\"wordCount\":436,\"commentCount\":0,\"publisher\":{\"@id\":\"http:\/\/blog.panrotas.com.br\/semreserva\/#organization\"},\"articleSection\":[\"Dia a dia\"],\"inLanguage\":\"pt-BR\",\"potentialAction\":[{\"@type\":\"CommentAction\",\"name\":\"Comment\",\"target\":[\"https:\/\/blog.panrotas.com.br\/semreserva\/verao-surreal-1\/20-01-2014\/#respond\"]}]},{\"@type\":\"Person\",\"@id\":\"http:\/\/blog.panrotas.com.br\/semreserva\/#\/schema\/person\/c93b4555f6a497d2d83c25dcb80f61ed\",\"name\":\"Artur Andrade\",\"image\":{\"@type\":\"ImageObject\",\"@id\":\"http:\/\/blog.panrotas.com.br\/semreserva\/#personlogo\",\"inLanguage\":\"pt-BR\",\"url\":\"https:\/\/secure.gravatar.com\/avatar\/a94564d630220cefd5c82f3452ac1ef4?s=96&d=mm&r=g\",\"contentUrl\":\"https:\/\/secure.gravatar.com\/avatar\/a94564d630220cefd5c82f3452ac1ef4?s=96&d=mm&r=g\",\"caption\":\"Artur Andrade\"},\"description\":\"Artur Luiz Andrade \\u00e9 carioca, taurino, jornalista e nasceu em 1969. \\u00c9 editor-chefe da PANROTAS Editora e mora em S\\u00e3o Paulo desde 1998\",\"sameAs\":[\"http:\/\/www.panrotas.com.br\"]}]}<\/script>\n<!-- \/ Yoast SEO plugin. -->","yoast_head_json":{"title":"VER\u00c3O SURREAL 1 -","description":"VER\u00c3O SURREAL 1. Confira essa Mat\u00e9ria no Canal Sem reserva. \u27a4 Projeto em parceria com a PANROTAS.","robots":{"index":"index","follow":"follow","max-snippet":"max-snippet:-1","max-image-preview":"max-image-preview:large","max-video-preview":"max-video-preview:-1"},"canonical":"https:\/\/blog.panrotas.com.br\/semreserva\/verao-surreal-1\/20-01-2014\/","og_locale":"pt_BR","og_type":"article","og_title":"VER\u00c3O SURREAL 1 -","og_description":"VER\u00c3O SURREAL 1. Confira essa Mat\u00e9ria no Canal Sem reserva. \u27a4 Projeto em parceria com a PANROTAS.","og_url":"https:\/\/blog.panrotas.com.br\/semreserva\/verao-surreal-1\/20-01-2014\/","og_site_name":"Sem reserva","article_publisher":"https:\/\/www.facebook.com\/portalpanrotas\/","article_published_time":"2014-01-20T21:03:05+00:00","twitter_card":"summary_large_image","twitter_creator":"@portalpanrotas","twitter_site":"@portalpanrotas","twitter_misc":{"Escrito por":"Artur Andrade","Est. tempo de leitura":"2 minutos"},"schema":{"@context":"https:\/\/schema.org","@graph":[{"@type":"Organization","@id":"http:\/\/blog.panrotas.com.br\/semreserva\/#organization","name":"Sem Reserva - Blog no Portal PANROTAS","url":"http:\/\/blog.panrotas.com.br\/semreserva\/","sameAs":["https:\/\/www.facebook.com\/portalpanrotas\/","https:\/\/www.instagram.com\/portalpanrotas\/","https:\/\/br.linkedin.com\/company\/panrotas","https:\/\/www.youtube.com\/tvpanrotas","https:\/\/twitter.com\/portalpanrotas"],"logo":{"@type":"ImageObject","@id":"http:\/\/blog.panrotas.com.br\/semreserva\/#logo","inLanguage":"pt-BR","url":"https:\/\/blog.panrotas.com.br\/semreserva\/wp-content\/uploads\/sites\/5\/2020\/06\/logo.png","contentUrl":"https:\/\/blog.panrotas.com.br\/semreserva\/wp-content\/uploads\/sites\/5\/2020\/06\/logo.png","width":259,"height":53,"caption":"Sem Reserva - Blog no Portal PANROTAS"},"image":{"@id":"http:\/\/blog.panrotas.com.br\/semreserva\/#logo"}},{"@type":"WebSite","@id":"http:\/\/blog.panrotas.com.br\/semreserva\/#website","url":"http:\/\/blog.panrotas.com.br\/semreserva\/","name":"Sem reserva","description":"Blogosfera PANROTAS","publisher":{"@id":"http:\/\/blog.panrotas.com.br\/semreserva\/#organization"},"potentialAction":[{"@type":"SearchAction","target":{"@type":"EntryPoint","urlTemplate":"http:\/\/blog.panrotas.com.br\/semreserva\/?s={search_term_string}"},"query-input":"required name=search_term_string"}],"inLanguage":"pt-BR"},{"@type":"WebPage","@id":"https:\/\/blog.panrotas.com.br\/semreserva\/verao-surreal-1\/20-01-2014\/#webpage","url":"https:\/\/blog.panrotas.com.br\/semreserva\/verao-surreal-1\/20-01-2014\/","name":"VER\u00c3O SURREAL 1 -","isPartOf":{"@id":"http:\/\/blog.panrotas.com.br\/semreserva\/#website"},"datePublished":"2014-01-20T21:03:05+00:00","dateModified":"2014-01-20T21:03:05+00:00","description":"VER\u00c3O SURREAL 1. Confira essa Mat\u00e9ria no Canal Sem reserva. \u27a4 Projeto em parceria com a PANROTAS.","breadcrumb":{"@id":"https:\/\/blog.panrotas.com.br\/semreserva\/verao-surreal-1\/20-01-2014\/#breadcrumb"},"inLanguage":"pt-BR","potentialAction":[{"@type":"ReadAction","target":["https:\/\/blog.panrotas.com.br\/semreserva\/verao-surreal-1\/20-01-2014\/"]}]},{"@type":"BreadcrumbList","@id":"https:\/\/blog.panrotas.com.br\/semreserva\/verao-surreal-1\/20-01-2014\/#breadcrumb","itemListElement":[{"@type":"ListItem","position":1,"name":"Home do Blog","item":"http:\/\/blog.panrotas.com.br\/semreserva\/"},{"@type":"ListItem","position":2,"name":"Dia a dia","item":"https:\/\/blog.panrotas.com.br\/semreserva\/category\/dia-a-dia\/"},{"@type":"ListItem","position":3,"name":"VER\u00c3O SURREAL 1"}]},{"@type":"Article","@id":"https:\/\/blog.panrotas.com.br\/semreserva\/verao-surreal-1\/20-01-2014\/#article","isPartOf":{"@id":"https:\/\/blog.panrotas.com.br\/semreserva\/verao-surreal-1\/20-01-2014\/#webpage"},"author":{"@id":"http:\/\/blog.panrotas.com.br\/semreserva\/#\/schema\/person\/c93b4555f6a497d2d83c25dcb80f61ed"},"headline":"VER\u00c3O SURREAL 1","datePublished":"2014-01-20T21:03:05+00:00","dateModified":"2014-01-20T21:03:05+00:00","mainEntityOfPage":{"@id":"https:\/\/blog.panrotas.com.br\/semreserva\/verao-surreal-1\/20-01-2014\/#webpage"},"wordCount":436,"commentCount":0,"publisher":{"@id":"http:\/\/blog.panrotas.com.br\/semreserva\/#organization"},"articleSection":["Dia a dia"],"inLanguage":"pt-BR","potentialAction":[{"@type":"CommentAction","name":"Comment","target":["https:\/\/blog.panrotas.com.br\/semreserva\/verao-surreal-1\/20-01-2014\/#respond"]}]},{"@type":"Person","@id":"http:\/\/blog.panrotas.com.br\/semreserva\/#\/schema\/person\/c93b4555f6a497d2d83c25dcb80f61ed","name":"Artur Andrade","image":{"@type":"ImageObject","@id":"http:\/\/blog.panrotas.com.br\/semreserva\/#personlogo","inLanguage":"pt-BR","url":"https:\/\/secure.gravatar.com\/avatar\/a94564d630220cefd5c82f3452ac1ef4?s=96&d=mm&r=g","contentUrl":"https:\/\/secure.gravatar.com\/avatar\/a94564d630220cefd5c82f3452ac1ef4?s=96&d=mm&r=g","caption":"Artur Andrade"},"description":"Artur Luiz Andrade \u00e9 carioca, taurino, jornalista e nasceu em 1969. \u00c9 editor-chefe da PANROTAS Editora e mora em S\u00e3o Paulo desde 1998","sameAs":["http:\/\/www.panrotas.com.br"]}]}},"jetpack_featured_media_url":"","jetpack_shortlink":"https:\/\/wp.me\/p7idIU-ZH","_links":{"self":[{"href":"https:\/\/blog.panrotas.com.br\/semreserva\/wp-json\/wp\/v2\/posts\/3825"}],"collection":[{"href":"https:\/\/blog.panrotas.com.br\/semreserva\/wp-json\/wp\/v2\/posts"}],"about":[{"href":"https:\/\/blog.panrotas.com.br\/semreserva\/wp-json\/wp\/v2\/types\/post"}],"author":[{"embeddable":true,"href":"https:\/\/blog.panrotas.com.br\/semreserva\/wp-json\/wp\/v2\/users\/7"}],"replies":[{"embeddable":true,"href":"https:\/\/blog.panrotas.com.br\/semreserva\/wp-json\/wp\/v2\/comments?post=3825"}],"version-history":[{"count":0,"href":"https:\/\/blog.panrotas.com.br\/semreserva\/wp-json\/wp\/v2\/posts\/3825\/revisions"}],"wp:attachment":[{"href":"https:\/\/blog.panrotas.com.br\/semreserva\/wp-json\/wp\/v2\/media?parent=3825"}],"wp:term":[{"taxonomy":"category","embeddable":true,"href":"https:\/\/blog.panrotas.com.br\/semreserva\/wp-json\/wp\/v2\/categories?post=3825"},{"taxonomy":"post_tag","embeddable":true,"href":"https:\/\/blog.panrotas.com.br\/semreserva\/wp-json\/wp\/v2\/tags?post=3825"}],"curies":[{"name":"wp","href":"https:\/\/api.w.org\/{rel}","templated":true}]}}