{"id":3836,"date":"2014-01-25T22:02:45","date_gmt":"2014-01-26T01:02:45","guid":{"rendered":"http:\/\/blog.panrotas.com.br\/semreserva\/?p=3836"},"modified":"2014-01-25T22:02:45","modified_gmt":"2014-01-26T01:02:45","slug":"feriado-com-os-pequenos","status":"publish","type":"post","link":"https:\/\/blog.panrotas.com.br\/semreserva\/feriado-com-os-pequenos\/25-01-2014\/","title":{"rendered":"FERIADO COM OS PEQUENOS"},"content":{"rendered":"<p>25 de janeiro. Feriado em S\u00e3o Paulo. Dia de superfesta dos dez anos da Manuela, filha do Carlinhos e da Leonor. E dia de ver como est\u00e3o fofos e espertos os filhos de muitos amigos do trade. A festa este ano teve como tema a novelinha Carrossel&#8230; e pelo menos os assuntos deixaram de ser um pouco a Copa ou a crise na Gr\u00e9cia (ali\u00e1s, a Gr\u00e9cia ainda est\u00e1 em crise?).<\/p>\n<p>Peguei algumas fotos tiradas pelo Emerson (mas muitos nomes n\u00e3o vou saber, perd\u00e3o antecipado). Os sorrisos e o alto astral (crian\u00e7a contagia, n\u00e9) j\u00e1 falam por si s\u00f3.<\/p>\n<p>Feliz anivers\u00e1rio, Manu. E muita sa\u00fade e felicidade para os pequenos e fofos (e para os grandinhos tamb\u00e9m).<\/p>\n<figure id=\"attachment_3837\" aria-describedby=\"caption-attachment-3837\" style=\"width: 500px\" class=\"wp-caption alignnone\"><a href=\"http:\/\/blog.panrotas.com.br\/semreserva\/wp-content\/uploads\/2014\/01\/DSC_3580.jpg\"><img loading=\"lazy\" class=\"size-full wp-image-3837\" alt=\"Manu e a mammy poderosa, sempre combinando nos vestidos\" src=\"http:\/\/blog.panrotas.com.br\/semreserva\/wp-content\/uploads\/2014\/01\/DSC_3580.jpg\" width=\"500\" height=\"500\" srcset=\"https:\/\/blog.panrotas.com.br\/semreserva\/wp-content\/uploads\/sites\/5\/2014\/01\/DSC_3580.jpg 500w, https:\/\/blog.panrotas.com.br\/semreserva\/wp-content\/uploads\/sites\/5\/2014\/01\/DSC_3580-300x300.jpg 300w, https:\/\/blog.panrotas.com.br\/semreserva\/wp-content\/uploads\/sites\/5\/2014\/01\/DSC_3580-150x150.jpg 150w\" sizes=\"(max-width: 500px) 100vw, 500px\" \/><\/a><figcaption id=\"caption-attachment-3837\" class=\"wp-caption-text\">Manu e a mammy poderosa, sempre combinando nos vestidos<\/figcaption><\/figure>\n<figure id=\"attachment_3838\" aria-describedby=\"caption-attachment-3838\" style=\"width: 400px\" class=\"wp-caption alignnone\"><a href=\"http:\/\/blog.panrotas.com.br\/semreserva\/wp-content\/uploads\/2014\/01\/DSC_3595.jpg\"><img loading=\"lazy\" class=\"size-full wp-image-3838\" alt=\"Embarque nesse Carrossel...\" src=\"http:\/\/blog.panrotas.com.br\/semreserva\/wp-content\/uploads\/2014\/01\/DSC_3595.jpg\" width=\"400\" height=\"300\" srcset=\"https:\/\/blog.panrotas.com.br\/semreserva\/wp-content\/uploads\/sites\/5\/2014\/01\/DSC_3595.jpg 400w, https:\/\/blog.panrotas.com.br\/semreserva\/wp-content\/uploads\/sites\/5\/2014\/01\/DSC_3595-300x225.jpg 300w\" sizes=\"(max-width: 400px) 100vw, 400px\" \/><\/a><figcaption id=\"caption-attachment-3838\" class=\"wp-caption-text\">Embarque nesse Carrossel&#8230;<\/figcaption><\/figure>\n<figure id=\"attachment_3839\" aria-describedby=\"caption-attachment-3839\" style=\"width: 400px\" class=\"wp-caption alignnone\"><a href=\"http:\/\/blog.panrotas.com.br\/semreserva\/wp-content\/uploads\/2014\/01\/DSC_3817.jpg\"><img loading=\"lazy\" class=\"size-full wp-image-3839\" alt=\"Carlinhos com Tony e Mima\" src=\"http:\/\/blog.panrotas.com.br\/semreserva\/wp-content\/uploads\/2014\/01\/DSC_3817.jpg\" width=\"400\" height=\"300\" srcset=\"https:\/\/blog.panrotas.com.br\/semreserva\/wp-content\/uploads\/sites\/5\/2014\/01\/DSC_3817.jpg 400w, https:\/\/blog.panrotas.com.br\/semreserva\/wp-content\/uploads\/sites\/5\/2014\/01\/DSC_3817-300x225.jpg 300w\" sizes=\"(max-width: 400px) 100vw, 400px\" \/><\/a><figcaption id=\"caption-attachment-3839\" class=\"wp-caption-text\">Carlinhos com Tony e Mima<\/figcaption><\/figure>\n<figure id=\"attachment_3840\" aria-describedby=\"caption-attachment-3840\" style=\"width: 400px\" class=\"wp-caption alignnone\"><a href=\"http:\/\/blog.panrotas.com.br\/semreserva\/wp-content\/uploads\/2014\/01\/DSC_3820.jpg\"><img loading=\"lazy\" class=\"size-full wp-image-3840\" alt=\"Sanajoti, a mulher e a filha\" src=\"http:\/\/blog.panrotas.com.br\/semreserva\/wp-content\/uploads\/2014\/01\/DSC_3820.jpg\" width=\"400\" height=\"300\" srcset=\"https:\/\/blog.panrotas.com.br\/semreserva\/wp-content\/uploads\/sites\/5\/2014\/01\/DSC_3820.jpg 400w, https:\/\/blog.panrotas.com.br\/semreserva\/wp-content\/uploads\/sites\/5\/2014\/01\/DSC_3820-300x225.jpg 300w\" sizes=\"(max-width: 400px) 100vw, 400px\" \/><\/a><figcaption id=\"caption-attachment-3840\" class=\"wp-caption-text\">Sanajoti, a mulher e a filha<\/figcaption><\/figure>\n<figure id=\"attachment_3841\" aria-describedby=\"caption-attachment-3841\" style=\"width: 400px\" class=\"wp-caption alignnone\"><a href=\"http:\/\/blog.panrotas.com.br\/semreserva\/wp-content\/uploads\/2014\/01\/DSC_3850.jpg\"><img loading=\"lazy\" class=\"size-full wp-image-3841\" alt=\"Ricardinho com Manu\" src=\"http:\/\/blog.panrotas.com.br\/semreserva\/wp-content\/uploads\/2014\/01\/DSC_3850.jpg\" width=\"400\" height=\"400\" srcset=\"https:\/\/blog.panrotas.com.br\/semreserva\/wp-content\/uploads\/sites\/5\/2014\/01\/DSC_3850.jpg 400w, https:\/\/blog.panrotas.com.br\/semreserva\/wp-content\/uploads\/sites\/5\/2014\/01\/DSC_3850-300x300.jpg 300w, https:\/\/blog.panrotas.com.br\/semreserva\/wp-content\/uploads\/sites\/5\/2014\/01\/DSC_3850-150x150.jpg 150w\" sizes=\"(max-width: 400px) 100vw, 400px\" \/><\/a><figcaption id=\"caption-attachment-3841\" class=\"wp-caption-text\">Ricardinho com Manu<\/figcaption><\/figure>\n<figure id=\"attachment_3842\" aria-describedby=\"caption-attachment-3842\" style=\"width: 400px\" class=\"wp-caption alignnone\"><a href=\"http:\/\/blog.panrotas.com.br\/semreserva\/wp-content\/uploads\/2014\/01\/DSC_3874.jpg\"><img loading=\"lazy\" class=\"size-full wp-image-3842\" alt=\"Simone Mariote e a fam\u00edlia\" src=\"http:\/\/blog.panrotas.com.br\/semreserva\/wp-content\/uploads\/2014\/01\/DSC_3874.jpg\" width=\"400\" height=\"300\" srcset=\"https:\/\/blog.panrotas.com.br\/semreserva\/wp-content\/uploads\/sites\/5\/2014\/01\/DSC_3874.jpg 400w, https:\/\/blog.panrotas.com.br\/semreserva\/wp-content\/uploads\/sites\/5\/2014\/01\/DSC_3874-300x225.jpg 300w\" sizes=\"(max-width: 400px) 100vw, 400px\" \/><\/a><figcaption id=\"caption-attachment-3842\" class=\"wp-caption-text\">Simone Mariote e a fam\u00edlia<span style=\"font-size: 13px;line-height: 19px\"> (dois meninos lindos hein, Simone)<\/span><\/figcaption><\/figure>\n<figure id=\"attachment_3843\" aria-describedby=\"caption-attachment-3843\" style=\"width: 400px\" class=\"wp-caption alignnone\"><a href=\"http:\/\/blog.panrotas.com.br\/semreserva\/wp-content\/uploads\/2014\/01\/DSC_3880.jpg\"><img loading=\"lazy\" class=\"size-full wp-image-3843\" alt=\"A Juliana, da Esferatur, o marido e a filhinha\" src=\"http:\/\/blog.panrotas.com.br\/semreserva\/wp-content\/uploads\/2014\/01\/DSC_3880.jpg\" width=\"400\" height=\"500\" srcset=\"https:\/\/blog.panrotas.com.br\/semreserva\/wp-content\/uploads\/sites\/5\/2014\/01\/DSC_3880.jpg 400w, https:\/\/blog.panrotas.com.br\/semreserva\/wp-content\/uploads\/sites\/5\/2014\/01\/DSC_3880-240x300.jpg 240w\" sizes=\"(max-width: 400px) 100vw, 400px\" \/><\/a><figcaption id=\"caption-attachment-3843\" class=\"wp-caption-text\">A Juliana, da Esferatur, o marido e a filhinha<\/figcaption><\/figure>\n<figure id=\"attachment_3844\" aria-describedby=\"caption-attachment-3844\" style=\"width: 400px\" class=\"wp-caption alignnone\"><a href=\"http:\/\/blog.panrotas.com.br\/semreserva\/wp-content\/uploads\/2014\/01\/DSC_3887.jpg\"><img loading=\"lazy\" class=\"size-full wp-image-3844\" alt=\"Professiori, j\u00e1 em forma, Cibele, o filho e a Leo\" src=\"http:\/\/blog.panrotas.com.br\/semreserva\/wp-content\/uploads\/2014\/01\/DSC_3887.jpg\" width=\"400\" height=\"300\" srcset=\"https:\/\/blog.panrotas.com.br\/semreserva\/wp-content\/uploads\/sites\/5\/2014\/01\/DSC_3887.jpg 400w, https:\/\/blog.panrotas.com.br\/semreserva\/wp-content\/uploads\/sites\/5\/2014\/01\/DSC_3887-300x225.jpg 300w\" sizes=\"(max-width: 400px) 100vw, 400px\" \/><\/a><figcaption id=\"caption-attachment-3844\" class=\"wp-caption-text\">Professiori, j\u00e1 em forma, Cibele, o filho e a Leo<\/figcaption><\/figure>\n<figure id=\"attachment_3845\" aria-describedby=\"caption-attachment-3845\" style=\"width: 400px\" class=\"wp-caption alignnone\"><a href=\"http:\/\/blog.panrotas.com.br\/semreserva\/wp-content\/uploads\/2014\/01\/DSC_3895.jpg\"><img loading=\"lazy\" class=\"size-full wp-image-3845\" alt=\"Fam\u00edlia Carmen Lage, presente\" src=\"http:\/\/blog.panrotas.com.br\/semreserva\/wp-content\/uploads\/2014\/01\/DSC_3895.jpg\" width=\"400\" height=\"300\" srcset=\"https:\/\/blog.panrotas.com.br\/semreserva\/wp-content\/uploads\/sites\/5\/2014\/01\/DSC_3895.jpg 400w, https:\/\/blog.panrotas.com.br\/semreserva\/wp-content\/uploads\/sites\/5\/2014\/01\/DSC_3895-300x225.jpg 300w\" sizes=\"(max-width: 400px) 100vw, 400px\" \/><\/a><figcaption id=\"caption-attachment-3845\" class=\"wp-caption-text\">Fam\u00edlia Carmen Lage, presente<\/figcaption><\/figure>\n<figure id=\"attachment_3846\" aria-describedby=\"caption-attachment-3846\" style=\"width: 400px\" class=\"wp-caption alignnone\"><a href=\"http:\/\/blog.panrotas.com.br\/semreserva\/wp-content\/uploads\/2014\/01\/DSC_3922.jpg\"><img loading=\"lazy\" class=\"size-full wp-image-3846\" alt=\"Patricia Vazquez e o noivo\" src=\"http:\/\/blog.panrotas.com.br\/semreserva\/wp-content\/uploads\/2014\/01\/DSC_3922.jpg\" width=\"400\" height=\"300\" srcset=\"https:\/\/blog.panrotas.com.br\/semreserva\/wp-content\/uploads\/sites\/5\/2014\/01\/DSC_3922.jpg 400w, https:\/\/blog.panrotas.com.br\/semreserva\/wp-content\/uploads\/sites\/5\/2014\/01\/DSC_3922-300x225.jpg 300w\" sizes=\"(max-width: 400px) 100vw, 400px\" \/><\/a><figcaption id=\"caption-attachment-3846\" class=\"wp-caption-text\">Patricia Vazquez e o noivo<\/figcaption><\/figure>\n<figure id=\"attachment_3847\" aria-describedby=\"caption-attachment-3847\" style=\"width: 400px\" class=\"wp-caption alignnone\"><a href=\"http:\/\/blog.panrotas.com.br\/semreserva\/wp-content\/uploads\/2014\/01\/DSC_3956.jpg\"><img loading=\"lazy\" class=\"size-full wp-image-3847\" alt=\"V\u00e2nia, do Transam\u00e9rica, e a fam\u00edlia - lindas meninas\" src=\"http:\/\/blog.panrotas.com.br\/semreserva\/wp-content\/uploads\/2014\/01\/DSC_3956.jpg\" width=\"400\" height=\"300\" srcset=\"https:\/\/blog.panrotas.com.br\/semreserva\/wp-content\/uploads\/sites\/5\/2014\/01\/DSC_3956.jpg 400w, https:\/\/blog.panrotas.com.br\/semreserva\/wp-content\/uploads\/sites\/5\/2014\/01\/DSC_3956-300x225.jpg 300w\" sizes=\"(max-width: 400px) 100vw, 400px\" \/><\/a><figcaption id=\"caption-attachment-3847\" class=\"wp-caption-text\">V\u00e2nia, do Transam\u00e9rica, e a fam\u00edlia &#8211; lindas meninas (e que olhos!!!)<\/figcaption><\/figure>\n<figure id=\"attachment_3848\" aria-describedby=\"caption-attachment-3848\" style=\"width: 400px\" class=\"wp-caption alignnone\"><a href=\"http:\/\/blog.panrotas.com.br\/semreserva\/wp-content\/uploads\/2014\/01\/DSC_3979.jpg\"><img loading=\"lazy\" class=\"size-full wp-image-3848\" alt=\"New generation total: os filhos do Klaus, Professiori e Sanajoti (por que menino sempre gosta de carro?)\" src=\"http:\/\/blog.panrotas.com.br\/semreserva\/wp-content\/uploads\/2014\/01\/DSC_3979.jpg\" width=\"400\" height=\"300\" srcset=\"https:\/\/blog.panrotas.com.br\/semreserva\/wp-content\/uploads\/sites\/5\/2014\/01\/DSC_3979.jpg 400w, https:\/\/blog.panrotas.com.br\/semreserva\/wp-content\/uploads\/sites\/5\/2014\/01\/DSC_3979-300x225.jpg 300w\" sizes=\"(max-width: 400px) 100vw, 400px\" \/><\/a><figcaption id=\"caption-attachment-3848\" class=\"wp-caption-text\">New generation total: os filhos do Klaus, Professiori e Sanajoti (por que menino sempre gosta de carro?)<\/figcaption><\/figure>\n<figure id=\"attachment_3849\" aria-describedby=\"caption-attachment-3849\" style=\"width: 400px\" class=\"wp-caption alignnone\"><a href=\"http:\/\/blog.panrotas.com.br\/semreserva\/wp-content\/uploads\/2014\/01\/DSC_3981.jpg\"><img loading=\"lazy\" class=\"size-full wp-image-3849\" alt=\"Rodrigo Vazquez, Marco Antonio e a namorada Marisa\" src=\"http:\/\/blog.panrotas.com.br\/semreserva\/wp-content\/uploads\/2014\/01\/DSC_3981.jpg\" width=\"400\" height=\"300\" srcset=\"https:\/\/blog.panrotas.com.br\/semreserva\/wp-content\/uploads\/sites\/5\/2014\/01\/DSC_3981.jpg 400w, https:\/\/blog.panrotas.com.br\/semreserva\/wp-content\/uploads\/sites\/5\/2014\/01\/DSC_3981-300x225.jpg 300w\" sizes=\"(max-width: 400px) 100vw, 400px\" \/><\/a><figcaption id=\"caption-attachment-3849\" class=\"wp-caption-text\">Rodrigo Vazquez, Marco Antonio e a namorada Marisa<\/figcaption><\/figure>\n<figure id=\"attachment_3850\" aria-describedby=\"caption-attachment-3850\" style=\"width: 400px\" class=\"wp-caption alignnone\"><a href=\"http:\/\/blog.panrotas.com.br\/semreserva\/wp-content\/uploads\/2014\/01\/DSC_3997.jpg\"><img loading=\"lazy\" class=\"size-full wp-image-3850\" alt=\"Leonor e Karin, mulher de Klaus\" src=\"http:\/\/blog.panrotas.com.br\/semreserva\/wp-content\/uploads\/2014\/01\/DSC_3997.jpg\" width=\"400\" height=\"300\" srcset=\"https:\/\/blog.panrotas.com.br\/semreserva\/wp-content\/uploads\/sites\/5\/2014\/01\/DSC_3997.jpg 400w, https:\/\/blog.panrotas.com.br\/semreserva\/wp-content\/uploads\/sites\/5\/2014\/01\/DSC_3997-300x225.jpg 300w\" sizes=\"(max-width: 400px) 100vw, 400px\" \/><\/a><figcaption id=\"caption-attachment-3850\" class=\"wp-caption-text\">Leonor e Karin, mulher de Klaus<\/figcaption><\/figure>\n<figure id=\"attachment_3851\" aria-describedby=\"caption-attachment-3851\" style=\"width: 400px\" class=\"wp-caption alignnone\"><a href=\"http:\/\/blog.panrotas.com.br\/semreserva\/wp-content\/uploads\/2014\/01\/DSC_4001.jpg\"><img loading=\"lazy\" class=\"size-full wp-image-3851\" alt=\"Klaus, a filha Sarah e Carlinhos\" src=\"http:\/\/blog.panrotas.com.br\/semreserva\/wp-content\/uploads\/2014\/01\/DSC_4001.jpg\" width=\"400\" height=\"300\" srcset=\"https:\/\/blog.panrotas.com.br\/semreserva\/wp-content\/uploads\/sites\/5\/2014\/01\/DSC_4001.jpg 400w, https:\/\/blog.panrotas.com.br\/semreserva\/wp-content\/uploads\/sites\/5\/2014\/01\/DSC_4001-300x225.jpg 300w\" sizes=\"(max-width: 400px) 100vw, 400px\" \/><\/a><figcaption id=\"caption-attachment-3851\" class=\"wp-caption-text\">Klaus, a filha Sarah e Carlinhos<\/figcaption><\/figure>\n<figure id=\"attachment_3852\" aria-describedby=\"caption-attachment-3852\" style=\"width: 400px\" class=\"wp-caption alignnone\"><a href=\"http:\/\/blog.panrotas.com.br\/semreserva\/wp-content\/uploads\/2014\/01\/DSC_4009.jpg\"><img loading=\"lazy\" class=\"size-full wp-image-3852\" alt=\"Vai dizer que estampado n\u00e3o est\u00e1 na moda?\" src=\"http:\/\/blog.panrotas.com.br\/semreserva\/wp-content\/uploads\/2014\/01\/DSC_4009.jpg\" width=\"400\" height=\"300\" srcset=\"https:\/\/blog.panrotas.com.br\/semreserva\/wp-content\/uploads\/sites\/5\/2014\/01\/DSC_4009.jpg 400w, https:\/\/blog.panrotas.com.br\/semreserva\/wp-content\/uploads\/sites\/5\/2014\/01\/DSC_4009-300x225.jpg 300w\" sizes=\"(max-width: 400px) 100vw, 400px\" \/><\/a><figcaption id=\"caption-attachment-3852\" class=\"wp-caption-text\">Vai dizer que estampado n\u00e3o est\u00e1 na moda?<\/figcaption><\/figure>\n<figure id=\"attachment_3853\" aria-describedby=\"caption-attachment-3853\" style=\"width: 400px\" class=\"wp-caption alignnone\"><a href=\"http:\/\/blog.panrotas.com.br\/semreserva\/wp-content\/uploads\/2014\/01\/DSC_4036.jpg\"><img loading=\"lazy\" class=\"size-full wp-image-3853\" alt=\"Leo, Regina e o Tex, da Delta\" src=\"http:\/\/blog.panrotas.com.br\/semreserva\/wp-content\/uploads\/2014\/01\/DSC_4036.jpg\" width=\"400\" height=\"300\" srcset=\"https:\/\/blog.panrotas.com.br\/semreserva\/wp-content\/uploads\/sites\/5\/2014\/01\/DSC_4036.jpg 400w, https:\/\/blog.panrotas.com.br\/semreserva\/wp-content\/uploads\/sites\/5\/2014\/01\/DSC_4036-300x225.jpg 300w\" sizes=\"(max-width: 400px) 100vw, 400px\" \/><\/a><figcaption id=\"caption-attachment-3853\" class=\"wp-caption-text\">Leo, Regina e o Tex, da Delta<\/figcaption><\/figure>\n<figure id=\"attachment_3854\" aria-describedby=\"caption-attachment-3854\" style=\"width: 400px\" class=\"wp-caption alignnone\"><a href=\"http:\/\/blog.panrotas.com.br\/semreserva\/wp-content\/uploads\/2014\/01\/DSC_4144.jpg\"><img loading=\"lazy\" class=\"size-full wp-image-3854\" alt=\"Lucimar, da United, estreando o look moreno, com a linda filhota\" src=\"http:\/\/blog.panrotas.com.br\/semreserva\/wp-content\/uploads\/2014\/01\/DSC_4144.jpg\" width=\"400\" height=\"400\" srcset=\"https:\/\/blog.panrotas.com.br\/semreserva\/wp-content\/uploads\/sites\/5\/2014\/01\/DSC_4144.jpg 400w, https:\/\/blog.panrotas.com.br\/semreserva\/wp-content\/uploads\/sites\/5\/2014\/01\/DSC_4144-300x300.jpg 300w, https:\/\/blog.panrotas.com.br\/semreserva\/wp-content\/uploads\/sites\/5\/2014\/01\/DSC_4144-150x150.jpg 150w\" sizes=\"(max-width: 400px) 100vw, 400px\" \/><\/a><figcaption id=\"caption-attachment-3854\" class=\"wp-caption-text\">Lucimar, da United, estreando o look moreno, com a linda filhota<\/figcaption><\/figure>\n<figure id=\"attachment_3855\" aria-describedby=\"caption-attachment-3855\" style=\"width: 400px\" class=\"wp-caption alignnone\"><a href=\"http:\/\/blog.panrotas.com.br\/semreserva\/wp-content\/uploads\/2014\/01\/DSC_4228.jpg\"><img loading=\"lazy\" class=\"size-full wp-image-3855\" alt=\"Como boa neta de espanh\u00f3is, Manu canta... e dan\u00e7a\" src=\"http:\/\/blog.panrotas.com.br\/semreserva\/wp-content\/uploads\/2014\/01\/DSC_4228.jpg\" width=\"400\" height=\"600\" srcset=\"https:\/\/blog.panrotas.com.br\/semreserva\/wp-content\/uploads\/sites\/5\/2014\/01\/DSC_4228.jpg 400w, https:\/\/blog.panrotas.com.br\/semreserva\/wp-content\/uploads\/sites\/5\/2014\/01\/DSC_4228-200x300.jpg 200w\" sizes=\"(max-width: 400px) 100vw, 400px\" \/><\/a><figcaption id=\"caption-attachment-3855\" class=\"wp-caption-text\">Como boa neta de espanh\u00f3is, Manu canta&#8230; e dan\u00e7a<\/figcaption><\/figure>\n<figure id=\"attachment_3856\" aria-describedby=\"caption-attachment-3856\" style=\"width: 400px\" class=\"wp-caption alignnone\"><a href=\"http:\/\/blog.panrotas.com.br\/semreserva\/wp-content\/uploads\/2014\/01\/DSC_4259.jpg\"><img loading=\"lazy\" class=\"size-full wp-image-3856\" alt=\"Ana Beatriz, Carlinhos e Adriana Cavalcanti, irm\u00e3 mais velha (mais conhecida como m\u00e3e) de Ana B.\" src=\"http:\/\/blog.panrotas.com.br\/semreserva\/wp-content\/uploads\/2014\/01\/DSC_4259.jpg\" width=\"400\" height=\"300\" srcset=\"https:\/\/blog.panrotas.com.br\/semreserva\/wp-content\/uploads\/sites\/5\/2014\/01\/DSC_4259.jpg 400w, https:\/\/blog.panrotas.com.br\/semreserva\/wp-content\/uploads\/sites\/5\/2014\/01\/DSC_4259-300x225.jpg 300w\" sizes=\"(max-width: 400px) 100vw, 400px\" \/><\/a><figcaption id=\"caption-attachment-3856\" class=\"wp-caption-text\">Ana Beatriz, Carlinhos e Adriana Cavalcanti, irm\u00e3 mais velha (mais conhecida como m\u00e3e) de Ana B.<\/figcaption><\/figure>\n<figure id=\"attachment_3857\" aria-describedby=\"caption-attachment-3857\" style=\"width: 400px\" class=\"wp-caption alignnone\"><a href=\"http:\/\/blog.panrotas.com.br\/semreserva\/wp-content\/uploads\/2014\/01\/DSC_4347.jpg\"><img loading=\"lazy\" class=\"size-full wp-image-3857\" alt=\"Sanajoti e Z\u00e9 Roberto, com suas &quot;senhoras&quot;\" src=\"http:\/\/blog.panrotas.com.br\/semreserva\/wp-content\/uploads\/2014\/01\/DSC_4347.jpg\" width=\"400\" height=\"300\" srcset=\"https:\/\/blog.panrotas.com.br\/semreserva\/wp-content\/uploads\/sites\/5\/2014\/01\/DSC_4347.jpg 400w, https:\/\/blog.panrotas.com.br\/semreserva\/wp-content\/uploads\/sites\/5\/2014\/01\/DSC_4347-300x225.jpg 300w\" sizes=\"(max-width: 400px) 100vw, 400px\" \/><\/a><figcaption id=\"caption-attachment-3857\" class=\"wp-caption-text\">Sanajoti e Z\u00e9 Roberto, com as esposas<\/figcaption><\/figure>\n<figure id=\"attachment_3858\" aria-describedby=\"caption-attachment-3858\" style=\"width: 400px\" class=\"wp-caption alignnone\"><a href=\"http:\/\/blog.panrotas.com.br\/semreserva\/wp-content\/uploads\/2014\/01\/DSC_4668.jpg\"><img loading=\"lazy\" class=\"size-full wp-image-3858\" alt=\"Parab\u00e9ns pra Manu\" src=\"http:\/\/blog.panrotas.com.br\/semreserva\/wp-content\/uploads\/2014\/01\/DSC_4668.jpg\" width=\"400\" height=\"300\" srcset=\"https:\/\/blog.panrotas.com.br\/semreserva\/wp-content\/uploads\/sites\/5\/2014\/01\/DSC_4668.jpg 400w, https:\/\/blog.panrotas.com.br\/semreserva\/wp-content\/uploads\/sites\/5\/2014\/01\/DSC_4668-300x225.jpg 300w\" sizes=\"(max-width: 400px) 100vw, 400px\" \/><\/a><figcaption id=\"caption-attachment-3858\" class=\"wp-caption-text\">Parab\u00e9ns pra Manu<\/figcaption><\/figure>\n<figure id=\"attachment_3859\" aria-describedby=\"caption-attachment-3859\" style=\"width: 400px\" class=\"wp-caption alignnone\"><a href=\"http:\/\/blog.panrotas.com.br\/semreserva\/wp-content\/uploads\/2014\/01\/DSC_4847.jpg\"><img loading=\"lazy\" class=\"size-full wp-image-3859\" alt=\"A professora Helena, Manu e eu\" src=\"http:\/\/blog.panrotas.com.br\/semreserva\/wp-content\/uploads\/2014\/01\/DSC_4847.jpg\" width=\"400\" height=\"300\" srcset=\"https:\/\/blog.panrotas.com.br\/semreserva\/wp-content\/uploads\/sites\/5\/2014\/01\/DSC_4847.jpg 400w, https:\/\/blog.panrotas.com.br\/semreserva\/wp-content\/uploads\/sites\/5\/2014\/01\/DSC_4847-300x225.jpg 300w\" sizes=\"(max-width: 400px) 100vw, 400px\" \/><\/a><figcaption id=\"caption-attachment-3859\" class=\"wp-caption-text\">A professora Helena, Manu e eu<\/figcaption><\/figure>\n<figure id=\"attachment_3860\" aria-describedby=\"caption-attachment-3860\" style=\"width: 400px\" class=\"wp-caption alignnone\"><a href=\"http:\/\/blog.panrotas.com.br\/semreserva\/wp-content\/uploads\/2014\/01\/DSC_4947.jpg\"><img loading=\"lazy\" class=\"size-full wp-image-3860\" alt=\"Carinho com o irm\u00e3o\" src=\"http:\/\/blog.panrotas.com.br\/semreserva\/wp-content\/uploads\/2014\/01\/DSC_4947.jpg\" width=\"400\" height=\"300\" srcset=\"https:\/\/blog.panrotas.com.br\/semreserva\/wp-content\/uploads\/sites\/5\/2014\/01\/DSC_4947.jpg 400w, https:\/\/blog.panrotas.com.br\/semreserva\/wp-content\/uploads\/sites\/5\/2014\/01\/DSC_4947-300x225.jpg 300w\" sizes=\"(max-width: 400px) 100vw, 400px\" \/><\/a><figcaption id=\"caption-attachment-3860\" class=\"wp-caption-text\">Carinho com o irm\u00e3o<\/figcaption><\/figure>\n<figure id=\"attachment_3861\" aria-describedby=\"caption-attachment-3861\" style=\"width: 400px\" class=\"wp-caption alignnone\"><a href=\"http:\/\/blog.panrotas.com.br\/semreserva\/wp-content\/uploads\/2014\/01\/DSC_4965.jpg\"><img loading=\"lazy\" class=\"size-full wp-image-3861\" alt=\"Carinho com a irm\u00e3\" src=\"http:\/\/blog.panrotas.com.br\/semreserva\/wp-content\/uploads\/2014\/01\/DSC_4965.jpg\" width=\"400\" height=\"300\" srcset=\"https:\/\/blog.panrotas.com.br\/semreserva\/wp-content\/uploads\/sites\/5\/2014\/01\/DSC_4965.jpg 400w, https:\/\/blog.panrotas.com.br\/semreserva\/wp-content\/uploads\/sites\/5\/2014\/01\/DSC_4965-300x225.jpg 300w\" sizes=\"(max-width: 400px) 100vw, 400px\" \/><\/a><figcaption id=\"caption-attachment-3861\" class=\"wp-caption-text\">Carinho com a irm\u00e3<\/figcaption><\/figure>\n<figure id=\"attachment_3862\" aria-describedby=\"caption-attachment-3862\" style=\"width: 400px\" class=\"wp-caption alignnone\"><a href=\"http:\/\/blog.panrotas.com.br\/semreserva\/wp-content\/uploads\/2014\/01\/DSC_4980.jpg\"><img loading=\"lazy\" class=\"size-full wp-image-3862\" alt=\"Carinho com quem cuida dela todos os dias\" src=\"http:\/\/blog.panrotas.com.br\/semreserva\/wp-content\/uploads\/2014\/01\/DSC_4980.jpg\" width=\"400\" height=\"300\" srcset=\"https:\/\/blog.panrotas.com.br\/semreserva\/wp-content\/uploads\/sites\/5\/2014\/01\/DSC_4980.jpg 400w, https:\/\/blog.panrotas.com.br\/semreserva\/wp-content\/uploads\/sites\/5\/2014\/01\/DSC_4980-300x225.jpg 300w\" sizes=\"(max-width: 400px) 100vw, 400px\" \/><\/a><figcaption id=\"caption-attachment-3862\" class=\"wp-caption-text\">Carinho com quem cuida dela todos os dias<\/figcaption><\/figure>\n<figure id=\"attachment_3863\" aria-describedby=\"caption-attachment-3863\" style=\"width: 400px\" class=\"wp-caption alignnone\"><a href=\"http:\/\/blog.panrotas.com.br\/semreserva\/wp-content\/uploads\/2014\/01\/DSC_5136.jpg\"><img loading=\"lazy\" class=\"size-full wp-image-3863\" alt=\"Manu com Cris e Domingos, e a fof\u00edssima Vit\u00f3ria\" src=\"http:\/\/blog.panrotas.com.br\/semreserva\/wp-content\/uploads\/2014\/01\/DSC_5136.jpg\" width=\"400\" height=\"300\" srcset=\"https:\/\/blog.panrotas.com.br\/semreserva\/wp-content\/uploads\/sites\/5\/2014\/01\/DSC_5136.jpg 400w, https:\/\/blog.panrotas.com.br\/semreserva\/wp-content\/uploads\/sites\/5\/2014\/01\/DSC_5136-300x225.jpg 300w\" sizes=\"(max-width: 400px) 100vw, 400px\" \/><\/a><figcaption id=\"caption-attachment-3863\" class=\"wp-caption-text\">Manu com Cris e Domingos, e a fof\u00edssima Vit\u00f3ria<\/figcaption><\/figure>\n<figure id=\"attachment_3864\" aria-describedby=\"caption-attachment-3864\" style=\"width: 400px\" class=\"wp-caption alignnone\"><a href=\"http:\/\/blog.panrotas.com.br\/semreserva\/wp-content\/uploads\/2014\/01\/DSC_5206.jpg\"><img loading=\"lazy\" class=\"size-full wp-image-3864\" alt=\"Marco Antonio e Pedro\" src=\"http:\/\/blog.panrotas.com.br\/semreserva\/wp-content\/uploads\/2014\/01\/DSC_5206.jpg\" width=\"400\" height=\"400\" srcset=\"https:\/\/blog.panrotas.com.br\/semreserva\/wp-content\/uploads\/sites\/5\/2014\/01\/DSC_5206.jpg 400w, https:\/\/blog.panrotas.com.br\/semreserva\/wp-content\/uploads\/sites\/5\/2014\/01\/DSC_5206-300x300.jpg 300w, https:\/\/blog.panrotas.com.br\/semreserva\/wp-content\/uploads\/sites\/5\/2014\/01\/DSC_5206-150x150.jpg 150w\" sizes=\"(max-width: 400px) 100vw, 400px\" \/><\/a><figcaption id=\"caption-attachment-3864\" class=\"wp-caption-text\">Marco Antonio e Pedro<\/figcaption><\/figure>\n<p>&nbsp;<\/p>\n","protected":false},"excerpt":{"rendered":"<p>25 de janeiro. Feriado em S\u00e3o Paulo. Dia de superfesta dos dez anos da Manuela, filha do Carlinhos e da Leonor. E dia de ver como est\u00e3o fofos e espertos os filhos de muitos amigos do trade. A festa este ano teve como tema a novelinha Carrossel&#8230; e pelo menos os assuntos deixaram de ser [&hellip;]<\/p>\n","protected":false},"author":7,"featured_media":0,"comment_status":"open","ping_status":"open","sticky":false,"template":"","format":"standard","meta":{"spay_email":""},"categories":[2],"tags":[],"yoast_head":"<!-- This site is optimized with the Yoast SEO plugin v17.3 - https:\/\/yoast.com\/wordpress\/plugins\/seo\/ -->\n<title>FERIADO COM OS PEQUENOS -<\/title>\n<meta name=\"description\" content=\"FERIADO COM OS PEQUENOS. Confira essa Mat\u00e9ria no Canal Sem reserva. \u27a4 Projeto em parceria com a PANROTAS.\" \/>\n<meta name=\"robots\" content=\"index, follow, max-snippet:-1, max-image-preview:large, max-video-preview:-1\" \/>\n<link rel=\"canonical\" href=\"https:\/\/blog.panrotas.com.br\/semreserva\/feriado-com-os-pequenos\/25-01-2014\/\" \/>\n<meta property=\"og:locale\" content=\"pt_BR\" \/>\n<meta property=\"og:type\" content=\"article\" \/>\n<meta property=\"og:title\" content=\"FERIADO COM OS PEQUENOS -\" \/>\n<meta property=\"og:description\" content=\"FERIADO COM OS PEQUENOS. Confira essa Mat\u00e9ria no Canal Sem reserva. \u27a4 Projeto em parceria com a PANROTAS.\" \/>\n<meta property=\"og:url\" content=\"https:\/\/blog.panrotas.com.br\/semreserva\/feriado-com-os-pequenos\/25-01-2014\/\" \/>\n<meta property=\"og:site_name\" content=\"Sem reserva\" \/>\n<meta property=\"article:publisher\" content=\"https:\/\/www.facebook.com\/portalpanrotas\/\" \/>\n<meta property=\"article:published_time\" content=\"2014-01-26T01:02:45+00:00\" \/>\n<meta property=\"og:image\" content=\"http:\/\/blog.panrotas.com.br\/semreserva\/wp-content\/uploads\/2014\/01\/DSC_3580.jpg\" \/>\n<meta name=\"twitter:card\" content=\"summary_large_image\" \/>\n<meta name=\"twitter:creator\" content=\"@portalpanrotas\" \/>\n<meta name=\"twitter:site\" content=\"@portalpanrotas\" \/>\n<meta name=\"twitter:label1\" content=\"Escrito por\" \/>\n\t<meta name=\"twitter:data1\" content=\"Artur Andrade\" \/>\n\t<meta name=\"twitter:label2\" content=\"Est. tempo de leitura\" \/>\n\t<meta name=\"twitter:data2\" content=\"3 minutos\" \/>\n<script type=\"application\/ld+json\" class=\"yoast-schema-graph\">{\"@context\":\"https:\/\/schema.org\",\"@graph\":[{\"@type\":\"Organization\",\"@id\":\"http:\/\/blog.panrotas.com.br\/semreserva\/#organization\",\"name\":\"Sem Reserva - Blog no Portal PANROTAS\",\"url\":\"http:\/\/blog.panrotas.com.br\/semreserva\/\",\"sameAs\":[\"https:\/\/www.facebook.com\/portalpanrotas\/\",\"https:\/\/www.instagram.com\/portalpanrotas\/\",\"https:\/\/br.linkedin.com\/company\/panrotas\",\"https:\/\/www.youtube.com\/tvpanrotas\",\"https:\/\/twitter.com\/portalpanrotas\"],\"logo\":{\"@type\":\"ImageObject\",\"@id\":\"http:\/\/blog.panrotas.com.br\/semreserva\/#logo\",\"inLanguage\":\"pt-BR\",\"url\":\"https:\/\/blog.panrotas.com.br\/semreserva\/wp-content\/uploads\/sites\/5\/2020\/06\/logo.png\",\"contentUrl\":\"https:\/\/blog.panrotas.com.br\/semreserva\/wp-content\/uploads\/sites\/5\/2020\/06\/logo.png\",\"width\":259,\"height\":53,\"caption\":\"Sem Reserva - Blog no Portal PANROTAS\"},\"image\":{\"@id\":\"http:\/\/blog.panrotas.com.br\/semreserva\/#logo\"}},{\"@type\":\"WebSite\",\"@id\":\"http:\/\/blog.panrotas.com.br\/semreserva\/#website\",\"url\":\"http:\/\/blog.panrotas.com.br\/semreserva\/\",\"name\":\"Sem reserva\",\"description\":\"Blogosfera PANROTAS\",\"publisher\":{\"@id\":\"http:\/\/blog.panrotas.com.br\/semreserva\/#organization\"},\"potentialAction\":[{\"@type\":\"SearchAction\",\"target\":{\"@type\":\"EntryPoint\",\"urlTemplate\":\"http:\/\/blog.panrotas.com.br\/semreserva\/?s={search_term_string}\"},\"query-input\":\"required name=search_term_string\"}],\"inLanguage\":\"pt-BR\"},{\"@type\":\"ImageObject\",\"@id\":\"https:\/\/blog.panrotas.com.br\/semreserva\/feriado-com-os-pequenos\/25-01-2014\/#primaryimage\",\"inLanguage\":\"pt-BR\",\"url\":\"http:\/\/blog.panrotas.com.br\/semreserva\/wp-content\/uploads\/2014\/01\/DSC_3580.jpg\",\"contentUrl\":\"http:\/\/blog.panrotas.com.br\/semreserva\/wp-content\/uploads\/2014\/01\/DSC_3580.jpg\"},{\"@type\":\"WebPage\",\"@id\":\"https:\/\/blog.panrotas.com.br\/semreserva\/feriado-com-os-pequenos\/25-01-2014\/#webpage\",\"url\":\"https:\/\/blog.panrotas.com.br\/semreserva\/feriado-com-os-pequenos\/25-01-2014\/\",\"name\":\"FERIADO COM OS PEQUENOS -\",\"isPartOf\":{\"@id\":\"http:\/\/blog.panrotas.com.br\/semreserva\/#website\"},\"primaryImageOfPage\":{\"@id\":\"https:\/\/blog.panrotas.com.br\/semreserva\/feriado-com-os-pequenos\/25-01-2014\/#primaryimage\"},\"datePublished\":\"2014-01-26T01:02:45+00:00\",\"dateModified\":\"2014-01-26T01:02:45+00:00\",\"description\":\"FERIADO COM OS PEQUENOS. Confira essa Mat\\u00e9ria no Canal Sem reserva. \\u27a4 Projeto em parceria com a PANROTAS.\",\"breadcrumb\":{\"@id\":\"https:\/\/blog.panrotas.com.br\/semreserva\/feriado-com-os-pequenos\/25-01-2014\/#breadcrumb\"},\"inLanguage\":\"pt-BR\",\"potentialAction\":[{\"@type\":\"ReadAction\",\"target\":[\"https:\/\/blog.panrotas.com.br\/semreserva\/feriado-com-os-pequenos\/25-01-2014\/\"]}]},{\"@type\":\"BreadcrumbList\",\"@id\":\"https:\/\/blog.panrotas.com.br\/semreserva\/feriado-com-os-pequenos\/25-01-2014\/#breadcrumb\",\"itemListElement\":[{\"@type\":\"ListItem\",\"position\":1,\"name\":\"Home do Blog\",\"item\":\"http:\/\/blog.panrotas.com.br\/semreserva\/\"},{\"@type\":\"ListItem\",\"position\":2,\"name\":\"Dia a dia\",\"item\":\"https:\/\/blog.panrotas.com.br\/semreserva\/category\/dia-a-dia\/\"},{\"@type\":\"ListItem\",\"position\":3,\"name\":\"FERIADO COM OS PEQUENOS\"}]},{\"@type\":\"Article\",\"@id\":\"https:\/\/blog.panrotas.com.br\/semreserva\/feriado-com-os-pequenos\/25-01-2014\/#article\",\"isPartOf\":{\"@id\":\"https:\/\/blog.panrotas.com.br\/semreserva\/feriado-com-os-pequenos\/25-01-2014\/#webpage\"},\"author\":{\"@id\":\"http:\/\/blog.panrotas.com.br\/semreserva\/#\/schema\/person\/c93b4555f6a497d2d83c25dcb80f61ed\"},\"headline\":\"FERIADO COM OS PEQUENOS\",\"datePublished\":\"2014-01-26T01:02:45+00:00\",\"dateModified\":\"2014-01-26T01:02:45+00:00\",\"mainEntityOfPage\":{\"@id\":\"https:\/\/blog.panrotas.com.br\/semreserva\/feriado-com-os-pequenos\/25-01-2014\/#webpage\"},\"wordCount\":550,\"commentCount\":0,\"publisher\":{\"@id\":\"http:\/\/blog.panrotas.com.br\/semreserva\/#organization\"},\"image\":{\"@id\":\"https:\/\/blog.panrotas.com.br\/semreserva\/feriado-com-os-pequenos\/25-01-2014\/#primaryimage\"},\"thumbnailUrl\":\"http:\/\/blog.panrotas.com.br\/semreserva\/wp-content\/uploads\/2014\/01\/DSC_3580.jpg\",\"articleSection\":[\"Dia a dia\"],\"inLanguage\":\"pt-BR\",\"potentialAction\":[{\"@type\":\"CommentAction\",\"name\":\"Comment\",\"target\":[\"https:\/\/blog.panrotas.com.br\/semreserva\/feriado-com-os-pequenos\/25-01-2014\/#respond\"]}]},{\"@type\":\"Person\",\"@id\":\"http:\/\/blog.panrotas.com.br\/semreserva\/#\/schema\/person\/c93b4555f6a497d2d83c25dcb80f61ed\",\"name\":\"Artur Andrade\",\"image\":{\"@type\":\"ImageObject\",\"@id\":\"http:\/\/blog.panrotas.com.br\/semreserva\/#personlogo\",\"inLanguage\":\"pt-BR\",\"url\":\"https:\/\/secure.gravatar.com\/avatar\/a94564d630220cefd5c82f3452ac1ef4?s=96&d=mm&r=g\",\"contentUrl\":\"https:\/\/secure.gravatar.com\/avatar\/a94564d630220cefd5c82f3452ac1ef4?s=96&d=mm&r=g\",\"caption\":\"Artur Andrade\"},\"description\":\"Artur Luiz Andrade \\u00e9 carioca, taurino, jornalista e nasceu em 1969. \\u00c9 editor-chefe da PANROTAS Editora e mora em S\\u00e3o Paulo desde 1998\",\"sameAs\":[\"http:\/\/www.panrotas.com.br\"]}]}<\/script>\n<!-- \/ Yoast SEO plugin. -->","yoast_head_json":{"title":"FERIADO COM OS PEQUENOS -","description":"FERIADO COM OS PEQUENOS. Confira essa Mat\u00e9ria no Canal Sem reserva. \u27a4 Projeto em parceria com a PANROTAS.","robots":{"index":"index","follow":"follow","max-snippet":"max-snippet:-1","max-image-preview":"max-image-preview:large","max-video-preview":"max-video-preview:-1"},"canonical":"https:\/\/blog.panrotas.com.br\/semreserva\/feriado-com-os-pequenos\/25-01-2014\/","og_locale":"pt_BR","og_type":"article","og_title":"FERIADO COM OS PEQUENOS -","og_description":"FERIADO COM OS PEQUENOS. Confira essa Mat\u00e9ria no Canal Sem reserva. \u27a4 Projeto em parceria com a PANROTAS.","og_url":"https:\/\/blog.panrotas.com.br\/semreserva\/feriado-com-os-pequenos\/25-01-2014\/","og_site_name":"Sem reserva","article_publisher":"https:\/\/www.facebook.com\/portalpanrotas\/","article_published_time":"2014-01-26T01:02:45+00:00","og_image":[{"url":"http:\/\/blog.panrotas.com.br\/semreserva\/wp-content\/uploads\/2014\/01\/DSC_3580.jpg"}],"twitter_card":"summary_large_image","twitter_creator":"@portalpanrotas","twitter_site":"@portalpanrotas","twitter_misc":{"Escrito por":"Artur Andrade","Est. tempo de leitura":"3 minutos"},"schema":{"@context":"https:\/\/schema.org","@graph":[{"@type":"Organization","@id":"http:\/\/blog.panrotas.com.br\/semreserva\/#organization","name":"Sem Reserva - Blog no Portal PANROTAS","url":"http:\/\/blog.panrotas.com.br\/semreserva\/","sameAs":["https:\/\/www.facebook.com\/portalpanrotas\/","https:\/\/www.instagram.com\/portalpanrotas\/","https:\/\/br.linkedin.com\/company\/panrotas","https:\/\/www.youtube.com\/tvpanrotas","https:\/\/twitter.com\/portalpanrotas"],"logo":{"@type":"ImageObject","@id":"http:\/\/blog.panrotas.com.br\/semreserva\/#logo","inLanguage":"pt-BR","url":"https:\/\/blog.panrotas.com.br\/semreserva\/wp-content\/uploads\/sites\/5\/2020\/06\/logo.png","contentUrl":"https:\/\/blog.panrotas.com.br\/semreserva\/wp-content\/uploads\/sites\/5\/2020\/06\/logo.png","width":259,"height":53,"caption":"Sem Reserva - Blog no Portal PANROTAS"},"image":{"@id":"http:\/\/blog.panrotas.com.br\/semreserva\/#logo"}},{"@type":"WebSite","@id":"http:\/\/blog.panrotas.com.br\/semreserva\/#website","url":"http:\/\/blog.panrotas.com.br\/semreserva\/","name":"Sem reserva","description":"Blogosfera PANROTAS","publisher":{"@id":"http:\/\/blog.panrotas.com.br\/semreserva\/#organization"},"potentialAction":[{"@type":"SearchAction","target":{"@type":"EntryPoint","urlTemplate":"http:\/\/blog.panrotas.com.br\/semreserva\/?s={search_term_string}"},"query-input":"required name=search_term_string"}],"inLanguage":"pt-BR"},{"@type":"ImageObject","@id":"https:\/\/blog.panrotas.com.br\/semreserva\/feriado-com-os-pequenos\/25-01-2014\/#primaryimage","inLanguage":"pt-BR","url":"http:\/\/blog.panrotas.com.br\/semreserva\/wp-content\/uploads\/2014\/01\/DSC_3580.jpg","contentUrl":"http:\/\/blog.panrotas.com.br\/semreserva\/wp-content\/uploads\/2014\/01\/DSC_3580.jpg"},{"@type":"WebPage","@id":"https:\/\/blog.panrotas.com.br\/semreserva\/feriado-com-os-pequenos\/25-01-2014\/#webpage","url":"https:\/\/blog.panrotas.com.br\/semreserva\/feriado-com-os-pequenos\/25-01-2014\/","name":"FERIADO COM OS PEQUENOS -","isPartOf":{"@id":"http:\/\/blog.panrotas.com.br\/semreserva\/#website"},"primaryImageOfPage":{"@id":"https:\/\/blog.panrotas.com.br\/semreserva\/feriado-com-os-pequenos\/25-01-2014\/#primaryimage"},"datePublished":"2014-01-26T01:02:45+00:00","dateModified":"2014-01-26T01:02:45+00:00","description":"FERIADO COM OS PEQUENOS. Confira essa Mat\u00e9ria no Canal Sem reserva. \u27a4 Projeto em parceria com a PANROTAS.","breadcrumb":{"@id":"https:\/\/blog.panrotas.com.br\/semreserva\/feriado-com-os-pequenos\/25-01-2014\/#breadcrumb"},"inLanguage":"pt-BR","potentialAction":[{"@type":"ReadAction","target":["https:\/\/blog.panrotas.com.br\/semreserva\/feriado-com-os-pequenos\/25-01-2014\/"]}]},{"@type":"BreadcrumbList","@id":"https:\/\/blog.panrotas.com.br\/semreserva\/feriado-com-os-pequenos\/25-01-2014\/#breadcrumb","itemListElement":[{"@type":"ListItem","position":1,"name":"Home do Blog","item":"http:\/\/blog.panrotas.com.br\/semreserva\/"},{"@type":"ListItem","position":2,"name":"Dia a dia","item":"https:\/\/blog.panrotas.com.br\/semreserva\/category\/dia-a-dia\/"},{"@type":"ListItem","position":3,"name":"FERIADO COM OS PEQUENOS"}]},{"@type":"Article","@id":"https:\/\/blog.panrotas.com.br\/semreserva\/feriado-com-os-pequenos\/25-01-2014\/#article","isPartOf":{"@id":"https:\/\/blog.panrotas.com.br\/semreserva\/feriado-com-os-pequenos\/25-01-2014\/#webpage"},"author":{"@id":"http:\/\/blog.panrotas.com.br\/semreserva\/#\/schema\/person\/c93b4555f6a497d2d83c25dcb80f61ed"},"headline":"FERIADO COM OS PEQUENOS","datePublished":"2014-01-26T01:02:45+00:00","dateModified":"2014-01-26T01:02:45+00:00","mainEntityOfPage":{"@id":"https:\/\/blog.panrotas.com.br\/semreserva\/feriado-com-os-pequenos\/25-01-2014\/#webpage"},"wordCount":550,"commentCount":0,"publisher":{"@id":"http:\/\/blog.panrotas.com.br\/semreserva\/#organization"},"image":{"@id":"https:\/\/blog.panrotas.com.br\/semreserva\/feriado-com-os-pequenos\/25-01-2014\/#primaryimage"},"thumbnailUrl":"http:\/\/blog.panrotas.com.br\/semreserva\/wp-content\/uploads\/2014\/01\/DSC_3580.jpg","articleSection":["Dia a dia"],"inLanguage":"pt-BR","potentialAction":[{"@type":"CommentAction","name":"Comment","target":["https:\/\/blog.panrotas.com.br\/semreserva\/feriado-com-os-pequenos\/25-01-2014\/#respond"]}]},{"@type":"Person","@id":"http:\/\/blog.panrotas.com.br\/semreserva\/#\/schema\/person\/c93b4555f6a497d2d83c25dcb80f61ed","name":"Artur Andrade","image":{"@type":"ImageObject","@id":"http:\/\/blog.panrotas.com.br\/semreserva\/#personlogo","inLanguage":"pt-BR","url":"https:\/\/secure.gravatar.com\/avatar\/a94564d630220cefd5c82f3452ac1ef4?s=96&d=mm&r=g","contentUrl":"https:\/\/secure.gravatar.com\/avatar\/a94564d630220cefd5c82f3452ac1ef4?s=96&d=mm&r=g","caption":"Artur Andrade"},"description":"Artur Luiz Andrade \u00e9 carioca, taurino, jornalista e nasceu em 1969. \u00c9 editor-chefe da PANROTAS Editora e mora em S\u00e3o Paulo desde 1998","sameAs":["http:\/\/www.panrotas.com.br"]}]}},"jetpack_featured_media_url":"","jetpack_shortlink":"https:\/\/wp.me\/p7idIU-ZS","_links":{"self":[{"href":"https:\/\/blog.panrotas.com.br\/semreserva\/wp-json\/wp\/v2\/posts\/3836"}],"collection":[{"href":"https:\/\/blog.panrotas.com.br\/semreserva\/wp-json\/wp\/v2\/posts"}],"about":[{"href":"https:\/\/blog.panrotas.com.br\/semreserva\/wp-json\/wp\/v2\/types\/post"}],"author":[{"embeddable":true,"href":"https:\/\/blog.panrotas.com.br\/semreserva\/wp-json\/wp\/v2\/users\/7"}],"replies":[{"embeddable":true,"href":"https:\/\/blog.panrotas.com.br\/semreserva\/wp-json\/wp\/v2\/comments?post=3836"}],"version-history":[{"count":0,"href":"https:\/\/blog.panrotas.com.br\/semreserva\/wp-json\/wp\/v2\/posts\/3836\/revisions"}],"wp:attachment":[{"href":"https:\/\/blog.panrotas.com.br\/semreserva\/wp-json\/wp\/v2\/media?parent=3836"}],"wp:term":[{"taxonomy":"category","embeddable":true,"href":"https:\/\/blog.panrotas.com.br\/semreserva\/wp-json\/wp\/v2\/categories?post=3836"},{"taxonomy":"post_tag","embeddable":true,"href":"https:\/\/blog.panrotas.com.br\/semreserva\/wp-json\/wp\/v2\/tags?post=3836"}],"curies":[{"name":"wp","href":"https:\/\/api.w.org\/{rel}","templated":true}]}}