{"id":3874,"date":"2014-02-02T13:00:04","date_gmt":"2014-02-02T16:00:04","guid":{"rendered":"http:\/\/blog.panrotas.com.br\/semreserva\/?p=3874"},"modified":"2014-02-02T13:00:04","modified_gmt":"2014-02-02T16:00:04","slug":"valorizacao-investimentos-e-o-mundo-multicanal","status":"publish","type":"post","link":"https:\/\/blog.panrotas.com.br\/semreserva\/valorizacao-investimentos-e-o-mundo-multicanal\/02-02-2014\/","title":{"rendered":"Valoriza\u00e7\u00e3o, investimentos e o mundo multicanal"},"content":{"rendered":"<p>Lembro de, ainda crian\u00e7a, chegar com os amigos ao cinema e ver a fila dando volta no quarteir\u00e3o. Hoje o ingresso chega no meu celular, com lugar marcado, e \u00e9 mais caro que na bilheteria.<\/p>\n<p>Lembro tamb\u00e9m de como era sagrado reservar ao menos duas horas para um mergulho na megastore da Virgin Records, em Manhattan. Era um sonho para qualquer aficionado por filmes, m\u00fasica, artes em geral. Hoje vejo o filme que quiser no meu ipad, na minha TV&#8230; As m\u00fasicas est\u00e3o no meu celular. Os livros ainda resistem na estante. Mas a conta \u00e9 paga n\u00e3o na loja, mas via internet, ou na fatura da TV a cabo, entre tantas op\u00e7\u00f5es \u2013 uma delas, baixar de gra\u00e7a (mas essa \u00e9 outra quest\u00e3o, apesar de impactar a cadeia comercial). Mas d\u00e1 saudades entrar na Virgin, na Modern Sound, do Rio, apesar de hoje estar tudo muito melhor. Eu escolho como ver, pagar, compartilhar&#8230;<\/p>\n<p>Lembro de mais uma coisa: quando entrei no turismo, no Rio de Janeiro, mais de duas d\u00e9cadas atr\u00e1s, fui percebendo que existiam verdadeiras panelinhas de quem podia vender o qu\u00ea. A maior delas, da finada Varig. Parecia um clube. Hoje n\u00e3o \u00e9 mais poss\u00edvel ser assim. Todo mundo vende todo mundo. Em diferentes canais, com diferentes condi\u00e7\u00f5es de incentivo ou facilidades, mas com pre\u00e7o mais ou menos parecido. Inclusive para o passageiro comprar direto.<\/p>\n<p>Todo esse pre\u00e2mbulo n\u00e3o para mais uma cr\u00f4nica saudosista, mas para constatar mudan\u00e7as, mostrar como nos adaptamos a elas (ou algumas delas) e, claro, falar do nosso setor.<\/p>\n<p>Na sexta-feira, tive um \u00f3timo almo\u00e7o, no Fam\u00edlia Mancini, em S\u00e3o Paulo, com os tr\u00eas moqueteiros da Nascimento Turismo \u2013 Pl\u00ednio, Cleiton e Oswaldo, que conhe\u00e7o desde a \u00e9poca do ingresso de cinema, da loja de discos e filmes, da panelinha da Varig, pois ele era de uma, quer dizer, ele era Soletur&#8230; Ironia que a dona da panela matou a maior operadora do pa\u00eds. Mas isso tamb\u00e9m \u00e9 outra hist\u00f3ria.<\/p>\n<p>A Nascimento se prepara para mais uma edi\u00e7\u00e3o de seu Nastur, em que leva agentes de viagens para um hotel, onde acontecem treinamentos em salas individuais. \u00c9 um modelo consagrado e pelo que me dizem, j\u00e1 a Pan Am, que Deus a tenha, usava esse tipo de evento para os agentes. A Ancoradouro \u00e9 outro \u00edcone nesse sentido, assim como o Ricardo Lopes, da Touristcard, no Rio, e fato \u00e9 que \u00e9 um tipo de evento que, se mal feito, vira oba oba ou tempo perdido. E mal feito quer dizer basicamente duas coisas: agentes de viagens mais interessados no passeio que em se capacitar e expositores que n\u00e3o sabem capacitar e ficam recitando a ficha t\u00e9cnica de seu produto.<\/p>\n<p>A Nascimento, eu j\u00e1 disse isso aqui, deu um passo \u00e0 frente em seu evento ao unir a capacita\u00e7\u00e3o de expositores com a de um destino. E isso ocorreu em Foz do Igua\u00e7u, no ano passado. O evento saiu de um hotel e foi para um destino. E hoje os agentes que l\u00e1 estiveram podem dizer a seus clientes o que fazer em Foz, o que pagar a mais, do que fugir, quem levar&#8230;<\/p>\n<p>Este ano, a ousadia da Nascimento levar\u00e1 500 profissionais para Cancun. Uma mega-opera\u00e7\u00e3o envolvendo um avi\u00e3o fretado da Aeromexico e mais alguns voos da Copa Airlines, a hospedagem de todo mundo no Moon Palace, em Cancun, e dois dias de passeios para que os agentes conhe\u00e7am o que seus clientes compram e fazem no destino. Dois outros dias s\u00e3o dedicados \u00e0s capacita\u00e7\u00f5es e ainda h\u00e1 eventos sociais em hot\u00e9is da regi\u00e3o.<\/p>\n<p>Como diriam os paulistas&#8230; \u201cum puta investimento, meu\u201d. Ou os cariocas: \u00a0\u201ccaraca, merm\u00e3o!!!\u201d.<\/p>\n<p>Algumas perguntas s\u00e3o pertinentes:<\/p>\n<p>1)\u00a0\u00a0\u00a0\u00a0\u00a0 Ser\u00e1 que o agente de viagens convidado v\u00ea nisso uma oportunidade de realmente se capacitar e vender melhor? Ele v\u00ea que, em um momento em que as empresas est\u00e3o pressionadas a vender nos mais diversos canais, inclusive diretamente (e n\u00e3o h\u00e1 crime nisso), uma operadora fazer um investimento desse tamanho \u00e9 apostar na venda via ag\u00eancias? Pode ser que em julho, depois da Copa, a Nascimento resolva fazer um feir\u00e3o no Ibirapuera pro p\u00fablico final (s\u00f3 para exemplificar), n\u00e3o importa. Essa iniciativa do Nastur significa uma aposta concreta e alta em seu canal ag\u00eancia de viagens. Que hoje \u00e9 o maior para a empresa. Cabe aos agentes que isso continue assim, por mais que OTAs e outros canais seduzam os passageiros. Estar em Cancun ser\u00e1 um diferencial competitivo. O agente valoriza isso? O agente se valoriza a ponto de cobrar por seu conhecimento?<\/p>\n<p>2)\u00a0\u00a0\u00a0\u00a0\u00a0 Os 40 expositores que l\u00e1 estar\u00e3o est\u00e3o preparados para treinar, capacitar, ou apenas para falar mais do mesmo? Peguemos os cruzeiros como exemplo: quanta coisa h\u00e1 para o agente saber e assim vender mais e melhor. Mesmo na avia\u00e7\u00e3o: ele sabe responder se \u00e9 melhor ir para Las Vegas de Copa ou American Airlines? Se o voo da Gol para o Caribe \u00e9 bom? Se a conex\u00e3o para Cancun com a Aeromexico \u00e9 r\u00e1pida? Se h\u00e1 ancillaries a serem pagas? O que s\u00e3o ancillaries, ali\u00e1s? O expositor que levar um treinamento inteligente, com apresenta\u00e7\u00e3o caprichada, conte\u00fado bem explicado e f\u00e1cil de ser lembrado e material de apoio&#8230; vai ganhar o agente. Mas aquele que chegar: meu hotel tem mil quartos, fica a dez quil\u00f4metros do aeroporto, tem piscina, sauna, quadra de t\u00eanis, centro de conven\u00e7\u00f5es de mil metros quadrados&#8230; Era melhor n\u00e3o ter ido.<\/p>\n<p>3)\u00a0\u00a0\u00a0\u00a0\u00a0 O destino est\u00e1 preparado para entreter, bem receber, mas tamb\u00e9m treinar essas pessoas? Mostrar a quem se destina a cidade e seus atrativos? Cancun \u00e9 s\u00f3 Spring Break? M\u00e9xico \u00e9 s\u00f3 tequila e aqueles chap\u00e9us engra\u00e7ados? As praias de Cancun s\u00e3o como as do Caribe? Cancun \u00e9 Caribe? Parece que a cidade queria fechar um acordo de dez anos com a Nascimento. Um bom sinal&#8230;<\/p>\n<p>4)\u00a0\u00a0\u00a0\u00a0\u00a0 Como os agentes de viagens reagem nesse mundo multicanal? Eles j\u00e1 se convenceram de quem t\u00eam de ter uma ferramenta on-line para atender seus clientes a qualquer hora? Que ferramenta \u00e9 essa? A da Nascimento? Ou a de outros fornecedores? D\u00e1 para ter mais de uma? A fidelidade, nesse momento de guerra por clientes, \u00e9 bem-vinda e traz benef\u00edcios ou vale a lei do menor pre\u00e7o? Que passageiro paga por servi\u00e7o? Lembrem-se: receber a entrada no cinema no celular tamb\u00e9m \u00e9 servi\u00e7o.<\/p>\n<p>5) \u00a0 \u00a0 E o modelo feira? Ainda se sustenta em meio a tantas necessidades espec\u00edficas? Em meio a uma car\u00eancia de capacita\u00e7\u00e3o? Com as informa\u00e7\u00f5es espalhadas pela web? Melhor fazer um evento pr\u00f3prio, focado, ou ter um estande em uma feira? Outra quest\u00e3o que merece um tratamento mais demorado.<\/p>\n<p>Espero que esses e outros temas estejam fervilhando e borbulhando na cabe\u00e7a dos que ir\u00e3o para o Nastur este ano. Eu n\u00e3o poderei ir, pois estaremos a dias do F\u00f3rum PANROTAS 2014, que debater\u00e1 alguns desses temas. Mais que pensar e debater \u00e9 saber tomar decis\u00f5es depois da avalia\u00e7\u00e3o de cada um. D\u00e1 saudades de como as coisas foram um dia. Algumas situa\u00e7\u00f5es deixam de existir, outras pioram&#8230; Mas acredito que a maioria melhora. N\u00e9 n\u00e3o, merm\u00e3o Oswaldo?<\/p>\n<figure id=\"attachment_3877\" aria-describedby=\"caption-attachment-3877\" style=\"width: 400px\" class=\"wp-caption alignnone\"><a href=\"http:\/\/blog.panrotas.com.br\/semreserva\/wp-content\/uploads\/2014\/02\/NASC2454.jpg\"><img loading=\"lazy\" class=\"size-full wp-image-3877\" alt=\"Pl\u00ednio, eu, Oswaldo e Cleiton\" src=\"http:\/\/blog.panrotas.com.br\/semreserva\/wp-content\/uploads\/2014\/02\/NASC2454.jpg\" width=\"400\" height=\"300\" srcset=\"https:\/\/blog.panrotas.com.br\/semreserva\/wp-content\/uploads\/sites\/5\/2014\/02\/NASC2454.jpg 400w, https:\/\/blog.panrotas.com.br\/semreserva\/wp-content\/uploads\/sites\/5\/2014\/02\/NASC2454-300x225.jpg 300w\" sizes=\"(max-width: 400px) 100vw, 400px\" \/><\/a><figcaption id=\"caption-attachment-3877\" class=\"wp-caption-text\">Pl\u00ednio, eu, Oswaldo e Cleiton<\/figcaption><\/figure>\n","protected":false},"excerpt":{"rendered":"<p>Lembro de, ainda crian\u00e7a, chegar com os amigos ao cinema e ver a fila dando volta no quarteir\u00e3o. Hoje o ingresso chega no meu celular, com lugar marcado, e \u00e9 mais caro que na bilheteria. Lembro tamb\u00e9m de como era sagrado reservar ao menos duas horas para um mergulho na megastore da Virgin Records, em [&hellip;]<\/p>\n","protected":false},"author":7,"featured_media":0,"comment_status":"open","ping_status":"open","sticky":false,"template":"","format":"standard","meta":{"spay_email":""},"categories":[2],"tags":[],"yoast_head":"<!-- This site is optimized with the Yoast SEO plugin v17.3 - https:\/\/yoast.com\/wordpress\/plugins\/seo\/ -->\n<title>Valoriza\u00e7\u00e3o, investimentos e o mundo multicanal -<\/title>\n<meta name=\"description\" content=\"Valoriza\u00e7\u00e3o, investimentos e o mundo multicanal. Confira essa Mat\u00e9ria no Canal Sem reserva. \u27a4 Projeto em parceria com a PANROTAS.\" \/>\n<meta name=\"robots\" content=\"index, follow, max-snippet:-1, max-image-preview:large, max-video-preview:-1\" \/>\n<link rel=\"canonical\" href=\"https:\/\/blog.panrotas.com.br\/semreserva\/valorizacao-investimentos-e-o-mundo-multicanal\/02-02-2014\/\" \/>\n<meta property=\"og:locale\" content=\"pt_BR\" \/>\n<meta property=\"og:type\" content=\"article\" \/>\n<meta property=\"og:title\" content=\"Valoriza\u00e7\u00e3o, investimentos e o mundo multicanal -\" \/>\n<meta property=\"og:description\" content=\"Valoriza\u00e7\u00e3o, investimentos e o mundo multicanal. Confira essa Mat\u00e9ria no Canal Sem reserva. \u27a4 Projeto em parceria com a PANROTAS.\" \/>\n<meta property=\"og:url\" content=\"https:\/\/blog.panrotas.com.br\/semreserva\/valorizacao-investimentos-e-o-mundo-multicanal\/02-02-2014\/\" \/>\n<meta property=\"og:site_name\" content=\"Sem reserva\" \/>\n<meta property=\"article:publisher\" content=\"https:\/\/www.facebook.com\/portalpanrotas\/\" \/>\n<meta property=\"article:published_time\" content=\"2014-02-02T16:00:04+00:00\" \/>\n<meta property=\"og:image\" content=\"http:\/\/blog.panrotas.com.br\/semreserva\/wp-content\/uploads\/2014\/02\/NASC2454.jpg\" \/>\n<meta name=\"twitter:card\" content=\"summary_large_image\" \/>\n<meta name=\"twitter:creator\" content=\"@portalpanrotas\" \/>\n<meta name=\"twitter:site\" content=\"@portalpanrotas\" \/>\n<meta name=\"twitter:label1\" content=\"Escrito por\" \/>\n\t<meta name=\"twitter:data1\" content=\"Artur Andrade\" \/>\n\t<meta name=\"twitter:label2\" content=\"Est. tempo de leitura\" \/>\n\t<meta name=\"twitter:data2\" content=\"6 minutos\" \/>\n<script type=\"application\/ld+json\" class=\"yoast-schema-graph\">{\"@context\":\"https:\/\/schema.org\",\"@graph\":[{\"@type\":\"Organization\",\"@id\":\"http:\/\/blog.panrotas.com.br\/semreserva\/#organization\",\"name\":\"Sem Reserva - Blog no Portal PANROTAS\",\"url\":\"http:\/\/blog.panrotas.com.br\/semreserva\/\",\"sameAs\":[\"https:\/\/www.facebook.com\/portalpanrotas\/\",\"https:\/\/www.instagram.com\/portalpanrotas\/\",\"https:\/\/br.linkedin.com\/company\/panrotas\",\"https:\/\/www.youtube.com\/tvpanrotas\",\"https:\/\/twitter.com\/portalpanrotas\"],\"logo\":{\"@type\":\"ImageObject\",\"@id\":\"http:\/\/blog.panrotas.com.br\/semreserva\/#logo\",\"inLanguage\":\"pt-BR\",\"url\":\"https:\/\/blog.panrotas.com.br\/semreserva\/wp-content\/uploads\/sites\/5\/2020\/06\/logo.png\",\"contentUrl\":\"https:\/\/blog.panrotas.com.br\/semreserva\/wp-content\/uploads\/sites\/5\/2020\/06\/logo.png\",\"width\":259,\"height\":53,\"caption\":\"Sem Reserva - Blog no Portal PANROTAS\"},\"image\":{\"@id\":\"http:\/\/blog.panrotas.com.br\/semreserva\/#logo\"}},{\"@type\":\"WebSite\",\"@id\":\"http:\/\/blog.panrotas.com.br\/semreserva\/#website\",\"url\":\"http:\/\/blog.panrotas.com.br\/semreserva\/\",\"name\":\"Sem reserva\",\"description\":\"Blogosfera PANROTAS\",\"publisher\":{\"@id\":\"http:\/\/blog.panrotas.com.br\/semreserva\/#organization\"},\"potentialAction\":[{\"@type\":\"SearchAction\",\"target\":{\"@type\":\"EntryPoint\",\"urlTemplate\":\"http:\/\/blog.panrotas.com.br\/semreserva\/?s={search_term_string}\"},\"query-input\":\"required name=search_term_string\"}],\"inLanguage\":\"pt-BR\"},{\"@type\":\"ImageObject\",\"@id\":\"https:\/\/blog.panrotas.com.br\/semreserva\/valorizacao-investimentos-e-o-mundo-multicanal\/02-02-2014\/#primaryimage\",\"inLanguage\":\"pt-BR\",\"url\":\"http:\/\/blog.panrotas.com.br\/semreserva\/wp-content\/uploads\/2014\/02\/NASC2454.jpg\",\"contentUrl\":\"http:\/\/blog.panrotas.com.br\/semreserva\/wp-content\/uploads\/2014\/02\/NASC2454.jpg\"},{\"@type\":\"WebPage\",\"@id\":\"https:\/\/blog.panrotas.com.br\/semreserva\/valorizacao-investimentos-e-o-mundo-multicanal\/02-02-2014\/#webpage\",\"url\":\"https:\/\/blog.panrotas.com.br\/semreserva\/valorizacao-investimentos-e-o-mundo-multicanal\/02-02-2014\/\",\"name\":\"Valoriza\\u00e7\\u00e3o, investimentos e o mundo multicanal -\",\"isPartOf\":{\"@id\":\"http:\/\/blog.panrotas.com.br\/semreserva\/#website\"},\"primaryImageOfPage\":{\"@id\":\"https:\/\/blog.panrotas.com.br\/semreserva\/valorizacao-investimentos-e-o-mundo-multicanal\/02-02-2014\/#primaryimage\"},\"datePublished\":\"2014-02-02T16:00:04+00:00\",\"dateModified\":\"2014-02-02T16:00:04+00:00\",\"description\":\"Valoriza\\u00e7\\u00e3o, investimentos e o mundo multicanal. Confira essa Mat\\u00e9ria no Canal Sem reserva. \\u27a4 Projeto em parceria com a PANROTAS.\",\"breadcrumb\":{\"@id\":\"https:\/\/blog.panrotas.com.br\/semreserva\/valorizacao-investimentos-e-o-mundo-multicanal\/02-02-2014\/#breadcrumb\"},\"inLanguage\":\"pt-BR\",\"potentialAction\":[{\"@type\":\"ReadAction\",\"target\":[\"https:\/\/blog.panrotas.com.br\/semreserva\/valorizacao-investimentos-e-o-mundo-multicanal\/02-02-2014\/\"]}]},{\"@type\":\"BreadcrumbList\",\"@id\":\"https:\/\/blog.panrotas.com.br\/semreserva\/valorizacao-investimentos-e-o-mundo-multicanal\/02-02-2014\/#breadcrumb\",\"itemListElement\":[{\"@type\":\"ListItem\",\"position\":1,\"name\":\"Home do Blog\",\"item\":\"http:\/\/blog.panrotas.com.br\/semreserva\/\"},{\"@type\":\"ListItem\",\"position\":2,\"name\":\"Dia a dia\",\"item\":\"https:\/\/blog.panrotas.com.br\/semreserva\/category\/dia-a-dia\/\"},{\"@type\":\"ListItem\",\"position\":3,\"name\":\"Valoriza\\u00e7\\u00e3o, investimentos e o mundo multicanal\"}]},{\"@type\":\"Article\",\"@id\":\"https:\/\/blog.panrotas.com.br\/semreserva\/valorizacao-investimentos-e-o-mundo-multicanal\/02-02-2014\/#article\",\"isPartOf\":{\"@id\":\"https:\/\/blog.panrotas.com.br\/semreserva\/valorizacao-investimentos-e-o-mundo-multicanal\/02-02-2014\/#webpage\"},\"author\":{\"@id\":\"http:\/\/blog.panrotas.com.br\/semreserva\/#\/schema\/person\/c93b4555f6a497d2d83c25dcb80f61ed\"},\"headline\":\"Valoriza\\u00e7\\u00e3o, investimentos e o mundo multicanal\",\"datePublished\":\"2014-02-02T16:00:04+00:00\",\"dateModified\":\"2014-02-02T16:00:04+00:00\",\"mainEntityOfPage\":{\"@id\":\"https:\/\/blog.panrotas.com.br\/semreserva\/valorizacao-investimentos-e-o-mundo-multicanal\/02-02-2014\/#webpage\"},\"wordCount\":1251,\"commentCount\":0,\"publisher\":{\"@id\":\"http:\/\/blog.panrotas.com.br\/semreserva\/#organization\"},\"image\":{\"@id\":\"https:\/\/blog.panrotas.com.br\/semreserva\/valorizacao-investimentos-e-o-mundo-multicanal\/02-02-2014\/#primaryimage\"},\"thumbnailUrl\":\"http:\/\/blog.panrotas.com.br\/semreserva\/wp-content\/uploads\/2014\/02\/NASC2454.jpg\",\"articleSection\":[\"Dia a dia\"],\"inLanguage\":\"pt-BR\",\"potentialAction\":[{\"@type\":\"CommentAction\",\"name\":\"Comment\",\"target\":[\"https:\/\/blog.panrotas.com.br\/semreserva\/valorizacao-investimentos-e-o-mundo-multicanal\/02-02-2014\/#respond\"]}]},{\"@type\":\"Person\",\"@id\":\"http:\/\/blog.panrotas.com.br\/semreserva\/#\/schema\/person\/c93b4555f6a497d2d83c25dcb80f61ed\",\"name\":\"Artur Andrade\",\"image\":{\"@type\":\"ImageObject\",\"@id\":\"http:\/\/blog.panrotas.com.br\/semreserva\/#personlogo\",\"inLanguage\":\"pt-BR\",\"url\":\"https:\/\/secure.gravatar.com\/avatar\/a94564d630220cefd5c82f3452ac1ef4?s=96&d=mm&r=g\",\"contentUrl\":\"https:\/\/secure.gravatar.com\/avatar\/a94564d630220cefd5c82f3452ac1ef4?s=96&d=mm&r=g\",\"caption\":\"Artur Andrade\"},\"description\":\"Artur Luiz Andrade \\u00e9 carioca, taurino, jornalista e nasceu em 1969. \\u00c9 editor-chefe da PANROTAS Editora e mora em S\\u00e3o Paulo desde 1998\",\"sameAs\":[\"http:\/\/www.panrotas.com.br\"]}]}<\/script>\n<!-- \/ Yoast SEO plugin. -->","yoast_head_json":{"title":"Valoriza\u00e7\u00e3o, investimentos e o mundo multicanal -","description":"Valoriza\u00e7\u00e3o, investimentos e o mundo multicanal. Confira essa Mat\u00e9ria no Canal Sem reserva. \u27a4 Projeto em parceria com a PANROTAS.","robots":{"index":"index","follow":"follow","max-snippet":"max-snippet:-1","max-image-preview":"max-image-preview:large","max-video-preview":"max-video-preview:-1"},"canonical":"https:\/\/blog.panrotas.com.br\/semreserva\/valorizacao-investimentos-e-o-mundo-multicanal\/02-02-2014\/","og_locale":"pt_BR","og_type":"article","og_title":"Valoriza\u00e7\u00e3o, investimentos e o mundo multicanal -","og_description":"Valoriza\u00e7\u00e3o, investimentos e o mundo multicanal. Confira essa Mat\u00e9ria no Canal Sem reserva. \u27a4 Projeto em parceria com a PANROTAS.","og_url":"https:\/\/blog.panrotas.com.br\/semreserva\/valorizacao-investimentos-e-o-mundo-multicanal\/02-02-2014\/","og_site_name":"Sem reserva","article_publisher":"https:\/\/www.facebook.com\/portalpanrotas\/","article_published_time":"2014-02-02T16:00:04+00:00","og_image":[{"url":"http:\/\/blog.panrotas.com.br\/semreserva\/wp-content\/uploads\/2014\/02\/NASC2454.jpg"}],"twitter_card":"summary_large_image","twitter_creator":"@portalpanrotas","twitter_site":"@portalpanrotas","twitter_misc":{"Escrito por":"Artur Andrade","Est. tempo de leitura":"6 minutos"},"schema":{"@context":"https:\/\/schema.org","@graph":[{"@type":"Organization","@id":"http:\/\/blog.panrotas.com.br\/semreserva\/#organization","name":"Sem Reserva - Blog no Portal PANROTAS","url":"http:\/\/blog.panrotas.com.br\/semreserva\/","sameAs":["https:\/\/www.facebook.com\/portalpanrotas\/","https:\/\/www.instagram.com\/portalpanrotas\/","https:\/\/br.linkedin.com\/company\/panrotas","https:\/\/www.youtube.com\/tvpanrotas","https:\/\/twitter.com\/portalpanrotas"],"logo":{"@type":"ImageObject","@id":"http:\/\/blog.panrotas.com.br\/semreserva\/#logo","inLanguage":"pt-BR","url":"https:\/\/blog.panrotas.com.br\/semreserva\/wp-content\/uploads\/sites\/5\/2020\/06\/logo.png","contentUrl":"https:\/\/blog.panrotas.com.br\/semreserva\/wp-content\/uploads\/sites\/5\/2020\/06\/logo.png","width":259,"height":53,"caption":"Sem Reserva - Blog no Portal PANROTAS"},"image":{"@id":"http:\/\/blog.panrotas.com.br\/semreserva\/#logo"}},{"@type":"WebSite","@id":"http:\/\/blog.panrotas.com.br\/semreserva\/#website","url":"http:\/\/blog.panrotas.com.br\/semreserva\/","name":"Sem reserva","description":"Blogosfera PANROTAS","publisher":{"@id":"http:\/\/blog.panrotas.com.br\/semreserva\/#organization"},"potentialAction":[{"@type":"SearchAction","target":{"@type":"EntryPoint","urlTemplate":"http:\/\/blog.panrotas.com.br\/semreserva\/?s={search_term_string}"},"query-input":"required name=search_term_string"}],"inLanguage":"pt-BR"},{"@type":"ImageObject","@id":"https:\/\/blog.panrotas.com.br\/semreserva\/valorizacao-investimentos-e-o-mundo-multicanal\/02-02-2014\/#primaryimage","inLanguage":"pt-BR","url":"http:\/\/blog.panrotas.com.br\/semreserva\/wp-content\/uploads\/2014\/02\/NASC2454.jpg","contentUrl":"http:\/\/blog.panrotas.com.br\/semreserva\/wp-content\/uploads\/2014\/02\/NASC2454.jpg"},{"@type":"WebPage","@id":"https:\/\/blog.panrotas.com.br\/semreserva\/valorizacao-investimentos-e-o-mundo-multicanal\/02-02-2014\/#webpage","url":"https:\/\/blog.panrotas.com.br\/semreserva\/valorizacao-investimentos-e-o-mundo-multicanal\/02-02-2014\/","name":"Valoriza\u00e7\u00e3o, investimentos e o mundo multicanal -","isPartOf":{"@id":"http:\/\/blog.panrotas.com.br\/semreserva\/#website"},"primaryImageOfPage":{"@id":"https:\/\/blog.panrotas.com.br\/semreserva\/valorizacao-investimentos-e-o-mundo-multicanal\/02-02-2014\/#primaryimage"},"datePublished":"2014-02-02T16:00:04+00:00","dateModified":"2014-02-02T16:00:04+00:00","description":"Valoriza\u00e7\u00e3o, investimentos e o mundo multicanal. Confira essa Mat\u00e9ria no Canal Sem reserva. \u27a4 Projeto em parceria com a PANROTAS.","breadcrumb":{"@id":"https:\/\/blog.panrotas.com.br\/semreserva\/valorizacao-investimentos-e-o-mundo-multicanal\/02-02-2014\/#breadcrumb"},"inLanguage":"pt-BR","potentialAction":[{"@type":"ReadAction","target":["https:\/\/blog.panrotas.com.br\/semreserva\/valorizacao-investimentos-e-o-mundo-multicanal\/02-02-2014\/"]}]},{"@type":"BreadcrumbList","@id":"https:\/\/blog.panrotas.com.br\/semreserva\/valorizacao-investimentos-e-o-mundo-multicanal\/02-02-2014\/#breadcrumb","itemListElement":[{"@type":"ListItem","position":1,"name":"Home do Blog","item":"http:\/\/blog.panrotas.com.br\/semreserva\/"},{"@type":"ListItem","position":2,"name":"Dia a dia","item":"https:\/\/blog.panrotas.com.br\/semreserva\/category\/dia-a-dia\/"},{"@type":"ListItem","position":3,"name":"Valoriza\u00e7\u00e3o, investimentos e o mundo multicanal"}]},{"@type":"Article","@id":"https:\/\/blog.panrotas.com.br\/semreserva\/valorizacao-investimentos-e-o-mundo-multicanal\/02-02-2014\/#article","isPartOf":{"@id":"https:\/\/blog.panrotas.com.br\/semreserva\/valorizacao-investimentos-e-o-mundo-multicanal\/02-02-2014\/#webpage"},"author":{"@id":"http:\/\/blog.panrotas.com.br\/semreserva\/#\/schema\/person\/c93b4555f6a497d2d83c25dcb80f61ed"},"headline":"Valoriza\u00e7\u00e3o, investimentos e o mundo multicanal","datePublished":"2014-02-02T16:00:04+00:00","dateModified":"2014-02-02T16:00:04+00:00","mainEntityOfPage":{"@id":"https:\/\/blog.panrotas.com.br\/semreserva\/valorizacao-investimentos-e-o-mundo-multicanal\/02-02-2014\/#webpage"},"wordCount":1251,"commentCount":0,"publisher":{"@id":"http:\/\/blog.panrotas.com.br\/semreserva\/#organization"},"image":{"@id":"https:\/\/blog.panrotas.com.br\/semreserva\/valorizacao-investimentos-e-o-mundo-multicanal\/02-02-2014\/#primaryimage"},"thumbnailUrl":"http:\/\/blog.panrotas.com.br\/semreserva\/wp-content\/uploads\/2014\/02\/NASC2454.jpg","articleSection":["Dia a dia"],"inLanguage":"pt-BR","potentialAction":[{"@type":"CommentAction","name":"Comment","target":["https:\/\/blog.panrotas.com.br\/semreserva\/valorizacao-investimentos-e-o-mundo-multicanal\/02-02-2014\/#respond"]}]},{"@type":"Person","@id":"http:\/\/blog.panrotas.com.br\/semreserva\/#\/schema\/person\/c93b4555f6a497d2d83c25dcb80f61ed","name":"Artur Andrade","image":{"@type":"ImageObject","@id":"http:\/\/blog.panrotas.com.br\/semreserva\/#personlogo","inLanguage":"pt-BR","url":"https:\/\/secure.gravatar.com\/avatar\/a94564d630220cefd5c82f3452ac1ef4?s=96&d=mm&r=g","contentUrl":"https:\/\/secure.gravatar.com\/avatar\/a94564d630220cefd5c82f3452ac1ef4?s=96&d=mm&r=g","caption":"Artur Andrade"},"description":"Artur Luiz Andrade \u00e9 carioca, taurino, jornalista e nasceu em 1969. \u00c9 editor-chefe da PANROTAS Editora e mora em S\u00e3o Paulo desde 1998","sameAs":["http:\/\/www.panrotas.com.br"]}]}},"jetpack_featured_media_url":"","jetpack_shortlink":"https:\/\/wp.me\/p7idIU-10u","_links":{"self":[{"href":"https:\/\/blog.panrotas.com.br\/semreserva\/wp-json\/wp\/v2\/posts\/3874"}],"collection":[{"href":"https:\/\/blog.panrotas.com.br\/semreserva\/wp-json\/wp\/v2\/posts"}],"about":[{"href":"https:\/\/blog.panrotas.com.br\/semreserva\/wp-json\/wp\/v2\/types\/post"}],"author":[{"embeddable":true,"href":"https:\/\/blog.panrotas.com.br\/semreserva\/wp-json\/wp\/v2\/users\/7"}],"replies":[{"embeddable":true,"href":"https:\/\/blog.panrotas.com.br\/semreserva\/wp-json\/wp\/v2\/comments?post=3874"}],"version-history":[{"count":0,"href":"https:\/\/blog.panrotas.com.br\/semreserva\/wp-json\/wp\/v2\/posts\/3874\/revisions"}],"wp:attachment":[{"href":"https:\/\/blog.panrotas.com.br\/semreserva\/wp-json\/wp\/v2\/media?parent=3874"}],"wp:term":[{"taxonomy":"category","embeddable":true,"href":"https:\/\/blog.panrotas.com.br\/semreserva\/wp-json\/wp\/v2\/categories?post=3874"},{"taxonomy":"post_tag","embeddable":true,"href":"https:\/\/blog.panrotas.com.br\/semreserva\/wp-json\/wp\/v2\/tags?post=3874"}],"curies":[{"name":"wp","href":"https:\/\/api.w.org\/{rel}","templated":true}]}}