{"id":3885,"date":"2014-02-10T16:01:29","date_gmt":"2014-02-10T19:01:29","guid":{"rendered":"http:\/\/blog.panrotas.com.br\/semreserva\/?p=3885"},"modified":"2014-02-10T16:01:29","modified_gmt":"2014-02-10T19:01:29","slug":"o-que-estamos-plantando","status":"publish","type":"post","link":"https:\/\/blog.panrotas.com.br\/semreserva\/o-que-estamos-plantando\/10-02-2014\/","title":{"rendered":"O QUE ESTAMOS PLANTANDO?"},"content":{"rendered":"<p>Todos sabemos que a salva\u00e7\u00e3o para o Brasil, do jeito que o cen\u00e1rio se apresenta hoje, \u00e9 a longo prazo. Talvez longu\u00edssimo. E passa necessariamente pela educa\u00e7\u00e3o. \u00c9 a educa\u00e7\u00e3o que vai levar ao fim da corrup\u00e7\u00e3o, \u00e0 diminui\u00e7\u00e3o das diferen\u00e7as e \u00e0 igualdade de oportunidades, \u00e0s boas gest\u00f5es p\u00fablicas, \u00e0 intelig\u00eancia no comando dos minist\u00e9rios, secretarias, \u00f3rg\u00e3os p\u00fablicos, departamentos, postos de atendimento&#8230; \u00c9 a educa\u00e7\u00e3o que vai nos dar mais profissionais qualificados, sejam eles m\u00e9dicos ou eletricistas, pilotos ou bombeiros, policiais ou assistentes sociais.<\/p>\n<p>&nbsp;<\/p>\n<p>Por enquanto, o Pa\u00eds leva seis anos para prender um prefeito suspeito de explorar sexualmente meninas menores de idade no Norte do Pa\u00eds. Vamos dizer que ele seja inocente. Passou seis anos sendo acusado injustamente. Vamos dizer que ele seja culpado. Quantas meninas passaram por suas m\u00e3os nesse per\u00edodo? De um jeito (inocente) ou de outro (culpado) o levantamento da verdade deveria ter sido feito l\u00e1 atr\u00e1s. E n\u00e3o seis anos depois. O mesmo vale para muitos e muitos crimes nesse Brasil t\u00e3o grande e irregular, t\u00e3o preconceituoso e cruel. E sou daqueles que defendem que o preconceito maior \u00e9 com a classe social. Com quem exerce o trabalho bra\u00e7al. Com quem passa despercebido nas ruas e at\u00e9 em nossas empresas. Na maioria das vezes, por quest\u00f5es hist\u00f3ricas, s\u00e3o negros. Mas tenho certeza que s\u00e3o de todas as ra\u00e7as. E isso vem desde cedo. Desde quando pequenos, ainda crian\u00e7as. E em um Pa\u00eds onde as oportunidades s\u00e3o para quem tem dinheiro&#8230; cabe \u00e0 maioria, quando crescer, continuar na pobreza, apelar para subempregos, ocupar os empregos dos pais, partir para o crime ou a prostitui\u00e7\u00e3o, alimentar o ciclo trazido pelos portugueses e demais homens brancos mais de 500 anos atr\u00e1s. Quando aqui havia um outro povo, de quem sequer lembramos ou chamamos de injusti\u00e7ados. Mas isso \u00e9 outra hist\u00f3ria.<\/p>\n<p>&nbsp;<\/p>\n<p>Por isso investir em educa\u00e7\u00e3o, ajudar na educa\u00e7\u00e3o de quem est\u00e1 pr\u00f3ximo, votar em quem prioriza a educa\u00e7\u00e3o \u00e9 t\u00e3o importante.<\/p>\n<p>&nbsp;<\/p>\n<p>Por isso, cada vez mais admiramos o empres\u00e1rio e vision\u00e1rio que \u00e9 o El\u00f3i de Oliveira, hoje dono do imp\u00e9rio Flytour, e que em poucos dias coloca em pr\u00e1tica um sonho antigo, o Instituto EDO, que vai investir para dar um futuro mais digno para jovens das comunidades pr\u00f3ximas \u00e0 sede da empresa.\u00a0 Uma iniciativa que, se encampada por todo o trade, vai criar uma corrente poucas vezes antes vista em um segmento. Tirar os jovens carentes das ruas ou oferecer um caminho melhor a quem j\u00e1 est\u00e1 quase perdido em outro \u00e9 investir no futuro do Pa\u00eds. E de nossa ind\u00fastria.<\/p>\n<p>&nbsp;<\/p>\n<p>Vamos falar mais dessa iniciativa, apoi\u00e1-la integralmente, e vamos divulg\u00e1-la n\u00e3o para que voc\u00eas leiam como not\u00edcias, ou pelas fotos publicadas, ou como furo jornal\u00edstico&#8230; E sim para que se engajem. \u00c9 o que vale a pena. \u00c9 o que precisamos plantar.<\/p>\n<p>&nbsp;<\/p>\n<p>V\u00e1rios empres\u00e1rios at\u00e9 relutam em divulgar suas a\u00e7\u00f5es sociais, mas, volto a dizer, ao divulgarmos, espero que estejamos convocando todos a tamb\u00e9m fazer algo. Olhando para daqui a d\u00e9cadas at\u00e9. Quando muitos n\u00e3o estaremos aqui, mas tamb\u00e9m quando muitos poderosos que s\u00f3 exploram tamb\u00e9m ser\u00e3o coisas do passado. Um passado vergonhoso.\u200b<\/p>\n<p>&nbsp;<\/p>\n","protected":false},"excerpt":{"rendered":"<p>Todos sabemos que a salva\u00e7\u00e3o para o Brasil, do jeito que o cen\u00e1rio se apresenta hoje, \u00e9 a longo prazo. Talvez longu\u00edssimo. E passa necessariamente pela educa\u00e7\u00e3o. \u00c9 a educa\u00e7\u00e3o que vai levar ao fim da corrup\u00e7\u00e3o, \u00e0 diminui\u00e7\u00e3o das diferen\u00e7as e \u00e0 igualdade de oportunidades, \u00e0s boas gest\u00f5es p\u00fablicas, \u00e0 intelig\u00eancia no comando dos [&hellip;]<\/p>\n","protected":false},"author":7,"featured_media":0,"comment_status":"open","ping_status":"open","sticky":false,"template":"","format":"standard","meta":{"spay_email":""},"categories":[2],"tags":[],"yoast_head":"<!-- This site is optimized with the Yoast SEO plugin v17.3 - https:\/\/yoast.com\/wordpress\/plugins\/seo\/ -->\n<title>O QUE ESTAMOS PLANTANDO? -<\/title>\n<meta name=\"description\" content=\"O QUE ESTAMOS PLANTANDO?. Confira essa Mat\u00e9ria no Canal Sem reserva. \u27a4 Projeto em parceria com a PANROTAS.\" \/>\n<meta name=\"robots\" content=\"index, follow, max-snippet:-1, max-image-preview:large, max-video-preview:-1\" \/>\n<link rel=\"canonical\" href=\"https:\/\/blog.panrotas.com.br\/semreserva\/o-que-estamos-plantando\/10-02-2014\/\" \/>\n<meta property=\"og:locale\" content=\"pt_BR\" \/>\n<meta property=\"og:type\" content=\"article\" \/>\n<meta property=\"og:title\" content=\"O QUE ESTAMOS PLANTANDO? -\" \/>\n<meta property=\"og:description\" content=\"O QUE ESTAMOS PLANTANDO?. Confira essa Mat\u00e9ria no Canal Sem reserva. \u27a4 Projeto em parceria com a PANROTAS.\" \/>\n<meta property=\"og:url\" content=\"https:\/\/blog.panrotas.com.br\/semreserva\/o-que-estamos-plantando\/10-02-2014\/\" \/>\n<meta property=\"og:site_name\" content=\"Sem reserva\" \/>\n<meta property=\"article:publisher\" content=\"https:\/\/www.facebook.com\/portalpanrotas\/\" \/>\n<meta property=\"article:published_time\" content=\"2014-02-10T19:01:29+00:00\" \/>\n<meta name=\"twitter:card\" content=\"summary_large_image\" \/>\n<meta name=\"twitter:creator\" content=\"@portalpanrotas\" \/>\n<meta name=\"twitter:site\" content=\"@portalpanrotas\" \/>\n<meta name=\"twitter:label1\" content=\"Escrito por\" \/>\n\t<meta name=\"twitter:data1\" content=\"Artur Andrade\" \/>\n\t<meta name=\"twitter:label2\" content=\"Est. tempo de leitura\" \/>\n\t<meta name=\"twitter:data2\" content=\"3 minutos\" \/>\n<script type=\"application\/ld+json\" class=\"yoast-schema-graph\">{\"@context\":\"https:\/\/schema.org\",\"@graph\":[{\"@type\":\"Organization\",\"@id\":\"http:\/\/blog.panrotas.com.br\/semreserva\/#organization\",\"name\":\"Sem Reserva - Blog no Portal PANROTAS\",\"url\":\"http:\/\/blog.panrotas.com.br\/semreserva\/\",\"sameAs\":[\"https:\/\/www.facebook.com\/portalpanrotas\/\",\"https:\/\/www.instagram.com\/portalpanrotas\/\",\"https:\/\/br.linkedin.com\/company\/panrotas\",\"https:\/\/www.youtube.com\/tvpanrotas\",\"https:\/\/twitter.com\/portalpanrotas\"],\"logo\":{\"@type\":\"ImageObject\",\"@id\":\"http:\/\/blog.panrotas.com.br\/semreserva\/#logo\",\"inLanguage\":\"pt-BR\",\"url\":\"https:\/\/blog.panrotas.com.br\/semreserva\/wp-content\/uploads\/sites\/5\/2020\/06\/logo.png\",\"contentUrl\":\"https:\/\/blog.panrotas.com.br\/semreserva\/wp-content\/uploads\/sites\/5\/2020\/06\/logo.png\",\"width\":259,\"height\":53,\"caption\":\"Sem Reserva - Blog no Portal PANROTAS\"},\"image\":{\"@id\":\"http:\/\/blog.panrotas.com.br\/semreserva\/#logo\"}},{\"@type\":\"WebSite\",\"@id\":\"http:\/\/blog.panrotas.com.br\/semreserva\/#website\",\"url\":\"http:\/\/blog.panrotas.com.br\/semreserva\/\",\"name\":\"Sem reserva\",\"description\":\"Blogosfera PANROTAS\",\"publisher\":{\"@id\":\"http:\/\/blog.panrotas.com.br\/semreserva\/#organization\"},\"potentialAction\":[{\"@type\":\"SearchAction\",\"target\":{\"@type\":\"EntryPoint\",\"urlTemplate\":\"http:\/\/blog.panrotas.com.br\/semreserva\/?s={search_term_string}\"},\"query-input\":\"required name=search_term_string\"}],\"inLanguage\":\"pt-BR\"},{\"@type\":\"WebPage\",\"@id\":\"https:\/\/blog.panrotas.com.br\/semreserva\/o-que-estamos-plantando\/10-02-2014\/#webpage\",\"url\":\"https:\/\/blog.panrotas.com.br\/semreserva\/o-que-estamos-plantando\/10-02-2014\/\",\"name\":\"O QUE ESTAMOS PLANTANDO? -\",\"isPartOf\":{\"@id\":\"http:\/\/blog.panrotas.com.br\/semreserva\/#website\"},\"datePublished\":\"2014-02-10T19:01:29+00:00\",\"dateModified\":\"2014-02-10T19:01:29+00:00\",\"description\":\"O QUE ESTAMOS PLANTANDO?. Confira essa Mat\\u00e9ria no Canal Sem reserva. \\u27a4 Projeto em parceria com a PANROTAS.\",\"breadcrumb\":{\"@id\":\"https:\/\/blog.panrotas.com.br\/semreserva\/o-que-estamos-plantando\/10-02-2014\/#breadcrumb\"},\"inLanguage\":\"pt-BR\",\"potentialAction\":[{\"@type\":\"ReadAction\",\"target\":[\"https:\/\/blog.panrotas.com.br\/semreserva\/o-que-estamos-plantando\/10-02-2014\/\"]}]},{\"@type\":\"BreadcrumbList\",\"@id\":\"https:\/\/blog.panrotas.com.br\/semreserva\/o-que-estamos-plantando\/10-02-2014\/#breadcrumb\",\"itemListElement\":[{\"@type\":\"ListItem\",\"position\":1,\"name\":\"Home do Blog\",\"item\":\"http:\/\/blog.panrotas.com.br\/semreserva\/\"},{\"@type\":\"ListItem\",\"position\":2,\"name\":\"Dia a dia\",\"item\":\"https:\/\/blog.panrotas.com.br\/semreserva\/category\/dia-a-dia\/\"},{\"@type\":\"ListItem\",\"position\":3,\"name\":\"O QUE ESTAMOS PLANTANDO?\"}]},{\"@type\":\"Article\",\"@id\":\"https:\/\/blog.panrotas.com.br\/semreserva\/o-que-estamos-plantando\/10-02-2014\/#article\",\"isPartOf\":{\"@id\":\"https:\/\/blog.panrotas.com.br\/semreserva\/o-que-estamos-plantando\/10-02-2014\/#webpage\"},\"author\":{\"@id\":\"http:\/\/blog.panrotas.com.br\/semreserva\/#\/schema\/person\/c93b4555f6a497d2d83c25dcb80f61ed\"},\"headline\":\"O QUE ESTAMOS PLANTANDO?\",\"datePublished\":\"2014-02-10T19:01:29+00:00\",\"dateModified\":\"2014-02-10T19:01:29+00:00\",\"mainEntityOfPage\":{\"@id\":\"https:\/\/blog.panrotas.com.br\/semreserva\/o-que-estamos-plantando\/10-02-2014\/#webpage\"},\"wordCount\":578,\"commentCount\":0,\"publisher\":{\"@id\":\"http:\/\/blog.panrotas.com.br\/semreserva\/#organization\"},\"articleSection\":[\"Dia a dia\"],\"inLanguage\":\"pt-BR\",\"potentialAction\":[{\"@type\":\"CommentAction\",\"name\":\"Comment\",\"target\":[\"https:\/\/blog.panrotas.com.br\/semreserva\/o-que-estamos-plantando\/10-02-2014\/#respond\"]}]},{\"@type\":\"Person\",\"@id\":\"http:\/\/blog.panrotas.com.br\/semreserva\/#\/schema\/person\/c93b4555f6a497d2d83c25dcb80f61ed\",\"name\":\"Artur Andrade\",\"image\":{\"@type\":\"ImageObject\",\"@id\":\"http:\/\/blog.panrotas.com.br\/semreserva\/#personlogo\",\"inLanguage\":\"pt-BR\",\"url\":\"https:\/\/secure.gravatar.com\/avatar\/a94564d630220cefd5c82f3452ac1ef4?s=96&d=mm&r=g\",\"contentUrl\":\"https:\/\/secure.gravatar.com\/avatar\/a94564d630220cefd5c82f3452ac1ef4?s=96&d=mm&r=g\",\"caption\":\"Artur Andrade\"},\"description\":\"Artur Luiz Andrade \\u00e9 carioca, taurino, jornalista e nasceu em 1969. \\u00c9 editor-chefe da PANROTAS Editora e mora em S\\u00e3o Paulo desde 1998\",\"sameAs\":[\"http:\/\/www.panrotas.com.br\"]}]}<\/script>\n<!-- \/ Yoast SEO plugin. -->","yoast_head_json":{"title":"O QUE ESTAMOS PLANTANDO? -","description":"O QUE ESTAMOS PLANTANDO?. Confira essa Mat\u00e9ria no Canal Sem reserva. \u27a4 Projeto em parceria com a PANROTAS.","robots":{"index":"index","follow":"follow","max-snippet":"max-snippet:-1","max-image-preview":"max-image-preview:large","max-video-preview":"max-video-preview:-1"},"canonical":"https:\/\/blog.panrotas.com.br\/semreserva\/o-que-estamos-plantando\/10-02-2014\/","og_locale":"pt_BR","og_type":"article","og_title":"O QUE ESTAMOS PLANTANDO? -","og_description":"O QUE ESTAMOS PLANTANDO?. Confira essa Mat\u00e9ria no Canal Sem reserva. \u27a4 Projeto em parceria com a PANROTAS.","og_url":"https:\/\/blog.panrotas.com.br\/semreserva\/o-que-estamos-plantando\/10-02-2014\/","og_site_name":"Sem reserva","article_publisher":"https:\/\/www.facebook.com\/portalpanrotas\/","article_published_time":"2014-02-10T19:01:29+00:00","twitter_card":"summary_large_image","twitter_creator":"@portalpanrotas","twitter_site":"@portalpanrotas","twitter_misc":{"Escrito por":"Artur Andrade","Est. tempo de leitura":"3 minutos"},"schema":{"@context":"https:\/\/schema.org","@graph":[{"@type":"Organization","@id":"http:\/\/blog.panrotas.com.br\/semreserva\/#organization","name":"Sem Reserva - Blog no Portal PANROTAS","url":"http:\/\/blog.panrotas.com.br\/semreserva\/","sameAs":["https:\/\/www.facebook.com\/portalpanrotas\/","https:\/\/www.instagram.com\/portalpanrotas\/","https:\/\/br.linkedin.com\/company\/panrotas","https:\/\/www.youtube.com\/tvpanrotas","https:\/\/twitter.com\/portalpanrotas"],"logo":{"@type":"ImageObject","@id":"http:\/\/blog.panrotas.com.br\/semreserva\/#logo","inLanguage":"pt-BR","url":"https:\/\/blog.panrotas.com.br\/semreserva\/wp-content\/uploads\/sites\/5\/2020\/06\/logo.png","contentUrl":"https:\/\/blog.panrotas.com.br\/semreserva\/wp-content\/uploads\/sites\/5\/2020\/06\/logo.png","width":259,"height":53,"caption":"Sem Reserva - Blog no Portal PANROTAS"},"image":{"@id":"http:\/\/blog.panrotas.com.br\/semreserva\/#logo"}},{"@type":"WebSite","@id":"http:\/\/blog.panrotas.com.br\/semreserva\/#website","url":"http:\/\/blog.panrotas.com.br\/semreserva\/","name":"Sem reserva","description":"Blogosfera PANROTAS","publisher":{"@id":"http:\/\/blog.panrotas.com.br\/semreserva\/#organization"},"potentialAction":[{"@type":"SearchAction","target":{"@type":"EntryPoint","urlTemplate":"http:\/\/blog.panrotas.com.br\/semreserva\/?s={search_term_string}"},"query-input":"required name=search_term_string"}],"inLanguage":"pt-BR"},{"@type":"WebPage","@id":"https:\/\/blog.panrotas.com.br\/semreserva\/o-que-estamos-plantando\/10-02-2014\/#webpage","url":"https:\/\/blog.panrotas.com.br\/semreserva\/o-que-estamos-plantando\/10-02-2014\/","name":"O QUE ESTAMOS PLANTANDO? -","isPartOf":{"@id":"http:\/\/blog.panrotas.com.br\/semreserva\/#website"},"datePublished":"2014-02-10T19:01:29+00:00","dateModified":"2014-02-10T19:01:29+00:00","description":"O QUE ESTAMOS PLANTANDO?. Confira essa Mat\u00e9ria no Canal Sem reserva. \u27a4 Projeto em parceria com a PANROTAS.","breadcrumb":{"@id":"https:\/\/blog.panrotas.com.br\/semreserva\/o-que-estamos-plantando\/10-02-2014\/#breadcrumb"},"inLanguage":"pt-BR","potentialAction":[{"@type":"ReadAction","target":["https:\/\/blog.panrotas.com.br\/semreserva\/o-que-estamos-plantando\/10-02-2014\/"]}]},{"@type":"BreadcrumbList","@id":"https:\/\/blog.panrotas.com.br\/semreserva\/o-que-estamos-plantando\/10-02-2014\/#breadcrumb","itemListElement":[{"@type":"ListItem","position":1,"name":"Home do Blog","item":"http:\/\/blog.panrotas.com.br\/semreserva\/"},{"@type":"ListItem","position":2,"name":"Dia a dia","item":"https:\/\/blog.panrotas.com.br\/semreserva\/category\/dia-a-dia\/"},{"@type":"ListItem","position":3,"name":"O QUE ESTAMOS PLANTANDO?"}]},{"@type":"Article","@id":"https:\/\/blog.panrotas.com.br\/semreserva\/o-que-estamos-plantando\/10-02-2014\/#article","isPartOf":{"@id":"https:\/\/blog.panrotas.com.br\/semreserva\/o-que-estamos-plantando\/10-02-2014\/#webpage"},"author":{"@id":"http:\/\/blog.panrotas.com.br\/semreserva\/#\/schema\/person\/c93b4555f6a497d2d83c25dcb80f61ed"},"headline":"O QUE ESTAMOS PLANTANDO?","datePublished":"2014-02-10T19:01:29+00:00","dateModified":"2014-02-10T19:01:29+00:00","mainEntityOfPage":{"@id":"https:\/\/blog.panrotas.com.br\/semreserva\/o-que-estamos-plantando\/10-02-2014\/#webpage"},"wordCount":578,"commentCount":0,"publisher":{"@id":"http:\/\/blog.panrotas.com.br\/semreserva\/#organization"},"articleSection":["Dia a dia"],"inLanguage":"pt-BR","potentialAction":[{"@type":"CommentAction","name":"Comment","target":["https:\/\/blog.panrotas.com.br\/semreserva\/o-que-estamos-plantando\/10-02-2014\/#respond"]}]},{"@type":"Person","@id":"http:\/\/blog.panrotas.com.br\/semreserva\/#\/schema\/person\/c93b4555f6a497d2d83c25dcb80f61ed","name":"Artur Andrade","image":{"@type":"ImageObject","@id":"http:\/\/blog.panrotas.com.br\/semreserva\/#personlogo","inLanguage":"pt-BR","url":"https:\/\/secure.gravatar.com\/avatar\/a94564d630220cefd5c82f3452ac1ef4?s=96&d=mm&r=g","contentUrl":"https:\/\/secure.gravatar.com\/avatar\/a94564d630220cefd5c82f3452ac1ef4?s=96&d=mm&r=g","caption":"Artur Andrade"},"description":"Artur Luiz Andrade \u00e9 carioca, taurino, jornalista e nasceu em 1969. \u00c9 editor-chefe da PANROTAS Editora e mora em S\u00e3o Paulo desde 1998","sameAs":["http:\/\/www.panrotas.com.br"]}]}},"jetpack_featured_media_url":"","jetpack_shortlink":"https:\/\/wp.me\/p7idIU-10F","_links":{"self":[{"href":"https:\/\/blog.panrotas.com.br\/semreserva\/wp-json\/wp\/v2\/posts\/3885"}],"collection":[{"href":"https:\/\/blog.panrotas.com.br\/semreserva\/wp-json\/wp\/v2\/posts"}],"about":[{"href":"https:\/\/blog.panrotas.com.br\/semreserva\/wp-json\/wp\/v2\/types\/post"}],"author":[{"embeddable":true,"href":"https:\/\/blog.panrotas.com.br\/semreserva\/wp-json\/wp\/v2\/users\/7"}],"replies":[{"embeddable":true,"href":"https:\/\/blog.panrotas.com.br\/semreserva\/wp-json\/wp\/v2\/comments?post=3885"}],"version-history":[{"count":0,"href":"https:\/\/blog.panrotas.com.br\/semreserva\/wp-json\/wp\/v2\/posts\/3885\/revisions"}],"wp:attachment":[{"href":"https:\/\/blog.panrotas.com.br\/semreserva\/wp-json\/wp\/v2\/media?parent=3885"}],"wp:term":[{"taxonomy":"category","embeddable":true,"href":"https:\/\/blog.panrotas.com.br\/semreserva\/wp-json\/wp\/v2\/categories?post=3885"},{"taxonomy":"post_tag","embeddable":true,"href":"https:\/\/blog.panrotas.com.br\/semreserva\/wp-json\/wp\/v2\/tags?post=3885"}],"curies":[{"name":"wp","href":"https:\/\/api.w.org\/{rel}","templated":true}]}}