{"id":3890,"date":"2014-02-12T00:42:17","date_gmt":"2014-02-12T03:42:17","guid":{"rendered":"http:\/\/blog.panrotas.com.br\/semreserva\/?p=3890"},"modified":"2014-02-12T00:42:17","modified_gmt":"2014-02-12T03:42:17","slug":"um-cerebro-pro-leao-covarde-e-coragem-para-o-espantalho","status":"publish","type":"post","link":"https:\/\/blog.panrotas.com.br\/semreserva\/um-cerebro-pro-leao-covarde-e-coragem-para-o-espantalho\/12-02-2014\/","title":{"rendered":"UM C\u00c9REBRO PRO LE\u00c3O COVARDE (E CORAGEM PARA O ESPANTALHO)"},"content":{"rendered":"<p>Enquanto o Menos M\u00e9dicos ajuda cubanos a irem para os Estados Unidos ou desfrutarem da Terra Brasilis, os empres\u00e1rios de turismo t\u00eam a dif\u00edcil miss\u00e3o de convencer os brasileiros a viajarem antes, durante e depois da Copa. Al\u00e9m disso, conseguir pre\u00e7os \u201cnormais\u201d, de temporada, e n\u00e3o absurdos como os altos pre\u00e7os do r\u00e9veillon \u2013 mas convenhamos, s\u00e3o pre\u00e7os bem altos, mas em que outro local do planeta as passagens de ano s\u00e3o t\u00e3o divertidas? \u00c9 preciso, portanto, fazer valer para se desfrutar do para\u00edso.<\/p>\n<p>E a Argentina? Barat\u00edssima para brasileiros&#8230; Que est\u00e3o preferindo Miami e Nova York. Ser\u00e1 que o c\u00e2mbio vai ser suficiente para que os brasileiros voltem a fazer da Argentina destino n\u00famero um? A comida continua boa, a neve continua fofa, o doce de leite continua imbat\u00edvel&#8230; mas M\u00e9xico, Estados Unidos, Caribe e at\u00e9 a Europa est\u00e3o com pre\u00e7os tamb\u00e9m beeeem atraentes. Dizem os especialistas que primeiro Bariloche (falando apenas do inverno) deu azar com o vulc\u00e3o chileno. Depois, na temporada seguinte, errou, ao aumentar pre\u00e7os e n\u00e3o saber negociar justamente (de forma justa) com os brasileiros. A temporada vai ser lan\u00e7ada j\u00e1 j\u00e1&#8230; H\u00e1 voos, h\u00e1 c\u00e2mbio favor\u00e1vel, haver\u00e1 brasileiros suficientes?<\/p>\n<p>E a hotelaria? T\u00e1 preocupada com a Copa ou com o resto do ano? Em 2015 vai ter hotel voltando a procurar clientes a quem virou a cara&#8230; A oferta estar\u00e1 maior. Sand\u00e1lias da humildade \u00e0 vista. Vejam que n\u00e3o falo de pre\u00e7o e sim de disponibilidade. Gerenciamento de invent\u00e1rio&#8230;<\/p>\n<p>E o Reclame Aqui? Divulgamos algumas listas e foi um choror\u00f4&#8230; Claro que s\u00e3o listas frias baseadas em quantidade. Basta entrar no site deles e ver quem resolveu os problemas, quem ignorou, e quem n\u00e3o est\u00e1 nem a\u00ed&#8230; Cada um sabe de suas estrat\u00e9gias. Uma cr\u00edtica ruim n\u00e3o \u00e9 o fim do mundo, mas sim o cliente quer saber o que se fez com ela. Foi resolvida? Tinha m\u00e9rito? Foi uma exce\u00e7\u00e3o?<\/p>\n<p>Mudando de assunto, muito legal ver o PH da Tap ser transferido (e promovido) para Madri. Vai dirigir os neg\u00f3cios da Tap por l\u00e1. Um brasileiro na Pen\u00ednsula Ib\u00e9rica. Algo super normal nos mundos atuais. Vejam que na Delta aqui no Brasil temos um VP uruguaio, um diretor americano, outro brasileiro e outro argentino. A l\u00edngua que tem de ser falada \u00e9 uma s\u00f3: profissionalismo. E conhecimento de mercado. O resto \u00e9 picuinha.<\/p>\n<p>OK nem sempre d\u00e1 certo, mas vamos celebrar os bons exemplos.<\/p>\n<p>Ah e estou c\u00e1 pensando em uma mat\u00e9ria sobre remunera\u00e7\u00e3o. Comiss\u00f5es, taxas, overs, acordos, DU&#8230; Quanto vale o seu trabalho? Quem te remunera? Como as empresas est\u00e3o gerenciando comiss\u00f5es e ganhos vari\u00e1veis? Sugest\u00f5es? Dicas? Conto com a ajuda de voc\u00eas.<\/p>\n<p>Por fim (e por ora), muito bom o Workshop Agaxtur. O jeito acelerado e atropelado do Aldinho contrasta com a objetividade da Andrea e faz tudo dar certo. Haja criatividade. E \u00e9 disso que o turismo precisa. Camar\u00e3o que dorme a OTA leva&#8230; ops, a ONDA leva.<\/p>\n","protected":false},"excerpt":{"rendered":"<p>Enquanto o Menos M\u00e9dicos ajuda cubanos a irem para os Estados Unidos ou desfrutarem da Terra Brasilis, os empres\u00e1rios de turismo t\u00eam a dif\u00edcil miss\u00e3o de convencer os brasileiros a viajarem antes, durante e depois da Copa. Al\u00e9m disso, conseguir pre\u00e7os \u201cnormais\u201d, de temporada, e n\u00e3o absurdos como os altos pre\u00e7os do r\u00e9veillon \u2013 mas [&hellip;]<\/p>\n","protected":false},"author":7,"featured_media":0,"comment_status":"open","ping_status":"open","sticky":false,"template":"","format":"standard","meta":{"spay_email":""},"categories":[2],"tags":[],"yoast_head":"<!-- This site is optimized with the Yoast SEO plugin v17.3 - https:\/\/yoast.com\/wordpress\/plugins\/seo\/ -->\n<title>UM C\u00c9REBRO PRO LE\u00c3O COVARDE (E CORAGEM PARA O ESPANTALHO) -<\/title>\n<meta name=\"description\" content=\"UM C\u00c9REBRO PRO LE\u00c3O COVARDE (E CORAGEM PARA O ESPANTALHO). Confira essa Mat\u00e9ria no Canal Sem reserva. \u27a4 Projeto em parceria com a PANROTAS.\" \/>\n<meta name=\"robots\" content=\"index, follow, max-snippet:-1, max-image-preview:large, max-video-preview:-1\" \/>\n<link rel=\"canonical\" href=\"https:\/\/blog.panrotas.com.br\/semreserva\/um-cerebro-pro-leao-covarde-e-coragem-para-o-espantalho\/12-02-2014\/\" \/>\n<meta property=\"og:locale\" content=\"pt_BR\" \/>\n<meta property=\"og:type\" content=\"article\" \/>\n<meta property=\"og:title\" content=\"UM C\u00c9REBRO PRO LE\u00c3O COVARDE (E CORAGEM PARA O ESPANTALHO) -\" \/>\n<meta property=\"og:description\" content=\"UM C\u00c9REBRO PRO LE\u00c3O COVARDE (E CORAGEM PARA O ESPANTALHO). Confira essa Mat\u00e9ria no Canal Sem reserva. \u27a4 Projeto em parceria com a PANROTAS.\" \/>\n<meta property=\"og:url\" content=\"https:\/\/blog.panrotas.com.br\/semreserva\/um-cerebro-pro-leao-covarde-e-coragem-para-o-espantalho\/12-02-2014\/\" \/>\n<meta property=\"og:site_name\" content=\"Sem reserva\" \/>\n<meta property=\"article:publisher\" content=\"https:\/\/www.facebook.com\/portalpanrotas\/\" \/>\n<meta property=\"article:published_time\" content=\"2014-02-12T03:42:17+00:00\" \/>\n<meta name=\"twitter:card\" content=\"summary_large_image\" \/>\n<meta name=\"twitter:creator\" content=\"@portalpanrotas\" \/>\n<meta name=\"twitter:site\" content=\"@portalpanrotas\" \/>\n<meta name=\"twitter:label1\" content=\"Escrito por\" \/>\n\t<meta name=\"twitter:data1\" content=\"Artur Andrade\" \/>\n\t<meta name=\"twitter:label2\" content=\"Est. tempo de leitura\" \/>\n\t<meta name=\"twitter:data2\" content=\"3 minutos\" \/>\n<script type=\"application\/ld+json\" class=\"yoast-schema-graph\">{\"@context\":\"https:\/\/schema.org\",\"@graph\":[{\"@type\":\"Organization\",\"@id\":\"http:\/\/blog.panrotas.com.br\/semreserva\/#organization\",\"name\":\"Sem Reserva - Blog no Portal PANROTAS\",\"url\":\"http:\/\/blog.panrotas.com.br\/semreserva\/\",\"sameAs\":[\"https:\/\/www.facebook.com\/portalpanrotas\/\",\"https:\/\/www.instagram.com\/portalpanrotas\/\",\"https:\/\/br.linkedin.com\/company\/panrotas\",\"https:\/\/www.youtube.com\/tvpanrotas\",\"https:\/\/twitter.com\/portalpanrotas\"],\"logo\":{\"@type\":\"ImageObject\",\"@id\":\"http:\/\/blog.panrotas.com.br\/semreserva\/#logo\",\"inLanguage\":\"pt-BR\",\"url\":\"https:\/\/blog.panrotas.com.br\/semreserva\/wp-content\/uploads\/sites\/5\/2020\/06\/logo.png\",\"contentUrl\":\"https:\/\/blog.panrotas.com.br\/semreserva\/wp-content\/uploads\/sites\/5\/2020\/06\/logo.png\",\"width\":259,\"height\":53,\"caption\":\"Sem Reserva - Blog no Portal PANROTAS\"},\"image\":{\"@id\":\"http:\/\/blog.panrotas.com.br\/semreserva\/#logo\"}},{\"@type\":\"WebSite\",\"@id\":\"http:\/\/blog.panrotas.com.br\/semreserva\/#website\",\"url\":\"http:\/\/blog.panrotas.com.br\/semreserva\/\",\"name\":\"Sem reserva\",\"description\":\"Blogosfera PANROTAS\",\"publisher\":{\"@id\":\"http:\/\/blog.panrotas.com.br\/semreserva\/#organization\"},\"potentialAction\":[{\"@type\":\"SearchAction\",\"target\":{\"@type\":\"EntryPoint\",\"urlTemplate\":\"http:\/\/blog.panrotas.com.br\/semreserva\/?s={search_term_string}\"},\"query-input\":\"required name=search_term_string\"}],\"inLanguage\":\"pt-BR\"},{\"@type\":\"WebPage\",\"@id\":\"https:\/\/blog.panrotas.com.br\/semreserva\/um-cerebro-pro-leao-covarde-e-coragem-para-o-espantalho\/12-02-2014\/#webpage\",\"url\":\"https:\/\/blog.panrotas.com.br\/semreserva\/um-cerebro-pro-leao-covarde-e-coragem-para-o-espantalho\/12-02-2014\/\",\"name\":\"UM C\\u00c9REBRO PRO LE\\u00c3O COVARDE (E CORAGEM PARA O ESPANTALHO) -\",\"isPartOf\":{\"@id\":\"http:\/\/blog.panrotas.com.br\/semreserva\/#website\"},\"datePublished\":\"2014-02-12T03:42:17+00:00\",\"dateModified\":\"2014-02-12T03:42:17+00:00\",\"description\":\"UM C\\u00c9REBRO PRO LE\\u00c3O COVARDE (E CORAGEM PARA O ESPANTALHO). Confira essa Mat\\u00e9ria no Canal Sem reserva. \\u27a4 Projeto em parceria com a PANROTAS.\",\"breadcrumb\":{\"@id\":\"https:\/\/blog.panrotas.com.br\/semreserva\/um-cerebro-pro-leao-covarde-e-coragem-para-o-espantalho\/12-02-2014\/#breadcrumb\"},\"inLanguage\":\"pt-BR\",\"potentialAction\":[{\"@type\":\"ReadAction\",\"target\":[\"https:\/\/blog.panrotas.com.br\/semreserva\/um-cerebro-pro-leao-covarde-e-coragem-para-o-espantalho\/12-02-2014\/\"]}]},{\"@type\":\"BreadcrumbList\",\"@id\":\"https:\/\/blog.panrotas.com.br\/semreserva\/um-cerebro-pro-leao-covarde-e-coragem-para-o-espantalho\/12-02-2014\/#breadcrumb\",\"itemListElement\":[{\"@type\":\"ListItem\",\"position\":1,\"name\":\"Home do Blog\",\"item\":\"http:\/\/blog.panrotas.com.br\/semreserva\/\"},{\"@type\":\"ListItem\",\"position\":2,\"name\":\"Dia a dia\",\"item\":\"https:\/\/blog.panrotas.com.br\/semreserva\/category\/dia-a-dia\/\"},{\"@type\":\"ListItem\",\"position\":3,\"name\":\"UM C\\u00c9REBRO PRO LE\\u00c3O COVARDE (E CORAGEM PARA O ESPANTALHO)\"}]},{\"@type\":\"Article\",\"@id\":\"https:\/\/blog.panrotas.com.br\/semreserva\/um-cerebro-pro-leao-covarde-e-coragem-para-o-espantalho\/12-02-2014\/#article\",\"isPartOf\":{\"@id\":\"https:\/\/blog.panrotas.com.br\/semreserva\/um-cerebro-pro-leao-covarde-e-coragem-para-o-espantalho\/12-02-2014\/#webpage\"},\"author\":{\"@id\":\"http:\/\/blog.panrotas.com.br\/semreserva\/#\/schema\/person\/c93b4555f6a497d2d83c25dcb80f61ed\"},\"headline\":\"UM C\\u00c9REBRO PRO LE\\u00c3O COVARDE (E CORAGEM PARA O ESPANTALHO)\",\"datePublished\":\"2014-02-12T03:42:17+00:00\",\"dateModified\":\"2014-02-12T03:42:17+00:00\",\"mainEntityOfPage\":{\"@id\":\"https:\/\/blog.panrotas.com.br\/semreserva\/um-cerebro-pro-leao-covarde-e-coragem-para-o-espantalho\/12-02-2014\/#webpage\"},\"wordCount\":546,\"commentCount\":0,\"publisher\":{\"@id\":\"http:\/\/blog.panrotas.com.br\/semreserva\/#organization\"},\"articleSection\":[\"Dia a dia\"],\"inLanguage\":\"pt-BR\",\"potentialAction\":[{\"@type\":\"CommentAction\",\"name\":\"Comment\",\"target\":[\"https:\/\/blog.panrotas.com.br\/semreserva\/um-cerebro-pro-leao-covarde-e-coragem-para-o-espantalho\/12-02-2014\/#respond\"]}]},{\"@type\":\"Person\",\"@id\":\"http:\/\/blog.panrotas.com.br\/semreserva\/#\/schema\/person\/c93b4555f6a497d2d83c25dcb80f61ed\",\"name\":\"Artur Andrade\",\"image\":{\"@type\":\"ImageObject\",\"@id\":\"http:\/\/blog.panrotas.com.br\/semreserva\/#personlogo\",\"inLanguage\":\"pt-BR\",\"url\":\"https:\/\/secure.gravatar.com\/avatar\/a94564d630220cefd5c82f3452ac1ef4?s=96&d=mm&r=g\",\"contentUrl\":\"https:\/\/secure.gravatar.com\/avatar\/a94564d630220cefd5c82f3452ac1ef4?s=96&d=mm&r=g\",\"caption\":\"Artur Andrade\"},\"description\":\"Artur Luiz Andrade \\u00e9 carioca, taurino, jornalista e nasceu em 1969. \\u00c9 editor-chefe da PANROTAS Editora e mora em S\\u00e3o Paulo desde 1998\",\"sameAs\":[\"http:\/\/www.panrotas.com.br\"]}]}<\/script>\n<!-- \/ Yoast SEO plugin. -->","yoast_head_json":{"title":"UM C\u00c9REBRO PRO LE\u00c3O COVARDE (E CORAGEM PARA O ESPANTALHO) -","description":"UM C\u00c9REBRO PRO LE\u00c3O COVARDE (E CORAGEM PARA O ESPANTALHO). Confira essa Mat\u00e9ria no Canal Sem reserva. \u27a4 Projeto em parceria com a PANROTAS.","robots":{"index":"index","follow":"follow","max-snippet":"max-snippet:-1","max-image-preview":"max-image-preview:large","max-video-preview":"max-video-preview:-1"},"canonical":"https:\/\/blog.panrotas.com.br\/semreserva\/um-cerebro-pro-leao-covarde-e-coragem-para-o-espantalho\/12-02-2014\/","og_locale":"pt_BR","og_type":"article","og_title":"UM C\u00c9REBRO PRO LE\u00c3O COVARDE (E CORAGEM PARA O ESPANTALHO) -","og_description":"UM C\u00c9REBRO PRO LE\u00c3O COVARDE (E CORAGEM PARA O ESPANTALHO). Confira essa Mat\u00e9ria no Canal Sem reserva. \u27a4 Projeto em parceria com a PANROTAS.","og_url":"https:\/\/blog.panrotas.com.br\/semreserva\/um-cerebro-pro-leao-covarde-e-coragem-para-o-espantalho\/12-02-2014\/","og_site_name":"Sem reserva","article_publisher":"https:\/\/www.facebook.com\/portalpanrotas\/","article_published_time":"2014-02-12T03:42:17+00:00","twitter_card":"summary_large_image","twitter_creator":"@portalpanrotas","twitter_site":"@portalpanrotas","twitter_misc":{"Escrito por":"Artur Andrade","Est. tempo de leitura":"3 minutos"},"schema":{"@context":"https:\/\/schema.org","@graph":[{"@type":"Organization","@id":"http:\/\/blog.panrotas.com.br\/semreserva\/#organization","name":"Sem Reserva - Blog no Portal PANROTAS","url":"http:\/\/blog.panrotas.com.br\/semreserva\/","sameAs":["https:\/\/www.facebook.com\/portalpanrotas\/","https:\/\/www.instagram.com\/portalpanrotas\/","https:\/\/br.linkedin.com\/company\/panrotas","https:\/\/www.youtube.com\/tvpanrotas","https:\/\/twitter.com\/portalpanrotas"],"logo":{"@type":"ImageObject","@id":"http:\/\/blog.panrotas.com.br\/semreserva\/#logo","inLanguage":"pt-BR","url":"https:\/\/blog.panrotas.com.br\/semreserva\/wp-content\/uploads\/sites\/5\/2020\/06\/logo.png","contentUrl":"https:\/\/blog.panrotas.com.br\/semreserva\/wp-content\/uploads\/sites\/5\/2020\/06\/logo.png","width":259,"height":53,"caption":"Sem Reserva - Blog no Portal PANROTAS"},"image":{"@id":"http:\/\/blog.panrotas.com.br\/semreserva\/#logo"}},{"@type":"WebSite","@id":"http:\/\/blog.panrotas.com.br\/semreserva\/#website","url":"http:\/\/blog.panrotas.com.br\/semreserva\/","name":"Sem reserva","description":"Blogosfera PANROTAS","publisher":{"@id":"http:\/\/blog.panrotas.com.br\/semreserva\/#organization"},"potentialAction":[{"@type":"SearchAction","target":{"@type":"EntryPoint","urlTemplate":"http:\/\/blog.panrotas.com.br\/semreserva\/?s={search_term_string}"},"query-input":"required name=search_term_string"}],"inLanguage":"pt-BR"},{"@type":"WebPage","@id":"https:\/\/blog.panrotas.com.br\/semreserva\/um-cerebro-pro-leao-covarde-e-coragem-para-o-espantalho\/12-02-2014\/#webpage","url":"https:\/\/blog.panrotas.com.br\/semreserva\/um-cerebro-pro-leao-covarde-e-coragem-para-o-espantalho\/12-02-2014\/","name":"UM C\u00c9REBRO PRO LE\u00c3O COVARDE (E CORAGEM PARA O ESPANTALHO) -","isPartOf":{"@id":"http:\/\/blog.panrotas.com.br\/semreserva\/#website"},"datePublished":"2014-02-12T03:42:17+00:00","dateModified":"2014-02-12T03:42:17+00:00","description":"UM C\u00c9REBRO PRO LE\u00c3O COVARDE (E CORAGEM PARA O ESPANTALHO). Confira essa Mat\u00e9ria no Canal Sem reserva. \u27a4 Projeto em parceria com a PANROTAS.","breadcrumb":{"@id":"https:\/\/blog.panrotas.com.br\/semreserva\/um-cerebro-pro-leao-covarde-e-coragem-para-o-espantalho\/12-02-2014\/#breadcrumb"},"inLanguage":"pt-BR","potentialAction":[{"@type":"ReadAction","target":["https:\/\/blog.panrotas.com.br\/semreserva\/um-cerebro-pro-leao-covarde-e-coragem-para-o-espantalho\/12-02-2014\/"]}]},{"@type":"BreadcrumbList","@id":"https:\/\/blog.panrotas.com.br\/semreserva\/um-cerebro-pro-leao-covarde-e-coragem-para-o-espantalho\/12-02-2014\/#breadcrumb","itemListElement":[{"@type":"ListItem","position":1,"name":"Home do Blog","item":"http:\/\/blog.panrotas.com.br\/semreserva\/"},{"@type":"ListItem","position":2,"name":"Dia a dia","item":"https:\/\/blog.panrotas.com.br\/semreserva\/category\/dia-a-dia\/"},{"@type":"ListItem","position":3,"name":"UM C\u00c9REBRO PRO LE\u00c3O COVARDE (E CORAGEM PARA O ESPANTALHO)"}]},{"@type":"Article","@id":"https:\/\/blog.panrotas.com.br\/semreserva\/um-cerebro-pro-leao-covarde-e-coragem-para-o-espantalho\/12-02-2014\/#article","isPartOf":{"@id":"https:\/\/blog.panrotas.com.br\/semreserva\/um-cerebro-pro-leao-covarde-e-coragem-para-o-espantalho\/12-02-2014\/#webpage"},"author":{"@id":"http:\/\/blog.panrotas.com.br\/semreserva\/#\/schema\/person\/c93b4555f6a497d2d83c25dcb80f61ed"},"headline":"UM C\u00c9REBRO PRO LE\u00c3O COVARDE (E CORAGEM PARA O ESPANTALHO)","datePublished":"2014-02-12T03:42:17+00:00","dateModified":"2014-02-12T03:42:17+00:00","mainEntityOfPage":{"@id":"https:\/\/blog.panrotas.com.br\/semreserva\/um-cerebro-pro-leao-covarde-e-coragem-para-o-espantalho\/12-02-2014\/#webpage"},"wordCount":546,"commentCount":0,"publisher":{"@id":"http:\/\/blog.panrotas.com.br\/semreserva\/#organization"},"articleSection":["Dia a dia"],"inLanguage":"pt-BR","potentialAction":[{"@type":"CommentAction","name":"Comment","target":["https:\/\/blog.panrotas.com.br\/semreserva\/um-cerebro-pro-leao-covarde-e-coragem-para-o-espantalho\/12-02-2014\/#respond"]}]},{"@type":"Person","@id":"http:\/\/blog.panrotas.com.br\/semreserva\/#\/schema\/person\/c93b4555f6a497d2d83c25dcb80f61ed","name":"Artur Andrade","image":{"@type":"ImageObject","@id":"http:\/\/blog.panrotas.com.br\/semreserva\/#personlogo","inLanguage":"pt-BR","url":"https:\/\/secure.gravatar.com\/avatar\/a94564d630220cefd5c82f3452ac1ef4?s=96&d=mm&r=g","contentUrl":"https:\/\/secure.gravatar.com\/avatar\/a94564d630220cefd5c82f3452ac1ef4?s=96&d=mm&r=g","caption":"Artur Andrade"},"description":"Artur Luiz Andrade \u00e9 carioca, taurino, jornalista e nasceu em 1969. \u00c9 editor-chefe da PANROTAS Editora e mora em S\u00e3o Paulo desde 1998","sameAs":["http:\/\/www.panrotas.com.br"]}]}},"jetpack_featured_media_url":"","jetpack_shortlink":"https:\/\/wp.me\/p7idIU-10K","_links":{"self":[{"href":"https:\/\/blog.panrotas.com.br\/semreserva\/wp-json\/wp\/v2\/posts\/3890"}],"collection":[{"href":"https:\/\/blog.panrotas.com.br\/semreserva\/wp-json\/wp\/v2\/posts"}],"about":[{"href":"https:\/\/blog.panrotas.com.br\/semreserva\/wp-json\/wp\/v2\/types\/post"}],"author":[{"embeddable":true,"href":"https:\/\/blog.panrotas.com.br\/semreserva\/wp-json\/wp\/v2\/users\/7"}],"replies":[{"embeddable":true,"href":"https:\/\/blog.panrotas.com.br\/semreserva\/wp-json\/wp\/v2\/comments?post=3890"}],"version-history":[{"count":0,"href":"https:\/\/blog.panrotas.com.br\/semreserva\/wp-json\/wp\/v2\/posts\/3890\/revisions"}],"wp:attachment":[{"href":"https:\/\/blog.panrotas.com.br\/semreserva\/wp-json\/wp\/v2\/media?parent=3890"}],"wp:term":[{"taxonomy":"category","embeddable":true,"href":"https:\/\/blog.panrotas.com.br\/semreserva\/wp-json\/wp\/v2\/categories?post=3890"},{"taxonomy":"post_tag","embeddable":true,"href":"https:\/\/blog.panrotas.com.br\/semreserva\/wp-json\/wp\/v2\/tags?post=3890"}],"curies":[{"name":"wp","href":"https:\/\/api.w.org\/{rel}","templated":true}]}}