{"id":3893,"date":"2014-02-13T16:28:08","date_gmt":"2014-02-13T19:28:08","guid":{"rendered":"http:\/\/blog.panrotas.com.br\/semreserva\/?p=3893"},"modified":"2014-02-13T16:28:08","modified_gmt":"2014-02-13T19:28:08","slug":"profissao-agente-de-viagens-desabafo-ou-desalento","status":"publish","type":"post","link":"https:\/\/blog.panrotas.com.br\/semreserva\/profissao-agente-de-viagens-desabafo-ou-desalento\/13-02-2014\/","title":{"rendered":"PROFISS\u00c3O: AGENTE DE VIAGENS \u2014 DESABAFO OU DESALENTO?"},"content":{"rendered":"<p>&nbsp;<\/p>\n<p>Recebi esse e-mail abaixo, de um agente de viagens que atua no mercado desde a d\u00e9cada de 1970. Estar\u00e1 ele falando sozinho? Estar\u00e1 ele desatualizado? Certo? Errado? Mais que tudo: \u00e9 essa a realidade.<\/p>\n<p>&nbsp;<\/p>\n<p>\u201cCaro Artur bom dia.<\/p>\n<p>Tenho sido um acompanhante constante de seus coment\u00e1rios e blog. N\u00e3o tenho a ci\u00eancia de jornalista e talvez n\u00e3o consiga sintetizar as minhas ideias.<\/p>\n<p>&nbsp;<\/p>\n<p>Sou agente de viagens desde 1970, quando ingressei, formado pela Ibero Americana, na Univertur Turismo, da col\u00f4nia nip\u00f4nica. Fui promotor da Pluna e em 1986 resolvi fundar a Expo Brasil Tur. Tive que fech\u00e1-la por uma atitude numa atividade particular de um de meus s\u00f3cios, que acabou afetando o bom nome que constru\u00ed ao longo dos 25 anos de opera\u00e7\u00e3o.<\/p>\n<p>&nbsp;<\/p>\n<p>J\u00e1 vi planos, esquemas, overnight, over comission, over, over e mais over. Seguramente \u00e9 muito mais complicado para a minha gera\u00e7\u00e3o digerir e aplicar os novos esquemas e tecnologias, mas entendo que ainda haja ag\u00eancias que praticam a assessoria e p\u00fablico que quer comprar isso. N\u00e3o sou avesso \u00e0 tend\u00eancia e tampouco \u00e0 tecnologia. Compro sim muitas coisas pela internet e acho fant\u00e1stico. OTAS, acho muito interessante, e tenho um posicionamento muito claro em rela\u00e7\u00e3o a elas.<\/p>\n<p>&nbsp;<\/p>\n<p>O canal de distribui\u00e7\u00e3o de produtos tur\u00edsticos agente de viagens agora tem a companhia do canal OTA. Qual \u00e9 o problema??? Eu entendo que temos que compreender e buscar dois caminhos: \u00a0a) fundar uma OTA ou b) ser agente de viagens, aprimorar conhecimento e servi\u00e7os e oferecer o diferencial.<\/p>\n<p>&nbsp;<\/p>\n<p>Posso estar enganado, mas entendo que 80% das ag\u00eancias s\u00e3o de pequeno porte e nunca conseguir\u00e3o transformar-se numa OTA.<\/p>\n<p>&nbsp;<\/p>\n<p>Em uma \u00e9poca participei do f\u00f3rum de executivos da Abav, da qual\u00a0 j\u00e1 me desliguei, e sempre sa\u00eda muito frustrado, pois o interlocutor sempre ou invariavelmente nos colocava que n\u00e3o poder\u00edamos mais ficar fora da rede e que necessit\u00e1vamos de milh\u00f5es de investimento para poder nos manter neste ramo.<\/p>\n<p>&nbsp;<\/p>\n<p>Se fosse ou tornasse verdade estas coloca\u00e7\u00f5es seguramente n\u00e3o haveria mais espa\u00e7o e o segmento se resumiria em poucas ou pouqu\u00edssimas ag\u00eancias.<\/p>\n<p>&nbsp;<\/p>\n<p>Eu n\u00e3o entendo desta forma. Entendo que todas (talvez) as ag\u00eancias est\u00e3o absolutamente perdidas neste emaranhado, sem saber o que fazer e nestas condi\u00e7\u00f5es, cada um tentando fazer o melhor para si. E \u00e9 a\u00ed onde justamente encontra-se o descaminho e a sucumb\u00eancia de muitos, pois est\u00e3o preocupados com eles pr\u00f3prios e n\u00e3o com todos nos deste setor.<\/p>\n<p>De curioso, recorri ao Google e tive a resposta de minha d\u00favida. S\u00e3o 290 mil associa\u00e7\u00f5ess existentes no Brasil. A Abav \u00e9 uma delas.<\/p>\n<p>&nbsp;<\/p>\n<p>Dizer que os agentes n\u00e3o s\u00e3o unidos \u00e9 a situa\u00e7\u00e3o mais c\u00f4moda para quem dirige uma associa\u00e7\u00e3o.<\/p>\n<p>&nbsp;<\/p>\n<p>Para onde podemos convergir??? Existe algum ponto em que os agentes possam convergir??? Voc\u00ea busca este ponto, quando tem confian\u00e7a, sente que existe boa inten\u00e7\u00e3o&#8230; Pergunte a um agente sobre a Abav. Sabemos j\u00e1 a resposta. \u00c9 oba oba.<\/p>\n<p>&nbsp;<\/p>\n<p>Tive reunido com um dos ex-presidentes da Abav-SP t\u00e3o logo senti que come\u00e7ariam a \u201cpipocar\u201d as OTAs. Pedi para que pudesse centralizar uma campanha de divulga\u00e7\u00e3o do papel do agente de viagens (tradicional ou n\u00e3o OTAs), promover uma campanha publicit\u00e1ria para que o p\u00fablico pudesse discernir se iria comprar por uma OTA ou recorrer ao \u201dcarinho\u201d do agente de viagens. Isso porque, temos sim muitas liga\u00e7\u00f5es (por sorte) mas o p\u00fablico quer comprar \u2014 conversando comigo, eu transferindo meus conhecimentos de 35 anos de ag\u00eancia, a minha experi\u00eancia de conhecer pessoalmente 53 pa\u00edses do mundo \u2014 mas pagando tarifa de OTA. A\u00ed fica muito dif\u00edcil.<\/p>\n<p>&nbsp;<\/p>\n<p>Temos que muitas vezes \u201ccamuflar\u201d taxa na tarifa para que o cliente n\u00e3o perceba (isso \u00e9 terr\u00edvel), pois caso contr\u00e1rio ele compra no site da pr\u00f3pria companhia ou recorre \u00e0s OTAs e s\u00f3 no final fica sabendo da taxa que tamb\u00e9m as OTAs t\u00eam que cobrar, afinal, \u00e9 a remunera\u00e7\u00e3o deles.<\/p>\n<p>&nbsp;<\/p>\n<p>Temos que apresentar ao mercado de forma clara qual a\u00a0 nossa fun\u00e7\u00e3o e que para isso temos que ser remunerados. A consultoria tem pre\u00e7o, a transfer\u00eancia de conhecimento idem. N\u00e3o \u00e9 o mesmo com m\u00e9dicos, advogados e outros profissionais??<\/p>\n<p>&nbsp;<\/p>\n<p>(Ah, isso nos obriga a efetivamente a progredir profissionalmente. Como cobrar se n\u00e3o tenho conhecimento??)<\/p>\n<p>&nbsp;<\/p>\n<p>J\u00e1 falei tamb\u00e9m com uma grande operadora membro da Braztoa, sugerindo que eles deveriam acordar (e cumprir) que todas as operadoras cobrariam de n\u00f3s agentes de viagens a cotiza\u00e7\u00e3o. Como eles representam a grande maioria das operadoras, automaticamente for\u00e7ariam as ag\u00eancias cobrar de seu cliente. Ora n\u00e3o vamos todos ganhar???? A\u00ed, o velho discurso. Se eu cobro, o meu vizinho n\u00e3o ir\u00e1 cobrar&#8230; que mediocridade hein???<\/p>\n<p>&nbsp;<\/p>\n<p>Enfim, entendo que tudo est\u00e1 perfeito. O mercado talvez aquecido, as proje\u00e7\u00f5es do segmento fant\u00e1sticas&#8230; Temos ou teremos clientes em potencial crescente.<\/p>\n<p>&nbsp;<\/p>\n<p>Convicto estou de que, se bem dirigidos, n\u00e3o temos como n\u00e3o poder trilhar um caminho de boa rentabilidade e efetivamente pagar melhor aos nossos colaboradores. (Recebo invariavelmente ficha de financiamento onde o cliente apresenta a sua remunera\u00e7\u00e3o. E o nosso pessoal ganha muito, mas muito pouco)<\/p>\n<p>&nbsp;<\/p>\n<p>N\u00f3s n\u00e3o vendemos rem\u00e9dio para um paciente terminal, nos n\u00e3o vendemos (desculpe) \u201ccaix\u00e3o de defunto\u201d, vendemos sim alegria, satisfa\u00e7\u00e3o, sonho. N\u00e3o somos entidade filantr\u00f3pica, temos que ganhar sim e muito bem.<\/p>\n<p>&nbsp;<\/p>\n<p>Acho que o momento \u00e9 agora, desde que consigamos promover uma grande campanha e, efetivamente na pr\u00e1tica,\u00a0 valorizar o agente de viagens (vejam, n\u00e3o \u00e9 slogan\u00a0demag\u00f3gico de congresso da Abav).<\/p>\n<p>&nbsp;<\/p>\n<p>Ah tamb\u00e9m j\u00e1 tentei, falei e me reuni com meu amigo Michela\u00e3o, mas, nada (Fenactur \u2013 uma dentre 290 mil associa\u00e7\u00f5es). Avirrp???? Tenho acompanhado as reportagens.<\/p>\n<p>&nbsp;<\/p>\n<p>Se conseguirmos chamar todas as ag\u00eancias de turismo N\u00c3O OTAS e desenvolver uma campanha publicit\u00e1ria, conseguiremos sim provar ao mercado que vale a pena comprar servi\u00e7os tur\u00edsticos atrav\u00e9s de um agente de turismo F\u00cdSICO.<\/p>\n<p>&nbsp;<\/p>\n<p>Conclus\u00e3o: se a grande maioria das ag\u00eancias n\u00e3o ter\u00e1 condi\u00e7\u00f5es (por investimento) de se tornar uma OTA, por que essa maioria n\u00e3o iria aderir a uma campanha para vender \u201co seu peixe\u201d????<\/p>\n<p>&nbsp;<\/p>\n<p>\u00c9 quest\u00e3o de encontrar um ponto convergente.\u201d<\/p>\n<p>Por <strong>Joji Kato<\/strong> (<a href=\"mailto:joji@excellencetours.com.br\" target=\"_blank\" rel=\"noopener noreferrer\">joji@excellencetours.com.br<\/a>), da Excellence Tours (SP).<\/p>\n<p>&nbsp;<\/p>\n","protected":false},"excerpt":{"rendered":"<p>&nbsp; Recebi esse e-mail abaixo, de um agente de viagens que atua no mercado desde a d\u00e9cada de 1970. Estar\u00e1 ele falando sozinho? Estar\u00e1 ele desatualizado? Certo? Errado? Mais que tudo: \u00e9 essa a realidade. &nbsp; \u201cCaro Artur bom dia. Tenho sido um acompanhante constante de seus coment\u00e1rios e blog. N\u00e3o tenho a ci\u00eancia de [&hellip;]<\/p>\n","protected":false},"author":7,"featured_media":0,"comment_status":"open","ping_status":"open","sticky":false,"template":"","format":"standard","meta":{"spay_email":""},"categories":[2],"tags":[],"yoast_head":"<!-- This site is optimized with the Yoast SEO plugin v17.3 - https:\/\/yoast.com\/wordpress\/plugins\/seo\/ -->\n<title>PROFISS\u00c3O: AGENTE DE VIAGENS \u2014 DESABAFO OU DESALENTO? -<\/title>\n<meta name=\"description\" content=\"PROFISS\u00c3O: AGENTE DE VIAGENS \u2014 DESABAFO OU DESALENTO?. Confira essa Mat\u00e9ria no Canal Sem reserva. \u27a4 Projeto em parceria com a PANROTAS.\" \/>\n<meta name=\"robots\" content=\"index, follow, max-snippet:-1, max-image-preview:large, max-video-preview:-1\" \/>\n<link rel=\"canonical\" href=\"https:\/\/blog.panrotas.com.br\/semreserva\/profissao-agente-de-viagens-desabafo-ou-desalento\/13-02-2014\/\" \/>\n<meta property=\"og:locale\" content=\"pt_BR\" \/>\n<meta property=\"og:type\" content=\"article\" \/>\n<meta property=\"og:title\" content=\"PROFISS\u00c3O: AGENTE DE VIAGENS \u2014 DESABAFO OU DESALENTO? -\" \/>\n<meta property=\"og:description\" content=\"PROFISS\u00c3O: AGENTE DE VIAGENS \u2014 DESABAFO OU DESALENTO?. Confira essa Mat\u00e9ria no Canal Sem reserva. \u27a4 Projeto em parceria com a PANROTAS.\" \/>\n<meta property=\"og:url\" content=\"https:\/\/blog.panrotas.com.br\/semreserva\/profissao-agente-de-viagens-desabafo-ou-desalento\/13-02-2014\/\" \/>\n<meta property=\"og:site_name\" content=\"Sem reserva\" \/>\n<meta property=\"article:publisher\" content=\"https:\/\/www.facebook.com\/portalpanrotas\/\" \/>\n<meta property=\"article:published_time\" content=\"2014-02-13T19:28:08+00:00\" \/>\n<meta name=\"twitter:card\" content=\"summary_large_image\" \/>\n<meta name=\"twitter:creator\" content=\"@portalpanrotas\" \/>\n<meta name=\"twitter:site\" content=\"@portalpanrotas\" \/>\n<meta name=\"twitter:label1\" content=\"Escrito por\" \/>\n\t<meta name=\"twitter:data1\" content=\"Artur Andrade\" \/>\n\t<meta name=\"twitter:label2\" content=\"Est. tempo de leitura\" \/>\n\t<meta name=\"twitter:data2\" content=\"6 minutos\" \/>\n<script type=\"application\/ld+json\" class=\"yoast-schema-graph\">{\"@context\":\"https:\/\/schema.org\",\"@graph\":[{\"@type\":\"Organization\",\"@id\":\"http:\/\/blog.panrotas.com.br\/semreserva\/#organization\",\"name\":\"Sem Reserva - Blog no Portal PANROTAS\",\"url\":\"http:\/\/blog.panrotas.com.br\/semreserva\/\",\"sameAs\":[\"https:\/\/www.facebook.com\/portalpanrotas\/\",\"https:\/\/www.instagram.com\/portalpanrotas\/\",\"https:\/\/br.linkedin.com\/company\/panrotas\",\"https:\/\/www.youtube.com\/tvpanrotas\",\"https:\/\/twitter.com\/portalpanrotas\"],\"logo\":{\"@type\":\"ImageObject\",\"@id\":\"http:\/\/blog.panrotas.com.br\/semreserva\/#logo\",\"inLanguage\":\"pt-BR\",\"url\":\"https:\/\/blog.panrotas.com.br\/semreserva\/wp-content\/uploads\/sites\/5\/2020\/06\/logo.png\",\"contentUrl\":\"https:\/\/blog.panrotas.com.br\/semreserva\/wp-content\/uploads\/sites\/5\/2020\/06\/logo.png\",\"width\":259,\"height\":53,\"caption\":\"Sem Reserva - Blog no Portal PANROTAS\"},\"image\":{\"@id\":\"http:\/\/blog.panrotas.com.br\/semreserva\/#logo\"}},{\"@type\":\"WebSite\",\"@id\":\"http:\/\/blog.panrotas.com.br\/semreserva\/#website\",\"url\":\"http:\/\/blog.panrotas.com.br\/semreserva\/\",\"name\":\"Sem reserva\",\"description\":\"Blogosfera PANROTAS\",\"publisher\":{\"@id\":\"http:\/\/blog.panrotas.com.br\/semreserva\/#organization\"},\"potentialAction\":[{\"@type\":\"SearchAction\",\"target\":{\"@type\":\"EntryPoint\",\"urlTemplate\":\"http:\/\/blog.panrotas.com.br\/semreserva\/?s={search_term_string}\"},\"query-input\":\"required name=search_term_string\"}],\"inLanguage\":\"pt-BR\"},{\"@type\":\"WebPage\",\"@id\":\"https:\/\/blog.panrotas.com.br\/semreserva\/profissao-agente-de-viagens-desabafo-ou-desalento\/13-02-2014\/#webpage\",\"url\":\"https:\/\/blog.panrotas.com.br\/semreserva\/profissao-agente-de-viagens-desabafo-ou-desalento\/13-02-2014\/\",\"name\":\"PROFISS\\u00c3O: AGENTE DE VIAGENS \\u2014 DESABAFO OU DESALENTO? -\",\"isPartOf\":{\"@id\":\"http:\/\/blog.panrotas.com.br\/semreserva\/#website\"},\"datePublished\":\"2014-02-13T19:28:08+00:00\",\"dateModified\":\"2014-02-13T19:28:08+00:00\",\"description\":\"PROFISS\\u00c3O: AGENTE DE VIAGENS \\u2014 DESABAFO OU DESALENTO?. Confira essa Mat\\u00e9ria no Canal Sem reserva. \\u27a4 Projeto em parceria com a PANROTAS.\",\"breadcrumb\":{\"@id\":\"https:\/\/blog.panrotas.com.br\/semreserva\/profissao-agente-de-viagens-desabafo-ou-desalento\/13-02-2014\/#breadcrumb\"},\"inLanguage\":\"pt-BR\",\"potentialAction\":[{\"@type\":\"ReadAction\",\"target\":[\"https:\/\/blog.panrotas.com.br\/semreserva\/profissao-agente-de-viagens-desabafo-ou-desalento\/13-02-2014\/\"]}]},{\"@type\":\"BreadcrumbList\",\"@id\":\"https:\/\/blog.panrotas.com.br\/semreserva\/profissao-agente-de-viagens-desabafo-ou-desalento\/13-02-2014\/#breadcrumb\",\"itemListElement\":[{\"@type\":\"ListItem\",\"position\":1,\"name\":\"Home do Blog\",\"item\":\"http:\/\/blog.panrotas.com.br\/semreserva\/\"},{\"@type\":\"ListItem\",\"position\":2,\"name\":\"Dia a dia\",\"item\":\"https:\/\/blog.panrotas.com.br\/semreserva\/category\/dia-a-dia\/\"},{\"@type\":\"ListItem\",\"position\":3,\"name\":\"PROFISS\\u00c3O: AGENTE DE VIAGENS \\u2014 DESABAFO OU DESALENTO?\"}]},{\"@type\":\"Article\",\"@id\":\"https:\/\/blog.panrotas.com.br\/semreserva\/profissao-agente-de-viagens-desabafo-ou-desalento\/13-02-2014\/#article\",\"isPartOf\":{\"@id\":\"https:\/\/blog.panrotas.com.br\/semreserva\/profissao-agente-de-viagens-desabafo-ou-desalento\/13-02-2014\/#webpage\"},\"author\":{\"@id\":\"http:\/\/blog.panrotas.com.br\/semreserva\/#\/schema\/person\/c93b4555f6a497d2d83c25dcb80f61ed\"},\"headline\":\"PROFISS\\u00c3O: AGENTE DE VIAGENS \\u2014 DESABAFO OU DESALENTO?\",\"datePublished\":\"2014-02-13T19:28:08+00:00\",\"dateModified\":\"2014-02-13T19:28:08+00:00\",\"mainEntityOfPage\":{\"@id\":\"https:\/\/blog.panrotas.com.br\/semreserva\/profissao-agente-de-viagens-desabafo-ou-desalento\/13-02-2014\/#webpage\"},\"wordCount\":1114,\"commentCount\":0,\"publisher\":{\"@id\":\"http:\/\/blog.panrotas.com.br\/semreserva\/#organization\"},\"articleSection\":[\"Dia a dia\"],\"inLanguage\":\"pt-BR\",\"potentialAction\":[{\"@type\":\"CommentAction\",\"name\":\"Comment\",\"target\":[\"https:\/\/blog.panrotas.com.br\/semreserva\/profissao-agente-de-viagens-desabafo-ou-desalento\/13-02-2014\/#respond\"]}]},{\"@type\":\"Person\",\"@id\":\"http:\/\/blog.panrotas.com.br\/semreserva\/#\/schema\/person\/c93b4555f6a497d2d83c25dcb80f61ed\",\"name\":\"Artur Andrade\",\"image\":{\"@type\":\"ImageObject\",\"@id\":\"http:\/\/blog.panrotas.com.br\/semreserva\/#personlogo\",\"inLanguage\":\"pt-BR\",\"url\":\"https:\/\/secure.gravatar.com\/avatar\/a94564d630220cefd5c82f3452ac1ef4?s=96&d=mm&r=g\",\"contentUrl\":\"https:\/\/secure.gravatar.com\/avatar\/a94564d630220cefd5c82f3452ac1ef4?s=96&d=mm&r=g\",\"caption\":\"Artur Andrade\"},\"description\":\"Artur Luiz Andrade \\u00e9 carioca, taurino, jornalista e nasceu em 1969. \\u00c9 editor-chefe da PANROTAS Editora e mora em S\\u00e3o Paulo desde 1998\",\"sameAs\":[\"http:\/\/www.panrotas.com.br\"]}]}<\/script>\n<!-- \/ Yoast SEO plugin. -->","yoast_head_json":{"title":"PROFISS\u00c3O: AGENTE DE VIAGENS \u2014 DESABAFO OU DESALENTO? -","description":"PROFISS\u00c3O: AGENTE DE VIAGENS \u2014 DESABAFO OU DESALENTO?. Confira essa Mat\u00e9ria no Canal Sem reserva. \u27a4 Projeto em parceria com a PANROTAS.","robots":{"index":"index","follow":"follow","max-snippet":"max-snippet:-1","max-image-preview":"max-image-preview:large","max-video-preview":"max-video-preview:-1"},"canonical":"https:\/\/blog.panrotas.com.br\/semreserva\/profissao-agente-de-viagens-desabafo-ou-desalento\/13-02-2014\/","og_locale":"pt_BR","og_type":"article","og_title":"PROFISS\u00c3O: AGENTE DE VIAGENS \u2014 DESABAFO OU DESALENTO? -","og_description":"PROFISS\u00c3O: AGENTE DE VIAGENS \u2014 DESABAFO OU DESALENTO?. Confira essa Mat\u00e9ria no Canal Sem reserva. \u27a4 Projeto em parceria com a PANROTAS.","og_url":"https:\/\/blog.panrotas.com.br\/semreserva\/profissao-agente-de-viagens-desabafo-ou-desalento\/13-02-2014\/","og_site_name":"Sem reserva","article_publisher":"https:\/\/www.facebook.com\/portalpanrotas\/","article_published_time":"2014-02-13T19:28:08+00:00","twitter_card":"summary_large_image","twitter_creator":"@portalpanrotas","twitter_site":"@portalpanrotas","twitter_misc":{"Escrito por":"Artur Andrade","Est. tempo de leitura":"6 minutos"},"schema":{"@context":"https:\/\/schema.org","@graph":[{"@type":"Organization","@id":"http:\/\/blog.panrotas.com.br\/semreserva\/#organization","name":"Sem Reserva - Blog no Portal PANROTAS","url":"http:\/\/blog.panrotas.com.br\/semreserva\/","sameAs":["https:\/\/www.facebook.com\/portalpanrotas\/","https:\/\/www.instagram.com\/portalpanrotas\/","https:\/\/br.linkedin.com\/company\/panrotas","https:\/\/www.youtube.com\/tvpanrotas","https:\/\/twitter.com\/portalpanrotas"],"logo":{"@type":"ImageObject","@id":"http:\/\/blog.panrotas.com.br\/semreserva\/#logo","inLanguage":"pt-BR","url":"https:\/\/blog.panrotas.com.br\/semreserva\/wp-content\/uploads\/sites\/5\/2020\/06\/logo.png","contentUrl":"https:\/\/blog.panrotas.com.br\/semreserva\/wp-content\/uploads\/sites\/5\/2020\/06\/logo.png","width":259,"height":53,"caption":"Sem Reserva - Blog no Portal PANROTAS"},"image":{"@id":"http:\/\/blog.panrotas.com.br\/semreserva\/#logo"}},{"@type":"WebSite","@id":"http:\/\/blog.panrotas.com.br\/semreserva\/#website","url":"http:\/\/blog.panrotas.com.br\/semreserva\/","name":"Sem reserva","description":"Blogosfera PANROTAS","publisher":{"@id":"http:\/\/blog.panrotas.com.br\/semreserva\/#organization"},"potentialAction":[{"@type":"SearchAction","target":{"@type":"EntryPoint","urlTemplate":"http:\/\/blog.panrotas.com.br\/semreserva\/?s={search_term_string}"},"query-input":"required name=search_term_string"}],"inLanguage":"pt-BR"},{"@type":"WebPage","@id":"https:\/\/blog.panrotas.com.br\/semreserva\/profissao-agente-de-viagens-desabafo-ou-desalento\/13-02-2014\/#webpage","url":"https:\/\/blog.panrotas.com.br\/semreserva\/profissao-agente-de-viagens-desabafo-ou-desalento\/13-02-2014\/","name":"PROFISS\u00c3O: AGENTE DE VIAGENS \u2014 DESABAFO OU DESALENTO? -","isPartOf":{"@id":"http:\/\/blog.panrotas.com.br\/semreserva\/#website"},"datePublished":"2014-02-13T19:28:08+00:00","dateModified":"2014-02-13T19:28:08+00:00","description":"PROFISS\u00c3O: AGENTE DE VIAGENS \u2014 DESABAFO OU DESALENTO?. Confira essa Mat\u00e9ria no Canal Sem reserva. \u27a4 Projeto em parceria com a PANROTAS.","breadcrumb":{"@id":"https:\/\/blog.panrotas.com.br\/semreserva\/profissao-agente-de-viagens-desabafo-ou-desalento\/13-02-2014\/#breadcrumb"},"inLanguage":"pt-BR","potentialAction":[{"@type":"ReadAction","target":["https:\/\/blog.panrotas.com.br\/semreserva\/profissao-agente-de-viagens-desabafo-ou-desalento\/13-02-2014\/"]}]},{"@type":"BreadcrumbList","@id":"https:\/\/blog.panrotas.com.br\/semreserva\/profissao-agente-de-viagens-desabafo-ou-desalento\/13-02-2014\/#breadcrumb","itemListElement":[{"@type":"ListItem","position":1,"name":"Home do Blog","item":"http:\/\/blog.panrotas.com.br\/semreserva\/"},{"@type":"ListItem","position":2,"name":"Dia a dia","item":"https:\/\/blog.panrotas.com.br\/semreserva\/category\/dia-a-dia\/"},{"@type":"ListItem","position":3,"name":"PROFISS\u00c3O: AGENTE DE VIAGENS \u2014 DESABAFO OU DESALENTO?"}]},{"@type":"Article","@id":"https:\/\/blog.panrotas.com.br\/semreserva\/profissao-agente-de-viagens-desabafo-ou-desalento\/13-02-2014\/#article","isPartOf":{"@id":"https:\/\/blog.panrotas.com.br\/semreserva\/profissao-agente-de-viagens-desabafo-ou-desalento\/13-02-2014\/#webpage"},"author":{"@id":"http:\/\/blog.panrotas.com.br\/semreserva\/#\/schema\/person\/c93b4555f6a497d2d83c25dcb80f61ed"},"headline":"PROFISS\u00c3O: AGENTE DE VIAGENS \u2014 DESABAFO OU DESALENTO?","datePublished":"2014-02-13T19:28:08+00:00","dateModified":"2014-02-13T19:28:08+00:00","mainEntityOfPage":{"@id":"https:\/\/blog.panrotas.com.br\/semreserva\/profissao-agente-de-viagens-desabafo-ou-desalento\/13-02-2014\/#webpage"},"wordCount":1114,"commentCount":0,"publisher":{"@id":"http:\/\/blog.panrotas.com.br\/semreserva\/#organization"},"articleSection":["Dia a dia"],"inLanguage":"pt-BR","potentialAction":[{"@type":"CommentAction","name":"Comment","target":["https:\/\/blog.panrotas.com.br\/semreserva\/profissao-agente-de-viagens-desabafo-ou-desalento\/13-02-2014\/#respond"]}]},{"@type":"Person","@id":"http:\/\/blog.panrotas.com.br\/semreserva\/#\/schema\/person\/c93b4555f6a497d2d83c25dcb80f61ed","name":"Artur Andrade","image":{"@type":"ImageObject","@id":"http:\/\/blog.panrotas.com.br\/semreserva\/#personlogo","inLanguage":"pt-BR","url":"https:\/\/secure.gravatar.com\/avatar\/a94564d630220cefd5c82f3452ac1ef4?s=96&d=mm&r=g","contentUrl":"https:\/\/secure.gravatar.com\/avatar\/a94564d630220cefd5c82f3452ac1ef4?s=96&d=mm&r=g","caption":"Artur Andrade"},"description":"Artur Luiz Andrade \u00e9 carioca, taurino, jornalista e nasceu em 1969. \u00c9 editor-chefe da PANROTAS Editora e mora em S\u00e3o Paulo desde 1998","sameAs":["http:\/\/www.panrotas.com.br"]}]}},"jetpack_featured_media_url":"","jetpack_shortlink":"https:\/\/wp.me\/p7idIU-10N","_links":{"self":[{"href":"https:\/\/blog.panrotas.com.br\/semreserva\/wp-json\/wp\/v2\/posts\/3893"}],"collection":[{"href":"https:\/\/blog.panrotas.com.br\/semreserva\/wp-json\/wp\/v2\/posts"}],"about":[{"href":"https:\/\/blog.panrotas.com.br\/semreserva\/wp-json\/wp\/v2\/types\/post"}],"author":[{"embeddable":true,"href":"https:\/\/blog.panrotas.com.br\/semreserva\/wp-json\/wp\/v2\/users\/7"}],"replies":[{"embeddable":true,"href":"https:\/\/blog.panrotas.com.br\/semreserva\/wp-json\/wp\/v2\/comments?post=3893"}],"version-history":[{"count":0,"href":"https:\/\/blog.panrotas.com.br\/semreserva\/wp-json\/wp\/v2\/posts\/3893\/revisions"}],"wp:attachment":[{"href":"https:\/\/blog.panrotas.com.br\/semreserva\/wp-json\/wp\/v2\/media?parent=3893"}],"wp:term":[{"taxonomy":"category","embeddable":true,"href":"https:\/\/blog.panrotas.com.br\/semreserva\/wp-json\/wp\/v2\/categories?post=3893"},{"taxonomy":"post_tag","embeddable":true,"href":"https:\/\/blog.panrotas.com.br\/semreserva\/wp-json\/wp\/v2\/tags?post=3893"}],"curies":[{"name":"wp","href":"https:\/\/api.w.org\/{rel}","templated":true}]}}