{"id":3907,"date":"2014-02-25T01:49:52","date_gmt":"2014-02-25T04:49:52","guid":{"rendered":"http:\/\/blog.panrotas.com.br\/semreserva\/?p=3907"},"modified":"2014-02-25T01:49:52","modified_gmt":"2014-02-25T04:49:52","slug":"soldados-sem-religiao","status":"publish","type":"post","link":"https:\/\/blog.panrotas.com.br\/semreserva\/soldados-sem-religiao\/25-02-2014\/","title":{"rendered":"SOLDADOS SEM RELIGI\u00c3O"},"content":{"rendered":"<p><em>(Me inspirei por um post do Sidney &#8220;Alonsinado&#8221; (blog Sem Fronteira, aqui no Portal PANROTAS), mas n\u00e3o \u00e9 uma resposta a ele. E sim uma reflex\u00e3o do lado de c\u00e1, como imprensa, funcion\u00e1rio, amigo, profissional&#8230; Sidney est\u00e1 certo apo criticar a banaliza\u00e7\u00e3o de certas express\u00f5es, e &#8220;ter um novo desafio a cada semana&#8221; \u00e9 praticamente um surto psic\u00f3tico. Mas olhar a palavra desafio mais ligada ao ato criativo, \u00e0 inquieta\u00e7\u00e3o, \u00e9 quase um dever. Sidao, portanto, n\u00e3o me responde, pois concordo com voc\u00ea, mesmo usando frases contr\u00e1rias aqui. Voc\u00ea sabe que \u00e9 poss\u00edvel rs. E aquele abra\u00e7o carinhoso).<\/em><\/p>\n<p>H\u00e1 uma certa controv\u00e9rsia besta quando h\u00e1 not\u00edcias de profissionais deixando empresas. E deixando pode significar pedindo demiss\u00e3o, sendo demitindo, enlouquecendo, sendo roubado pelo concorrente, cuspindo no prato que comeu, sendo injusti\u00e7ado, se libertando, sendo escorra\u00e7ado, mandando o chefe se lascar ou simplesmente nada, um ciclo que termina, uma vida que segue.<\/p>\n<p>Seja qual for o motivo, \u00e0 frente sempre haver\u00e1 desafios. Novas portas. Novos projetos. Tempos de espera ou de adapta\u00e7\u00e3o. M\u00e1s e boas escolhas.<\/p>\n<p>Uma empresa, regra geral, n\u00e3o deve soltar comunicados para dizer que esse ou aquele n\u00e3o fazem mais parte de seu quadro de funcion\u00e1rios, s\u00f3cios, frilas, visitantes, experimentos, testes ou pe\u00e7as de museu. Simplesmente porque, como na justi\u00e7a, n\u00e3o se deve ser obrigado a produzir provas contra si mesmo. Em alguns casos, quando se quer desvincular de vez a imagem do fulano (ou fulana) da empresa ou quando se quer divulgar imediatamente o sucessor e a fase de transi\u00e7\u00e3o, um comunicado sucinto \u00e9 bem vindo. Mas tem de ser muito bem escrito, algo raro hoje em dia.<\/p>\n<p>J\u00e1 o profissional sa\u00eddo ou que pediu pra sair, surtado ou que estava surtando o chefe ou patr\u00e3o, tem todo o direito de comunicar ao mercado, com quem se relacionou antes, durante e depois do \u00faltimo emprego, seus planos (ou a falta deles). N\u00e3o vejo nenhum problema em dizer: sigo para novos desafios. Com todo o respeito. E objetividade. Lavar roupa suja em p\u00fablico ou mesmo falar \u201cestava cansado dessa fun\u00e7\u00e3o\u201d ou \u201cse cansaram de mim\u201d n\u00e3o acrescenta nada. Que os pr\u00f3ximos empregadores pe\u00e7am refer\u00eancias, ou n\u00e3o.<\/p>\n<p>Cabe \u00e0 imprensa noticiar passado, presente e futuro. Expor podres, acho que n\u00e3o. Afinal, s\u00e3o rela\u00e7\u00f5es pessoais e empresariais com muitas nuances que poucos ir\u00e3o saber ou ter acesso. Fulano foi demitido pois fingia que visitava clientes mas estava num cinema de sexo no centro. Outro fulano foi desligado por ordens superiores mas levou objetos de valor em sua sa\u00edda. O chefe assediava sexualmente a demitida. O funcion\u00e1rio ficou obsoleto. A empresa ficou obsoleta&#8230; N\u00e3o interessa ao mercado e sim aos fofoqueiros, que, n\u00e3o temos como evitar, soprar\u00e3o em nossos ouvidos o que acham haver por tr\u00e1s de cada sa\u00edda. Cabe a n\u00f3s pesar o que se ouve. Dar aten\u00e7\u00e3o ao que merece. Mas tanto o profissional que sai quanto o que entra, tanto o chefe ou o patr\u00e3o t\u00eam de ser encarados como pessoas e n\u00e3o apenas pe\u00e7as de um jogo cheio de artimanhas.<\/p>\n<p>O turismo est\u00e1 se profissionalizado mais e mais (j\u00e1 est\u00e1 at\u00e9 na bolsa, j\u00e1 digere bem as fus\u00f5es) e empres\u00e1rios que n\u00e3o sabem lidar com desligamentos, demiss\u00f5es e afins; e empregados que n\u00e3o sabem se posicionar em um momento de sa\u00edda fazem parte de um mesmo passado: a era dos dinossauros, dos coron\u00e9is, do &#8220;prendo e arrebento&#8221;, dos casamentos at\u00e9 que a morte separasse. E isso n\u00e3o apenas no turismo. N\u00e3o sei que empresa usa a express\u00e3o \u201cgest\u00e3o de pessoas\u201d para RH, mas \u00e9 bem por a\u00ed. Gerenciar pessoas. Seres humanos e n\u00e3o apenas xingamentos e adjetivos jocosos, ou elogios e t\u00edtulos comprados. Casamentos profissionais, assim como os pessoais, podem acabar sim (ali\u00e1s, isso me inspira para um post barra pesada sobre perdas em nossas vidas&#8230; encaram?).<\/p>\n<p>N\u00e3o quer que saia que sua empresa est\u00e1 demitindo? N\u00e3o demita. Quer que a not\u00edcia seja positiva? H\u00e1 in\u00fameras estrat\u00e9gias. Menos a de negar, se esconder.<\/p>\n<p>N\u00e3o quer que saibam que voc\u00ea foi demitido ou dilu\u00eddo? Antecipe-se aos fatos. Planeje os meses seguintes. Busque amigos e aliados. E deixe o que passou no passado.<\/p>\n<p>Em todo o caso, seja transparente. Voc\u00ea foi demitido, mas pode ter algu\u00e9m que esteja precisando exatamente de voc\u00ea. Ou de voc\u00ea com uma mudan\u00e7a aqui e outra ali. Ou de metade de voc\u00ea&#8230; E vice e versa.<\/p>\n<p>O fim pode ser bom para ambos os lados. Mais para um, menos para outros? Assim \u00e9 a vida. O tempo empurrar\u00e1 essa gangorra para cima e para baixo, poucas vezes atingir\u00e1 o equil\u00edbrio, e na m\u00e9dia, dar\u00e1 empate. E o mesmo tempo apagar\u00e1 lembran\u00e7as fr\u00e1geis, recorda\u00e7\u00f5es sopradas nos ouvidos. O que n\u00e3o se sustenta ser\u00e1 esquecido. E muitos poder\u00e3o seguir novos caminhos, conseguir novas chances, olhar al\u00e9m do pr\u00f3prio umbigo. E empresas se renovar\u00e3o, se reinventar\u00e3o, sem que agress\u00f5es fossem o cerne da quest\u00e3o nessas idas e vindas.<\/p>\n<p>Preocupemo-nos com o futuro. Pois o tempo passa atr\u00e1s da gente como um vulto \u00e1gil. Olhamos para tr\u00e1s para identific\u00e1-lo, talvez at\u00e9 num sobressalto, e quando voltamos a cabe\u00e7a, l\u00e1 se foram d\u00e9cadas, l\u00e1 se foram dezenas e dezenas de pessoas, momentos, chegadas e partidas. Em vez de tentar pegar o vulto, melhor \u00e9 olhar para frente. Contabilizando sim perdas e danos, mas muito mais ganhos, sucessos e li\u00e7\u00f5es de cada fase por que passamos.<\/p>\n<p>Voc\u00ea tem um grande ou novo desafio pela frente? Deveria. Iria lhe fazer muito bem. Esteja voc\u00ea saindo ou ficando. Demitindo ou contratando. Com ou sem raz\u00e3o nesse caso espec\u00edfico.<\/p>\n<p>Agora, se j\u00e1 est\u00e1 tudo dominado, parte pro seu ano sab\u00e1tico e seja feliz. E nem mande not\u00edcias, e nem coloque posts no Facebook. Release para a imprensa, nem pensar. Deixe os fofoqueiros que ficaram imaginar. Quem sabe isso lhes traz de volta certa criatividade&#8230; A boa criatividade que n\u00e3o se acostuma com o vulto, que n\u00e3o padroniza ou classifica, que n\u00e3o exclui, que est\u00e1 aberta a tudo e a todos. A que n\u00e3o grita e sim&#8230; multiplica.<\/p>\n","protected":false},"excerpt":{"rendered":"<p>(Me inspirei por um post do Sidney &#8220;Alonsinado&#8221; (blog Sem Fronteira, aqui no Portal PANROTAS), mas n\u00e3o \u00e9 uma resposta a ele. E sim uma reflex\u00e3o do lado de c\u00e1, como imprensa, funcion\u00e1rio, amigo, profissional&#8230; Sidney est\u00e1 certo apo criticar a banaliza\u00e7\u00e3o de certas express\u00f5es, e &#8220;ter um novo desafio a cada semana&#8221; \u00e9 praticamente [&hellip;]<\/p>\n","protected":false},"author":7,"featured_media":0,"comment_status":"open","ping_status":"open","sticky":false,"template":"","format":"standard","meta":{"spay_email":""},"categories":[2],"tags":[],"yoast_head":"<!-- This site is optimized with the Yoast SEO plugin v17.3 - https:\/\/yoast.com\/wordpress\/plugins\/seo\/ -->\n<title>SOLDADOS SEM RELIGI\u00c3O -<\/title>\n<meta name=\"description\" content=\"SOLDADOS SEM RELIGI\u00c3O. Confira essa Mat\u00e9ria no Canal Sem reserva. \u27a4 Projeto em parceria com a PANROTAS.\" \/>\n<meta name=\"robots\" content=\"index, follow, max-snippet:-1, max-image-preview:large, max-video-preview:-1\" \/>\n<link rel=\"canonical\" href=\"https:\/\/blog.panrotas.com.br\/semreserva\/soldados-sem-religiao\/25-02-2014\/\" \/>\n<meta property=\"og:locale\" content=\"pt_BR\" \/>\n<meta property=\"og:type\" content=\"article\" \/>\n<meta property=\"og:title\" content=\"SOLDADOS SEM RELIGI\u00c3O -\" \/>\n<meta property=\"og:description\" content=\"SOLDADOS SEM RELIGI\u00c3O. Confira essa Mat\u00e9ria no Canal Sem reserva. \u27a4 Projeto em parceria com a PANROTAS.\" \/>\n<meta property=\"og:url\" content=\"https:\/\/blog.panrotas.com.br\/semreserva\/soldados-sem-religiao\/25-02-2014\/\" \/>\n<meta property=\"og:site_name\" content=\"Sem reserva\" \/>\n<meta property=\"article:publisher\" content=\"https:\/\/www.facebook.com\/portalpanrotas\/\" \/>\n<meta property=\"article:published_time\" content=\"2014-02-25T04:49:52+00:00\" \/>\n<meta name=\"twitter:card\" content=\"summary_large_image\" \/>\n<meta name=\"twitter:creator\" content=\"@portalpanrotas\" \/>\n<meta name=\"twitter:site\" content=\"@portalpanrotas\" \/>\n<meta name=\"twitter:label1\" content=\"Escrito por\" \/>\n\t<meta name=\"twitter:data1\" content=\"Artur Andrade\" \/>\n\t<meta name=\"twitter:label2\" content=\"Est. tempo de leitura\" \/>\n\t<meta name=\"twitter:data2\" content=\"5 minutos\" \/>\n<script type=\"application\/ld+json\" class=\"yoast-schema-graph\">{\"@context\":\"https:\/\/schema.org\",\"@graph\":[{\"@type\":\"Organization\",\"@id\":\"http:\/\/blog.panrotas.com.br\/semreserva\/#organization\",\"name\":\"Sem Reserva - Blog no Portal PANROTAS\",\"url\":\"http:\/\/blog.panrotas.com.br\/semreserva\/\",\"sameAs\":[\"https:\/\/www.facebook.com\/portalpanrotas\/\",\"https:\/\/www.instagram.com\/portalpanrotas\/\",\"https:\/\/br.linkedin.com\/company\/panrotas\",\"https:\/\/www.youtube.com\/tvpanrotas\",\"https:\/\/twitter.com\/portalpanrotas\"],\"logo\":{\"@type\":\"ImageObject\",\"@id\":\"http:\/\/blog.panrotas.com.br\/semreserva\/#logo\",\"inLanguage\":\"pt-BR\",\"url\":\"https:\/\/blog.panrotas.com.br\/semreserva\/wp-content\/uploads\/sites\/5\/2020\/06\/logo.png\",\"contentUrl\":\"https:\/\/blog.panrotas.com.br\/semreserva\/wp-content\/uploads\/sites\/5\/2020\/06\/logo.png\",\"width\":259,\"height\":53,\"caption\":\"Sem Reserva - Blog no Portal PANROTAS\"},\"image\":{\"@id\":\"http:\/\/blog.panrotas.com.br\/semreserva\/#logo\"}},{\"@type\":\"WebSite\",\"@id\":\"http:\/\/blog.panrotas.com.br\/semreserva\/#website\",\"url\":\"http:\/\/blog.panrotas.com.br\/semreserva\/\",\"name\":\"Sem reserva\",\"description\":\"Blogosfera PANROTAS\",\"publisher\":{\"@id\":\"http:\/\/blog.panrotas.com.br\/semreserva\/#organization\"},\"potentialAction\":[{\"@type\":\"SearchAction\",\"target\":{\"@type\":\"EntryPoint\",\"urlTemplate\":\"http:\/\/blog.panrotas.com.br\/semreserva\/?s={search_term_string}\"},\"query-input\":\"required name=search_term_string\"}],\"inLanguage\":\"pt-BR\"},{\"@type\":\"WebPage\",\"@id\":\"https:\/\/blog.panrotas.com.br\/semreserva\/soldados-sem-religiao\/25-02-2014\/#webpage\",\"url\":\"https:\/\/blog.panrotas.com.br\/semreserva\/soldados-sem-religiao\/25-02-2014\/\",\"name\":\"SOLDADOS SEM RELIGI\\u00c3O -\",\"isPartOf\":{\"@id\":\"http:\/\/blog.panrotas.com.br\/semreserva\/#website\"},\"datePublished\":\"2014-02-25T04:49:52+00:00\",\"dateModified\":\"2014-02-25T04:49:52+00:00\",\"description\":\"SOLDADOS SEM RELIGI\\u00c3O. Confira essa Mat\\u00e9ria no Canal Sem reserva. \\u27a4 Projeto em parceria com a PANROTAS.\",\"breadcrumb\":{\"@id\":\"https:\/\/blog.panrotas.com.br\/semreserva\/soldados-sem-religiao\/25-02-2014\/#breadcrumb\"},\"inLanguage\":\"pt-BR\",\"potentialAction\":[{\"@type\":\"ReadAction\",\"target\":[\"https:\/\/blog.panrotas.com.br\/semreserva\/soldados-sem-religiao\/25-02-2014\/\"]}]},{\"@type\":\"BreadcrumbList\",\"@id\":\"https:\/\/blog.panrotas.com.br\/semreserva\/soldados-sem-religiao\/25-02-2014\/#breadcrumb\",\"itemListElement\":[{\"@type\":\"ListItem\",\"position\":1,\"name\":\"Home do Blog\",\"item\":\"http:\/\/blog.panrotas.com.br\/semreserva\/\"},{\"@type\":\"ListItem\",\"position\":2,\"name\":\"Dia a dia\",\"item\":\"https:\/\/blog.panrotas.com.br\/semreserva\/category\/dia-a-dia\/\"},{\"@type\":\"ListItem\",\"position\":3,\"name\":\"SOLDADOS SEM RELIGI\\u00c3O\"}]},{\"@type\":\"Article\",\"@id\":\"https:\/\/blog.panrotas.com.br\/semreserva\/soldados-sem-religiao\/25-02-2014\/#article\",\"isPartOf\":{\"@id\":\"https:\/\/blog.panrotas.com.br\/semreserva\/soldados-sem-religiao\/25-02-2014\/#webpage\"},\"author\":{\"@id\":\"http:\/\/blog.panrotas.com.br\/semreserva\/#\/schema\/person\/c93b4555f6a497d2d83c25dcb80f61ed\"},\"headline\":\"SOLDADOS SEM RELIGI\\u00c3O\",\"datePublished\":\"2014-02-25T04:49:52+00:00\",\"dateModified\":\"2014-02-25T04:49:52+00:00\",\"mainEntityOfPage\":{\"@id\":\"https:\/\/blog.panrotas.com.br\/semreserva\/soldados-sem-religiao\/25-02-2014\/#webpage\"},\"wordCount\":1089,\"commentCount\":0,\"publisher\":{\"@id\":\"http:\/\/blog.panrotas.com.br\/semreserva\/#organization\"},\"articleSection\":[\"Dia a dia\"],\"inLanguage\":\"pt-BR\",\"potentialAction\":[{\"@type\":\"CommentAction\",\"name\":\"Comment\",\"target\":[\"https:\/\/blog.panrotas.com.br\/semreserva\/soldados-sem-religiao\/25-02-2014\/#respond\"]}]},{\"@type\":\"Person\",\"@id\":\"http:\/\/blog.panrotas.com.br\/semreserva\/#\/schema\/person\/c93b4555f6a497d2d83c25dcb80f61ed\",\"name\":\"Artur Andrade\",\"image\":{\"@type\":\"ImageObject\",\"@id\":\"http:\/\/blog.panrotas.com.br\/semreserva\/#personlogo\",\"inLanguage\":\"pt-BR\",\"url\":\"https:\/\/secure.gravatar.com\/avatar\/a94564d630220cefd5c82f3452ac1ef4?s=96&d=mm&r=g\",\"contentUrl\":\"https:\/\/secure.gravatar.com\/avatar\/a94564d630220cefd5c82f3452ac1ef4?s=96&d=mm&r=g\",\"caption\":\"Artur Andrade\"},\"description\":\"Artur Luiz Andrade \\u00e9 carioca, taurino, jornalista e nasceu em 1969. \\u00c9 editor-chefe da PANROTAS Editora e mora em S\\u00e3o Paulo desde 1998\",\"sameAs\":[\"http:\/\/www.panrotas.com.br\"]}]}<\/script>\n<!-- \/ Yoast SEO plugin. -->","yoast_head_json":{"title":"SOLDADOS SEM RELIGI\u00c3O -","description":"SOLDADOS SEM RELIGI\u00c3O. Confira essa Mat\u00e9ria no Canal Sem reserva. \u27a4 Projeto em parceria com a PANROTAS.","robots":{"index":"index","follow":"follow","max-snippet":"max-snippet:-1","max-image-preview":"max-image-preview:large","max-video-preview":"max-video-preview:-1"},"canonical":"https:\/\/blog.panrotas.com.br\/semreserva\/soldados-sem-religiao\/25-02-2014\/","og_locale":"pt_BR","og_type":"article","og_title":"SOLDADOS SEM RELIGI\u00c3O -","og_description":"SOLDADOS SEM RELIGI\u00c3O. Confira essa Mat\u00e9ria no Canal Sem reserva. \u27a4 Projeto em parceria com a PANROTAS.","og_url":"https:\/\/blog.panrotas.com.br\/semreserva\/soldados-sem-religiao\/25-02-2014\/","og_site_name":"Sem reserva","article_publisher":"https:\/\/www.facebook.com\/portalpanrotas\/","article_published_time":"2014-02-25T04:49:52+00:00","twitter_card":"summary_large_image","twitter_creator":"@portalpanrotas","twitter_site":"@portalpanrotas","twitter_misc":{"Escrito por":"Artur Andrade","Est. tempo de leitura":"5 minutos"},"schema":{"@context":"https:\/\/schema.org","@graph":[{"@type":"Organization","@id":"http:\/\/blog.panrotas.com.br\/semreserva\/#organization","name":"Sem Reserva - Blog no Portal PANROTAS","url":"http:\/\/blog.panrotas.com.br\/semreserva\/","sameAs":["https:\/\/www.facebook.com\/portalpanrotas\/","https:\/\/www.instagram.com\/portalpanrotas\/","https:\/\/br.linkedin.com\/company\/panrotas","https:\/\/www.youtube.com\/tvpanrotas","https:\/\/twitter.com\/portalpanrotas"],"logo":{"@type":"ImageObject","@id":"http:\/\/blog.panrotas.com.br\/semreserva\/#logo","inLanguage":"pt-BR","url":"https:\/\/blog.panrotas.com.br\/semreserva\/wp-content\/uploads\/sites\/5\/2020\/06\/logo.png","contentUrl":"https:\/\/blog.panrotas.com.br\/semreserva\/wp-content\/uploads\/sites\/5\/2020\/06\/logo.png","width":259,"height":53,"caption":"Sem Reserva - Blog no Portal PANROTAS"},"image":{"@id":"http:\/\/blog.panrotas.com.br\/semreserva\/#logo"}},{"@type":"WebSite","@id":"http:\/\/blog.panrotas.com.br\/semreserva\/#website","url":"http:\/\/blog.panrotas.com.br\/semreserva\/","name":"Sem reserva","description":"Blogosfera PANROTAS","publisher":{"@id":"http:\/\/blog.panrotas.com.br\/semreserva\/#organization"},"potentialAction":[{"@type":"SearchAction","target":{"@type":"EntryPoint","urlTemplate":"http:\/\/blog.panrotas.com.br\/semreserva\/?s={search_term_string}"},"query-input":"required name=search_term_string"}],"inLanguage":"pt-BR"},{"@type":"WebPage","@id":"https:\/\/blog.panrotas.com.br\/semreserva\/soldados-sem-religiao\/25-02-2014\/#webpage","url":"https:\/\/blog.panrotas.com.br\/semreserva\/soldados-sem-religiao\/25-02-2014\/","name":"SOLDADOS SEM RELIGI\u00c3O -","isPartOf":{"@id":"http:\/\/blog.panrotas.com.br\/semreserva\/#website"},"datePublished":"2014-02-25T04:49:52+00:00","dateModified":"2014-02-25T04:49:52+00:00","description":"SOLDADOS SEM RELIGI\u00c3O. Confira essa Mat\u00e9ria no Canal Sem reserva. \u27a4 Projeto em parceria com a PANROTAS.","breadcrumb":{"@id":"https:\/\/blog.panrotas.com.br\/semreserva\/soldados-sem-religiao\/25-02-2014\/#breadcrumb"},"inLanguage":"pt-BR","potentialAction":[{"@type":"ReadAction","target":["https:\/\/blog.panrotas.com.br\/semreserva\/soldados-sem-religiao\/25-02-2014\/"]}]},{"@type":"BreadcrumbList","@id":"https:\/\/blog.panrotas.com.br\/semreserva\/soldados-sem-religiao\/25-02-2014\/#breadcrumb","itemListElement":[{"@type":"ListItem","position":1,"name":"Home do Blog","item":"http:\/\/blog.panrotas.com.br\/semreserva\/"},{"@type":"ListItem","position":2,"name":"Dia a dia","item":"https:\/\/blog.panrotas.com.br\/semreserva\/category\/dia-a-dia\/"},{"@type":"ListItem","position":3,"name":"SOLDADOS SEM RELIGI\u00c3O"}]},{"@type":"Article","@id":"https:\/\/blog.panrotas.com.br\/semreserva\/soldados-sem-religiao\/25-02-2014\/#article","isPartOf":{"@id":"https:\/\/blog.panrotas.com.br\/semreserva\/soldados-sem-religiao\/25-02-2014\/#webpage"},"author":{"@id":"http:\/\/blog.panrotas.com.br\/semreserva\/#\/schema\/person\/c93b4555f6a497d2d83c25dcb80f61ed"},"headline":"SOLDADOS SEM RELIGI\u00c3O","datePublished":"2014-02-25T04:49:52+00:00","dateModified":"2014-02-25T04:49:52+00:00","mainEntityOfPage":{"@id":"https:\/\/blog.panrotas.com.br\/semreserva\/soldados-sem-religiao\/25-02-2014\/#webpage"},"wordCount":1089,"commentCount":0,"publisher":{"@id":"http:\/\/blog.panrotas.com.br\/semreserva\/#organization"},"articleSection":["Dia a dia"],"inLanguage":"pt-BR","potentialAction":[{"@type":"CommentAction","name":"Comment","target":["https:\/\/blog.panrotas.com.br\/semreserva\/soldados-sem-religiao\/25-02-2014\/#respond"]}]},{"@type":"Person","@id":"http:\/\/blog.panrotas.com.br\/semreserva\/#\/schema\/person\/c93b4555f6a497d2d83c25dcb80f61ed","name":"Artur Andrade","image":{"@type":"ImageObject","@id":"http:\/\/blog.panrotas.com.br\/semreserva\/#personlogo","inLanguage":"pt-BR","url":"https:\/\/secure.gravatar.com\/avatar\/a94564d630220cefd5c82f3452ac1ef4?s=96&d=mm&r=g","contentUrl":"https:\/\/secure.gravatar.com\/avatar\/a94564d630220cefd5c82f3452ac1ef4?s=96&d=mm&r=g","caption":"Artur Andrade"},"description":"Artur Luiz Andrade \u00e9 carioca, taurino, jornalista e nasceu em 1969. \u00c9 editor-chefe da PANROTAS Editora e mora em S\u00e3o Paulo desde 1998","sameAs":["http:\/\/www.panrotas.com.br"]}]}},"jetpack_featured_media_url":"","jetpack_shortlink":"https:\/\/wp.me\/p7idIU-111","_links":{"self":[{"href":"https:\/\/blog.panrotas.com.br\/semreserva\/wp-json\/wp\/v2\/posts\/3907"}],"collection":[{"href":"https:\/\/blog.panrotas.com.br\/semreserva\/wp-json\/wp\/v2\/posts"}],"about":[{"href":"https:\/\/blog.panrotas.com.br\/semreserva\/wp-json\/wp\/v2\/types\/post"}],"author":[{"embeddable":true,"href":"https:\/\/blog.panrotas.com.br\/semreserva\/wp-json\/wp\/v2\/users\/7"}],"replies":[{"embeddable":true,"href":"https:\/\/blog.panrotas.com.br\/semreserva\/wp-json\/wp\/v2\/comments?post=3907"}],"version-history":[{"count":0,"href":"https:\/\/blog.panrotas.com.br\/semreserva\/wp-json\/wp\/v2\/posts\/3907\/revisions"}],"wp:attachment":[{"href":"https:\/\/blog.panrotas.com.br\/semreserva\/wp-json\/wp\/v2\/media?parent=3907"}],"wp:term":[{"taxonomy":"category","embeddable":true,"href":"https:\/\/blog.panrotas.com.br\/semreserva\/wp-json\/wp\/v2\/categories?post=3907"},{"taxonomy":"post_tag","embeddable":true,"href":"https:\/\/blog.panrotas.com.br\/semreserva\/wp-json\/wp\/v2\/tags?post=3907"}],"curies":[{"name":"wp","href":"https:\/\/api.w.org\/{rel}","templated":true}]}}