{"id":3915,"date":"2014-03-03T14:55:04","date_gmt":"2014-03-03T17:55:04","guid":{"rendered":"http:\/\/blog.panrotas.com.br\/semreserva\/?p=3915"},"modified":"2014-03-03T14:55:04","modified_gmt":"2014-03-03T17:55:04","slug":"uma-vez-na-vida-e-nunca-mais","status":"publish","type":"post","link":"https:\/\/blog.panrotas.com.br\/semreserva\/uma-vez-na-vida-e-nunca-mais\/03-03-2014\/","title":{"rendered":"UMA VEZ NA VIDA E NUNCA MAIS&#8230;"},"content":{"rendered":"<p>No fim, tudo d\u00e1 certo. Mas c\u00e1 continuo eu&#8230; preocupado. Com a falta de infraestrutura do Pa\u00eds para receber grandes quantidades de turistas simultaneamente. No carnaval, n\u00e3o h\u00e1 t\u00e1xis, \u00f4nibus, metr\u00f4 suficientes para cidad\u00e3os e visitantes no Rio de Janeiro. As filas demoram horas, n\u00e3o h\u00e1 fiscaliza\u00e7\u00e3o, ar condicionado no aeroporto, n\u00e3o h\u00e1 boa vontade&#8230; O taxista te olha e fala: 60 reais. \u00c9 pegar ou largar. E a maioria paga. Adianta ligar para a prefeitura? Adianta reclamar? N\u00e3o&#8230; est\u00e3o todos na avenida, credenciados, sambando junto com os turistas mal orientados.<\/p>\n<p>Cad\u00ea os \u00f4nibus que iam levar at\u00e9 o metr\u00f4, a partir do Santos Dumont? Cad\u00ea os volunt\u00e1rios com o Button \u201cposso ajudar?\u201d. Meu aviso: n\u00e3o des\u00e7am no Gale\u00e3o. \u00c9 o inferno na terra. Aviso 2: contrate um transfer particular, pe\u00e7a para parentes e amigos (conhecidos at\u00e9) te buscarem. Aviso 3: v\u00e1 a p\u00e9 mas n\u00e3o caia nas armadilhas contra os turistas.<\/p>\n<p>Cidades como Rio e S\u00e3o Paulo precisam cuidar mais do tr\u00e2nsito, da mobilidade, do transporte p\u00fablico&#8230; Por que vou realizar uma conven\u00e7\u00e3o em S\u00e3o Paulo se vou gastar horas e horas em \u00f4nibus, carros ou vans? Aeroporto-hotel: duas horas. Hotel-Anhembi: uma hora e meia. Anhembi-hotel: senta e chora, pois a noite \u00e9 longa.<\/p>\n<p>O prefeito ent\u00e3o cria faixas para os \u00f4nibus, e os t\u00e1xis e carros se espremem \u00e0s vezes em uma s\u00f3 faixa. Mas h\u00e1 promo\u00e7\u00e3o com IPI gr\u00e1tis no come\u00e7o do ano. E o viajante a neg\u00f3cios que tem de trazer neg\u00f3cios para a cidade? Vai pensar melhor. J\u00e1 vejo pessoas fugindo de S\u00e3o Paulo, indo em dire\u00e7\u00e3o ao interior. Por que n\u00e3o d\u00e3o f\u00e9rias coletivas para todas as f\u00e1bricas de carro este ano? Porque a\u00ed n\u00e3o haver\u00e1 reelei\u00e7\u00e3o&#8230; Mas a gente perde tempo na chuva, no tr\u00e2nsito, no aeroporto&#8230;<\/p>\n<p>\u00c9 dif\u00edcil fazer turismo no Brasil. Ainda bem que o governo nunca gastou dinheiro substancial para promover o Pa\u00eds l\u00e1 fora. N\u00e3o podemos receber mais turistas. N\u00e3o conseguimos atender os filhos desse solo, que dir\u00e1 os amigos da m\u00e3e gentil&#8230;<\/p>\n<p>Sim, no final tudo d\u00e1 certo. Mas voc\u00ea voltaria em outro momento. O Brasil est\u00e1 virando aqueles cases de \u201conce in a lifetime\u201d. Ou seja, um programa que voc\u00ea tem de fazer mas, como \u00e9 meio roubada, s\u00f3 uma vez na vida. Para dizer que viu de perto, que esteve l\u00e1, e como era ca\u00f3tico.<\/p>\n<p>Ser\u00e1 que acordei, bem tarde, de mau humor? Acho que n\u00e3o. Ontem, na Sapuca\u00ed, ouvi muitas reclama\u00e7\u00f5es de turistas e muitos \u201cgringos\u201d dizendo que n\u00e3o sabiam o que fazer em v\u00e1rias situa\u00e7\u00f5es. Aviso 4: usem servi\u00e7os de empresas confi\u00e1veis, guias, transfers, consultoria&#8230; Ou abra uma empresa que d\u00ea assist\u00eancia total aos turistas. Sempre me disseram que o receptivo no Rio tinha ou estava falindo. Com um mar de oportunidades como esse, acho dif\u00edcil crer que ningu\u00e9m se aventura a atender bem quem nos visita.<\/p>\n<p>Mas \u00e9 carnaval, o dia est\u00e1 lindo, estou no Rio. Vou ali na praia e j\u00e1 volto.<\/p>\n","protected":false},"excerpt":{"rendered":"<p>No fim, tudo d\u00e1 certo. Mas c\u00e1 continuo eu&#8230; preocupado. Com a falta de infraestrutura do Pa\u00eds para receber grandes quantidades de turistas simultaneamente. No carnaval, n\u00e3o h\u00e1 t\u00e1xis, \u00f4nibus, metr\u00f4 suficientes para cidad\u00e3os e visitantes no Rio de Janeiro. As filas demoram horas, n\u00e3o h\u00e1 fiscaliza\u00e7\u00e3o, ar condicionado no aeroporto, n\u00e3o h\u00e1 boa vontade&#8230; [&hellip;]<\/p>\n","protected":false},"author":7,"featured_media":0,"comment_status":"open","ping_status":"open","sticky":false,"template":"","format":"standard","meta":{"spay_email":""},"categories":[2],"tags":[],"yoast_head":"<!-- This site is optimized with the Yoast SEO plugin v17.3 - https:\/\/yoast.com\/wordpress\/plugins\/seo\/ -->\n<title>UMA VEZ NA VIDA E NUNCA MAIS... -<\/title>\n<meta name=\"description\" content=\"UMA VEZ NA VIDA E NUNCA MAIS.... Confira essa Mat\u00e9ria no Canal Sem reserva. \u27a4 Projeto em parceria com a PANROTAS.\" \/>\n<meta name=\"robots\" content=\"index, follow, max-snippet:-1, max-image-preview:large, max-video-preview:-1\" \/>\n<link rel=\"canonical\" href=\"https:\/\/blog.panrotas.com.br\/semreserva\/uma-vez-na-vida-e-nunca-mais\/03-03-2014\/\" \/>\n<meta property=\"og:locale\" content=\"pt_BR\" \/>\n<meta property=\"og:type\" content=\"article\" \/>\n<meta property=\"og:title\" content=\"UMA VEZ NA VIDA E NUNCA MAIS... -\" \/>\n<meta property=\"og:description\" content=\"UMA VEZ NA VIDA E NUNCA MAIS.... Confira essa Mat\u00e9ria no Canal Sem reserva. \u27a4 Projeto em parceria com a PANROTAS.\" \/>\n<meta property=\"og:url\" content=\"https:\/\/blog.panrotas.com.br\/semreserva\/uma-vez-na-vida-e-nunca-mais\/03-03-2014\/\" \/>\n<meta property=\"og:site_name\" content=\"Sem reserva\" \/>\n<meta property=\"article:publisher\" content=\"https:\/\/www.facebook.com\/portalpanrotas\/\" \/>\n<meta property=\"article:published_time\" content=\"2014-03-03T17:55:04+00:00\" \/>\n<meta name=\"twitter:card\" content=\"summary_large_image\" \/>\n<meta name=\"twitter:creator\" content=\"@portalpanrotas\" \/>\n<meta name=\"twitter:site\" content=\"@portalpanrotas\" \/>\n<meta name=\"twitter:label1\" content=\"Escrito por\" \/>\n\t<meta name=\"twitter:data1\" content=\"Artur Andrade\" \/>\n\t<meta name=\"twitter:label2\" content=\"Est. tempo de leitura\" \/>\n\t<meta name=\"twitter:data2\" content=\"3 minutos\" \/>\n<script type=\"application\/ld+json\" class=\"yoast-schema-graph\">{\"@context\":\"https:\/\/schema.org\",\"@graph\":[{\"@type\":\"Organization\",\"@id\":\"http:\/\/blog.panrotas.com.br\/semreserva\/#organization\",\"name\":\"Sem Reserva - Blog no Portal PANROTAS\",\"url\":\"http:\/\/blog.panrotas.com.br\/semreserva\/\",\"sameAs\":[\"https:\/\/www.facebook.com\/portalpanrotas\/\",\"https:\/\/www.instagram.com\/portalpanrotas\/\",\"https:\/\/br.linkedin.com\/company\/panrotas\",\"https:\/\/www.youtube.com\/tvpanrotas\",\"https:\/\/twitter.com\/portalpanrotas\"],\"logo\":{\"@type\":\"ImageObject\",\"@id\":\"http:\/\/blog.panrotas.com.br\/semreserva\/#logo\",\"inLanguage\":\"pt-BR\",\"url\":\"https:\/\/blog.panrotas.com.br\/semreserva\/wp-content\/uploads\/sites\/5\/2020\/06\/logo.png\",\"contentUrl\":\"https:\/\/blog.panrotas.com.br\/semreserva\/wp-content\/uploads\/sites\/5\/2020\/06\/logo.png\",\"width\":259,\"height\":53,\"caption\":\"Sem Reserva - Blog no Portal PANROTAS\"},\"image\":{\"@id\":\"http:\/\/blog.panrotas.com.br\/semreserva\/#logo\"}},{\"@type\":\"WebSite\",\"@id\":\"http:\/\/blog.panrotas.com.br\/semreserva\/#website\",\"url\":\"http:\/\/blog.panrotas.com.br\/semreserva\/\",\"name\":\"Sem reserva\",\"description\":\"Blogosfera PANROTAS\",\"publisher\":{\"@id\":\"http:\/\/blog.panrotas.com.br\/semreserva\/#organization\"},\"potentialAction\":[{\"@type\":\"SearchAction\",\"target\":{\"@type\":\"EntryPoint\",\"urlTemplate\":\"http:\/\/blog.panrotas.com.br\/semreserva\/?s={search_term_string}\"},\"query-input\":\"required name=search_term_string\"}],\"inLanguage\":\"pt-BR\"},{\"@type\":\"WebPage\",\"@id\":\"https:\/\/blog.panrotas.com.br\/semreserva\/uma-vez-na-vida-e-nunca-mais\/03-03-2014\/#webpage\",\"url\":\"https:\/\/blog.panrotas.com.br\/semreserva\/uma-vez-na-vida-e-nunca-mais\/03-03-2014\/\",\"name\":\"UMA VEZ NA VIDA E NUNCA MAIS... -\",\"isPartOf\":{\"@id\":\"http:\/\/blog.panrotas.com.br\/semreserva\/#website\"},\"datePublished\":\"2014-03-03T17:55:04+00:00\",\"dateModified\":\"2014-03-03T17:55:04+00:00\",\"description\":\"UMA VEZ NA VIDA E NUNCA MAIS.... Confira essa Mat\\u00e9ria no Canal Sem reserva. \\u27a4 Projeto em parceria com a PANROTAS.\",\"breadcrumb\":{\"@id\":\"https:\/\/blog.panrotas.com.br\/semreserva\/uma-vez-na-vida-e-nunca-mais\/03-03-2014\/#breadcrumb\"},\"inLanguage\":\"pt-BR\",\"potentialAction\":[{\"@type\":\"ReadAction\",\"target\":[\"https:\/\/blog.panrotas.com.br\/semreserva\/uma-vez-na-vida-e-nunca-mais\/03-03-2014\/\"]}]},{\"@type\":\"BreadcrumbList\",\"@id\":\"https:\/\/blog.panrotas.com.br\/semreserva\/uma-vez-na-vida-e-nunca-mais\/03-03-2014\/#breadcrumb\",\"itemListElement\":[{\"@type\":\"ListItem\",\"position\":1,\"name\":\"Home do Blog\",\"item\":\"http:\/\/blog.panrotas.com.br\/semreserva\/\"},{\"@type\":\"ListItem\",\"position\":2,\"name\":\"Dia a dia\",\"item\":\"https:\/\/blog.panrotas.com.br\/semreserva\/category\/dia-a-dia\/\"},{\"@type\":\"ListItem\",\"position\":3,\"name\":\"UMA VEZ NA VIDA E NUNCA MAIS&#8230;\"}]},{\"@type\":\"Article\",\"@id\":\"https:\/\/blog.panrotas.com.br\/semreserva\/uma-vez-na-vida-e-nunca-mais\/03-03-2014\/#article\",\"isPartOf\":{\"@id\":\"https:\/\/blog.panrotas.com.br\/semreserva\/uma-vez-na-vida-e-nunca-mais\/03-03-2014\/#webpage\"},\"author\":{\"@id\":\"http:\/\/blog.panrotas.com.br\/semreserva\/#\/schema\/person\/c93b4555f6a497d2d83c25dcb80f61ed\"},\"headline\":\"UMA VEZ NA VIDA E NUNCA MAIS&#8230;\",\"datePublished\":\"2014-03-03T17:55:04+00:00\",\"dateModified\":\"2014-03-03T17:55:04+00:00\",\"mainEntityOfPage\":{\"@id\":\"https:\/\/blog.panrotas.com.br\/semreserva\/uma-vez-na-vida-e-nunca-mais\/03-03-2014\/#webpage\"},\"wordCount\":539,\"commentCount\":0,\"publisher\":{\"@id\":\"http:\/\/blog.panrotas.com.br\/semreserva\/#organization\"},\"articleSection\":[\"Dia a dia\"],\"inLanguage\":\"pt-BR\",\"potentialAction\":[{\"@type\":\"CommentAction\",\"name\":\"Comment\",\"target\":[\"https:\/\/blog.panrotas.com.br\/semreserva\/uma-vez-na-vida-e-nunca-mais\/03-03-2014\/#respond\"]}]},{\"@type\":\"Person\",\"@id\":\"http:\/\/blog.panrotas.com.br\/semreserva\/#\/schema\/person\/c93b4555f6a497d2d83c25dcb80f61ed\",\"name\":\"Artur Andrade\",\"image\":{\"@type\":\"ImageObject\",\"@id\":\"http:\/\/blog.panrotas.com.br\/semreserva\/#personlogo\",\"inLanguage\":\"pt-BR\",\"url\":\"https:\/\/secure.gravatar.com\/avatar\/a94564d630220cefd5c82f3452ac1ef4?s=96&d=mm&r=g\",\"contentUrl\":\"https:\/\/secure.gravatar.com\/avatar\/a94564d630220cefd5c82f3452ac1ef4?s=96&d=mm&r=g\",\"caption\":\"Artur Andrade\"},\"description\":\"Artur Luiz Andrade \\u00e9 carioca, taurino, jornalista e nasceu em 1969. \\u00c9 editor-chefe da PANROTAS Editora e mora em S\\u00e3o Paulo desde 1998\",\"sameAs\":[\"http:\/\/www.panrotas.com.br\"]}]}<\/script>\n<!-- \/ Yoast SEO plugin. -->","yoast_head_json":{"title":"UMA VEZ NA VIDA E NUNCA MAIS... -","description":"UMA VEZ NA VIDA E NUNCA MAIS.... Confira essa Mat\u00e9ria no Canal Sem reserva. \u27a4 Projeto em parceria com a PANROTAS.","robots":{"index":"index","follow":"follow","max-snippet":"max-snippet:-1","max-image-preview":"max-image-preview:large","max-video-preview":"max-video-preview:-1"},"canonical":"https:\/\/blog.panrotas.com.br\/semreserva\/uma-vez-na-vida-e-nunca-mais\/03-03-2014\/","og_locale":"pt_BR","og_type":"article","og_title":"UMA VEZ NA VIDA E NUNCA MAIS... -","og_description":"UMA VEZ NA VIDA E NUNCA MAIS.... Confira essa Mat\u00e9ria no Canal Sem reserva. \u27a4 Projeto em parceria com a PANROTAS.","og_url":"https:\/\/blog.panrotas.com.br\/semreserva\/uma-vez-na-vida-e-nunca-mais\/03-03-2014\/","og_site_name":"Sem reserva","article_publisher":"https:\/\/www.facebook.com\/portalpanrotas\/","article_published_time":"2014-03-03T17:55:04+00:00","twitter_card":"summary_large_image","twitter_creator":"@portalpanrotas","twitter_site":"@portalpanrotas","twitter_misc":{"Escrito por":"Artur Andrade","Est. tempo de leitura":"3 minutos"},"schema":{"@context":"https:\/\/schema.org","@graph":[{"@type":"Organization","@id":"http:\/\/blog.panrotas.com.br\/semreserva\/#organization","name":"Sem Reserva - Blog no Portal PANROTAS","url":"http:\/\/blog.panrotas.com.br\/semreserva\/","sameAs":["https:\/\/www.facebook.com\/portalpanrotas\/","https:\/\/www.instagram.com\/portalpanrotas\/","https:\/\/br.linkedin.com\/company\/panrotas","https:\/\/www.youtube.com\/tvpanrotas","https:\/\/twitter.com\/portalpanrotas"],"logo":{"@type":"ImageObject","@id":"http:\/\/blog.panrotas.com.br\/semreserva\/#logo","inLanguage":"pt-BR","url":"https:\/\/blog.panrotas.com.br\/semreserva\/wp-content\/uploads\/sites\/5\/2020\/06\/logo.png","contentUrl":"https:\/\/blog.panrotas.com.br\/semreserva\/wp-content\/uploads\/sites\/5\/2020\/06\/logo.png","width":259,"height":53,"caption":"Sem Reserva - Blog no Portal PANROTAS"},"image":{"@id":"http:\/\/blog.panrotas.com.br\/semreserva\/#logo"}},{"@type":"WebSite","@id":"http:\/\/blog.panrotas.com.br\/semreserva\/#website","url":"http:\/\/blog.panrotas.com.br\/semreserva\/","name":"Sem reserva","description":"Blogosfera PANROTAS","publisher":{"@id":"http:\/\/blog.panrotas.com.br\/semreserva\/#organization"},"potentialAction":[{"@type":"SearchAction","target":{"@type":"EntryPoint","urlTemplate":"http:\/\/blog.panrotas.com.br\/semreserva\/?s={search_term_string}"},"query-input":"required name=search_term_string"}],"inLanguage":"pt-BR"},{"@type":"WebPage","@id":"https:\/\/blog.panrotas.com.br\/semreserva\/uma-vez-na-vida-e-nunca-mais\/03-03-2014\/#webpage","url":"https:\/\/blog.panrotas.com.br\/semreserva\/uma-vez-na-vida-e-nunca-mais\/03-03-2014\/","name":"UMA VEZ NA VIDA E NUNCA MAIS... -","isPartOf":{"@id":"http:\/\/blog.panrotas.com.br\/semreserva\/#website"},"datePublished":"2014-03-03T17:55:04+00:00","dateModified":"2014-03-03T17:55:04+00:00","description":"UMA VEZ NA VIDA E NUNCA MAIS.... Confira essa Mat\u00e9ria no Canal Sem reserva. \u27a4 Projeto em parceria com a PANROTAS.","breadcrumb":{"@id":"https:\/\/blog.panrotas.com.br\/semreserva\/uma-vez-na-vida-e-nunca-mais\/03-03-2014\/#breadcrumb"},"inLanguage":"pt-BR","potentialAction":[{"@type":"ReadAction","target":["https:\/\/blog.panrotas.com.br\/semreserva\/uma-vez-na-vida-e-nunca-mais\/03-03-2014\/"]}]},{"@type":"BreadcrumbList","@id":"https:\/\/blog.panrotas.com.br\/semreserva\/uma-vez-na-vida-e-nunca-mais\/03-03-2014\/#breadcrumb","itemListElement":[{"@type":"ListItem","position":1,"name":"Home do Blog","item":"http:\/\/blog.panrotas.com.br\/semreserva\/"},{"@type":"ListItem","position":2,"name":"Dia a dia","item":"https:\/\/blog.panrotas.com.br\/semreserva\/category\/dia-a-dia\/"},{"@type":"ListItem","position":3,"name":"UMA VEZ NA VIDA E NUNCA MAIS&#8230;"}]},{"@type":"Article","@id":"https:\/\/blog.panrotas.com.br\/semreserva\/uma-vez-na-vida-e-nunca-mais\/03-03-2014\/#article","isPartOf":{"@id":"https:\/\/blog.panrotas.com.br\/semreserva\/uma-vez-na-vida-e-nunca-mais\/03-03-2014\/#webpage"},"author":{"@id":"http:\/\/blog.panrotas.com.br\/semreserva\/#\/schema\/person\/c93b4555f6a497d2d83c25dcb80f61ed"},"headline":"UMA VEZ NA VIDA E NUNCA MAIS&#8230;","datePublished":"2014-03-03T17:55:04+00:00","dateModified":"2014-03-03T17:55:04+00:00","mainEntityOfPage":{"@id":"https:\/\/blog.panrotas.com.br\/semreserva\/uma-vez-na-vida-e-nunca-mais\/03-03-2014\/#webpage"},"wordCount":539,"commentCount":0,"publisher":{"@id":"http:\/\/blog.panrotas.com.br\/semreserva\/#organization"},"articleSection":["Dia a dia"],"inLanguage":"pt-BR","potentialAction":[{"@type":"CommentAction","name":"Comment","target":["https:\/\/blog.panrotas.com.br\/semreserva\/uma-vez-na-vida-e-nunca-mais\/03-03-2014\/#respond"]}]},{"@type":"Person","@id":"http:\/\/blog.panrotas.com.br\/semreserva\/#\/schema\/person\/c93b4555f6a497d2d83c25dcb80f61ed","name":"Artur Andrade","image":{"@type":"ImageObject","@id":"http:\/\/blog.panrotas.com.br\/semreserva\/#personlogo","inLanguage":"pt-BR","url":"https:\/\/secure.gravatar.com\/avatar\/a94564d630220cefd5c82f3452ac1ef4?s=96&d=mm&r=g","contentUrl":"https:\/\/secure.gravatar.com\/avatar\/a94564d630220cefd5c82f3452ac1ef4?s=96&d=mm&r=g","caption":"Artur Andrade"},"description":"Artur Luiz Andrade \u00e9 carioca, taurino, jornalista e nasceu em 1969. \u00c9 editor-chefe da PANROTAS Editora e mora em S\u00e3o Paulo desde 1998","sameAs":["http:\/\/www.panrotas.com.br"]}]}},"jetpack_featured_media_url":"","jetpack_shortlink":"https:\/\/wp.me\/p7idIU-119","_links":{"self":[{"href":"https:\/\/blog.panrotas.com.br\/semreserva\/wp-json\/wp\/v2\/posts\/3915"}],"collection":[{"href":"https:\/\/blog.panrotas.com.br\/semreserva\/wp-json\/wp\/v2\/posts"}],"about":[{"href":"https:\/\/blog.panrotas.com.br\/semreserva\/wp-json\/wp\/v2\/types\/post"}],"author":[{"embeddable":true,"href":"https:\/\/blog.panrotas.com.br\/semreserva\/wp-json\/wp\/v2\/users\/7"}],"replies":[{"embeddable":true,"href":"https:\/\/blog.panrotas.com.br\/semreserva\/wp-json\/wp\/v2\/comments?post=3915"}],"version-history":[{"count":0,"href":"https:\/\/blog.panrotas.com.br\/semreserva\/wp-json\/wp\/v2\/posts\/3915\/revisions"}],"wp:attachment":[{"href":"https:\/\/blog.panrotas.com.br\/semreserva\/wp-json\/wp\/v2\/media?parent=3915"}],"wp:term":[{"taxonomy":"category","embeddable":true,"href":"https:\/\/blog.panrotas.com.br\/semreserva\/wp-json\/wp\/v2\/categories?post=3915"},{"taxonomy":"post_tag","embeddable":true,"href":"https:\/\/blog.panrotas.com.br\/semreserva\/wp-json\/wp\/v2\/tags?post=3915"}],"curies":[{"name":"wp","href":"https:\/\/api.w.org\/{rel}","templated":true}]}}