{"id":3918,"date":"2014-03-08T14:29:41","date_gmt":"2014-03-08T17:29:41","guid":{"rendered":"http:\/\/blog.panrotas.com.br\/semreserva\/?p=3918"},"modified":"2014-03-08T14:29:41","modified_gmt":"2014-03-08T17:29:41","slug":"todos-os-dias-quando-acordo","status":"publish","type":"post","link":"https:\/\/blog.panrotas.com.br\/semreserva\/todos-os-dias-quando-acordo\/08-03-2014\/","title":{"rendered":"TODOS OS DIAS QUANDO ACORDO&#8230;"},"content":{"rendered":"<p>A revela\u00e7\u00e3o mais devastadoramente cruel que a vida jogou em minha cara \u00e9 a mais \u00f3bvia (e talvez nada cruel) delas: nada \u00e9 para sempre, tudo morre, o fim chega para todas as coisas, todos n\u00f3s.<\/p>\n<p>Pode ser vista tamb\u00e9m como grande conforto: tudo, absolutamente tudo acaba, n\u00e3o h\u00e1 exce\u00e7\u00e3o. Racional demais? Na hora da perda, n\u00e3o acho que isso conforte. O fim do namoro da sua amiga alivia o fim do seu? Ou antes ele do que eu? Perder, terminar, morrer&#8230; o fim \u00e9 dif\u00edcil de ser aceito, mas h\u00e1 mecanismos no c\u00e9rebro para que nos conformemos e sigamos adiante. Como ver que o outro tamb\u00e9m morre, se separa, vai \u00e0 fal\u00eancia, acumula perdas ao longo da vida.<\/p>\n<p>Mas h\u00e1 tamb\u00e9m os que n\u00e3o deixam morrer. Viver e deixar morrer, j\u00e1 dizia a can\u00e7\u00e3o jamesbondiana. Porque enganar-se quanto aos fins da vida \u00e9 n\u00e3o viver o que se tem de viver, \u00e9 mentir, ludibriar-se, gastar um tempo que n\u00e3o temos, e talvez, aos poucos, matar a si mesmo (quando j\u00e1 h\u00e1 gente dedicada a isso).<\/p>\n<p>Em meio \u00e0 ilus\u00e3o, sempre aparece a verdade. Ou a saudade. Por que inventaram a saudade? Vem e n\u00e3o deixa que algo te reconforte, que te iluda. E pior: vem uma nova perda. E uma outra decep\u00e7\u00e3o (com a vida ou consigo mesmo?). Nenhuma explica\u00e7\u00e3o. O ciclo \u00e9 quase o mesmo.<\/p>\n<p>Em um desses momentos de \u201ca verdade nua e crua da vida\u201d, coincidentemente eu, que estudei em col\u00e9gio de padre, fiz Primeira Comunh\u00e3o, Crisma e at\u00e9 j\u00e1 me confessei (cat\u00f3licos pecam por pensamentos, palavras, atos e omiss\u00f5es, vale lembrar), eu estava afastado da \u201creligi\u00e3o formal\u201d. E mais pedindo a Deus do que fazendo algo por ou para Ele.<\/p>\n<p>Isso tamb\u00e9m pode ser visto como alento? A nega\u00e7\u00e3o de tudo. Somos nada. Tudo \u00e9 nada. Acredito em nada. Ent\u00e3o n\u00e3o vale a pena chorar. Somos algo que aconteceu na natureza e que, dizem, est\u00e1 perto da extin\u00e7\u00e3o. O caos conforta. Como se um meteoro gigantesco fosse se chocar contra a Terra. A ideia de todos morrerem juntos conforta. Conforta? Nem pensamos no futuro daqui a 100 anos. Na continua\u00e7\u00e3o. Nessa hora, somos ego\u00edstas. Morram junto comigo.<\/p>\n<p>Mas enquanto n\u00e3o somos extintos&#8230; todos queremos viver. De prefer\u00eancia bem casados, bem amados, bem estruturados. Colecionando bens, diriam uns. Bens materiais, gritariam outros. Bens quaisquer. Enfim, bem. O que importa \u00e9 somar e n\u00e3o passar a vida contabilizando&#8230; as perdas (de amores, casamentos, amizades, situa\u00e7\u00f5es&#8230;).<\/p>\n<p>Mas como n\u00e3o lembrar das perdas quando sentimos um cheiro familiar, ouvimos uma can\u00e7\u00e3o que nos transporta diretamente para l\u00e1, aquele tempo que est\u00e1vamos tentando abafar dentro de n\u00f3s, sentimos um toque que n\u00e3o deixa d\u00favidas, uma voz te dando ordens, outra sussurrando em seu ouvido, um choro de crian\u00e7a no meio da noite, um lamento de pai e de m\u00e3e&#8230; N\u00e3o, mais uma vez n\u00e3o h\u00e1 consolo. Compensa\u00e7\u00e3o. N\u00e3o \u00e9 um por um, uma vida por outra. E n\u00e3o d\u00e1 para comparar momentos, relacionamentos, mesmo as perdas&#8230;<\/p>\n<p>Vai o emprego, vai o romance, vai a gargalhada, vai a fase dourada, vai a pele lisa, vai o f\u00f4lego, vai o melhor amigo, vai a mulher mais bonita, vai o homem charmoso, vai o safado gostoso, vai aquela l\u00e1, vai o Rex, e tamb\u00e9m v\u00e3o as ilus\u00f5es&#8230; Vai o molho da macarronada. Vai a liberdade que nunca tivemos, mas t\u00ednhamos a certeza de ter. Vai o tempo como um vulto que passa em nossas costas. Olhamos para tr\u00e1s, vemos que n\u00e3o h\u00e1 nada, e ao voltarmos a cabe\u00e7a&#8230; l\u00e1 se foram d\u00e9cadas. L\u00e1 se foram&#8230; tempos.<\/p>\n<p>Tudo vai e no dia seguinte ainda estamos achando que o mesmo tudo \u00e9 para sempre, mesmo tendo passado a noite com o sal das l\u00e1grimas, o doce do sangue e a insipidez da chuva que cai para provar que n\u00e3o, n\u00e3o \u00e9 para sempre.<\/p>\n<p>E acho que aprendemos a lidar com perdas, pois cada perda significa tamb\u00e9m um passo novo para o fim, o nosso pr\u00f3prio. \u00a0N\u00e3o pensamos nele. Mas sabemos que est\u00e1 l\u00e1. Caminhamos para ele.<\/p>\n<p>Minutos depois j\u00e1 estou me contradizendo, fazendo planos para daqui a 200 anos. Devo acreditar em reencarna\u00e7\u00e3o&#8230; N\u00e3o venha, meteoro. N\u00e3o venha. Ou s\u00f3 me acorde quando eu puder respirar em&#8230; V\u00eanus. Devo me congelar, como fez Walt Disney?<\/p>\n<p>Somos capazes de ser felizes de novo, ou de vivermos felizes momentos, pois nossa mente cuida, \u201cainda cuida\u201d, bem de n\u00f3s. Nos engana. Nos faz esquecer. Rir \u00e9 melhor que chorar e ent\u00e3o quando vemos&#8230; de novo \u00e9 para sempre. Mas na pr\u00f3xima verdade esfregada em nossa cara, nos lembraremos de tudo, veremos que n\u00e3o podemos mais ser t\u00e3o felizes e ora nos revoltaremos, ora colocaremos tudo na conta de Deus. Se foi Deus que quis assim, por que vamos questionar? Se n\u00e3o temos controle, por que lutar?<\/p>\n<p>No dia seguinte, j\u00e1 estamos novamente negociando com Deus. Pedindo mesmo. Sem sabermos onde estamos e por que aqui estamos. Se \u00e9 uma guerra ou uma odisseia de perdas. E at\u00e9 a quem pedimos.<\/p>\n<p>H\u00e1 quem diga que cada morte \u00e9 um pedacinho do seu cora\u00e7\u00e3o que morre. H\u00e1 quem diga que cada morte \u00e9 algu\u00e9m querido esperando&#8230; do outro lado. H\u00e1 quem diga que cada morte deixa um pouquinho de quem se foi guardado dentro de voc\u00ea, que vai ficando pesado e com uma leve inclina\u00e7\u00e3o para a esquerda. H\u00e1 quem diga que cada morte n\u00e3o quer dizer absolutamente nada. \u00c9 a natureza se renovando, mesmo que pelas m\u00e3os do homem. H\u00e1 quem n\u00e3o diga nada. E \u00e9 assim que tem de ser. Cada um sabe o tamanho de sua perda, de sua dor. Seja uma vida, seja um amor, seja um bem, seja um mal.<\/p>\n<p>Por isso n\u00e3o estranhe esses jovens fazendo juras de amor nas redes sociais, amando escancaradamente, amando para sempre. E sem o nosso papinho de que as estrelas do c\u00e9u n\u00e3o est\u00e3o mais entre n\u00f3s. Mesmo fantasmas, elas emolduram essa paix\u00e3o, esse ardor, esse fogo e amor que s\u00e3o o que nos leva at\u00e9 o fim (fim?) da vida. E n\u00e3o estranhe se hoje eles amam mais que tudo e amanh\u00e3 trocam de amor. E ambos s\u00e3o eternos. E ambos s\u00e3o intensos e ir\u00e3o com eles at\u00e9 o tal fim.<\/p>\n<p>N\u00f3s ainda somos esses e aqueles jovens. E eles ainda se encontrar\u00e3o em n\u00f3s. Mesmo que n\u00e3o nos vejamos mais. Mesmo que nossos tempos se sobreponham e se distanciem a cada mistura.<\/p>\n<p>Outras revela\u00e7\u00f5es devastadoras vir\u00e3o. Muitas vezes ouviremos \u201ceu n\u00e3o te amo mais\u201d, \u201cvoc\u00ea est\u00e1 dispensado\u201d, \u201cn\u00e3o me ligue\u201d, \u00a0\u201cn\u00e3o precisamos mais de voc\u00ea\u201d, \u201cn\u00e3o\u201d, \u201cn\u00e3o\u201d, \u201cn\u00e3o\u201d e \u201cnunca mais a verei\u201d. N\u00e3o tente entender. N\u00e3o argumente com os surdos e os extremamente racionais.<\/p>\n<p>\u00c9 mais uma perda. Guarde-a em seu ba\u00fa de sonhos despeda\u00e7ados, em sua gaveta de mem\u00f3rias tristes, em seu quartinho escuro de l\u00e1grimas, em seu vaso de plantas daninhas&#8230; e volte \u00e0 tona. Nada \u00e9 para sempre. Talvez nem mesmo a perda. E ainda estamos interligados de alguma maneira. Mesmo que voc\u00ea acredite em tudo. Ou em nada.<\/p>\n<p>H\u00e1 dores mais devastadoras e dilacerantes e nem quero falar delas aqui. Mas juro que as entendo. E tor\u00e7o para que tamb\u00e9m achem o seu lugar. E libertem quem as tem.<\/p>\n<p>Depois que descobri, mesmo j\u00e1 sabendo, que tudo tem um fim, passei a acreditar em fases. Em cap\u00edtulos da vida. Separa\u00e7\u00f5es (n\u00e3o importa o motivo) s\u00e3o parte dela. E coadjuvantes ou protagonistas, estamos na ficha t\u00e9cnica desse filme. H\u00e1 pessoas que n\u00e3o vemos h\u00e1 dois cap\u00edtulos, h\u00e1 quatro fases da vida&#8230; mas quando olhamos uma foto, sabemos dela ou mesmo a reencontramos&#8230; \u00e9 o tempo mais uma vez passando como um vulto, s\u00f3 que em nossa frente, e em fast forward, trazendo aquelas lembran\u00e7as de volta, e fazendo parecer que ainda \u00e9 domingo, ensolarado, de tarde e o mar est\u00e1 a nossa frente.<\/p>\n<p>Aos bules e \u00e0s x\u00edcaras, aos coadores e \u00e0s vasilhas&#8230; muita aten\u00e7\u00e3o. O caf\u00e9 pode estar quente e saboroso. Ou amargo e travando a l\u00edngua. Ou nada disso e muito mais. Mais um cap\u00edtulo. Mais uma faixa do LP. Mais um tu\u00edte. Mais um post.<\/p>\n<p>Mais tudo. Mais nada&#8230; Tudo se acaba. Ou acaba indo para algum outro lugar.<\/p>\n<p>Mas antes disso, responda, voc\u00ea quer namorar comigo? Posso trabalhar com voc\u00ea? Olha essa foto linda, como ele estava feliz. Lembra daquele r\u00e9veillon, n\u00f3s tr\u00eas na janela e os fogos ali no horizonte de pr\u00e9dios? Senta aqui e me conta por onde andou esse tempo todo.<\/p>\n<p>Voc\u00ea acredita em cometas destruidores ou reencarna\u00e7\u00e3o? Em extin\u00e7\u00e3o ou renova\u00e7\u00e3o? Em nada ou somente em voc\u00ea? Na verdade ou na vers\u00e3o? Em religi\u00e3o ou no trabalho? Em omiss\u00e3o ou acaso? Em perdas ou na vida?<\/p>\n<p>Voc\u00ea acredita em mim?<\/p>\n<p>N\u00e3o deveria.<\/p>\n","protected":false},"excerpt":{"rendered":"<p>A revela\u00e7\u00e3o mais devastadoramente cruel que a vida jogou em minha cara \u00e9 a mais \u00f3bvia (e talvez nada cruel) delas: nada \u00e9 para sempre, tudo morre, o fim chega para todas as coisas, todos n\u00f3s. Pode ser vista tamb\u00e9m como grande conforto: tudo, absolutamente tudo acaba, n\u00e3o h\u00e1 exce\u00e7\u00e3o. Racional demais? Na hora da [&hellip;]<\/p>\n","protected":false},"author":7,"featured_media":0,"comment_status":"open","ping_status":"open","sticky":false,"template":"","format":"standard","meta":{"spay_email":""},"categories":[2],"tags":[],"yoast_head":"<!-- This site is optimized with the Yoast SEO plugin v17.3 - https:\/\/yoast.com\/wordpress\/plugins\/seo\/ -->\n<title>TODOS OS DIAS QUANDO ACORDO... -<\/title>\n<meta name=\"description\" content=\"TODOS OS DIAS QUANDO ACORDO.... Confira essa Mat\u00e9ria no Canal Sem reserva. \u27a4 Projeto em parceria com a PANROTAS.\" \/>\n<meta name=\"robots\" content=\"index, follow, max-snippet:-1, max-image-preview:large, max-video-preview:-1\" \/>\n<link rel=\"canonical\" href=\"https:\/\/blog.panrotas.com.br\/semreserva\/todos-os-dias-quando-acordo\/08-03-2014\/\" \/>\n<meta property=\"og:locale\" content=\"pt_BR\" \/>\n<meta property=\"og:type\" content=\"article\" \/>\n<meta property=\"og:title\" content=\"TODOS OS DIAS QUANDO ACORDO... -\" \/>\n<meta property=\"og:description\" content=\"TODOS OS DIAS QUANDO ACORDO.... Confira essa Mat\u00e9ria no Canal Sem reserva. \u27a4 Projeto em parceria com a PANROTAS.\" \/>\n<meta property=\"og:url\" content=\"https:\/\/blog.panrotas.com.br\/semreserva\/todos-os-dias-quando-acordo\/08-03-2014\/\" \/>\n<meta property=\"og:site_name\" content=\"Sem reserva\" \/>\n<meta property=\"article:publisher\" content=\"https:\/\/www.facebook.com\/portalpanrotas\/\" \/>\n<meta property=\"article:published_time\" content=\"2014-03-08T17:29:41+00:00\" \/>\n<meta name=\"twitter:card\" content=\"summary_large_image\" \/>\n<meta name=\"twitter:creator\" content=\"@portalpanrotas\" \/>\n<meta name=\"twitter:site\" content=\"@portalpanrotas\" \/>\n<meta name=\"twitter:label1\" content=\"Escrito por\" \/>\n\t<meta name=\"twitter:data1\" content=\"Artur Andrade\" \/>\n\t<meta name=\"twitter:label2\" content=\"Est. tempo de leitura\" \/>\n\t<meta name=\"twitter:data2\" content=\"8 minutos\" \/>\n<script type=\"application\/ld+json\" class=\"yoast-schema-graph\">{\"@context\":\"https:\/\/schema.org\",\"@graph\":[{\"@type\":\"Organization\",\"@id\":\"http:\/\/blog.panrotas.com.br\/semreserva\/#organization\",\"name\":\"Sem Reserva - Blog no Portal PANROTAS\",\"url\":\"http:\/\/blog.panrotas.com.br\/semreserva\/\",\"sameAs\":[\"https:\/\/www.facebook.com\/portalpanrotas\/\",\"https:\/\/www.instagram.com\/portalpanrotas\/\",\"https:\/\/br.linkedin.com\/company\/panrotas\",\"https:\/\/www.youtube.com\/tvpanrotas\",\"https:\/\/twitter.com\/portalpanrotas\"],\"logo\":{\"@type\":\"ImageObject\",\"@id\":\"http:\/\/blog.panrotas.com.br\/semreserva\/#logo\",\"inLanguage\":\"pt-BR\",\"url\":\"https:\/\/blog.panrotas.com.br\/semreserva\/wp-content\/uploads\/sites\/5\/2020\/06\/logo.png\",\"contentUrl\":\"https:\/\/blog.panrotas.com.br\/semreserva\/wp-content\/uploads\/sites\/5\/2020\/06\/logo.png\",\"width\":259,\"height\":53,\"caption\":\"Sem Reserva - Blog no Portal PANROTAS\"},\"image\":{\"@id\":\"http:\/\/blog.panrotas.com.br\/semreserva\/#logo\"}},{\"@type\":\"WebSite\",\"@id\":\"http:\/\/blog.panrotas.com.br\/semreserva\/#website\",\"url\":\"http:\/\/blog.panrotas.com.br\/semreserva\/\",\"name\":\"Sem reserva\",\"description\":\"Blogosfera PANROTAS\",\"publisher\":{\"@id\":\"http:\/\/blog.panrotas.com.br\/semreserva\/#organization\"},\"potentialAction\":[{\"@type\":\"SearchAction\",\"target\":{\"@type\":\"EntryPoint\",\"urlTemplate\":\"http:\/\/blog.panrotas.com.br\/semreserva\/?s={search_term_string}\"},\"query-input\":\"required name=search_term_string\"}],\"inLanguage\":\"pt-BR\"},{\"@type\":\"WebPage\",\"@id\":\"https:\/\/blog.panrotas.com.br\/semreserva\/todos-os-dias-quando-acordo\/08-03-2014\/#webpage\",\"url\":\"https:\/\/blog.panrotas.com.br\/semreserva\/todos-os-dias-quando-acordo\/08-03-2014\/\",\"name\":\"TODOS OS DIAS QUANDO ACORDO... -\",\"isPartOf\":{\"@id\":\"http:\/\/blog.panrotas.com.br\/semreserva\/#website\"},\"datePublished\":\"2014-03-08T17:29:41+00:00\",\"dateModified\":\"2014-03-08T17:29:41+00:00\",\"description\":\"TODOS OS DIAS QUANDO ACORDO.... Confira essa Mat\\u00e9ria no Canal Sem reserva. \\u27a4 Projeto em parceria com a PANROTAS.\",\"breadcrumb\":{\"@id\":\"https:\/\/blog.panrotas.com.br\/semreserva\/todos-os-dias-quando-acordo\/08-03-2014\/#breadcrumb\"},\"inLanguage\":\"pt-BR\",\"potentialAction\":[{\"@type\":\"ReadAction\",\"target\":[\"https:\/\/blog.panrotas.com.br\/semreserva\/todos-os-dias-quando-acordo\/08-03-2014\/\"]}]},{\"@type\":\"BreadcrumbList\",\"@id\":\"https:\/\/blog.panrotas.com.br\/semreserva\/todos-os-dias-quando-acordo\/08-03-2014\/#breadcrumb\",\"itemListElement\":[{\"@type\":\"ListItem\",\"position\":1,\"name\":\"Home do Blog\",\"item\":\"http:\/\/blog.panrotas.com.br\/semreserva\/\"},{\"@type\":\"ListItem\",\"position\":2,\"name\":\"Dia a dia\",\"item\":\"https:\/\/blog.panrotas.com.br\/semreserva\/category\/dia-a-dia\/\"},{\"@type\":\"ListItem\",\"position\":3,\"name\":\"TODOS OS DIAS QUANDO ACORDO&#8230;\"}]},{\"@type\":\"Article\",\"@id\":\"https:\/\/blog.panrotas.com.br\/semreserva\/todos-os-dias-quando-acordo\/08-03-2014\/#article\",\"isPartOf\":{\"@id\":\"https:\/\/blog.panrotas.com.br\/semreserva\/todos-os-dias-quando-acordo\/08-03-2014\/#webpage\"},\"author\":{\"@id\":\"http:\/\/blog.panrotas.com.br\/semreserva\/#\/schema\/person\/c93b4555f6a497d2d83c25dcb80f61ed\"},\"headline\":\"TODOS OS DIAS QUANDO ACORDO&#8230;\",\"datePublished\":\"2014-03-08T17:29:41+00:00\",\"dateModified\":\"2014-03-08T17:29:41+00:00\",\"mainEntityOfPage\":{\"@id\":\"https:\/\/blog.panrotas.com.br\/semreserva\/todos-os-dias-quando-acordo\/08-03-2014\/#webpage\"},\"wordCount\":1559,\"commentCount\":0,\"publisher\":{\"@id\":\"http:\/\/blog.panrotas.com.br\/semreserva\/#organization\"},\"articleSection\":[\"Dia a dia\"],\"inLanguage\":\"pt-BR\",\"potentialAction\":[{\"@type\":\"CommentAction\",\"name\":\"Comment\",\"target\":[\"https:\/\/blog.panrotas.com.br\/semreserva\/todos-os-dias-quando-acordo\/08-03-2014\/#respond\"]}]},{\"@type\":\"Person\",\"@id\":\"http:\/\/blog.panrotas.com.br\/semreserva\/#\/schema\/person\/c93b4555f6a497d2d83c25dcb80f61ed\",\"name\":\"Artur Andrade\",\"image\":{\"@type\":\"ImageObject\",\"@id\":\"http:\/\/blog.panrotas.com.br\/semreserva\/#personlogo\",\"inLanguage\":\"pt-BR\",\"url\":\"https:\/\/secure.gravatar.com\/avatar\/a94564d630220cefd5c82f3452ac1ef4?s=96&d=mm&r=g\",\"contentUrl\":\"https:\/\/secure.gravatar.com\/avatar\/a94564d630220cefd5c82f3452ac1ef4?s=96&d=mm&r=g\",\"caption\":\"Artur Andrade\"},\"description\":\"Artur Luiz Andrade \\u00e9 carioca, taurino, jornalista e nasceu em 1969. \\u00c9 editor-chefe da PANROTAS Editora e mora em S\\u00e3o Paulo desde 1998\",\"sameAs\":[\"http:\/\/www.panrotas.com.br\"]}]}<\/script>\n<!-- \/ Yoast SEO plugin. -->","yoast_head_json":{"title":"TODOS OS DIAS QUANDO ACORDO... -","description":"TODOS OS DIAS QUANDO ACORDO.... Confira essa Mat\u00e9ria no Canal Sem reserva. \u27a4 Projeto em parceria com a PANROTAS.","robots":{"index":"index","follow":"follow","max-snippet":"max-snippet:-1","max-image-preview":"max-image-preview:large","max-video-preview":"max-video-preview:-1"},"canonical":"https:\/\/blog.panrotas.com.br\/semreserva\/todos-os-dias-quando-acordo\/08-03-2014\/","og_locale":"pt_BR","og_type":"article","og_title":"TODOS OS DIAS QUANDO ACORDO... -","og_description":"TODOS OS DIAS QUANDO ACORDO.... Confira essa Mat\u00e9ria no Canal Sem reserva. \u27a4 Projeto em parceria com a PANROTAS.","og_url":"https:\/\/blog.panrotas.com.br\/semreserva\/todos-os-dias-quando-acordo\/08-03-2014\/","og_site_name":"Sem reserva","article_publisher":"https:\/\/www.facebook.com\/portalpanrotas\/","article_published_time":"2014-03-08T17:29:41+00:00","twitter_card":"summary_large_image","twitter_creator":"@portalpanrotas","twitter_site":"@portalpanrotas","twitter_misc":{"Escrito por":"Artur Andrade","Est. tempo de leitura":"8 minutos"},"schema":{"@context":"https:\/\/schema.org","@graph":[{"@type":"Organization","@id":"http:\/\/blog.panrotas.com.br\/semreserva\/#organization","name":"Sem Reserva - Blog no Portal PANROTAS","url":"http:\/\/blog.panrotas.com.br\/semreserva\/","sameAs":["https:\/\/www.facebook.com\/portalpanrotas\/","https:\/\/www.instagram.com\/portalpanrotas\/","https:\/\/br.linkedin.com\/company\/panrotas","https:\/\/www.youtube.com\/tvpanrotas","https:\/\/twitter.com\/portalpanrotas"],"logo":{"@type":"ImageObject","@id":"http:\/\/blog.panrotas.com.br\/semreserva\/#logo","inLanguage":"pt-BR","url":"https:\/\/blog.panrotas.com.br\/semreserva\/wp-content\/uploads\/sites\/5\/2020\/06\/logo.png","contentUrl":"https:\/\/blog.panrotas.com.br\/semreserva\/wp-content\/uploads\/sites\/5\/2020\/06\/logo.png","width":259,"height":53,"caption":"Sem Reserva - Blog no Portal PANROTAS"},"image":{"@id":"http:\/\/blog.panrotas.com.br\/semreserva\/#logo"}},{"@type":"WebSite","@id":"http:\/\/blog.panrotas.com.br\/semreserva\/#website","url":"http:\/\/blog.panrotas.com.br\/semreserva\/","name":"Sem reserva","description":"Blogosfera PANROTAS","publisher":{"@id":"http:\/\/blog.panrotas.com.br\/semreserva\/#organization"},"potentialAction":[{"@type":"SearchAction","target":{"@type":"EntryPoint","urlTemplate":"http:\/\/blog.panrotas.com.br\/semreserva\/?s={search_term_string}"},"query-input":"required name=search_term_string"}],"inLanguage":"pt-BR"},{"@type":"WebPage","@id":"https:\/\/blog.panrotas.com.br\/semreserva\/todos-os-dias-quando-acordo\/08-03-2014\/#webpage","url":"https:\/\/blog.panrotas.com.br\/semreserva\/todos-os-dias-quando-acordo\/08-03-2014\/","name":"TODOS OS DIAS QUANDO ACORDO... -","isPartOf":{"@id":"http:\/\/blog.panrotas.com.br\/semreserva\/#website"},"datePublished":"2014-03-08T17:29:41+00:00","dateModified":"2014-03-08T17:29:41+00:00","description":"TODOS OS DIAS QUANDO ACORDO.... Confira essa Mat\u00e9ria no Canal Sem reserva. \u27a4 Projeto em parceria com a PANROTAS.","breadcrumb":{"@id":"https:\/\/blog.panrotas.com.br\/semreserva\/todos-os-dias-quando-acordo\/08-03-2014\/#breadcrumb"},"inLanguage":"pt-BR","potentialAction":[{"@type":"ReadAction","target":["https:\/\/blog.panrotas.com.br\/semreserva\/todos-os-dias-quando-acordo\/08-03-2014\/"]}]},{"@type":"BreadcrumbList","@id":"https:\/\/blog.panrotas.com.br\/semreserva\/todos-os-dias-quando-acordo\/08-03-2014\/#breadcrumb","itemListElement":[{"@type":"ListItem","position":1,"name":"Home do Blog","item":"http:\/\/blog.panrotas.com.br\/semreserva\/"},{"@type":"ListItem","position":2,"name":"Dia a dia","item":"https:\/\/blog.panrotas.com.br\/semreserva\/category\/dia-a-dia\/"},{"@type":"ListItem","position":3,"name":"TODOS OS DIAS QUANDO ACORDO&#8230;"}]},{"@type":"Article","@id":"https:\/\/blog.panrotas.com.br\/semreserva\/todos-os-dias-quando-acordo\/08-03-2014\/#article","isPartOf":{"@id":"https:\/\/blog.panrotas.com.br\/semreserva\/todos-os-dias-quando-acordo\/08-03-2014\/#webpage"},"author":{"@id":"http:\/\/blog.panrotas.com.br\/semreserva\/#\/schema\/person\/c93b4555f6a497d2d83c25dcb80f61ed"},"headline":"TODOS OS DIAS QUANDO ACORDO&#8230;","datePublished":"2014-03-08T17:29:41+00:00","dateModified":"2014-03-08T17:29:41+00:00","mainEntityOfPage":{"@id":"https:\/\/blog.panrotas.com.br\/semreserva\/todos-os-dias-quando-acordo\/08-03-2014\/#webpage"},"wordCount":1559,"commentCount":0,"publisher":{"@id":"http:\/\/blog.panrotas.com.br\/semreserva\/#organization"},"articleSection":["Dia a dia"],"inLanguage":"pt-BR","potentialAction":[{"@type":"CommentAction","name":"Comment","target":["https:\/\/blog.panrotas.com.br\/semreserva\/todos-os-dias-quando-acordo\/08-03-2014\/#respond"]}]},{"@type":"Person","@id":"http:\/\/blog.panrotas.com.br\/semreserva\/#\/schema\/person\/c93b4555f6a497d2d83c25dcb80f61ed","name":"Artur Andrade","image":{"@type":"ImageObject","@id":"http:\/\/blog.panrotas.com.br\/semreserva\/#personlogo","inLanguage":"pt-BR","url":"https:\/\/secure.gravatar.com\/avatar\/a94564d630220cefd5c82f3452ac1ef4?s=96&d=mm&r=g","contentUrl":"https:\/\/secure.gravatar.com\/avatar\/a94564d630220cefd5c82f3452ac1ef4?s=96&d=mm&r=g","caption":"Artur Andrade"},"description":"Artur Luiz Andrade \u00e9 carioca, taurino, jornalista e nasceu em 1969. \u00c9 editor-chefe da PANROTAS Editora e mora em S\u00e3o Paulo desde 1998","sameAs":["http:\/\/www.panrotas.com.br"]}]}},"jetpack_featured_media_url":"","jetpack_shortlink":"https:\/\/wp.me\/p7idIU-11c","_links":{"self":[{"href":"https:\/\/blog.panrotas.com.br\/semreserva\/wp-json\/wp\/v2\/posts\/3918"}],"collection":[{"href":"https:\/\/blog.panrotas.com.br\/semreserva\/wp-json\/wp\/v2\/posts"}],"about":[{"href":"https:\/\/blog.panrotas.com.br\/semreserva\/wp-json\/wp\/v2\/types\/post"}],"author":[{"embeddable":true,"href":"https:\/\/blog.panrotas.com.br\/semreserva\/wp-json\/wp\/v2\/users\/7"}],"replies":[{"embeddable":true,"href":"https:\/\/blog.panrotas.com.br\/semreserva\/wp-json\/wp\/v2\/comments?post=3918"}],"version-history":[{"count":0,"href":"https:\/\/blog.panrotas.com.br\/semreserva\/wp-json\/wp\/v2\/posts\/3918\/revisions"}],"wp:attachment":[{"href":"https:\/\/blog.panrotas.com.br\/semreserva\/wp-json\/wp\/v2\/media?parent=3918"}],"wp:term":[{"taxonomy":"category","embeddable":true,"href":"https:\/\/blog.panrotas.com.br\/semreserva\/wp-json\/wp\/v2\/categories?post=3918"},{"taxonomy":"post_tag","embeddable":true,"href":"https:\/\/blog.panrotas.com.br\/semreserva\/wp-json\/wp\/v2\/tags?post=3918"}],"curies":[{"name":"wp","href":"https:\/\/api.w.org\/{rel}","templated":true}]}}