{"id":3922,"date":"2014-03-22T15:10:30","date_gmt":"2014-03-22T18:10:30","guid":{"rendered":"http:\/\/blog.panrotas.com.br\/semreserva\/?p=3922"},"modified":"2014-03-22T15:10:30","modified_gmt":"2014-03-22T18:10:30","slug":"os-eventos-do-trade-precisam-mudar","status":"publish","type":"post","link":"https:\/\/blog.panrotas.com.br\/semreserva\/os-eventos-do-trade-precisam-mudar\/22-03-2014\/","title":{"rendered":"OS EVENTOS DO TRADE PRECISAM MUDAR"},"content":{"rendered":"<p>Com a internet, todos acham que sabem tudo e se o cliente perguntar: &#8220;damos um Google&#8221;.<\/p>\n<p>Com o tr\u00e2nsito de S\u00e3o Paulo, Rio e outras capitais sair para um evento \u00e9 perder horas nos engarrafamentos, se estressar, ter dor de cabe\u00e7a&#8230; E se o evento n\u00e3o compensar?<\/p>\n<p>Sinto que muitos v\u00e3o a eventos hoje para que os anfitri\u00f5es vejam que eles est\u00e3o por l\u00e1, foram prestigiar&#8230; Depois saem \u00e0 francesa.<\/p>\n<p>Acho que a f\u00f3rmula que ainda d\u00e1 certo \u00e9 a de eventos focados na capacita\u00e7\u00e3o, como fazem Nascimento, Ancoradouro, Schultz, Visual&#8230; Mas mesmo esses precisam oxigenar, como fez o Nastur aliando um destino a cada edi\u00e7\u00e3o do evento. H\u00e1 outras formar de melhorar e o principal \u00e9 saber o que se quer com o evento&#8230;<\/p>\n<p>Feiras como as da Abav, WTM, CVC, Agaxtur, Gramado, entre outras, est\u00e3o se transformando em pontos de encontro. Em circuitos para se apertar m\u00e3os e pegar folhetos&#8230; Tudo muito corrido, tudo muito din\u00e2mico e \u00e0s vezes confuso. O visitante n\u00e3o se organiza para visitar uma feira. O que passa por sua frente acaba levando vantagem.<\/p>\n<p>Os congressos idem, precisam mudar. Debates \u00f3bvios com pouca participa\u00e7\u00e3o acabam levando a conclus\u00f5es \u00f3bvias e poucos avan\u00e7os.<\/p>\n<p>Os eventos de forma geral precisam mudar. Se eu soubesse como j\u00e1 teria vendido a f\u00f3rmula. Ali\u00e1s, n\u00e3o h\u00e1 f\u00f3rmula. E sim um excesso de a\u00e7\u00f5es.<\/p>\n<p>Acho que o caminho \u00e9 concentrar esfor\u00e7os nos clientes fieis. Capacitar. Ser criativo e trocar experi\u00eancias com os clientes. N\u00e3o apenas faz\u00ea-los sentar e ouvir. Que tal ouvir o que esse agente de viagens, que voc\u00ea levou a Cancun, Bahia, Campinas etc tem a dizer? A surpresa pode ser grande.<\/p>\n<p>O formato das feiras tamb\u00e9m precisa de uma chacoalhada e isso passa por atingir o p\u00fablico final tamb\u00e9m. A Abav vai tentar um formato, com a participa\u00e7\u00e3o das ag\u00eancias. As demais tamb\u00e9m t\u00eam de achar sua forma. Mesmo a CVC, gigante que pode se espelhar na Abreu, por exemplo. Acho que ningu\u00e9m mais pensa que o mercado \u00e9 t\u00e3o estratificado e que ainda h\u00e1 feudos. A solu\u00e7\u00e3o sempre ser\u00e1 a que o cliente quer usar e comprar. Seja ele agente ou passageiro. Sendo que este \u00faltimo \u00e9 quem vai dar a palavra final.<\/p>\n<p>Os eventos ainda s\u00e3o uma grande arma contra as OTAs que focam apenas em pre\u00e7o. Por que n\u00e3o enfatizar esses diferenciais.<\/p>\n<p>Sejamos, todos n\u00f3s, ousados e criativos. Mesmo o erro poder\u00e1 ser bastante produtivo e indicativo para todo o setor.<\/p>\n","protected":false},"excerpt":{"rendered":"<p>Com a internet, todos acham que sabem tudo e se o cliente perguntar: &#8220;damos um Google&#8221;. Com o tr\u00e2nsito de S\u00e3o Paulo, Rio e outras capitais sair para um evento \u00e9 perder horas nos engarrafamentos, se estressar, ter dor de cabe\u00e7a&#8230; E se o evento n\u00e3o compensar? Sinto que muitos v\u00e3o a eventos hoje para [&hellip;]<\/p>\n","protected":false},"author":7,"featured_media":0,"comment_status":"open","ping_status":"open","sticky":false,"template":"","format":"standard","meta":{"spay_email":""},"categories":[2],"tags":[],"yoast_head":"<!-- This site is optimized with the Yoast SEO plugin v17.3 - https:\/\/yoast.com\/wordpress\/plugins\/seo\/ -->\n<title>OS EVENTOS DO TRADE PRECISAM MUDAR -<\/title>\n<meta name=\"description\" content=\"OS EVENTOS DO TRADE PRECISAM MUDAR. Confira essa Mat\u00e9ria no Canal Sem reserva. \u27a4 Projeto em parceria com a PANROTAS.\" \/>\n<meta name=\"robots\" content=\"index, follow, max-snippet:-1, max-image-preview:large, max-video-preview:-1\" \/>\n<link rel=\"canonical\" href=\"https:\/\/blog.panrotas.com.br\/semreserva\/os-eventos-do-trade-precisam-mudar\/22-03-2014\/\" \/>\n<meta property=\"og:locale\" content=\"pt_BR\" \/>\n<meta property=\"og:type\" content=\"article\" \/>\n<meta property=\"og:title\" content=\"OS EVENTOS DO TRADE PRECISAM MUDAR -\" \/>\n<meta property=\"og:description\" content=\"OS EVENTOS DO TRADE PRECISAM MUDAR. Confira essa Mat\u00e9ria no Canal Sem reserva. \u27a4 Projeto em parceria com a PANROTAS.\" \/>\n<meta property=\"og:url\" content=\"https:\/\/blog.panrotas.com.br\/semreserva\/os-eventos-do-trade-precisam-mudar\/22-03-2014\/\" \/>\n<meta property=\"og:site_name\" content=\"Sem reserva\" \/>\n<meta property=\"article:publisher\" content=\"https:\/\/www.facebook.com\/portalpanrotas\/\" \/>\n<meta property=\"article:published_time\" content=\"2014-03-22T18:10:30+00:00\" \/>\n<meta name=\"twitter:card\" content=\"summary_large_image\" \/>\n<meta name=\"twitter:creator\" content=\"@portalpanrotas\" \/>\n<meta name=\"twitter:site\" content=\"@portalpanrotas\" \/>\n<meta name=\"twitter:label1\" content=\"Escrito por\" \/>\n\t<meta name=\"twitter:data1\" content=\"Artur Andrade\" \/>\n\t<meta name=\"twitter:label2\" content=\"Est. tempo de leitura\" \/>\n\t<meta name=\"twitter:data2\" content=\"2 minutos\" \/>\n<script type=\"application\/ld+json\" class=\"yoast-schema-graph\">{\"@context\":\"https:\/\/schema.org\",\"@graph\":[{\"@type\":\"Organization\",\"@id\":\"http:\/\/blog.panrotas.com.br\/semreserva\/#organization\",\"name\":\"Sem Reserva - Blog no Portal PANROTAS\",\"url\":\"http:\/\/blog.panrotas.com.br\/semreserva\/\",\"sameAs\":[\"https:\/\/www.facebook.com\/portalpanrotas\/\",\"https:\/\/www.instagram.com\/portalpanrotas\/\",\"https:\/\/br.linkedin.com\/company\/panrotas\",\"https:\/\/www.youtube.com\/tvpanrotas\",\"https:\/\/twitter.com\/portalpanrotas\"],\"logo\":{\"@type\":\"ImageObject\",\"@id\":\"http:\/\/blog.panrotas.com.br\/semreserva\/#logo\",\"inLanguage\":\"pt-BR\",\"url\":\"https:\/\/blog.panrotas.com.br\/semreserva\/wp-content\/uploads\/sites\/5\/2020\/06\/logo.png\",\"contentUrl\":\"https:\/\/blog.panrotas.com.br\/semreserva\/wp-content\/uploads\/sites\/5\/2020\/06\/logo.png\",\"width\":259,\"height\":53,\"caption\":\"Sem Reserva - Blog no Portal PANROTAS\"},\"image\":{\"@id\":\"http:\/\/blog.panrotas.com.br\/semreserva\/#logo\"}},{\"@type\":\"WebSite\",\"@id\":\"http:\/\/blog.panrotas.com.br\/semreserva\/#website\",\"url\":\"http:\/\/blog.panrotas.com.br\/semreserva\/\",\"name\":\"Sem reserva\",\"description\":\"Blogosfera PANROTAS\",\"publisher\":{\"@id\":\"http:\/\/blog.panrotas.com.br\/semreserva\/#organization\"},\"potentialAction\":[{\"@type\":\"SearchAction\",\"target\":{\"@type\":\"EntryPoint\",\"urlTemplate\":\"http:\/\/blog.panrotas.com.br\/semreserva\/?s={search_term_string}\"},\"query-input\":\"required name=search_term_string\"}],\"inLanguage\":\"pt-BR\"},{\"@type\":\"WebPage\",\"@id\":\"https:\/\/blog.panrotas.com.br\/semreserva\/os-eventos-do-trade-precisam-mudar\/22-03-2014\/#webpage\",\"url\":\"https:\/\/blog.panrotas.com.br\/semreserva\/os-eventos-do-trade-precisam-mudar\/22-03-2014\/\",\"name\":\"OS EVENTOS DO TRADE PRECISAM MUDAR -\",\"isPartOf\":{\"@id\":\"http:\/\/blog.panrotas.com.br\/semreserva\/#website\"},\"datePublished\":\"2014-03-22T18:10:30+00:00\",\"dateModified\":\"2014-03-22T18:10:30+00:00\",\"description\":\"OS EVENTOS DO TRADE PRECISAM MUDAR. Confira essa Mat\\u00e9ria no Canal Sem reserva. \\u27a4 Projeto em parceria com a PANROTAS.\",\"breadcrumb\":{\"@id\":\"https:\/\/blog.panrotas.com.br\/semreserva\/os-eventos-do-trade-precisam-mudar\/22-03-2014\/#breadcrumb\"},\"inLanguage\":\"pt-BR\",\"potentialAction\":[{\"@type\":\"ReadAction\",\"target\":[\"https:\/\/blog.panrotas.com.br\/semreserva\/os-eventos-do-trade-precisam-mudar\/22-03-2014\/\"]}]},{\"@type\":\"BreadcrumbList\",\"@id\":\"https:\/\/blog.panrotas.com.br\/semreserva\/os-eventos-do-trade-precisam-mudar\/22-03-2014\/#breadcrumb\",\"itemListElement\":[{\"@type\":\"ListItem\",\"position\":1,\"name\":\"Home do Blog\",\"item\":\"http:\/\/blog.panrotas.com.br\/semreserva\/\"},{\"@type\":\"ListItem\",\"position\":2,\"name\":\"Dia a dia\",\"item\":\"https:\/\/blog.panrotas.com.br\/semreserva\/category\/dia-a-dia\/\"},{\"@type\":\"ListItem\",\"position\":3,\"name\":\"OS EVENTOS DO TRADE PRECISAM MUDAR\"}]},{\"@type\":\"Article\",\"@id\":\"https:\/\/blog.panrotas.com.br\/semreserva\/os-eventos-do-trade-precisam-mudar\/22-03-2014\/#article\",\"isPartOf\":{\"@id\":\"https:\/\/blog.panrotas.com.br\/semreserva\/os-eventos-do-trade-precisam-mudar\/22-03-2014\/#webpage\"},\"author\":{\"@id\":\"http:\/\/blog.panrotas.com.br\/semreserva\/#\/schema\/person\/c93b4555f6a497d2d83c25dcb80f61ed\"},\"headline\":\"OS EVENTOS DO TRADE PRECISAM MUDAR\",\"datePublished\":\"2014-03-22T18:10:30+00:00\",\"dateModified\":\"2014-03-22T18:10:30+00:00\",\"mainEntityOfPage\":{\"@id\":\"https:\/\/blog.panrotas.com.br\/semreserva\/os-eventos-do-trade-precisam-mudar\/22-03-2014\/#webpage\"},\"wordCount\":446,\"commentCount\":0,\"publisher\":{\"@id\":\"http:\/\/blog.panrotas.com.br\/semreserva\/#organization\"},\"articleSection\":[\"Dia a dia\"],\"inLanguage\":\"pt-BR\",\"potentialAction\":[{\"@type\":\"CommentAction\",\"name\":\"Comment\",\"target\":[\"https:\/\/blog.panrotas.com.br\/semreserva\/os-eventos-do-trade-precisam-mudar\/22-03-2014\/#respond\"]}]},{\"@type\":\"Person\",\"@id\":\"http:\/\/blog.panrotas.com.br\/semreserva\/#\/schema\/person\/c93b4555f6a497d2d83c25dcb80f61ed\",\"name\":\"Artur Andrade\",\"image\":{\"@type\":\"ImageObject\",\"@id\":\"http:\/\/blog.panrotas.com.br\/semreserva\/#personlogo\",\"inLanguage\":\"pt-BR\",\"url\":\"https:\/\/secure.gravatar.com\/avatar\/a94564d630220cefd5c82f3452ac1ef4?s=96&d=mm&r=g\",\"contentUrl\":\"https:\/\/secure.gravatar.com\/avatar\/a94564d630220cefd5c82f3452ac1ef4?s=96&d=mm&r=g\",\"caption\":\"Artur Andrade\"},\"description\":\"Artur Luiz Andrade \\u00e9 carioca, taurino, jornalista e nasceu em 1969. \\u00c9 editor-chefe da PANROTAS Editora e mora em S\\u00e3o Paulo desde 1998\",\"sameAs\":[\"http:\/\/www.panrotas.com.br\"]}]}<\/script>\n<!-- \/ Yoast SEO plugin. -->","yoast_head_json":{"title":"OS EVENTOS DO TRADE PRECISAM MUDAR -","description":"OS EVENTOS DO TRADE PRECISAM MUDAR. Confira essa Mat\u00e9ria no Canal Sem reserva. \u27a4 Projeto em parceria com a PANROTAS.","robots":{"index":"index","follow":"follow","max-snippet":"max-snippet:-1","max-image-preview":"max-image-preview:large","max-video-preview":"max-video-preview:-1"},"canonical":"https:\/\/blog.panrotas.com.br\/semreserva\/os-eventos-do-trade-precisam-mudar\/22-03-2014\/","og_locale":"pt_BR","og_type":"article","og_title":"OS EVENTOS DO TRADE PRECISAM MUDAR -","og_description":"OS EVENTOS DO TRADE PRECISAM MUDAR. Confira essa Mat\u00e9ria no Canal Sem reserva. \u27a4 Projeto em parceria com a PANROTAS.","og_url":"https:\/\/blog.panrotas.com.br\/semreserva\/os-eventos-do-trade-precisam-mudar\/22-03-2014\/","og_site_name":"Sem reserva","article_publisher":"https:\/\/www.facebook.com\/portalpanrotas\/","article_published_time":"2014-03-22T18:10:30+00:00","twitter_card":"summary_large_image","twitter_creator":"@portalpanrotas","twitter_site":"@portalpanrotas","twitter_misc":{"Escrito por":"Artur Andrade","Est. tempo de leitura":"2 minutos"},"schema":{"@context":"https:\/\/schema.org","@graph":[{"@type":"Organization","@id":"http:\/\/blog.panrotas.com.br\/semreserva\/#organization","name":"Sem Reserva - Blog no Portal PANROTAS","url":"http:\/\/blog.panrotas.com.br\/semreserva\/","sameAs":["https:\/\/www.facebook.com\/portalpanrotas\/","https:\/\/www.instagram.com\/portalpanrotas\/","https:\/\/br.linkedin.com\/company\/panrotas","https:\/\/www.youtube.com\/tvpanrotas","https:\/\/twitter.com\/portalpanrotas"],"logo":{"@type":"ImageObject","@id":"http:\/\/blog.panrotas.com.br\/semreserva\/#logo","inLanguage":"pt-BR","url":"https:\/\/blog.panrotas.com.br\/semreserva\/wp-content\/uploads\/sites\/5\/2020\/06\/logo.png","contentUrl":"https:\/\/blog.panrotas.com.br\/semreserva\/wp-content\/uploads\/sites\/5\/2020\/06\/logo.png","width":259,"height":53,"caption":"Sem Reserva - Blog no Portal PANROTAS"},"image":{"@id":"http:\/\/blog.panrotas.com.br\/semreserva\/#logo"}},{"@type":"WebSite","@id":"http:\/\/blog.panrotas.com.br\/semreserva\/#website","url":"http:\/\/blog.panrotas.com.br\/semreserva\/","name":"Sem reserva","description":"Blogosfera PANROTAS","publisher":{"@id":"http:\/\/blog.panrotas.com.br\/semreserva\/#organization"},"potentialAction":[{"@type":"SearchAction","target":{"@type":"EntryPoint","urlTemplate":"http:\/\/blog.panrotas.com.br\/semreserva\/?s={search_term_string}"},"query-input":"required name=search_term_string"}],"inLanguage":"pt-BR"},{"@type":"WebPage","@id":"https:\/\/blog.panrotas.com.br\/semreserva\/os-eventos-do-trade-precisam-mudar\/22-03-2014\/#webpage","url":"https:\/\/blog.panrotas.com.br\/semreserva\/os-eventos-do-trade-precisam-mudar\/22-03-2014\/","name":"OS EVENTOS DO TRADE PRECISAM MUDAR -","isPartOf":{"@id":"http:\/\/blog.panrotas.com.br\/semreserva\/#website"},"datePublished":"2014-03-22T18:10:30+00:00","dateModified":"2014-03-22T18:10:30+00:00","description":"OS EVENTOS DO TRADE PRECISAM MUDAR. Confira essa Mat\u00e9ria no Canal Sem reserva. \u27a4 Projeto em parceria com a PANROTAS.","breadcrumb":{"@id":"https:\/\/blog.panrotas.com.br\/semreserva\/os-eventos-do-trade-precisam-mudar\/22-03-2014\/#breadcrumb"},"inLanguage":"pt-BR","potentialAction":[{"@type":"ReadAction","target":["https:\/\/blog.panrotas.com.br\/semreserva\/os-eventos-do-trade-precisam-mudar\/22-03-2014\/"]}]},{"@type":"BreadcrumbList","@id":"https:\/\/blog.panrotas.com.br\/semreserva\/os-eventos-do-trade-precisam-mudar\/22-03-2014\/#breadcrumb","itemListElement":[{"@type":"ListItem","position":1,"name":"Home do Blog","item":"http:\/\/blog.panrotas.com.br\/semreserva\/"},{"@type":"ListItem","position":2,"name":"Dia a dia","item":"https:\/\/blog.panrotas.com.br\/semreserva\/category\/dia-a-dia\/"},{"@type":"ListItem","position":3,"name":"OS EVENTOS DO TRADE PRECISAM MUDAR"}]},{"@type":"Article","@id":"https:\/\/blog.panrotas.com.br\/semreserva\/os-eventos-do-trade-precisam-mudar\/22-03-2014\/#article","isPartOf":{"@id":"https:\/\/blog.panrotas.com.br\/semreserva\/os-eventos-do-trade-precisam-mudar\/22-03-2014\/#webpage"},"author":{"@id":"http:\/\/blog.panrotas.com.br\/semreserva\/#\/schema\/person\/c93b4555f6a497d2d83c25dcb80f61ed"},"headline":"OS EVENTOS DO TRADE PRECISAM MUDAR","datePublished":"2014-03-22T18:10:30+00:00","dateModified":"2014-03-22T18:10:30+00:00","mainEntityOfPage":{"@id":"https:\/\/blog.panrotas.com.br\/semreserva\/os-eventos-do-trade-precisam-mudar\/22-03-2014\/#webpage"},"wordCount":446,"commentCount":0,"publisher":{"@id":"http:\/\/blog.panrotas.com.br\/semreserva\/#organization"},"articleSection":["Dia a dia"],"inLanguage":"pt-BR","potentialAction":[{"@type":"CommentAction","name":"Comment","target":["https:\/\/blog.panrotas.com.br\/semreserva\/os-eventos-do-trade-precisam-mudar\/22-03-2014\/#respond"]}]},{"@type":"Person","@id":"http:\/\/blog.panrotas.com.br\/semreserva\/#\/schema\/person\/c93b4555f6a497d2d83c25dcb80f61ed","name":"Artur Andrade","image":{"@type":"ImageObject","@id":"http:\/\/blog.panrotas.com.br\/semreserva\/#personlogo","inLanguage":"pt-BR","url":"https:\/\/secure.gravatar.com\/avatar\/a94564d630220cefd5c82f3452ac1ef4?s=96&d=mm&r=g","contentUrl":"https:\/\/secure.gravatar.com\/avatar\/a94564d630220cefd5c82f3452ac1ef4?s=96&d=mm&r=g","caption":"Artur Andrade"},"description":"Artur Luiz Andrade \u00e9 carioca, taurino, jornalista e nasceu em 1969. \u00c9 editor-chefe da PANROTAS Editora e mora em S\u00e3o Paulo desde 1998","sameAs":["http:\/\/www.panrotas.com.br"]}]}},"jetpack_featured_media_url":"","jetpack_shortlink":"https:\/\/wp.me\/p7idIU-11g","_links":{"self":[{"href":"https:\/\/blog.panrotas.com.br\/semreserva\/wp-json\/wp\/v2\/posts\/3922"}],"collection":[{"href":"https:\/\/blog.panrotas.com.br\/semreserva\/wp-json\/wp\/v2\/posts"}],"about":[{"href":"https:\/\/blog.panrotas.com.br\/semreserva\/wp-json\/wp\/v2\/types\/post"}],"author":[{"embeddable":true,"href":"https:\/\/blog.panrotas.com.br\/semreserva\/wp-json\/wp\/v2\/users\/7"}],"replies":[{"embeddable":true,"href":"https:\/\/blog.panrotas.com.br\/semreserva\/wp-json\/wp\/v2\/comments?post=3922"}],"version-history":[{"count":0,"href":"https:\/\/blog.panrotas.com.br\/semreserva\/wp-json\/wp\/v2\/posts\/3922\/revisions"}],"wp:attachment":[{"href":"https:\/\/blog.panrotas.com.br\/semreserva\/wp-json\/wp\/v2\/media?parent=3922"}],"wp:term":[{"taxonomy":"category","embeddable":true,"href":"https:\/\/blog.panrotas.com.br\/semreserva\/wp-json\/wp\/v2\/categories?post=3922"},{"taxonomy":"post_tag","embeddable":true,"href":"https:\/\/blog.panrotas.com.br\/semreserva\/wp-json\/wp\/v2\/tags?post=3922"}],"curies":[{"name":"wp","href":"https:\/\/api.w.org\/{rel}","templated":true}]}}