{"id":3929,"date":"2014-03-31T01:02:12","date_gmt":"2014-03-31T04:02:12","guid":{"rendered":"http:\/\/blog.panrotas.com.br\/semreserva\/?p=3929"},"modified":"2014-03-31T01:02:12","modified_gmt":"2014-03-31T04:02:12","slug":"o-brasil-que-sonha-com-a-volta-do-irmao-do-henfil","status":"publish","type":"post","link":"https:\/\/blog.panrotas.com.br\/semreserva\/o-brasil-que-sonha-com-a-volta-do-irmao-do-henfil\/31-03-2014\/","title":{"rendered":"O BRASIL QUE SONHA COM A VOLTA DO IRM\u00c3O DO HENFIL"},"content":{"rendered":"<p>Nesse doming\u00e3o fui assistir ao extraordin\u00e1rio espet\u00e1culo musical sobre Elis Regina, em cartaz no Teatro Alfa, no complexo do Hotel Transam\u00e9rica em S\u00e3o Paulo. O musical \u00e9 extraordin\u00e1rio e imperd\u00edvel apenas por dois motivos: porque as interpreta\u00e7\u00f5es deixadas por Elis Regina est\u00e3o entre as melhores da hist\u00f3ria de nossa m\u00fasica e porque a estrela Laila Garin, que, ruiva de cabelos encaracolados, se transforma em Elis no palco e nos faz acreditar estarmos assistindo a momentos hist\u00f3ricos da cantora, como o programa O Fino da Bossa, com Jair Rodrigues, a grava\u00e7\u00e3o de \u00c1guas de Mar\u00e7o, com Tom Jobim, a interpreta\u00e7\u00e3o de Arrast\u00e3o, de Edu Lobo, a afinidade com Milton Nascimento, em um pot-pourri que abre o segundo ato e n\u00fameros inesquec\u00edveis dos shows Falso Brilhante, Transversal do Tempo e Trem Azul.<\/p>\n<p>O musical n\u00e3o te envolve pela dramaturgia, como Cazuza ou Metralha, ou pelo humor, como Tim Maia (h\u00e1 cenas um tanto constrangedoras at\u00e9 nesse aspecto), muito menos pela dire\u00e7\u00e3o (que brilha nesses momentos citados, mas erra em muitos outros)&#8230; Elis e Laila bastam para nos arrebatar.<\/p>\n<p>Nunca assisti a um show de Elis Regina \u2013 quando ela morreu eu tinha 12 anos, lembro que estava de f\u00e9rias em Natal. Mas sempre amei suas interpreta\u00e7\u00f5es, sua emo\u00e7\u00e3o e dor (a cena de Atr\u00e1s da Porta tamb\u00e9m parte o cora\u00e7\u00e3o no musical)&#8230; Sou um grande f\u00e3 e a considero sim a maior das cantoras brasileiras \u2013 e sabemos que a concorr\u00eancia \u00e9 pesada.<\/p>\n<p>Foi, portanto, como um sonho realizado assistir a diversos shows de Elis, com Laila Garin.<\/p>\n<p>Pena que o texto n\u00e3o estivesse inspirado. Mas n\u00e3o atrapalhou a emo\u00e7\u00e3o, mesmo quando encerra outro n\u00famero excepcional (quando ela canta para Henfil O B\u00eabado e o Equilibrista) de forma inadequada. Quer\u00edamos explodir a aplaudir Laila de p\u00e9&#8230; mas a cena ainda se alonga e s\u00f3 conseguimos exaltar a grande atriz e as grandes estrelas no final.<\/p>\n<p>Confesso que chorei durante O B\u00eabado e o Equilibrista. Elis era acusada por Henfil de simpatizar com o Ex\u00e9rcito, por ter cantado durante a abertura de uma olimp\u00edada das For\u00e7as Armadas. Nesse momento ela explica que fora obrigada a cantar e ainda eterniza o hino de Aldir Blanc e Jo\u00e3o Bosco contra a repress\u00e3o e em lembran\u00e7a aos que partiram em um rabo de foguete.<\/p>\n<p>Elis, ao tentar se justificar para Henfil, que ao final, claro, a abra\u00e7a em prantos, diz ainda que j\u00e1 tinha feitos v\u00e1rios shows para sindicatos e que iria votar em Lula quando ele criasse seu partido.<\/p>\n<p>O Brasil ainda n\u00e3o resolveu seu passado com a ditadura, Lula j\u00e1 foi presidente e n\u00e3o mudou o Pa\u00eds, o Ex\u00e9rcito hoje ajuda nas pacifica\u00e7\u00f5es e em a\u00e7\u00f5es contra a viol\u00eancia, que chegou a uma escala insuport\u00e1vel em todo o territ\u00f3rio nacional, poderes paralelos mandam mais que os oficiais&#8230; ser\u00e1 que o Brasil de Elis para c\u00e1 mudou como se esperava?<\/p>\n<p>Quis o destino que ela se fosse antes que estivesse em casa, guardada por Deus, contando o vil metal.<\/p>\n<p>Mas nos deixou interpreta\u00e7\u00f5es definitivas. E que bom que temos Laila Garin incorporando (ela foi ao J\u00f4 e disse que n\u00e3o procura imitar Elis, mas est\u00e1 uma verdadeira encarna\u00e7\u00e3o da mesma) a estrela por algumas noites, agora na capital paulista.<\/p>\n<p>Tamb\u00e9m n\u00e3o me engano&#8230; depois dela, apareceram outras lindas vozes na MPB. Mas essa entrega, essa hist\u00f3ria e essas notas rasgadas&#8230; s\u00f3 mesmo Elis.<\/p>\n<p>Corram para ver. Est\u00e3o l\u00e1 as melhores can\u00e7\u00f5es, com a melhor interpreta\u00e7\u00e3o poss\u00edvel. Ainda senti falta de Cors\u00e1rio e algumas outras&#8230; Fica para Elis, parte 2.<\/p>\n<p>PS: Outra coisa interessante, \u00e9 que em mais de um momento Elis diz ser a f\u00e3 n\u00famero 1 de \u00c2ngela Maria. Os \u00eddolos tamb\u00e9m t\u00eam seus \u00eddolos. Isso vale um outro post.<\/p>\n","protected":false},"excerpt":{"rendered":"<p>Nesse doming\u00e3o fui assistir ao extraordin\u00e1rio espet\u00e1culo musical sobre Elis Regina, em cartaz no Teatro Alfa, no complexo do Hotel Transam\u00e9rica em S\u00e3o Paulo. O musical \u00e9 extraordin\u00e1rio e imperd\u00edvel apenas por dois motivos: porque as interpreta\u00e7\u00f5es deixadas por Elis Regina est\u00e3o entre as melhores da hist\u00f3ria de nossa m\u00fasica e porque a estrela Laila [&hellip;]<\/p>\n","protected":false},"author":7,"featured_media":0,"comment_status":"open","ping_status":"open","sticky":false,"template":"","format":"standard","meta":{"spay_email":""},"categories":[2],"tags":[],"yoast_head":"<!-- This site is optimized with the Yoast SEO plugin v17.3 - https:\/\/yoast.com\/wordpress\/plugins\/seo\/ -->\n<title>O BRASIL QUE SONHA COM A VOLTA DO IRM\u00c3O DO HENFIL -<\/title>\n<meta name=\"description\" content=\"O BRASIL QUE SONHA COM A VOLTA DO IRM\u00c3O DO HENFIL. Confira essa Mat\u00e9ria no Canal Sem reserva. \u27a4 Projeto em parceria com a PANROTAS.\" \/>\n<meta name=\"robots\" content=\"index, follow, max-snippet:-1, max-image-preview:large, max-video-preview:-1\" \/>\n<link rel=\"canonical\" href=\"https:\/\/blog.panrotas.com.br\/semreserva\/o-brasil-que-sonha-com-a-volta-do-irmao-do-henfil\/31-03-2014\/\" \/>\n<meta property=\"og:locale\" content=\"pt_BR\" \/>\n<meta property=\"og:type\" content=\"article\" \/>\n<meta property=\"og:title\" content=\"O BRASIL QUE SONHA COM A VOLTA DO IRM\u00c3O DO HENFIL -\" \/>\n<meta property=\"og:description\" content=\"O BRASIL QUE SONHA COM A VOLTA DO IRM\u00c3O DO HENFIL. Confira essa Mat\u00e9ria no Canal Sem reserva. \u27a4 Projeto em parceria com a PANROTAS.\" \/>\n<meta property=\"og:url\" content=\"https:\/\/blog.panrotas.com.br\/semreserva\/o-brasil-que-sonha-com-a-volta-do-irmao-do-henfil\/31-03-2014\/\" \/>\n<meta property=\"og:site_name\" content=\"Sem reserva\" \/>\n<meta property=\"article:publisher\" content=\"https:\/\/www.facebook.com\/portalpanrotas\/\" \/>\n<meta property=\"article:published_time\" content=\"2014-03-31T04:02:12+00:00\" \/>\n<meta name=\"twitter:card\" content=\"summary_large_image\" \/>\n<meta name=\"twitter:creator\" content=\"@portalpanrotas\" \/>\n<meta name=\"twitter:site\" content=\"@portalpanrotas\" \/>\n<meta name=\"twitter:label1\" content=\"Escrito por\" \/>\n\t<meta name=\"twitter:data1\" content=\"Artur Andrade\" \/>\n\t<meta name=\"twitter:label2\" content=\"Est. tempo de leitura\" \/>\n\t<meta name=\"twitter:data2\" content=\"3 minutos\" \/>\n<script type=\"application\/ld+json\" class=\"yoast-schema-graph\">{\"@context\":\"https:\/\/schema.org\",\"@graph\":[{\"@type\":\"Organization\",\"@id\":\"http:\/\/blog.panrotas.com.br\/semreserva\/#organization\",\"name\":\"Sem Reserva - Blog no Portal PANROTAS\",\"url\":\"http:\/\/blog.panrotas.com.br\/semreserva\/\",\"sameAs\":[\"https:\/\/www.facebook.com\/portalpanrotas\/\",\"https:\/\/www.instagram.com\/portalpanrotas\/\",\"https:\/\/br.linkedin.com\/company\/panrotas\",\"https:\/\/www.youtube.com\/tvpanrotas\",\"https:\/\/twitter.com\/portalpanrotas\"],\"logo\":{\"@type\":\"ImageObject\",\"@id\":\"http:\/\/blog.panrotas.com.br\/semreserva\/#logo\",\"inLanguage\":\"pt-BR\",\"url\":\"https:\/\/blog.panrotas.com.br\/semreserva\/wp-content\/uploads\/sites\/5\/2020\/06\/logo.png\",\"contentUrl\":\"https:\/\/blog.panrotas.com.br\/semreserva\/wp-content\/uploads\/sites\/5\/2020\/06\/logo.png\",\"width\":259,\"height\":53,\"caption\":\"Sem Reserva - Blog no Portal PANROTAS\"},\"image\":{\"@id\":\"http:\/\/blog.panrotas.com.br\/semreserva\/#logo\"}},{\"@type\":\"WebSite\",\"@id\":\"http:\/\/blog.panrotas.com.br\/semreserva\/#website\",\"url\":\"http:\/\/blog.panrotas.com.br\/semreserva\/\",\"name\":\"Sem reserva\",\"description\":\"Blogosfera PANROTAS\",\"publisher\":{\"@id\":\"http:\/\/blog.panrotas.com.br\/semreserva\/#organization\"},\"potentialAction\":[{\"@type\":\"SearchAction\",\"target\":{\"@type\":\"EntryPoint\",\"urlTemplate\":\"http:\/\/blog.panrotas.com.br\/semreserva\/?s={search_term_string}\"},\"query-input\":\"required name=search_term_string\"}],\"inLanguage\":\"pt-BR\"},{\"@type\":\"WebPage\",\"@id\":\"https:\/\/blog.panrotas.com.br\/semreserva\/o-brasil-que-sonha-com-a-volta-do-irmao-do-henfil\/31-03-2014\/#webpage\",\"url\":\"https:\/\/blog.panrotas.com.br\/semreserva\/o-brasil-que-sonha-com-a-volta-do-irmao-do-henfil\/31-03-2014\/\",\"name\":\"O BRASIL QUE SONHA COM A VOLTA DO IRM\\u00c3O DO HENFIL -\",\"isPartOf\":{\"@id\":\"http:\/\/blog.panrotas.com.br\/semreserva\/#website\"},\"datePublished\":\"2014-03-31T04:02:12+00:00\",\"dateModified\":\"2014-03-31T04:02:12+00:00\",\"description\":\"O BRASIL QUE SONHA COM A VOLTA DO IRM\\u00c3O DO HENFIL. Confira essa Mat\\u00e9ria no Canal Sem reserva. \\u27a4 Projeto em parceria com a PANROTAS.\",\"breadcrumb\":{\"@id\":\"https:\/\/blog.panrotas.com.br\/semreserva\/o-brasil-que-sonha-com-a-volta-do-irmao-do-henfil\/31-03-2014\/#breadcrumb\"},\"inLanguage\":\"pt-BR\",\"potentialAction\":[{\"@type\":\"ReadAction\",\"target\":[\"https:\/\/blog.panrotas.com.br\/semreserva\/o-brasil-que-sonha-com-a-volta-do-irmao-do-henfil\/31-03-2014\/\"]}]},{\"@type\":\"BreadcrumbList\",\"@id\":\"https:\/\/blog.panrotas.com.br\/semreserva\/o-brasil-que-sonha-com-a-volta-do-irmao-do-henfil\/31-03-2014\/#breadcrumb\",\"itemListElement\":[{\"@type\":\"ListItem\",\"position\":1,\"name\":\"Home do Blog\",\"item\":\"http:\/\/blog.panrotas.com.br\/semreserva\/\"},{\"@type\":\"ListItem\",\"position\":2,\"name\":\"Dia a dia\",\"item\":\"https:\/\/blog.panrotas.com.br\/semreserva\/category\/dia-a-dia\/\"},{\"@type\":\"ListItem\",\"position\":3,\"name\":\"O BRASIL QUE SONHA COM A VOLTA DO IRM\\u00c3O DO HENFIL\"}]},{\"@type\":\"Article\",\"@id\":\"https:\/\/blog.panrotas.com.br\/semreserva\/o-brasil-que-sonha-com-a-volta-do-irmao-do-henfil\/31-03-2014\/#article\",\"isPartOf\":{\"@id\":\"https:\/\/blog.panrotas.com.br\/semreserva\/o-brasil-que-sonha-com-a-volta-do-irmao-do-henfil\/31-03-2014\/#webpage\"},\"author\":{\"@id\":\"http:\/\/blog.panrotas.com.br\/semreserva\/#\/schema\/person\/c93b4555f6a497d2d83c25dcb80f61ed\"},\"headline\":\"O BRASIL QUE SONHA COM A VOLTA DO IRM\\u00c3O DO HENFIL\",\"datePublished\":\"2014-03-31T04:02:12+00:00\",\"dateModified\":\"2014-03-31T04:02:12+00:00\",\"mainEntityOfPage\":{\"@id\":\"https:\/\/blog.panrotas.com.br\/semreserva\/o-brasil-que-sonha-com-a-volta-do-irmao-do-henfil\/31-03-2014\/#webpage\"},\"wordCount\":685,\"commentCount\":0,\"publisher\":{\"@id\":\"http:\/\/blog.panrotas.com.br\/semreserva\/#organization\"},\"articleSection\":[\"Dia a dia\"],\"inLanguage\":\"pt-BR\",\"potentialAction\":[{\"@type\":\"CommentAction\",\"name\":\"Comment\",\"target\":[\"https:\/\/blog.panrotas.com.br\/semreserva\/o-brasil-que-sonha-com-a-volta-do-irmao-do-henfil\/31-03-2014\/#respond\"]}]},{\"@type\":\"Person\",\"@id\":\"http:\/\/blog.panrotas.com.br\/semreserva\/#\/schema\/person\/c93b4555f6a497d2d83c25dcb80f61ed\",\"name\":\"Artur Andrade\",\"image\":{\"@type\":\"ImageObject\",\"@id\":\"http:\/\/blog.panrotas.com.br\/semreserva\/#personlogo\",\"inLanguage\":\"pt-BR\",\"url\":\"https:\/\/secure.gravatar.com\/avatar\/a94564d630220cefd5c82f3452ac1ef4?s=96&d=mm&r=g\",\"contentUrl\":\"https:\/\/secure.gravatar.com\/avatar\/a94564d630220cefd5c82f3452ac1ef4?s=96&d=mm&r=g\",\"caption\":\"Artur Andrade\"},\"description\":\"Artur Luiz Andrade \\u00e9 carioca, taurino, jornalista e nasceu em 1969. \\u00c9 editor-chefe da PANROTAS Editora e mora em S\\u00e3o Paulo desde 1998\",\"sameAs\":[\"http:\/\/www.panrotas.com.br\"]}]}<\/script>\n<!-- \/ Yoast SEO plugin. -->","yoast_head_json":{"title":"O BRASIL QUE SONHA COM A VOLTA DO IRM\u00c3O DO HENFIL -","description":"O BRASIL QUE SONHA COM A VOLTA DO IRM\u00c3O DO HENFIL. Confira essa Mat\u00e9ria no Canal Sem reserva. \u27a4 Projeto em parceria com a PANROTAS.","robots":{"index":"index","follow":"follow","max-snippet":"max-snippet:-1","max-image-preview":"max-image-preview:large","max-video-preview":"max-video-preview:-1"},"canonical":"https:\/\/blog.panrotas.com.br\/semreserva\/o-brasil-que-sonha-com-a-volta-do-irmao-do-henfil\/31-03-2014\/","og_locale":"pt_BR","og_type":"article","og_title":"O BRASIL QUE SONHA COM A VOLTA DO IRM\u00c3O DO HENFIL -","og_description":"O BRASIL QUE SONHA COM A VOLTA DO IRM\u00c3O DO HENFIL. Confira essa Mat\u00e9ria no Canal Sem reserva. \u27a4 Projeto em parceria com a PANROTAS.","og_url":"https:\/\/blog.panrotas.com.br\/semreserva\/o-brasil-que-sonha-com-a-volta-do-irmao-do-henfil\/31-03-2014\/","og_site_name":"Sem reserva","article_publisher":"https:\/\/www.facebook.com\/portalpanrotas\/","article_published_time":"2014-03-31T04:02:12+00:00","twitter_card":"summary_large_image","twitter_creator":"@portalpanrotas","twitter_site":"@portalpanrotas","twitter_misc":{"Escrito por":"Artur Andrade","Est. tempo de leitura":"3 minutos"},"schema":{"@context":"https:\/\/schema.org","@graph":[{"@type":"Organization","@id":"http:\/\/blog.panrotas.com.br\/semreserva\/#organization","name":"Sem Reserva - Blog no Portal PANROTAS","url":"http:\/\/blog.panrotas.com.br\/semreserva\/","sameAs":["https:\/\/www.facebook.com\/portalpanrotas\/","https:\/\/www.instagram.com\/portalpanrotas\/","https:\/\/br.linkedin.com\/company\/panrotas","https:\/\/www.youtube.com\/tvpanrotas","https:\/\/twitter.com\/portalpanrotas"],"logo":{"@type":"ImageObject","@id":"http:\/\/blog.panrotas.com.br\/semreserva\/#logo","inLanguage":"pt-BR","url":"https:\/\/blog.panrotas.com.br\/semreserva\/wp-content\/uploads\/sites\/5\/2020\/06\/logo.png","contentUrl":"https:\/\/blog.panrotas.com.br\/semreserva\/wp-content\/uploads\/sites\/5\/2020\/06\/logo.png","width":259,"height":53,"caption":"Sem Reserva - Blog no Portal PANROTAS"},"image":{"@id":"http:\/\/blog.panrotas.com.br\/semreserva\/#logo"}},{"@type":"WebSite","@id":"http:\/\/blog.panrotas.com.br\/semreserva\/#website","url":"http:\/\/blog.panrotas.com.br\/semreserva\/","name":"Sem reserva","description":"Blogosfera PANROTAS","publisher":{"@id":"http:\/\/blog.panrotas.com.br\/semreserva\/#organization"},"potentialAction":[{"@type":"SearchAction","target":{"@type":"EntryPoint","urlTemplate":"http:\/\/blog.panrotas.com.br\/semreserva\/?s={search_term_string}"},"query-input":"required name=search_term_string"}],"inLanguage":"pt-BR"},{"@type":"WebPage","@id":"https:\/\/blog.panrotas.com.br\/semreserva\/o-brasil-que-sonha-com-a-volta-do-irmao-do-henfil\/31-03-2014\/#webpage","url":"https:\/\/blog.panrotas.com.br\/semreserva\/o-brasil-que-sonha-com-a-volta-do-irmao-do-henfil\/31-03-2014\/","name":"O BRASIL QUE SONHA COM A VOLTA DO IRM\u00c3O DO HENFIL -","isPartOf":{"@id":"http:\/\/blog.panrotas.com.br\/semreserva\/#website"},"datePublished":"2014-03-31T04:02:12+00:00","dateModified":"2014-03-31T04:02:12+00:00","description":"O BRASIL QUE SONHA COM A VOLTA DO IRM\u00c3O DO HENFIL. Confira essa Mat\u00e9ria no Canal Sem reserva. \u27a4 Projeto em parceria com a PANROTAS.","breadcrumb":{"@id":"https:\/\/blog.panrotas.com.br\/semreserva\/o-brasil-que-sonha-com-a-volta-do-irmao-do-henfil\/31-03-2014\/#breadcrumb"},"inLanguage":"pt-BR","potentialAction":[{"@type":"ReadAction","target":["https:\/\/blog.panrotas.com.br\/semreserva\/o-brasil-que-sonha-com-a-volta-do-irmao-do-henfil\/31-03-2014\/"]}]},{"@type":"BreadcrumbList","@id":"https:\/\/blog.panrotas.com.br\/semreserva\/o-brasil-que-sonha-com-a-volta-do-irmao-do-henfil\/31-03-2014\/#breadcrumb","itemListElement":[{"@type":"ListItem","position":1,"name":"Home do Blog","item":"http:\/\/blog.panrotas.com.br\/semreserva\/"},{"@type":"ListItem","position":2,"name":"Dia a dia","item":"https:\/\/blog.panrotas.com.br\/semreserva\/category\/dia-a-dia\/"},{"@type":"ListItem","position":3,"name":"O BRASIL QUE SONHA COM A VOLTA DO IRM\u00c3O DO HENFIL"}]},{"@type":"Article","@id":"https:\/\/blog.panrotas.com.br\/semreserva\/o-brasil-que-sonha-com-a-volta-do-irmao-do-henfil\/31-03-2014\/#article","isPartOf":{"@id":"https:\/\/blog.panrotas.com.br\/semreserva\/o-brasil-que-sonha-com-a-volta-do-irmao-do-henfil\/31-03-2014\/#webpage"},"author":{"@id":"http:\/\/blog.panrotas.com.br\/semreserva\/#\/schema\/person\/c93b4555f6a497d2d83c25dcb80f61ed"},"headline":"O BRASIL QUE SONHA COM A VOLTA DO IRM\u00c3O DO HENFIL","datePublished":"2014-03-31T04:02:12+00:00","dateModified":"2014-03-31T04:02:12+00:00","mainEntityOfPage":{"@id":"https:\/\/blog.panrotas.com.br\/semreserva\/o-brasil-que-sonha-com-a-volta-do-irmao-do-henfil\/31-03-2014\/#webpage"},"wordCount":685,"commentCount":0,"publisher":{"@id":"http:\/\/blog.panrotas.com.br\/semreserva\/#organization"},"articleSection":["Dia a dia"],"inLanguage":"pt-BR","potentialAction":[{"@type":"CommentAction","name":"Comment","target":["https:\/\/blog.panrotas.com.br\/semreserva\/o-brasil-que-sonha-com-a-volta-do-irmao-do-henfil\/31-03-2014\/#respond"]}]},{"@type":"Person","@id":"http:\/\/blog.panrotas.com.br\/semreserva\/#\/schema\/person\/c93b4555f6a497d2d83c25dcb80f61ed","name":"Artur Andrade","image":{"@type":"ImageObject","@id":"http:\/\/blog.panrotas.com.br\/semreserva\/#personlogo","inLanguage":"pt-BR","url":"https:\/\/secure.gravatar.com\/avatar\/a94564d630220cefd5c82f3452ac1ef4?s=96&d=mm&r=g","contentUrl":"https:\/\/secure.gravatar.com\/avatar\/a94564d630220cefd5c82f3452ac1ef4?s=96&d=mm&r=g","caption":"Artur Andrade"},"description":"Artur Luiz Andrade \u00e9 carioca, taurino, jornalista e nasceu em 1969. \u00c9 editor-chefe da PANROTAS Editora e mora em S\u00e3o Paulo desde 1998","sameAs":["http:\/\/www.panrotas.com.br"]}]}},"jetpack_featured_media_url":"","jetpack_shortlink":"https:\/\/wp.me\/p7idIU-11n","_links":{"self":[{"href":"https:\/\/blog.panrotas.com.br\/semreserva\/wp-json\/wp\/v2\/posts\/3929"}],"collection":[{"href":"https:\/\/blog.panrotas.com.br\/semreserva\/wp-json\/wp\/v2\/posts"}],"about":[{"href":"https:\/\/blog.panrotas.com.br\/semreserva\/wp-json\/wp\/v2\/types\/post"}],"author":[{"embeddable":true,"href":"https:\/\/blog.panrotas.com.br\/semreserva\/wp-json\/wp\/v2\/users\/7"}],"replies":[{"embeddable":true,"href":"https:\/\/blog.panrotas.com.br\/semreserva\/wp-json\/wp\/v2\/comments?post=3929"}],"version-history":[{"count":0,"href":"https:\/\/blog.panrotas.com.br\/semreserva\/wp-json\/wp\/v2\/posts\/3929\/revisions"}],"wp:attachment":[{"href":"https:\/\/blog.panrotas.com.br\/semreserva\/wp-json\/wp\/v2\/media?parent=3929"}],"wp:term":[{"taxonomy":"category","embeddable":true,"href":"https:\/\/blog.panrotas.com.br\/semreserva\/wp-json\/wp\/v2\/categories?post=3929"},{"taxonomy":"post_tag","embeddable":true,"href":"https:\/\/blog.panrotas.com.br\/semreserva\/wp-json\/wp\/v2\/tags?post=3929"}],"curies":[{"name":"wp","href":"https:\/\/api.w.org\/{rel}","templated":true}]}}