{"id":3931,"date":"2014-04-02T23:40:17","date_gmt":"2014-04-03T02:40:17","guid":{"rendered":"http:\/\/blog.panrotas.com.br\/semreserva\/?p=3931"},"modified":"2014-04-02T23:40:17","modified_gmt":"2014-04-03T02:40:17","slug":"vista-enevoada-coracao-abracado-mente-inquieta","status":"publish","type":"post","link":"https:\/\/blog.panrotas.com.br\/semreserva\/vista-enevoada-coracao-abracado-mente-inquieta\/02-04-2014\/","title":{"rendered":"VISTA ENEVOADA, CORA\u00c7\u00c3O ABRA\u00c7ADO, MENTE INQUIETA"},"content":{"rendered":"<p>Entre o orgulho e o cansa\u00e7o, entre as surpresas (boas e n\u00e3o t\u00e3o boas) e as obviedades, as informa\u00e7\u00f5es ainda n\u00e3o processadas e as descobertas&#8230; ainda com a mente inquieta e a vista enevoada pelos acontecimentos, vejo com muita satisfa\u00e7\u00e3o o resultado do 12\u00ba F\u00f3rum PANROTAS.<\/p>\n<p>Acho que o que mais me espanta ainda \u00e9 a repercuss\u00e3o e o engajamento da plateia. \u00c9 um setor t\u00e3o anestesiado pelo excesso de eventos (pulamos de um para outro com uma desenvoltura invej\u00e1vel, n\u00e3o \u00e9 mesmo), que quando nos cobram mais tempo para debates e perguntas, quando vejo todos anotando e tirando fotos das apresenta\u00e7\u00f5es ou ficando o m\u00e1ximo de tempo dentro do sal\u00e3o&#8230; ainda me surpreendo. Sei o quanto \u00e9 cansativo ir a um evento, quanto \u00e9 dif\u00edcil deixar a empresa (benditos smartphones&#8230;). Muito bom ver tantos profissionais interessados.<\/p>\n<p>O mesmo interesse se mant\u00e9m nas \u00e1reas sociais. Nos momentos de networking. Conversas agrad\u00e1veis, risos&#8230; mas tamb\u00e9m muito papo profissional.<\/p>\n<p>Chegar aos 40 anos com essa rede de amigos e profissionais, com um evento de tanta qualidade no palco e na plateia, \u00e9 um reconhecimento \u00fanico. A PANROTAS nem precisa fazer festa&#8230; A n\u00e3o ser que seja para agradecer essa corrente positiva que se uniu ainda nas redes sociais, no Portal PANROTAS&#8230; Aguardem novidades sobre nossos 40 anos.<\/p>\n<p>Esse post periga ser um dos mais longos da hist\u00f3ria do blog&#8230; E vou esquecer muita coisa, com certeza. Por isso vamos por t\u00f3picos.<\/p>\n<p>Meu muito obrigado \u00e0 disponibilidade de todos os entrevistados (inclusive para a edi\u00e7\u00e3o especial do Jornal PANROTAS para o F\u00f3rum \u2013 nosso ranking de maiores vendedores, entrevistas exclusivas com grandes players&#8230; recebemos muitos coment\u00e1rios), dos participantes, colaboradores&#8230;e claro o time PANROTAS, que esteve impec\u00e1vel.<\/p>\n<p><strong>REIVINDICA\u00c7\u00d5ES<\/strong><\/p>\n<p>O documento das Lideran\u00e7as Empresariais do Turismo \u00e9 um grande passo de mostrarmos o que o setor quer ao governo. Est\u00e1 bem claro: 4 macro pedidos. E algumas reivindica\u00e7\u00f5es setoriais. O foco est\u00e1 em 4 pedidos. S\u00f3 n\u00e3o entende quem n\u00e3o quiser: malha a\u00e9rea mais inteligente e robusta; facilidade na emiss\u00e3o de vistos para estrangeiros; estrat\u00e9gia continuada de promo\u00e7\u00e3o dom\u00e9stica e internacional; e a possibilidade legal do trabalho sazonal, como \u00e9 a ind\u00fastria. Ser\u00e1 que precisa desenhar para entenderem? E aqui n\u00e3o estamos falando de repasse de dinheiro p\u00fablico, incentivos, conv\u00eanios&#8230; tudo aquilo que os picaretas profissionais querem mais que tudo, mas n\u00e3o ousam falar. As entidades s\u00e9rias (que assinaram ou n\u00e3o o documento) saber\u00e3o encaminhar esses temas. O que o documento quer s\u00e3o 4 pedidos atendidos. Ter\u00edamos 4 mil. Mas s\u00f3 esses 4 j\u00e1 ajudariam n\u00e3o apenas ao setor, mas a comunidades, profissionais, destinos e governos Brasil adentro.<\/p>\n<p><strong>REVIEWS<\/strong><\/p>\n<p>O brasileiro \u00e9 o cidad\u00e3o que mais reclama no mundo. D\u00e1 para confiar em suas reviews? O debate sobre opini\u00f5es e o gerenciamento disso foi muito bom<\/p>\n<p><strong>DISTRIBUI\u00c7\u00c3O E NDC<\/strong><\/p>\n<p>Dois debates muito bom. Precisariam de mais tempo. Prometemos rever isso. Luciano Macagno esteve muito bem. Acho que o evento serviu para tamb\u00e9m apresent\u00e1-lo \u00e0s lideran\u00e7as como uma nova lideran\u00e7a a ser ouvida. A Delta fez \u00f3tima contrata\u00e7\u00e3o. Achei o Hotel Urbano um tanto inseguro nas respostas sobre distribui\u00e7\u00e3o, assim como a Iata mostrando que o NDC ainda requer muitos ajustes. Com mais tempo acho que se mostrariam melhor. Os debatedores em geral foram muito bons.<\/p>\n<p><strong>PRESIDENTES<\/strong><br \/>\nAcho que um dos acertos foi o debate com Claudia Sender, Luiz Eduardo Falco e Paulo Kakinoff. Ouvimos os tr\u00eas alto executivos falando de carreira e gest\u00e3o, opinando sobre temas que cabem em empresas de todos os portes e segmentos e mais descontra\u00eddos do que em qualquer outro tipo de debate. E o Denys Monteiro foi \u00f3timo mediador.<\/p>\n<p><strong>POL\u00cdTICOS<\/strong><\/p>\n<p>Foram objetivos e diretos. Fiquei menos pessimista, mas continuo, em rela\u00e7\u00e3o \u00e0 pol\u00edtica em geral.<\/p>\n<p><strong>AEROPORTOS<\/strong><\/p>\n<p>Acho que o formato prejudicou o debate. Talvez apenas um case de sucesso e depois perguntas e respostas mais objetivas. William Waack mandou muito bem. Assim como Izabella Camargo.<\/p>\n<p><strong>FRASES INFELIZES<\/strong><br \/>\nSempre h\u00e1. Mas assim \u00e9 a democracia. N\u00e3o ouvi, mas um perguntador da plateia teria denegrido e sido preconceituoso a profiss\u00e3o dos agentes e corretores de im\u00f3veis. Faz parte. Assim como discordar dele.<\/p>\n<p><strong>INOVA\u00c7\u00c3O<\/strong><\/p>\n<p>Foi uma das palavras chave do evento (Google, Nativoo, Tripadvisor, Totvs&#8230; v\u00e1rios palestrantes falaram de inova\u00e7\u00e3o). E o 1\u00ba Pr\u00eamio PANROTAS de Inova\u00e7\u00e3o em Tecnologia para o Turismo foi um gola\u00e7o. Primeira edi\u00e7\u00e3o sempre \u00e9 um teste e a tend\u00eancia \u00e9 melhorar. Parab\u00e9ns ao Hotel Reporting, vencedor e pioneiro. E aos demais participantes. Foi importante mostrar as novas empresas e tamb\u00e9m que o trade n\u00e3o est\u00e1 parado.<\/p>\n<p><strong>COMIDA<\/strong><\/p>\n<p>Faz parte de um bom evento. O toque pernambucano foi mais uma vez na medida. Ainda trouxe um bolo de rolo&#8230; Ali\u00e1s, o espa\u00e7o de Pernambuco estava lindo. E v\u00e1rios hoteleiros estiveram no evento.<\/p>\n<p><strong>FUTUROLOGIA<\/strong><\/p>\n<p>N\u00e3o lembro quem falou&#8230; mas a frase \u00e9 mais ou menos assim: \u201cpegar tudo o que foi dito e usar da melhor forma em sintonia com seu neg\u00f3cio\u201d. Romper com o passado pode ser uma solu\u00e7\u00e3o. Mas n\u00e3o a \u00fanica. Tropicalizar com conhecimento de causa, para usar uma palavra que a Jeanine Pires usou em seu blog, \u00e9 importante.<\/p>\n<p><strong>TRADU\u00c7\u00c3O<\/strong><\/p>\n<p>Muito mais profissionais n\u00e3o se intimidaram e usaram a tradu\u00e7\u00e3o simult\u00e2nea. Melhor do que perder a mensagem&#8230; Na plateia, muitos convidados do Exterior tamb\u00e9m.<\/p>\n<p><strong>T\u00c9CNICA<\/strong><\/p>\n<p>Este ano n\u00e3o tivemos problemas t\u00e9cnicos&#8230; S\u00f3 uma cadeira que estava faltando e Helozinha n\u00e3o viu&#8230; ops<\/p>\n<p><strong>OLIMP\u00cdADA<\/strong><\/p>\n<p>N\u00e3o d\u00e1 para dar um CTRL+C, CTRL+V? E depois tropicalizar (de novo, essa palavra)? Os brit\u00e2nicos (Ian Gillespie, Annie Morrissey&#8230;) adoraram Christopher Rodrigues. Me too.<\/p>\n<p><strong>\u00cdCONES<\/strong><\/p>\n<p>Muito nos era cobrado sobre a presen\u00e7a do setor de loca\u00e7\u00e3o de ve\u00edculos. Eug\u00eanio Mattar, um \u00edcone do setor, compensou 11 edi\u00e7\u00f5es com o setor ausente (no palco). E Philip Wolff continua um bom guru em tecnologia e mudan\u00e7as necess\u00e1rias.<\/p>\n<p><strong>HUMOR<\/strong><\/p>\n<p>N\u00e3o assisti inteira \u00e0 palestra sobre felicidade, mas n\u00e3o gostei muito. Se \u00e9 para fazer a plateia rir, melhor trazermos um humorista no ano que vem. Momento relax&#8230;\u00a0Posso estar enganado, pois n\u00e3o assistir a tudo, mas&#8230; de qq forma momentos descontra\u00eddos fazem parte. Algumas tiradas tendendo ao humor foram muito bem colocadas pelos l\u00edderes em outros momentos. E quer saber? Melhor rir do que chorar.<\/p>\n<p>Faltou um economista este ano. Seria bem legal, nesse momento turbulento. Sei que \u00e9 o instante preferido de alguns para sair da sala, mas isso tamb\u00e9m faz parte.<\/p>\n<p><strong>HOR\u00c1RIO<\/strong><\/p>\n<p>O evento precisa acabar mais cedo. E ter um espa\u00e7o mais flex\u00edvel, com salas, ambientes diferentes&#8230; S\u00e3o Paulo carece, por incr\u00edvel que pare\u00e7a, de um espa\u00e7o do tamanho que precisamos, e bem localizado.<\/p>\n<p><strong>GENTE DIFERENTE<\/strong><br \/>\nEste foi o ano (depois do primeiro, claro) em que tivemos mais profissionais que nunca haviam subido ao palco ou que h\u00e1 muito tempo n\u00e3o debatiam com a gente. Foi um teste. O ideal \u00e9 mesclar os l\u00edderes habitu\u00e9s com as caras novas.<\/p>\n<p>Enfim, acho que s\u00f3 temos de agradecer a todos voc\u00eas que escolheram passar esses dois dias com a gente. A quem trabalhou muito (liderados por um l\u00edder incans\u00e1vel, Guillermo Alcorta). E a quem torceu e acompanhou de longe.<\/p>\n<p>O turismo se encontrou e foi debatido no F\u00f3rum PANROTAS. Cumprimos nossa miss\u00e3o, meta, objetivo&#8230; como queiram chamar. Gra\u00e7as a essa rede de profissionalismo, respeito e amizade. Al\u00e9m de confian\u00e7a e a admira\u00e7\u00e3o que temos um pelo outro. \u00c9 bom acompanhar carreiras, trajet\u00f3rias, hist\u00f3rias que adoramos contar.<\/p>\n<p><strong>OBRIGADO!!!<\/strong><\/p>\n<figure id=\"attachment_3932\" aria-describedby=\"caption-attachment-3932\" style=\"width: 450px\" class=\"wp-caption alignnone\"><a href=\"http:\/\/blog.panrotas.com.br\/semreserva\/wp-content\/uploads\/2014\/04\/TEAMPAN.jpg\"><img loading=\"lazy\" class=\"size-full wp-image-3932\" alt=\"Sorria, meu bem...sorria!!!\" src=\"http:\/\/blog.panrotas.com.br\/semreserva\/wp-content\/uploads\/2014\/04\/TEAMPAN.jpg\" width=\"450\" height=\"350\" srcset=\"https:\/\/blog.panrotas.com.br\/semreserva\/wp-content\/uploads\/sites\/5\/2014\/04\/TEAMPAN.jpg 450w, https:\/\/blog.panrotas.com.br\/semreserva\/wp-content\/uploads\/sites\/5\/2014\/04\/TEAMPAN-300x233.jpg 300w\" sizes=\"(max-width: 450px) 100vw, 450px\" \/><\/a><figcaption id=\"caption-attachment-3932\" class=\"wp-caption-text\">Sorria, meu bem&#8230;sorria!!!<\/figcaption><\/figure>\n<p><strong>P.S<\/strong>.: Emocionante a homenagem ao PANROTAS com Klaus K\u00fchnast, Frances Pi\u00f1a, Alberto Moane e Andrea Leone. Simples, elaborada e direto no cora\u00e7\u00e3o.<\/p>\n<p><strong>P.S. 2<\/strong>: Sempre \u00e9 bom dizer (pela minha fama de mau&#8230;): se eu passei correndo por voc\u00ea e n\u00e3o puder dar aquele abra\u00e7o&#8230; \u00e9 a tens\u00e3o e correria do F\u00f3rum&#8230; evento ao vivo, cronometrado, cheio de log\u00edstica e estresse natural. Espero que tenha se sentido bem vindo e bem recebido no evento. Vou descobrir amanh\u00e3, analisando as fotos, quem estava l\u00e1 e eu simplesmente n\u00e3o vi&#8230; J\u00e1 estou acostumado. Abra\u00e7os a todos. TO-DOS (at\u00e9 pra voc\u00ea que me esqueceu&#8230; aquele abra\u00e7o).<\/p>\n<p>&nbsp;<\/p>\n<p>&nbsp;<\/p>\n","protected":false},"excerpt":{"rendered":"<p>Entre o orgulho e o cansa\u00e7o, entre as surpresas (boas e n\u00e3o t\u00e3o boas) e as obviedades, as informa\u00e7\u00f5es ainda n\u00e3o processadas e as descobertas&#8230; ainda com a mente inquieta e a vista enevoada pelos acontecimentos, vejo com muita satisfa\u00e7\u00e3o o resultado do 12\u00ba F\u00f3rum PANROTAS. Acho que o que mais me espanta ainda \u00e9 [&hellip;]<\/p>\n","protected":false},"author":7,"featured_media":0,"comment_status":"open","ping_status":"open","sticky":false,"template":"","format":"standard","meta":{"spay_email":""},"categories":[2],"tags":[],"yoast_head":"<!-- This site is optimized with the Yoast SEO plugin v17.3 - https:\/\/yoast.com\/wordpress\/plugins\/seo\/ -->\n<title>VISTA ENEVOADA, CORA\u00c7\u00c3O ABRA\u00c7ADO, MENTE INQUIETA -<\/title>\n<meta name=\"description\" content=\"VISTA ENEVOADA, CORA\u00c7\u00c3O ABRA\u00c7ADO, MENTE INQUIETA. Confira essa Mat\u00e9ria no Canal Sem reserva. \u27a4 Projeto em parceria com a PANROTAS.\" \/>\n<meta name=\"robots\" content=\"index, follow, max-snippet:-1, max-image-preview:large, max-video-preview:-1\" \/>\n<link rel=\"canonical\" href=\"https:\/\/blog.panrotas.com.br\/semreserva\/vista-enevoada-coracao-abracado-mente-inquieta\/02-04-2014\/\" \/>\n<meta property=\"og:locale\" content=\"pt_BR\" \/>\n<meta property=\"og:type\" content=\"article\" \/>\n<meta property=\"og:title\" content=\"VISTA ENEVOADA, CORA\u00c7\u00c3O ABRA\u00c7ADO, MENTE INQUIETA -\" \/>\n<meta property=\"og:description\" content=\"VISTA ENEVOADA, CORA\u00c7\u00c3O ABRA\u00c7ADO, MENTE INQUIETA. Confira essa Mat\u00e9ria no Canal Sem reserva. \u27a4 Projeto em parceria com a PANROTAS.\" \/>\n<meta property=\"og:url\" content=\"https:\/\/blog.panrotas.com.br\/semreserva\/vista-enevoada-coracao-abracado-mente-inquieta\/02-04-2014\/\" \/>\n<meta property=\"og:site_name\" content=\"Sem reserva\" \/>\n<meta property=\"article:publisher\" content=\"https:\/\/www.facebook.com\/portalpanrotas\/\" \/>\n<meta property=\"article:published_time\" content=\"2014-04-03T02:40:17+00:00\" \/>\n<meta property=\"og:image\" content=\"http:\/\/blog.panrotas.com.br\/semreserva\/wp-content\/uploads\/2014\/04\/TEAMPAN.jpg\" \/>\n<meta name=\"twitter:card\" content=\"summary_large_image\" \/>\n<meta name=\"twitter:creator\" content=\"@portalpanrotas\" \/>\n<meta name=\"twitter:site\" content=\"@portalpanrotas\" \/>\n<meta name=\"twitter:label1\" content=\"Escrito por\" \/>\n\t<meta name=\"twitter:data1\" content=\"Artur Andrade\" \/>\n\t<meta name=\"twitter:label2\" content=\"Est. tempo de leitura\" \/>\n\t<meta name=\"twitter:data2\" content=\"7 minutos\" \/>\n<script type=\"application\/ld+json\" class=\"yoast-schema-graph\">{\"@context\":\"https:\/\/schema.org\",\"@graph\":[{\"@type\":\"Organization\",\"@id\":\"http:\/\/blog.panrotas.com.br\/semreserva\/#organization\",\"name\":\"Sem Reserva - Blog no Portal PANROTAS\",\"url\":\"http:\/\/blog.panrotas.com.br\/semreserva\/\",\"sameAs\":[\"https:\/\/www.facebook.com\/portalpanrotas\/\",\"https:\/\/www.instagram.com\/portalpanrotas\/\",\"https:\/\/br.linkedin.com\/company\/panrotas\",\"https:\/\/www.youtube.com\/tvpanrotas\",\"https:\/\/twitter.com\/portalpanrotas\"],\"logo\":{\"@type\":\"ImageObject\",\"@id\":\"http:\/\/blog.panrotas.com.br\/semreserva\/#logo\",\"inLanguage\":\"pt-BR\",\"url\":\"https:\/\/blog.panrotas.com.br\/semreserva\/wp-content\/uploads\/sites\/5\/2020\/06\/logo.png\",\"contentUrl\":\"https:\/\/blog.panrotas.com.br\/semreserva\/wp-content\/uploads\/sites\/5\/2020\/06\/logo.png\",\"width\":259,\"height\":53,\"caption\":\"Sem Reserva - Blog no Portal PANROTAS\"},\"image\":{\"@id\":\"http:\/\/blog.panrotas.com.br\/semreserva\/#logo\"}},{\"@type\":\"WebSite\",\"@id\":\"http:\/\/blog.panrotas.com.br\/semreserva\/#website\",\"url\":\"http:\/\/blog.panrotas.com.br\/semreserva\/\",\"name\":\"Sem reserva\",\"description\":\"Blogosfera PANROTAS\",\"publisher\":{\"@id\":\"http:\/\/blog.panrotas.com.br\/semreserva\/#organization\"},\"potentialAction\":[{\"@type\":\"SearchAction\",\"target\":{\"@type\":\"EntryPoint\",\"urlTemplate\":\"http:\/\/blog.panrotas.com.br\/semreserva\/?s={search_term_string}\"},\"query-input\":\"required name=search_term_string\"}],\"inLanguage\":\"pt-BR\"},{\"@type\":\"ImageObject\",\"@id\":\"https:\/\/blog.panrotas.com.br\/semreserva\/vista-enevoada-coracao-abracado-mente-inquieta\/02-04-2014\/#primaryimage\",\"inLanguage\":\"pt-BR\",\"url\":\"http:\/\/blog.panrotas.com.br\/semreserva\/wp-content\/uploads\/2014\/04\/TEAMPAN.jpg\",\"contentUrl\":\"http:\/\/blog.panrotas.com.br\/semreserva\/wp-content\/uploads\/2014\/04\/TEAMPAN.jpg\"},{\"@type\":\"WebPage\",\"@id\":\"https:\/\/blog.panrotas.com.br\/semreserva\/vista-enevoada-coracao-abracado-mente-inquieta\/02-04-2014\/#webpage\",\"url\":\"https:\/\/blog.panrotas.com.br\/semreserva\/vista-enevoada-coracao-abracado-mente-inquieta\/02-04-2014\/\",\"name\":\"VISTA ENEVOADA, CORA\\u00c7\\u00c3O ABRA\\u00c7ADO, MENTE INQUIETA -\",\"isPartOf\":{\"@id\":\"http:\/\/blog.panrotas.com.br\/semreserva\/#website\"},\"primaryImageOfPage\":{\"@id\":\"https:\/\/blog.panrotas.com.br\/semreserva\/vista-enevoada-coracao-abracado-mente-inquieta\/02-04-2014\/#primaryimage\"},\"datePublished\":\"2014-04-03T02:40:17+00:00\",\"dateModified\":\"2014-04-03T02:40:17+00:00\",\"description\":\"VISTA ENEVOADA, CORA\\u00c7\\u00c3O ABRA\\u00c7ADO, MENTE INQUIETA. Confira essa Mat\\u00e9ria no Canal Sem reserva. \\u27a4 Projeto em parceria com a PANROTAS.\",\"breadcrumb\":{\"@id\":\"https:\/\/blog.panrotas.com.br\/semreserva\/vista-enevoada-coracao-abracado-mente-inquieta\/02-04-2014\/#breadcrumb\"},\"inLanguage\":\"pt-BR\",\"potentialAction\":[{\"@type\":\"ReadAction\",\"target\":[\"https:\/\/blog.panrotas.com.br\/semreserva\/vista-enevoada-coracao-abracado-mente-inquieta\/02-04-2014\/\"]}]},{\"@type\":\"BreadcrumbList\",\"@id\":\"https:\/\/blog.panrotas.com.br\/semreserva\/vista-enevoada-coracao-abracado-mente-inquieta\/02-04-2014\/#breadcrumb\",\"itemListElement\":[{\"@type\":\"ListItem\",\"position\":1,\"name\":\"Home do Blog\",\"item\":\"http:\/\/blog.panrotas.com.br\/semreserva\/\"},{\"@type\":\"ListItem\",\"position\":2,\"name\":\"Dia a dia\",\"item\":\"https:\/\/blog.panrotas.com.br\/semreserva\/category\/dia-a-dia\/\"},{\"@type\":\"ListItem\",\"position\":3,\"name\":\"VISTA ENEVOADA, CORA\\u00c7\\u00c3O ABRA\\u00c7ADO, MENTE INQUIETA\"}]},{\"@type\":\"Article\",\"@id\":\"https:\/\/blog.panrotas.com.br\/semreserva\/vista-enevoada-coracao-abracado-mente-inquieta\/02-04-2014\/#article\",\"isPartOf\":{\"@id\":\"https:\/\/blog.panrotas.com.br\/semreserva\/vista-enevoada-coracao-abracado-mente-inquieta\/02-04-2014\/#webpage\"},\"author\":{\"@id\":\"http:\/\/blog.panrotas.com.br\/semreserva\/#\/schema\/person\/c93b4555f6a497d2d83c25dcb80f61ed\"},\"headline\":\"VISTA ENEVOADA, CORA\\u00c7\\u00c3O ABRA\\u00c7ADO, MENTE INQUIETA\",\"datePublished\":\"2014-04-03T02:40:17+00:00\",\"dateModified\":\"2014-04-03T02:40:17+00:00\",\"mainEntityOfPage\":{\"@id\":\"https:\/\/blog.panrotas.com.br\/semreserva\/vista-enevoada-coracao-abracado-mente-inquieta\/02-04-2014\/#webpage\"},\"wordCount\":1446,\"commentCount\":0,\"publisher\":{\"@id\":\"http:\/\/blog.panrotas.com.br\/semreserva\/#organization\"},\"image\":{\"@id\":\"https:\/\/blog.panrotas.com.br\/semreserva\/vista-enevoada-coracao-abracado-mente-inquieta\/02-04-2014\/#primaryimage\"},\"thumbnailUrl\":\"http:\/\/blog.panrotas.com.br\/semreserva\/wp-content\/uploads\/2014\/04\/TEAMPAN.jpg\",\"articleSection\":[\"Dia a dia\"],\"inLanguage\":\"pt-BR\",\"potentialAction\":[{\"@type\":\"CommentAction\",\"name\":\"Comment\",\"target\":[\"https:\/\/blog.panrotas.com.br\/semreserva\/vista-enevoada-coracao-abracado-mente-inquieta\/02-04-2014\/#respond\"]}]},{\"@type\":\"Person\",\"@id\":\"http:\/\/blog.panrotas.com.br\/semreserva\/#\/schema\/person\/c93b4555f6a497d2d83c25dcb80f61ed\",\"name\":\"Artur Andrade\",\"image\":{\"@type\":\"ImageObject\",\"@id\":\"http:\/\/blog.panrotas.com.br\/semreserva\/#personlogo\",\"inLanguage\":\"pt-BR\",\"url\":\"https:\/\/secure.gravatar.com\/avatar\/a94564d630220cefd5c82f3452ac1ef4?s=96&d=mm&r=g\",\"contentUrl\":\"https:\/\/secure.gravatar.com\/avatar\/a94564d630220cefd5c82f3452ac1ef4?s=96&d=mm&r=g\",\"caption\":\"Artur Andrade\"},\"description\":\"Artur Luiz Andrade \\u00e9 carioca, taurino, jornalista e nasceu em 1969. \\u00c9 editor-chefe da PANROTAS Editora e mora em S\\u00e3o Paulo desde 1998\",\"sameAs\":[\"http:\/\/www.panrotas.com.br\"]}]}<\/script>\n<!-- \/ Yoast SEO plugin. -->","yoast_head_json":{"title":"VISTA ENEVOADA, CORA\u00c7\u00c3O ABRA\u00c7ADO, MENTE INQUIETA -","description":"VISTA ENEVOADA, CORA\u00c7\u00c3O ABRA\u00c7ADO, MENTE INQUIETA. Confira essa Mat\u00e9ria no Canal Sem reserva. \u27a4 Projeto em parceria com a PANROTAS.","robots":{"index":"index","follow":"follow","max-snippet":"max-snippet:-1","max-image-preview":"max-image-preview:large","max-video-preview":"max-video-preview:-1"},"canonical":"https:\/\/blog.panrotas.com.br\/semreserva\/vista-enevoada-coracao-abracado-mente-inquieta\/02-04-2014\/","og_locale":"pt_BR","og_type":"article","og_title":"VISTA ENEVOADA, CORA\u00c7\u00c3O ABRA\u00c7ADO, MENTE INQUIETA -","og_description":"VISTA ENEVOADA, CORA\u00c7\u00c3O ABRA\u00c7ADO, MENTE INQUIETA. Confira essa Mat\u00e9ria no Canal Sem reserva. \u27a4 Projeto em parceria com a PANROTAS.","og_url":"https:\/\/blog.panrotas.com.br\/semreserva\/vista-enevoada-coracao-abracado-mente-inquieta\/02-04-2014\/","og_site_name":"Sem reserva","article_publisher":"https:\/\/www.facebook.com\/portalpanrotas\/","article_published_time":"2014-04-03T02:40:17+00:00","og_image":[{"url":"http:\/\/blog.panrotas.com.br\/semreserva\/wp-content\/uploads\/2014\/04\/TEAMPAN.jpg"}],"twitter_card":"summary_large_image","twitter_creator":"@portalpanrotas","twitter_site":"@portalpanrotas","twitter_misc":{"Escrito por":"Artur Andrade","Est. tempo de leitura":"7 minutos"},"schema":{"@context":"https:\/\/schema.org","@graph":[{"@type":"Organization","@id":"http:\/\/blog.panrotas.com.br\/semreserva\/#organization","name":"Sem Reserva - Blog no Portal PANROTAS","url":"http:\/\/blog.panrotas.com.br\/semreserva\/","sameAs":["https:\/\/www.facebook.com\/portalpanrotas\/","https:\/\/www.instagram.com\/portalpanrotas\/","https:\/\/br.linkedin.com\/company\/panrotas","https:\/\/www.youtube.com\/tvpanrotas","https:\/\/twitter.com\/portalpanrotas"],"logo":{"@type":"ImageObject","@id":"http:\/\/blog.panrotas.com.br\/semreserva\/#logo","inLanguage":"pt-BR","url":"https:\/\/blog.panrotas.com.br\/semreserva\/wp-content\/uploads\/sites\/5\/2020\/06\/logo.png","contentUrl":"https:\/\/blog.panrotas.com.br\/semreserva\/wp-content\/uploads\/sites\/5\/2020\/06\/logo.png","width":259,"height":53,"caption":"Sem Reserva - Blog no Portal PANROTAS"},"image":{"@id":"http:\/\/blog.panrotas.com.br\/semreserva\/#logo"}},{"@type":"WebSite","@id":"http:\/\/blog.panrotas.com.br\/semreserva\/#website","url":"http:\/\/blog.panrotas.com.br\/semreserva\/","name":"Sem reserva","description":"Blogosfera PANROTAS","publisher":{"@id":"http:\/\/blog.panrotas.com.br\/semreserva\/#organization"},"potentialAction":[{"@type":"SearchAction","target":{"@type":"EntryPoint","urlTemplate":"http:\/\/blog.panrotas.com.br\/semreserva\/?s={search_term_string}"},"query-input":"required name=search_term_string"}],"inLanguage":"pt-BR"},{"@type":"ImageObject","@id":"https:\/\/blog.panrotas.com.br\/semreserva\/vista-enevoada-coracao-abracado-mente-inquieta\/02-04-2014\/#primaryimage","inLanguage":"pt-BR","url":"http:\/\/blog.panrotas.com.br\/semreserva\/wp-content\/uploads\/2014\/04\/TEAMPAN.jpg","contentUrl":"http:\/\/blog.panrotas.com.br\/semreserva\/wp-content\/uploads\/2014\/04\/TEAMPAN.jpg"},{"@type":"WebPage","@id":"https:\/\/blog.panrotas.com.br\/semreserva\/vista-enevoada-coracao-abracado-mente-inquieta\/02-04-2014\/#webpage","url":"https:\/\/blog.panrotas.com.br\/semreserva\/vista-enevoada-coracao-abracado-mente-inquieta\/02-04-2014\/","name":"VISTA ENEVOADA, CORA\u00c7\u00c3O ABRA\u00c7ADO, MENTE INQUIETA -","isPartOf":{"@id":"http:\/\/blog.panrotas.com.br\/semreserva\/#website"},"primaryImageOfPage":{"@id":"https:\/\/blog.panrotas.com.br\/semreserva\/vista-enevoada-coracao-abracado-mente-inquieta\/02-04-2014\/#primaryimage"},"datePublished":"2014-04-03T02:40:17+00:00","dateModified":"2014-04-03T02:40:17+00:00","description":"VISTA ENEVOADA, CORA\u00c7\u00c3O ABRA\u00c7ADO, MENTE INQUIETA. Confira essa Mat\u00e9ria no Canal Sem reserva. \u27a4 Projeto em parceria com a PANROTAS.","breadcrumb":{"@id":"https:\/\/blog.panrotas.com.br\/semreserva\/vista-enevoada-coracao-abracado-mente-inquieta\/02-04-2014\/#breadcrumb"},"inLanguage":"pt-BR","potentialAction":[{"@type":"ReadAction","target":["https:\/\/blog.panrotas.com.br\/semreserva\/vista-enevoada-coracao-abracado-mente-inquieta\/02-04-2014\/"]}]},{"@type":"BreadcrumbList","@id":"https:\/\/blog.panrotas.com.br\/semreserva\/vista-enevoada-coracao-abracado-mente-inquieta\/02-04-2014\/#breadcrumb","itemListElement":[{"@type":"ListItem","position":1,"name":"Home do Blog","item":"http:\/\/blog.panrotas.com.br\/semreserva\/"},{"@type":"ListItem","position":2,"name":"Dia a dia","item":"https:\/\/blog.panrotas.com.br\/semreserva\/category\/dia-a-dia\/"},{"@type":"ListItem","position":3,"name":"VISTA ENEVOADA, CORA\u00c7\u00c3O ABRA\u00c7ADO, MENTE INQUIETA"}]},{"@type":"Article","@id":"https:\/\/blog.panrotas.com.br\/semreserva\/vista-enevoada-coracao-abracado-mente-inquieta\/02-04-2014\/#article","isPartOf":{"@id":"https:\/\/blog.panrotas.com.br\/semreserva\/vista-enevoada-coracao-abracado-mente-inquieta\/02-04-2014\/#webpage"},"author":{"@id":"http:\/\/blog.panrotas.com.br\/semreserva\/#\/schema\/person\/c93b4555f6a497d2d83c25dcb80f61ed"},"headline":"VISTA ENEVOADA, CORA\u00c7\u00c3O ABRA\u00c7ADO, MENTE INQUIETA","datePublished":"2014-04-03T02:40:17+00:00","dateModified":"2014-04-03T02:40:17+00:00","mainEntityOfPage":{"@id":"https:\/\/blog.panrotas.com.br\/semreserva\/vista-enevoada-coracao-abracado-mente-inquieta\/02-04-2014\/#webpage"},"wordCount":1446,"commentCount":0,"publisher":{"@id":"http:\/\/blog.panrotas.com.br\/semreserva\/#organization"},"image":{"@id":"https:\/\/blog.panrotas.com.br\/semreserva\/vista-enevoada-coracao-abracado-mente-inquieta\/02-04-2014\/#primaryimage"},"thumbnailUrl":"http:\/\/blog.panrotas.com.br\/semreserva\/wp-content\/uploads\/2014\/04\/TEAMPAN.jpg","articleSection":["Dia a dia"],"inLanguage":"pt-BR","potentialAction":[{"@type":"CommentAction","name":"Comment","target":["https:\/\/blog.panrotas.com.br\/semreserva\/vista-enevoada-coracao-abracado-mente-inquieta\/02-04-2014\/#respond"]}]},{"@type":"Person","@id":"http:\/\/blog.panrotas.com.br\/semreserva\/#\/schema\/person\/c93b4555f6a497d2d83c25dcb80f61ed","name":"Artur Andrade","image":{"@type":"ImageObject","@id":"http:\/\/blog.panrotas.com.br\/semreserva\/#personlogo","inLanguage":"pt-BR","url":"https:\/\/secure.gravatar.com\/avatar\/a94564d630220cefd5c82f3452ac1ef4?s=96&d=mm&r=g","contentUrl":"https:\/\/secure.gravatar.com\/avatar\/a94564d630220cefd5c82f3452ac1ef4?s=96&d=mm&r=g","caption":"Artur Andrade"},"description":"Artur Luiz Andrade \u00e9 carioca, taurino, jornalista e nasceu em 1969. \u00c9 editor-chefe da PANROTAS Editora e mora em S\u00e3o Paulo desde 1998","sameAs":["http:\/\/www.panrotas.com.br"]}]}},"jetpack_featured_media_url":"","jetpack_shortlink":"https:\/\/wp.me\/p7idIU-11p","_links":{"self":[{"href":"https:\/\/blog.panrotas.com.br\/semreserva\/wp-json\/wp\/v2\/posts\/3931"}],"collection":[{"href":"https:\/\/blog.panrotas.com.br\/semreserva\/wp-json\/wp\/v2\/posts"}],"about":[{"href":"https:\/\/blog.panrotas.com.br\/semreserva\/wp-json\/wp\/v2\/types\/post"}],"author":[{"embeddable":true,"href":"https:\/\/blog.panrotas.com.br\/semreserva\/wp-json\/wp\/v2\/users\/7"}],"replies":[{"embeddable":true,"href":"https:\/\/blog.panrotas.com.br\/semreserva\/wp-json\/wp\/v2\/comments?post=3931"}],"version-history":[{"count":0,"href":"https:\/\/blog.panrotas.com.br\/semreserva\/wp-json\/wp\/v2\/posts\/3931\/revisions"}],"wp:attachment":[{"href":"https:\/\/blog.panrotas.com.br\/semreserva\/wp-json\/wp\/v2\/media?parent=3931"}],"wp:term":[{"taxonomy":"category","embeddable":true,"href":"https:\/\/blog.panrotas.com.br\/semreserva\/wp-json\/wp\/v2\/categories?post=3931"},{"taxonomy":"post_tag","embeddable":true,"href":"https:\/\/blog.panrotas.com.br\/semreserva\/wp-json\/wp\/v2\/tags?post=3931"}],"curies":[{"name":"wp","href":"https:\/\/api.w.org\/{rel}","templated":true}]}}