{"id":3940,"date":"2014-04-16T11:38:28","date_gmt":"2014-04-16T14:38:28","guid":{"rendered":"http:\/\/blog.panrotas.com.br\/semreserva\/?p=3940"},"modified":"2014-04-16T11:38:28","modified_gmt":"2014-04-16T14:38:28","slug":"eleicao-no-tapetao","status":"publish","type":"post","link":"https:\/\/blog.panrotas.com.br\/semreserva\/eleicao-no-tapetao\/16-04-2014\/","title":{"rendered":"ELEI\u00c7\u00c3O NO TAPET\u00c3O?"},"content":{"rendered":"<p>As elei\u00e7\u00f5es da Alagev, marcadas para ter\u00e7a-feira 22, dia do agente de viagens, tinham tudo para serem daquelas de dar sono em esquilo hiperativo. Chapa \u00fanica. Consenso. S\u00f3 entre os fornecedores haveria alguma &#8220;emo\u00e7\u00e3o&#8221;, mas pela lista j\u00e1 d\u00e1 para saber quem ser\u00e1 escolhido como conselheiro&#8230; Uma &#8220;despedida&#8221; de Vivi\u00e2nne Martins, que, claro, continuar\u00e1 como conselheira e guru.<\/p>\n<p>Do F\u00f3rum PANROTAS para c\u00e1, algumas TMCs teriam come\u00e7ado a se mostrar &#8220;incomodadas&#8221; com o fato de o pr\u00f3ximo presidente ser um diretor da Alatur. Eduardo Murad, na empresa h\u00e1 cerca de um ano. Ser\u00e1 que \u00e9 aquela briga antiga que fez a Alatur entrar e sair e voltar \u00e0 Abracorp? Custo a acreditar. J\u00e1 tem tanto tempo isso&#8230; Se bem que a Alatur andou contratando diretores de grandes TMCs&#8230; Ser\u00e1 isso? Mas o mercado n\u00e3o \u00e9 assim? Enfim&#8230; os descontentes trataram de articular. S\u00f3 que tarde demais&#8230; (ou n\u00e3o?)<\/p>\n<p>Pelo estatuto, nada h\u00e1 de errado, e a Alagev confirma a elei\u00e7\u00e3o para ter\u00e7a-feira, no Intercontinental S\u00e3o Paulo, com Murad como \u00fanico candidato a presidente (e o mesmo para o cargo de vice, as posi\u00e7\u00f5es de conselheiros gestores&#8230;). Segundo a entidade, o candidato \u00e9 Eduardo Murad, atuante na associa\u00e7\u00e3o h\u00e1 anos. N\u00e3o \u00e9 a empresa Alatur.<\/p>\n<p>Ser\u00e1 que passados todos os prazos oficiais dados pela Alagev e em ano de elei\u00e7\u00f5es no Pa\u00eds, o exemplo que parte do trade quer dar \u00e9 o que nos vem do futebol? O tapet\u00e3o? H\u00e1 quem queira um candidato de consenso. Mas onde estava ele quando as inscri\u00e7\u00f5es de chapa estavam abertas? Se h\u00e1 problemas com a Alatur ou com a empresa X, Y ou Z, h\u00e1 outras maneiras de resolv\u00ea-los&#8230; inclusive na associa\u00e7\u00e3o mais pertinente \u00e0s poss\u00edveis queixas (e n\u00e3o me cabe julgar se s\u00e3o justas ou n\u00e3o&#8230; isso cabe \u00e0s entidades de classe)&#8230;<\/p>\n<p>At\u00e9 a elei\u00e7\u00e3o&#8230; h\u00e1 o feriad\u00e3o. Ser\u00e1 que algo mais?<\/p>\n<p>&nbsp;<\/p>\n","protected":false},"excerpt":{"rendered":"<p>As elei\u00e7\u00f5es da Alagev, marcadas para ter\u00e7a-feira 22, dia do agente de viagens, tinham tudo para serem daquelas de dar sono em esquilo hiperativo. Chapa \u00fanica. Consenso. S\u00f3 entre os fornecedores haveria alguma &#8220;emo\u00e7\u00e3o&#8221;, mas pela lista j\u00e1 d\u00e1 para saber quem ser\u00e1 escolhido como conselheiro&#8230; Uma &#8220;despedida&#8221; de Vivi\u00e2nne Martins, que, claro, continuar\u00e1 como [&hellip;]<\/p>\n","protected":false},"author":7,"featured_media":0,"comment_status":"open","ping_status":"open","sticky":false,"template":"","format":"standard","meta":{"spay_email":""},"categories":[2],"tags":[],"yoast_head":"<!-- This site is optimized with the Yoast SEO plugin v17.3 - https:\/\/yoast.com\/wordpress\/plugins\/seo\/ -->\n<title>ELEI\u00c7\u00c3O NO TAPET\u00c3O? -<\/title>\n<meta name=\"description\" content=\"ELEI\u00c7\u00c3O NO TAPET\u00c3O?. Confira essa Mat\u00e9ria no Canal Sem reserva. \u27a4 Projeto em parceria com a PANROTAS.\" \/>\n<meta name=\"robots\" content=\"index, follow, max-snippet:-1, max-image-preview:large, max-video-preview:-1\" \/>\n<link rel=\"canonical\" href=\"https:\/\/blog.panrotas.com.br\/semreserva\/eleicao-no-tapetao\/16-04-2014\/\" \/>\n<meta property=\"og:locale\" content=\"pt_BR\" \/>\n<meta property=\"og:type\" content=\"article\" \/>\n<meta property=\"og:title\" content=\"ELEI\u00c7\u00c3O NO TAPET\u00c3O? -\" \/>\n<meta property=\"og:description\" content=\"ELEI\u00c7\u00c3O NO TAPET\u00c3O?. Confira essa Mat\u00e9ria no Canal Sem reserva. \u27a4 Projeto em parceria com a PANROTAS.\" \/>\n<meta property=\"og:url\" content=\"https:\/\/blog.panrotas.com.br\/semreserva\/eleicao-no-tapetao\/16-04-2014\/\" \/>\n<meta property=\"og:site_name\" content=\"Sem reserva\" \/>\n<meta property=\"article:publisher\" content=\"https:\/\/www.facebook.com\/portalpanrotas\/\" \/>\n<meta property=\"article:published_time\" content=\"2014-04-16T14:38:28+00:00\" \/>\n<meta name=\"twitter:card\" content=\"summary_large_image\" \/>\n<meta name=\"twitter:creator\" content=\"@portalpanrotas\" \/>\n<meta name=\"twitter:site\" content=\"@portalpanrotas\" \/>\n<meta name=\"twitter:label1\" content=\"Escrito por\" \/>\n\t<meta name=\"twitter:data1\" content=\"Artur Andrade\" \/>\n\t<meta name=\"twitter:label2\" content=\"Est. tempo de leitura\" \/>\n\t<meta name=\"twitter:data2\" content=\"2 minutos\" \/>\n<script type=\"application\/ld+json\" class=\"yoast-schema-graph\">{\"@context\":\"https:\/\/schema.org\",\"@graph\":[{\"@type\":\"Organization\",\"@id\":\"http:\/\/blog.panrotas.com.br\/semreserva\/#organization\",\"name\":\"Sem Reserva - Blog no Portal PANROTAS\",\"url\":\"http:\/\/blog.panrotas.com.br\/semreserva\/\",\"sameAs\":[\"https:\/\/www.facebook.com\/portalpanrotas\/\",\"https:\/\/www.instagram.com\/portalpanrotas\/\",\"https:\/\/br.linkedin.com\/company\/panrotas\",\"https:\/\/www.youtube.com\/tvpanrotas\",\"https:\/\/twitter.com\/portalpanrotas\"],\"logo\":{\"@type\":\"ImageObject\",\"@id\":\"http:\/\/blog.panrotas.com.br\/semreserva\/#logo\",\"inLanguage\":\"pt-BR\",\"url\":\"https:\/\/blog.panrotas.com.br\/semreserva\/wp-content\/uploads\/sites\/5\/2020\/06\/logo.png\",\"contentUrl\":\"https:\/\/blog.panrotas.com.br\/semreserva\/wp-content\/uploads\/sites\/5\/2020\/06\/logo.png\",\"width\":259,\"height\":53,\"caption\":\"Sem Reserva - Blog no Portal PANROTAS\"},\"image\":{\"@id\":\"http:\/\/blog.panrotas.com.br\/semreserva\/#logo\"}},{\"@type\":\"WebSite\",\"@id\":\"http:\/\/blog.panrotas.com.br\/semreserva\/#website\",\"url\":\"http:\/\/blog.panrotas.com.br\/semreserva\/\",\"name\":\"Sem reserva\",\"description\":\"Blogosfera PANROTAS\",\"publisher\":{\"@id\":\"http:\/\/blog.panrotas.com.br\/semreserva\/#organization\"},\"potentialAction\":[{\"@type\":\"SearchAction\",\"target\":{\"@type\":\"EntryPoint\",\"urlTemplate\":\"http:\/\/blog.panrotas.com.br\/semreserva\/?s={search_term_string}\"},\"query-input\":\"required name=search_term_string\"}],\"inLanguage\":\"pt-BR\"},{\"@type\":\"WebPage\",\"@id\":\"https:\/\/blog.panrotas.com.br\/semreserva\/eleicao-no-tapetao\/16-04-2014\/#webpage\",\"url\":\"https:\/\/blog.panrotas.com.br\/semreserva\/eleicao-no-tapetao\/16-04-2014\/\",\"name\":\"ELEI\\u00c7\\u00c3O NO TAPET\\u00c3O? -\",\"isPartOf\":{\"@id\":\"http:\/\/blog.panrotas.com.br\/semreserva\/#website\"},\"datePublished\":\"2014-04-16T14:38:28+00:00\",\"dateModified\":\"2014-04-16T14:38:28+00:00\",\"description\":\"ELEI\\u00c7\\u00c3O NO TAPET\\u00c3O?. Confira essa Mat\\u00e9ria no Canal Sem reserva. \\u27a4 Projeto em parceria com a PANROTAS.\",\"breadcrumb\":{\"@id\":\"https:\/\/blog.panrotas.com.br\/semreserva\/eleicao-no-tapetao\/16-04-2014\/#breadcrumb\"},\"inLanguage\":\"pt-BR\",\"potentialAction\":[{\"@type\":\"ReadAction\",\"target\":[\"https:\/\/blog.panrotas.com.br\/semreserva\/eleicao-no-tapetao\/16-04-2014\/\"]}]},{\"@type\":\"BreadcrumbList\",\"@id\":\"https:\/\/blog.panrotas.com.br\/semreserva\/eleicao-no-tapetao\/16-04-2014\/#breadcrumb\",\"itemListElement\":[{\"@type\":\"ListItem\",\"position\":1,\"name\":\"Home do Blog\",\"item\":\"http:\/\/blog.panrotas.com.br\/semreserva\/\"},{\"@type\":\"ListItem\",\"position\":2,\"name\":\"Dia a dia\",\"item\":\"https:\/\/blog.panrotas.com.br\/semreserva\/category\/dia-a-dia\/\"},{\"@type\":\"ListItem\",\"position\":3,\"name\":\"ELEI\\u00c7\\u00c3O NO TAPET\\u00c3O?\"}]},{\"@type\":\"Article\",\"@id\":\"https:\/\/blog.panrotas.com.br\/semreserva\/eleicao-no-tapetao\/16-04-2014\/#article\",\"isPartOf\":{\"@id\":\"https:\/\/blog.panrotas.com.br\/semreserva\/eleicao-no-tapetao\/16-04-2014\/#webpage\"},\"author\":{\"@id\":\"http:\/\/blog.panrotas.com.br\/semreserva\/#\/schema\/person\/c93b4555f6a497d2d83c25dcb80f61ed\"},\"headline\":\"ELEI\\u00c7\\u00c3O NO TAPET\\u00c3O?\",\"datePublished\":\"2014-04-16T14:38:28+00:00\",\"dateModified\":\"2014-04-16T14:38:28+00:00\",\"mainEntityOfPage\":{\"@id\":\"https:\/\/blog.panrotas.com.br\/semreserva\/eleicao-no-tapetao\/16-04-2014\/#webpage\"},\"wordCount\":335,\"commentCount\":0,\"publisher\":{\"@id\":\"http:\/\/blog.panrotas.com.br\/semreserva\/#organization\"},\"articleSection\":[\"Dia a dia\"],\"inLanguage\":\"pt-BR\",\"potentialAction\":[{\"@type\":\"CommentAction\",\"name\":\"Comment\",\"target\":[\"https:\/\/blog.panrotas.com.br\/semreserva\/eleicao-no-tapetao\/16-04-2014\/#respond\"]}]},{\"@type\":\"Person\",\"@id\":\"http:\/\/blog.panrotas.com.br\/semreserva\/#\/schema\/person\/c93b4555f6a497d2d83c25dcb80f61ed\",\"name\":\"Artur Andrade\",\"image\":{\"@type\":\"ImageObject\",\"@id\":\"http:\/\/blog.panrotas.com.br\/semreserva\/#personlogo\",\"inLanguage\":\"pt-BR\",\"url\":\"https:\/\/secure.gravatar.com\/avatar\/a94564d630220cefd5c82f3452ac1ef4?s=96&d=mm&r=g\",\"contentUrl\":\"https:\/\/secure.gravatar.com\/avatar\/a94564d630220cefd5c82f3452ac1ef4?s=96&d=mm&r=g\",\"caption\":\"Artur Andrade\"},\"description\":\"Artur Luiz Andrade \\u00e9 carioca, taurino, jornalista e nasceu em 1969. \\u00c9 editor-chefe da PANROTAS Editora e mora em S\\u00e3o Paulo desde 1998\",\"sameAs\":[\"http:\/\/www.panrotas.com.br\"]}]}<\/script>\n<!-- \/ Yoast SEO plugin. -->","yoast_head_json":{"title":"ELEI\u00c7\u00c3O NO TAPET\u00c3O? -","description":"ELEI\u00c7\u00c3O NO TAPET\u00c3O?. Confira essa Mat\u00e9ria no Canal Sem reserva. \u27a4 Projeto em parceria com a PANROTAS.","robots":{"index":"index","follow":"follow","max-snippet":"max-snippet:-1","max-image-preview":"max-image-preview:large","max-video-preview":"max-video-preview:-1"},"canonical":"https:\/\/blog.panrotas.com.br\/semreserva\/eleicao-no-tapetao\/16-04-2014\/","og_locale":"pt_BR","og_type":"article","og_title":"ELEI\u00c7\u00c3O NO TAPET\u00c3O? -","og_description":"ELEI\u00c7\u00c3O NO TAPET\u00c3O?. Confira essa Mat\u00e9ria no Canal Sem reserva. \u27a4 Projeto em parceria com a PANROTAS.","og_url":"https:\/\/blog.panrotas.com.br\/semreserva\/eleicao-no-tapetao\/16-04-2014\/","og_site_name":"Sem reserva","article_publisher":"https:\/\/www.facebook.com\/portalpanrotas\/","article_published_time":"2014-04-16T14:38:28+00:00","twitter_card":"summary_large_image","twitter_creator":"@portalpanrotas","twitter_site":"@portalpanrotas","twitter_misc":{"Escrito por":"Artur Andrade","Est. tempo de leitura":"2 minutos"},"schema":{"@context":"https:\/\/schema.org","@graph":[{"@type":"Organization","@id":"http:\/\/blog.panrotas.com.br\/semreserva\/#organization","name":"Sem Reserva - Blog no Portal PANROTAS","url":"http:\/\/blog.panrotas.com.br\/semreserva\/","sameAs":["https:\/\/www.facebook.com\/portalpanrotas\/","https:\/\/www.instagram.com\/portalpanrotas\/","https:\/\/br.linkedin.com\/company\/panrotas","https:\/\/www.youtube.com\/tvpanrotas","https:\/\/twitter.com\/portalpanrotas"],"logo":{"@type":"ImageObject","@id":"http:\/\/blog.panrotas.com.br\/semreserva\/#logo","inLanguage":"pt-BR","url":"https:\/\/blog.panrotas.com.br\/semreserva\/wp-content\/uploads\/sites\/5\/2020\/06\/logo.png","contentUrl":"https:\/\/blog.panrotas.com.br\/semreserva\/wp-content\/uploads\/sites\/5\/2020\/06\/logo.png","width":259,"height":53,"caption":"Sem Reserva - Blog no Portal PANROTAS"},"image":{"@id":"http:\/\/blog.panrotas.com.br\/semreserva\/#logo"}},{"@type":"WebSite","@id":"http:\/\/blog.panrotas.com.br\/semreserva\/#website","url":"http:\/\/blog.panrotas.com.br\/semreserva\/","name":"Sem reserva","description":"Blogosfera PANROTAS","publisher":{"@id":"http:\/\/blog.panrotas.com.br\/semreserva\/#organization"},"potentialAction":[{"@type":"SearchAction","target":{"@type":"EntryPoint","urlTemplate":"http:\/\/blog.panrotas.com.br\/semreserva\/?s={search_term_string}"},"query-input":"required name=search_term_string"}],"inLanguage":"pt-BR"},{"@type":"WebPage","@id":"https:\/\/blog.panrotas.com.br\/semreserva\/eleicao-no-tapetao\/16-04-2014\/#webpage","url":"https:\/\/blog.panrotas.com.br\/semreserva\/eleicao-no-tapetao\/16-04-2014\/","name":"ELEI\u00c7\u00c3O NO TAPET\u00c3O? -","isPartOf":{"@id":"http:\/\/blog.panrotas.com.br\/semreserva\/#website"},"datePublished":"2014-04-16T14:38:28+00:00","dateModified":"2014-04-16T14:38:28+00:00","description":"ELEI\u00c7\u00c3O NO TAPET\u00c3O?. Confira essa Mat\u00e9ria no Canal Sem reserva. \u27a4 Projeto em parceria com a PANROTAS.","breadcrumb":{"@id":"https:\/\/blog.panrotas.com.br\/semreserva\/eleicao-no-tapetao\/16-04-2014\/#breadcrumb"},"inLanguage":"pt-BR","potentialAction":[{"@type":"ReadAction","target":["https:\/\/blog.panrotas.com.br\/semreserva\/eleicao-no-tapetao\/16-04-2014\/"]}]},{"@type":"BreadcrumbList","@id":"https:\/\/blog.panrotas.com.br\/semreserva\/eleicao-no-tapetao\/16-04-2014\/#breadcrumb","itemListElement":[{"@type":"ListItem","position":1,"name":"Home do Blog","item":"http:\/\/blog.panrotas.com.br\/semreserva\/"},{"@type":"ListItem","position":2,"name":"Dia a dia","item":"https:\/\/blog.panrotas.com.br\/semreserva\/category\/dia-a-dia\/"},{"@type":"ListItem","position":3,"name":"ELEI\u00c7\u00c3O NO TAPET\u00c3O?"}]},{"@type":"Article","@id":"https:\/\/blog.panrotas.com.br\/semreserva\/eleicao-no-tapetao\/16-04-2014\/#article","isPartOf":{"@id":"https:\/\/blog.panrotas.com.br\/semreserva\/eleicao-no-tapetao\/16-04-2014\/#webpage"},"author":{"@id":"http:\/\/blog.panrotas.com.br\/semreserva\/#\/schema\/person\/c93b4555f6a497d2d83c25dcb80f61ed"},"headline":"ELEI\u00c7\u00c3O NO TAPET\u00c3O?","datePublished":"2014-04-16T14:38:28+00:00","dateModified":"2014-04-16T14:38:28+00:00","mainEntityOfPage":{"@id":"https:\/\/blog.panrotas.com.br\/semreserva\/eleicao-no-tapetao\/16-04-2014\/#webpage"},"wordCount":335,"commentCount":0,"publisher":{"@id":"http:\/\/blog.panrotas.com.br\/semreserva\/#organization"},"articleSection":["Dia a dia"],"inLanguage":"pt-BR","potentialAction":[{"@type":"CommentAction","name":"Comment","target":["https:\/\/blog.panrotas.com.br\/semreserva\/eleicao-no-tapetao\/16-04-2014\/#respond"]}]},{"@type":"Person","@id":"http:\/\/blog.panrotas.com.br\/semreserva\/#\/schema\/person\/c93b4555f6a497d2d83c25dcb80f61ed","name":"Artur Andrade","image":{"@type":"ImageObject","@id":"http:\/\/blog.panrotas.com.br\/semreserva\/#personlogo","inLanguage":"pt-BR","url":"https:\/\/secure.gravatar.com\/avatar\/a94564d630220cefd5c82f3452ac1ef4?s=96&d=mm&r=g","contentUrl":"https:\/\/secure.gravatar.com\/avatar\/a94564d630220cefd5c82f3452ac1ef4?s=96&d=mm&r=g","caption":"Artur Andrade"},"description":"Artur Luiz Andrade \u00e9 carioca, taurino, jornalista e nasceu em 1969. \u00c9 editor-chefe da PANROTAS Editora e mora em S\u00e3o Paulo desde 1998","sameAs":["http:\/\/www.panrotas.com.br"]}]}},"jetpack_featured_media_url":"","jetpack_shortlink":"https:\/\/wp.me\/p7idIU-11y","_links":{"self":[{"href":"https:\/\/blog.panrotas.com.br\/semreserva\/wp-json\/wp\/v2\/posts\/3940"}],"collection":[{"href":"https:\/\/blog.panrotas.com.br\/semreserva\/wp-json\/wp\/v2\/posts"}],"about":[{"href":"https:\/\/blog.panrotas.com.br\/semreserva\/wp-json\/wp\/v2\/types\/post"}],"author":[{"embeddable":true,"href":"https:\/\/blog.panrotas.com.br\/semreserva\/wp-json\/wp\/v2\/users\/7"}],"replies":[{"embeddable":true,"href":"https:\/\/blog.panrotas.com.br\/semreserva\/wp-json\/wp\/v2\/comments?post=3940"}],"version-history":[{"count":0,"href":"https:\/\/blog.panrotas.com.br\/semreserva\/wp-json\/wp\/v2\/posts\/3940\/revisions"}],"wp:attachment":[{"href":"https:\/\/blog.panrotas.com.br\/semreserva\/wp-json\/wp\/v2\/media?parent=3940"}],"wp:term":[{"taxonomy":"category","embeddable":true,"href":"https:\/\/blog.panrotas.com.br\/semreserva\/wp-json\/wp\/v2\/categories?post=3940"},{"taxonomy":"post_tag","embeddable":true,"href":"https:\/\/blog.panrotas.com.br\/semreserva\/wp-json\/wp\/v2\/tags?post=3940"}],"curies":[{"name":"wp","href":"https:\/\/api.w.org\/{rel}","templated":true}]}}