{"id":3960,"date":"2014-04-24T11:59:02","date_gmt":"2014-04-24T14:59:02","guid":{"rendered":"http:\/\/blog.panrotas.com.br\/semreserva\/?p=3960"},"modified":"2014-04-24T11:59:02","modified_gmt":"2014-04-24T14:59:02","slug":"alatur-e-abracorp-selam-a-paz","status":"publish","type":"post","link":"https:\/\/blog.panrotas.com.br\/semreserva\/alatur-e-abracorp-selam-a-paz\/24-04-2014\/","title":{"rendered":"ALATUR E ABRACORP SELAM A PAZ"},"content":{"rendered":"<p>At\u00e9 o momento, a Alagev n\u00e3o recebeu qualquer pedido de desligamento de associados TMCs, como retalia\u00e7\u00e3o \u00e0 elei\u00e7\u00e3o de um diretor de TMC, Eduardo Mudad, da Alatur, como presidente.<\/p>\n<p>Na Abracorp, nada mudou tamb\u00e9m. Vejam a foto abaixo. Vit\u00f3ria da diplomacia de Edmar Bull. \u00a0A Alatur, que j\u00e1 havia decidido deixar a entidade, optou por ficar.<\/p>\n<p>Hoje pela manh\u00e3 houve reuni\u00e3o da Abracorp e, segundo as primeiras informa\u00e7\u00f5es que chegam, tudo segue como antes&#8230; A Abracorp decidiu, sabiamente, n\u00e3o se meter em assuntos internos de outras entidades&#8230; J\u00e1 pensou se fosse o contr\u00e1rio e a moda pegasse???? Eu n\u00e3o quero nem pensar&#8230;<\/p>\n<figure id=\"attachment_3965\" aria-describedby=\"caption-attachment-3965\" style=\"width: 440px\" class=\"wp-caption alignnone\"><a href=\"http:\/\/panrotas.blog.br\/semreserva\/wp-content\/uploads\/sites\/5\/2014\/04\/balsamaoEDMAR240414-BLOG.jpg\"><img loading=\"lazy\" class=\"size-full wp-image-3965\" alt=\"Marcos Balsam\u00e3o, da Alatur, com o presidente da Abracorp, Edmar Bull\" src=\"http:\/\/panrotas.blog.br\/semreserva\/wp-content\/uploads\/sites\/5\/2014\/04\/balsamaoEDMAR240414-BLOG.jpg\" width=\"440\" height=\"330\" srcset=\"https:\/\/blog.panrotas.com.br\/semreserva\/wp-content\/uploads\/sites\/5\/2014\/04\/balsamaoEDMAR240414-BLOG.jpg 440w, https:\/\/blog.panrotas.com.br\/semreserva\/wp-content\/uploads\/sites\/5\/2014\/04\/balsamaoEDMAR240414-BLOG-300x225.jpg 300w\" sizes=\"(max-width: 440px) 100vw, 440px\" \/><\/a><figcaption id=\"caption-attachment-3965\" class=\"wp-caption-text\">Marcos Balsam\u00e3o, da Alatur, com o presidente da Abracorp, Edmar Bull<\/figcaption><\/figure>\n","protected":false},"excerpt":{"rendered":"<p>At\u00e9 o momento, a Alagev n\u00e3o recebeu qualquer pedido de desligamento de associados TMCs, como retalia\u00e7\u00e3o \u00e0 elei\u00e7\u00e3o de um diretor de TMC, Eduardo Mudad, da Alatur, como presidente. Na Abracorp, nada mudou tamb\u00e9m. Vejam a foto abaixo. Vit\u00f3ria da diplomacia de Edmar Bull. \u00a0A Alatur, que j\u00e1 havia decidido deixar a entidade, optou por [&hellip;]<\/p>\n","protected":false},"author":7,"featured_media":0,"comment_status":"open","ping_status":"open","sticky":false,"template":"","format":"standard","meta":{"spay_email":""},"categories":[2],"tags":[],"yoast_head":"<!-- This site is optimized with the Yoast SEO plugin v17.3 - https:\/\/yoast.com\/wordpress\/plugins\/seo\/ -->\n<title>ALATUR E ABRACORP SELAM A PAZ -<\/title>\n<meta name=\"description\" content=\"ALATUR E ABRACORP SELAM A PAZ. Confira essa Mat\u00e9ria no Canal Sem reserva. \u27a4 Projeto em parceria com a PANROTAS.\" \/>\n<meta name=\"robots\" content=\"index, follow, max-snippet:-1, max-image-preview:large, max-video-preview:-1\" \/>\n<link rel=\"canonical\" href=\"https:\/\/blog.panrotas.com.br\/semreserva\/alatur-e-abracorp-selam-a-paz\/24-04-2014\/\" \/>\n<meta property=\"og:locale\" content=\"pt_BR\" \/>\n<meta property=\"og:type\" content=\"article\" \/>\n<meta property=\"og:title\" content=\"ALATUR E ABRACORP SELAM A PAZ -\" \/>\n<meta property=\"og:description\" content=\"ALATUR E ABRACORP SELAM A PAZ. Confira essa Mat\u00e9ria no Canal Sem reserva. \u27a4 Projeto em parceria com a PANROTAS.\" \/>\n<meta property=\"og:url\" content=\"https:\/\/blog.panrotas.com.br\/semreserva\/alatur-e-abracorp-selam-a-paz\/24-04-2014\/\" \/>\n<meta property=\"og:site_name\" content=\"Sem reserva\" \/>\n<meta property=\"article:publisher\" content=\"https:\/\/www.facebook.com\/portalpanrotas\/\" \/>\n<meta property=\"article:published_time\" content=\"2014-04-24T14:59:02+00:00\" \/>\n<meta property=\"og:image\" content=\"http:\/\/panrotas.blog.br\/semreserva\/wp-content\/uploads\/sites\/5\/2014\/04\/balsamaoEDMAR240414-BLOG.jpg\" \/>\n<meta name=\"twitter:card\" content=\"summary_large_image\" \/>\n<meta name=\"twitter:creator\" content=\"@portalpanrotas\" \/>\n<meta name=\"twitter:site\" content=\"@portalpanrotas\" \/>\n<meta name=\"twitter:label1\" content=\"Escrito por\" \/>\n\t<meta name=\"twitter:data1\" content=\"Artur Andrade\" \/>\n\t<meta name=\"twitter:label2\" content=\"Est. tempo de leitura\" \/>\n\t<meta name=\"twitter:data2\" content=\"1 minuto\" \/>\n<script type=\"application\/ld+json\" class=\"yoast-schema-graph\">{\"@context\":\"https:\/\/schema.org\",\"@graph\":[{\"@type\":\"Organization\",\"@id\":\"http:\/\/blog.panrotas.com.br\/semreserva\/#organization\",\"name\":\"Sem Reserva - Blog no Portal PANROTAS\",\"url\":\"http:\/\/blog.panrotas.com.br\/semreserva\/\",\"sameAs\":[\"https:\/\/www.facebook.com\/portalpanrotas\/\",\"https:\/\/www.instagram.com\/portalpanrotas\/\",\"https:\/\/br.linkedin.com\/company\/panrotas\",\"https:\/\/www.youtube.com\/tvpanrotas\",\"https:\/\/twitter.com\/portalpanrotas\"],\"logo\":{\"@type\":\"ImageObject\",\"@id\":\"http:\/\/blog.panrotas.com.br\/semreserva\/#logo\",\"inLanguage\":\"pt-BR\",\"url\":\"https:\/\/blog.panrotas.com.br\/semreserva\/wp-content\/uploads\/sites\/5\/2020\/06\/logo.png\",\"contentUrl\":\"https:\/\/blog.panrotas.com.br\/semreserva\/wp-content\/uploads\/sites\/5\/2020\/06\/logo.png\",\"width\":259,\"height\":53,\"caption\":\"Sem Reserva - Blog no Portal PANROTAS\"},\"image\":{\"@id\":\"http:\/\/blog.panrotas.com.br\/semreserva\/#logo\"}},{\"@type\":\"WebSite\",\"@id\":\"http:\/\/blog.panrotas.com.br\/semreserva\/#website\",\"url\":\"http:\/\/blog.panrotas.com.br\/semreserva\/\",\"name\":\"Sem reserva\",\"description\":\"Blogosfera PANROTAS\",\"publisher\":{\"@id\":\"http:\/\/blog.panrotas.com.br\/semreserva\/#organization\"},\"potentialAction\":[{\"@type\":\"SearchAction\",\"target\":{\"@type\":\"EntryPoint\",\"urlTemplate\":\"http:\/\/blog.panrotas.com.br\/semreserva\/?s={search_term_string}\"},\"query-input\":\"required name=search_term_string\"}],\"inLanguage\":\"pt-BR\"},{\"@type\":\"ImageObject\",\"@id\":\"https:\/\/blog.panrotas.com.br\/semreserva\/alatur-e-abracorp-selam-a-paz\/24-04-2014\/#primaryimage\",\"inLanguage\":\"pt-BR\",\"url\":\"http:\/\/panrotas.blog.br\/semreserva\/wp-content\/uploads\/sites\/5\/2014\/04\/balsamaoEDMAR240414-BLOG.jpg\",\"contentUrl\":\"http:\/\/panrotas.blog.br\/semreserva\/wp-content\/uploads\/sites\/5\/2014\/04\/balsamaoEDMAR240414-BLOG.jpg\"},{\"@type\":\"WebPage\",\"@id\":\"https:\/\/blog.panrotas.com.br\/semreserva\/alatur-e-abracorp-selam-a-paz\/24-04-2014\/#webpage\",\"url\":\"https:\/\/blog.panrotas.com.br\/semreserva\/alatur-e-abracorp-selam-a-paz\/24-04-2014\/\",\"name\":\"ALATUR E ABRACORP SELAM A PAZ -\",\"isPartOf\":{\"@id\":\"http:\/\/blog.panrotas.com.br\/semreserva\/#website\"},\"primaryImageOfPage\":{\"@id\":\"https:\/\/blog.panrotas.com.br\/semreserva\/alatur-e-abracorp-selam-a-paz\/24-04-2014\/#primaryimage\"},\"datePublished\":\"2014-04-24T14:59:02+00:00\",\"dateModified\":\"2014-04-24T14:59:02+00:00\",\"description\":\"ALATUR E ABRACORP SELAM A PAZ. Confira essa Mat\\u00e9ria no Canal Sem reserva. \\u27a4 Projeto em parceria com a PANROTAS.\",\"breadcrumb\":{\"@id\":\"https:\/\/blog.panrotas.com.br\/semreserva\/alatur-e-abracorp-selam-a-paz\/24-04-2014\/#breadcrumb\"},\"inLanguage\":\"pt-BR\",\"potentialAction\":[{\"@type\":\"ReadAction\",\"target\":[\"https:\/\/blog.panrotas.com.br\/semreserva\/alatur-e-abracorp-selam-a-paz\/24-04-2014\/\"]}]},{\"@type\":\"BreadcrumbList\",\"@id\":\"https:\/\/blog.panrotas.com.br\/semreserva\/alatur-e-abracorp-selam-a-paz\/24-04-2014\/#breadcrumb\",\"itemListElement\":[{\"@type\":\"ListItem\",\"position\":1,\"name\":\"Home do Blog\",\"item\":\"http:\/\/blog.panrotas.com.br\/semreserva\/\"},{\"@type\":\"ListItem\",\"position\":2,\"name\":\"Dia a dia\",\"item\":\"https:\/\/blog.panrotas.com.br\/semreserva\/category\/dia-a-dia\/\"},{\"@type\":\"ListItem\",\"position\":3,\"name\":\"ALATUR E ABRACORP SELAM A PAZ\"}]},{\"@type\":\"Article\",\"@id\":\"https:\/\/blog.panrotas.com.br\/semreserva\/alatur-e-abracorp-selam-a-paz\/24-04-2014\/#article\",\"isPartOf\":{\"@id\":\"https:\/\/blog.panrotas.com.br\/semreserva\/alatur-e-abracorp-selam-a-paz\/24-04-2014\/#webpage\"},\"author\":{\"@id\":\"http:\/\/blog.panrotas.com.br\/semreserva\/#\/schema\/person\/c93b4555f6a497d2d83c25dcb80f61ed\"},\"headline\":\"ALATUR E ABRACORP SELAM A PAZ\",\"datePublished\":\"2014-04-24T14:59:02+00:00\",\"dateModified\":\"2014-04-24T14:59:02+00:00\",\"mainEntityOfPage\":{\"@id\":\"https:\/\/blog.panrotas.com.br\/semreserva\/alatur-e-abracorp-selam-a-paz\/24-04-2014\/#webpage\"},\"wordCount\":136,\"commentCount\":0,\"publisher\":{\"@id\":\"http:\/\/blog.panrotas.com.br\/semreserva\/#organization\"},\"image\":{\"@id\":\"https:\/\/blog.panrotas.com.br\/semreserva\/alatur-e-abracorp-selam-a-paz\/24-04-2014\/#primaryimage\"},\"thumbnailUrl\":\"http:\/\/panrotas.blog.br\/semreserva\/wp-content\/uploads\/sites\/5\/2014\/04\/balsamaoEDMAR240414-BLOG.jpg\",\"articleSection\":[\"Dia a dia\"],\"inLanguage\":\"pt-BR\",\"potentialAction\":[{\"@type\":\"CommentAction\",\"name\":\"Comment\",\"target\":[\"https:\/\/blog.panrotas.com.br\/semreserva\/alatur-e-abracorp-selam-a-paz\/24-04-2014\/#respond\"]}]},{\"@type\":\"Person\",\"@id\":\"http:\/\/blog.panrotas.com.br\/semreserva\/#\/schema\/person\/c93b4555f6a497d2d83c25dcb80f61ed\",\"name\":\"Artur Andrade\",\"image\":{\"@type\":\"ImageObject\",\"@id\":\"http:\/\/blog.panrotas.com.br\/semreserva\/#personlogo\",\"inLanguage\":\"pt-BR\",\"url\":\"https:\/\/secure.gravatar.com\/avatar\/a94564d630220cefd5c82f3452ac1ef4?s=96&d=mm&r=g\",\"contentUrl\":\"https:\/\/secure.gravatar.com\/avatar\/a94564d630220cefd5c82f3452ac1ef4?s=96&d=mm&r=g\",\"caption\":\"Artur Andrade\"},\"description\":\"Artur Luiz Andrade \\u00e9 carioca, taurino, jornalista e nasceu em 1969. \\u00c9 editor-chefe da PANROTAS Editora e mora em S\\u00e3o Paulo desde 1998\",\"sameAs\":[\"http:\/\/www.panrotas.com.br\"]}]}<\/script>\n<!-- \/ Yoast SEO plugin. -->","yoast_head_json":{"title":"ALATUR E ABRACORP SELAM A PAZ -","description":"ALATUR E ABRACORP SELAM A PAZ. Confira essa Mat\u00e9ria no Canal Sem reserva. \u27a4 Projeto em parceria com a PANROTAS.","robots":{"index":"index","follow":"follow","max-snippet":"max-snippet:-1","max-image-preview":"max-image-preview:large","max-video-preview":"max-video-preview:-1"},"canonical":"https:\/\/blog.panrotas.com.br\/semreserva\/alatur-e-abracorp-selam-a-paz\/24-04-2014\/","og_locale":"pt_BR","og_type":"article","og_title":"ALATUR E ABRACORP SELAM A PAZ -","og_description":"ALATUR E ABRACORP SELAM A PAZ. Confira essa Mat\u00e9ria no Canal Sem reserva. \u27a4 Projeto em parceria com a PANROTAS.","og_url":"https:\/\/blog.panrotas.com.br\/semreserva\/alatur-e-abracorp-selam-a-paz\/24-04-2014\/","og_site_name":"Sem reserva","article_publisher":"https:\/\/www.facebook.com\/portalpanrotas\/","article_published_time":"2014-04-24T14:59:02+00:00","og_image":[{"url":"http:\/\/panrotas.blog.br\/semreserva\/wp-content\/uploads\/sites\/5\/2014\/04\/balsamaoEDMAR240414-BLOG.jpg"}],"twitter_card":"summary_large_image","twitter_creator":"@portalpanrotas","twitter_site":"@portalpanrotas","twitter_misc":{"Escrito por":"Artur Andrade","Est. tempo de leitura":"1 minuto"},"schema":{"@context":"https:\/\/schema.org","@graph":[{"@type":"Organization","@id":"http:\/\/blog.panrotas.com.br\/semreserva\/#organization","name":"Sem Reserva - Blog no Portal PANROTAS","url":"http:\/\/blog.panrotas.com.br\/semreserva\/","sameAs":["https:\/\/www.facebook.com\/portalpanrotas\/","https:\/\/www.instagram.com\/portalpanrotas\/","https:\/\/br.linkedin.com\/company\/panrotas","https:\/\/www.youtube.com\/tvpanrotas","https:\/\/twitter.com\/portalpanrotas"],"logo":{"@type":"ImageObject","@id":"http:\/\/blog.panrotas.com.br\/semreserva\/#logo","inLanguage":"pt-BR","url":"https:\/\/blog.panrotas.com.br\/semreserva\/wp-content\/uploads\/sites\/5\/2020\/06\/logo.png","contentUrl":"https:\/\/blog.panrotas.com.br\/semreserva\/wp-content\/uploads\/sites\/5\/2020\/06\/logo.png","width":259,"height":53,"caption":"Sem Reserva - Blog no Portal PANROTAS"},"image":{"@id":"http:\/\/blog.panrotas.com.br\/semreserva\/#logo"}},{"@type":"WebSite","@id":"http:\/\/blog.panrotas.com.br\/semreserva\/#website","url":"http:\/\/blog.panrotas.com.br\/semreserva\/","name":"Sem reserva","description":"Blogosfera PANROTAS","publisher":{"@id":"http:\/\/blog.panrotas.com.br\/semreserva\/#organization"},"potentialAction":[{"@type":"SearchAction","target":{"@type":"EntryPoint","urlTemplate":"http:\/\/blog.panrotas.com.br\/semreserva\/?s={search_term_string}"},"query-input":"required name=search_term_string"}],"inLanguage":"pt-BR"},{"@type":"ImageObject","@id":"https:\/\/blog.panrotas.com.br\/semreserva\/alatur-e-abracorp-selam-a-paz\/24-04-2014\/#primaryimage","inLanguage":"pt-BR","url":"http:\/\/panrotas.blog.br\/semreserva\/wp-content\/uploads\/sites\/5\/2014\/04\/balsamaoEDMAR240414-BLOG.jpg","contentUrl":"http:\/\/panrotas.blog.br\/semreserva\/wp-content\/uploads\/sites\/5\/2014\/04\/balsamaoEDMAR240414-BLOG.jpg"},{"@type":"WebPage","@id":"https:\/\/blog.panrotas.com.br\/semreserva\/alatur-e-abracorp-selam-a-paz\/24-04-2014\/#webpage","url":"https:\/\/blog.panrotas.com.br\/semreserva\/alatur-e-abracorp-selam-a-paz\/24-04-2014\/","name":"ALATUR E ABRACORP SELAM A PAZ -","isPartOf":{"@id":"http:\/\/blog.panrotas.com.br\/semreserva\/#website"},"primaryImageOfPage":{"@id":"https:\/\/blog.panrotas.com.br\/semreserva\/alatur-e-abracorp-selam-a-paz\/24-04-2014\/#primaryimage"},"datePublished":"2014-04-24T14:59:02+00:00","dateModified":"2014-04-24T14:59:02+00:00","description":"ALATUR E ABRACORP SELAM A PAZ. Confira essa Mat\u00e9ria no Canal Sem reserva. \u27a4 Projeto em parceria com a PANROTAS.","breadcrumb":{"@id":"https:\/\/blog.panrotas.com.br\/semreserva\/alatur-e-abracorp-selam-a-paz\/24-04-2014\/#breadcrumb"},"inLanguage":"pt-BR","potentialAction":[{"@type":"ReadAction","target":["https:\/\/blog.panrotas.com.br\/semreserva\/alatur-e-abracorp-selam-a-paz\/24-04-2014\/"]}]},{"@type":"BreadcrumbList","@id":"https:\/\/blog.panrotas.com.br\/semreserva\/alatur-e-abracorp-selam-a-paz\/24-04-2014\/#breadcrumb","itemListElement":[{"@type":"ListItem","position":1,"name":"Home do Blog","item":"http:\/\/blog.panrotas.com.br\/semreserva\/"},{"@type":"ListItem","position":2,"name":"Dia a dia","item":"https:\/\/blog.panrotas.com.br\/semreserva\/category\/dia-a-dia\/"},{"@type":"ListItem","position":3,"name":"ALATUR E ABRACORP SELAM A PAZ"}]},{"@type":"Article","@id":"https:\/\/blog.panrotas.com.br\/semreserva\/alatur-e-abracorp-selam-a-paz\/24-04-2014\/#article","isPartOf":{"@id":"https:\/\/blog.panrotas.com.br\/semreserva\/alatur-e-abracorp-selam-a-paz\/24-04-2014\/#webpage"},"author":{"@id":"http:\/\/blog.panrotas.com.br\/semreserva\/#\/schema\/person\/c93b4555f6a497d2d83c25dcb80f61ed"},"headline":"ALATUR E ABRACORP SELAM A PAZ","datePublished":"2014-04-24T14:59:02+00:00","dateModified":"2014-04-24T14:59:02+00:00","mainEntityOfPage":{"@id":"https:\/\/blog.panrotas.com.br\/semreserva\/alatur-e-abracorp-selam-a-paz\/24-04-2014\/#webpage"},"wordCount":136,"commentCount":0,"publisher":{"@id":"http:\/\/blog.panrotas.com.br\/semreserva\/#organization"},"image":{"@id":"https:\/\/blog.panrotas.com.br\/semreserva\/alatur-e-abracorp-selam-a-paz\/24-04-2014\/#primaryimage"},"thumbnailUrl":"http:\/\/panrotas.blog.br\/semreserva\/wp-content\/uploads\/sites\/5\/2014\/04\/balsamaoEDMAR240414-BLOG.jpg","articleSection":["Dia a dia"],"inLanguage":"pt-BR","potentialAction":[{"@type":"CommentAction","name":"Comment","target":["https:\/\/blog.panrotas.com.br\/semreserva\/alatur-e-abracorp-selam-a-paz\/24-04-2014\/#respond"]}]},{"@type":"Person","@id":"http:\/\/blog.panrotas.com.br\/semreserva\/#\/schema\/person\/c93b4555f6a497d2d83c25dcb80f61ed","name":"Artur Andrade","image":{"@type":"ImageObject","@id":"http:\/\/blog.panrotas.com.br\/semreserva\/#personlogo","inLanguage":"pt-BR","url":"https:\/\/secure.gravatar.com\/avatar\/a94564d630220cefd5c82f3452ac1ef4?s=96&d=mm&r=g","contentUrl":"https:\/\/secure.gravatar.com\/avatar\/a94564d630220cefd5c82f3452ac1ef4?s=96&d=mm&r=g","caption":"Artur Andrade"},"description":"Artur Luiz Andrade \u00e9 carioca, taurino, jornalista e nasceu em 1969. \u00c9 editor-chefe da PANROTAS Editora e mora em S\u00e3o Paulo desde 1998","sameAs":["http:\/\/www.panrotas.com.br"]}]}},"jetpack_featured_media_url":"","jetpack_shortlink":"https:\/\/wp.me\/p7idIU-11S","_links":{"self":[{"href":"https:\/\/blog.panrotas.com.br\/semreserva\/wp-json\/wp\/v2\/posts\/3960"}],"collection":[{"href":"https:\/\/blog.panrotas.com.br\/semreserva\/wp-json\/wp\/v2\/posts"}],"about":[{"href":"https:\/\/blog.panrotas.com.br\/semreserva\/wp-json\/wp\/v2\/types\/post"}],"author":[{"embeddable":true,"href":"https:\/\/blog.panrotas.com.br\/semreserva\/wp-json\/wp\/v2\/users\/7"}],"replies":[{"embeddable":true,"href":"https:\/\/blog.panrotas.com.br\/semreserva\/wp-json\/wp\/v2\/comments?post=3960"}],"version-history":[{"count":0,"href":"https:\/\/blog.panrotas.com.br\/semreserva\/wp-json\/wp\/v2\/posts\/3960\/revisions"}],"wp:attachment":[{"href":"https:\/\/blog.panrotas.com.br\/semreserva\/wp-json\/wp\/v2\/media?parent=3960"}],"wp:term":[{"taxonomy":"category","embeddable":true,"href":"https:\/\/blog.panrotas.com.br\/semreserva\/wp-json\/wp\/v2\/categories?post=3960"},{"taxonomy":"post_tag","embeddable":true,"href":"https:\/\/blog.panrotas.com.br\/semreserva\/wp-json\/wp\/v2\/tags?post=3960"}],"curies":[{"name":"wp","href":"https:\/\/api.w.org\/{rel}","templated":true}]}}