{"id":4025,"date":"2014-05-31T15:36:49","date_gmt":"2014-05-31T18:36:49","guid":{"rendered":"http:\/\/blog.panrotas.com.br\/semreserva\/?p=4025"},"modified":"2014-05-31T15:36:49","modified_gmt":"2014-05-31T18:36:49","slug":"futurismos","status":"publish","type":"post","link":"https:\/\/blog.panrotas.com.br\/semreserva\/futurismos\/31-05-2014\/","title":{"rendered":"Futurismos"},"content":{"rendered":"<p>Eu prevejo medo.<\/p>\n<p>E tamb\u00e9m saudades daqueles tempos&#8230; que a mem\u00f3ria ajudou a criar e aperfei\u00e7oar. Nem lembramos das imperfei\u00e7\u00f5ezinhas. Mas temos sa\u00fades pat\u00e9ticas. Esque\u00e7amos isso.<\/p>\n<p>Eu prevejo que cada um agarrar\u00e1 a ideia de futuro que mais se aproxime das conquistas de hoje. E h\u00e1 os que morrer\u00e3o abra\u00e7ados a elas. Agarrados como lagartixas esmagadas contra a parede. Po\u00e9tico&#8230;pat\u00e9tico. \u00c9 assim mesmo. Esque\u00e7amos isso.<\/p>\n<p>Eu prevejo futuristas ganhando dinheiro para dizer que mudan\u00e7as vir\u00e3o e como isso aconteceu com os dinossauros. Mas eles n\u00e3o estar\u00e3o aqui para tirarmos tudo a limpo. Nem n\u00f3s.<\/p>\n<p>Mas n\u00e3o vejo qualquer um deles (qualquer um mesmo \u2013 do pastor ao Harvard man) falando de como n\u00f3s humanos n\u00e3o mudaremos. N\u00e3o evoluiremos em emo\u00e7\u00f5es, a\u00e7\u00f5es para n\u00e3o nos destruirmos, julgamentos isentos, melhor divis\u00e3o para a salva\u00e7\u00e3o do planeta. Continuaremos nos dividindo entre o amor e o \u00f3dio.<\/p>\n<p>Um futurista me chamou aten\u00e7\u00e3o que dois bilh\u00f5es de pessoas ainda n\u00e3o t\u00eam uma fonte de energia el\u00e9trica sustent\u00e1vel e sustentada. Vivem nas trevas? Talvez sim, talvez n\u00e3o. Mas h\u00e1 um futuro que n\u00e3o chegou at\u00e9 eles. Isso \u00e9 tecnologia? N\u00e3o. Apenas a maldade que toma o cora\u00e7\u00e3o dos homens. Isso \u00e9 vista grossa. Isso \u00e9 pol\u00edtica suja. Isso \u00e9 a elite se lixando para a \u00c1frica. Isso sou eu digitando palavras tolas em meu notebook last generation. E anda beberico algo. Pat\u00e9tico.<\/p>\n<p>Eu prevejo um futuro como no filme Ela. E o futuro depois do futuro (ou da morte) como Star Wars. A luta do bem contra o mal. O lado negro da for\u00e7a mostrar\u00e1 de vez a sua cara. Quem estar\u00e1 atr\u00e1s da m\u00e1scara?<\/p>\n<p>Eu prevejo mais pessoas carentes e nada que a tecnologia possa fazer. Assim, novos tipos de rela\u00e7\u00e3o nascer\u00e3o, at\u00e9 que entremos, n\u00f3s, os que nascemos nesse mundo de transi\u00e7\u00e3o (onde todos s\u00e3o futuristas e t\u00eam raz\u00e3o), entremos para a hist\u00f3ria \u2013 talvez mere\u00e7amos uma nota de rodap\u00e9, um par\u00e1grafo ou o papel de Judas de nossa era. Tra\u00edmos a n\u00f3s mesmos para a hist\u00f3ria seguir adiante. E nada de julgar as novas rela\u00e7\u00f5es. N\u00e3o a entenderemos, n\u00e3o a vivenciaremos. E esperamos que nenhum de voc\u00eas passe dos 100. Ou ter\u00e3o dificuldades em apenas respirar.<\/p>\n<p>Consigo prever sorrisos constrangidos, de canto de boca&#8230; A liberdade de se trancar em si mesmo e, mesmo assim, ser devassado e julgado&#8230; talvez linchado. E a liberdade de mudar? De resistir? Mais uma par\u00e1grafo para a hist\u00f3ria do fim daquilo que conhecemos e acreditamos ser o melhor. Melhor para quem, Bozo? Tira essa peruca vermelha rid\u00edcula e pare de julgar quem s\u00f3 quer ser aceito. E sobreviver ao que fizemos com nossa era.<\/p>\n<p>Prevejo amor e \u00f3dio extremos. Punhaladas e palavras daninhas. Roubo e viola\u00e7\u00f5es de direitos. N\u00e3o importa a plataforma. N\u00e3o importa se ningu\u00e9m dirige o carro. N\u00e3o importa que eu tenha um chip um milh\u00e3o de vezes mais poderoso no lugar do c\u00e9rebro. Ainda teremos cora\u00e7\u00e3o \u2013 e n\u00e3o \u00e9 sempre boa not\u00edcia que de l\u00e1 vem. Tentaremos e clamaremos por vingan\u00e7a&#8230;<\/p>\n<p>&#8230; talvez tarde demais. Pois os com chips no lugar do cora\u00e7\u00e3o (sim, as m\u00e1quinas, como nos filmes de science fiction) nos dominar\u00e3o e exterminar\u00e3o. E talvez nem se deem ao trabalho de ler nossos p\u00e9s de p\u00e1gina. (a boa not\u00edcia? A aniquila\u00e7\u00e3o dos pol\u00edticos, que levam metade da culpa desse presente irregular).<\/p>\n<p>S\u00e3o extraterrestres os rob\u00f4s que nos esmagar\u00e3o?<\/p>\n<p>Todos os nossos deuses um dia foram astronautas de planetas em extin\u00e7\u00e3o?<\/p>\n<p>Quem ir\u00e1 prever o futuro do mapa do cora\u00e7\u00e3o humano? E o futuro do beijo? Os futuristas conseguem prever? Ou nem mesmo se lembram do que \u00e9 isso e chegam a ter asco dos l\u00e1bios molhados e eletromagn\u00e9ticos&#8230; nos atraindo como para-raios, como brigadeiro ainda quente na panela, como aquela manh\u00e3 que idealizamos agora que estamos perto do fim.<\/p>\n<p>Eu prevejo o fim do beijo. Como o conhecemos hoje. E que sejam muito felizes os que inventarem a nova forma de \u201cbeijar\u201d. Enquanto isso, beijemos muito.<\/p>\n<p>A n\u00f3s, aqui nessa transi\u00e7\u00e3o, nessa ilha de interroga\u00e7\u00f5es e sabich\u00f5es&#8230; apenas um conselho, sem hashtag, sem likes, sem cora\u00e7\u00e3ozinho vermelho e carinhas chorando de rir: aproveitem bem esses \u00faltimos dias, anos, d\u00e9cadas de beijos. \u00c9 o que nos far\u00e1 lembrar aqueles momentos sem nos deixarmos levar pela fraqueza do saudosismo. E o que nos far\u00e1 pular do abismo (como os velhos naquele filme japon\u00eas) e sair da frente do rolo compressor das novas rela\u00e7\u00f5es.<\/p>\n<p>O nosso tempo \u00e9 hoje. Que o aproveitemos bem. Sem julgar os que est\u00e3o nos chamando de ultrapassados. E se n\u00f3s ainda mandamos, deixemos que vivam. \u00c9 assim que tem de ser.<\/p>\n<p>Aos futuristas&#8230; continuem analisando o passado e chutando como ser\u00e1 o futuro. Ele nunca chegar\u00e1 mesmo.<\/p>\n<p>E para n\u00e3o dizer que estou sendo pessimista, grosseiro, no m\u00ednimo indelicado&#8230; mando um beijo. A quem ainda n\u00e3o estiver com pavor de l\u00e1bios.<\/p>\n<p>&nbsp;<\/p>\n","protected":false},"excerpt":{"rendered":"<p>Eu prevejo medo. E tamb\u00e9m saudades daqueles tempos&#8230; que a mem\u00f3ria ajudou a criar e aperfei\u00e7oar. Nem lembramos das imperfei\u00e7\u00f5ezinhas. Mas temos sa\u00fades pat\u00e9ticas. Esque\u00e7amos isso. Eu prevejo que cada um agarrar\u00e1 a ideia de futuro que mais se aproxime das conquistas de hoje. E h\u00e1 os que morrer\u00e3o abra\u00e7ados a elas. Agarrados como lagartixas [&hellip;]<\/p>\n","protected":false},"author":7,"featured_media":0,"comment_status":"open","ping_status":"open","sticky":false,"template":"","format":"standard","meta":{"spay_email":""},"categories":[2],"tags":[],"yoast_head":"<!-- This site is optimized with the Yoast SEO plugin v17.3 - https:\/\/yoast.com\/wordpress\/plugins\/seo\/ -->\n<title>Futurismos -<\/title>\n<meta name=\"description\" content=\"Futurismos. Confira essa Mat\u00e9ria no Canal Sem reserva. \u27a4 Projeto em parceria com a PANROTAS.\" \/>\n<meta name=\"robots\" content=\"index, follow, max-snippet:-1, max-image-preview:large, max-video-preview:-1\" \/>\n<link rel=\"canonical\" href=\"https:\/\/blog.panrotas.com.br\/semreserva\/futurismos\/31-05-2014\/\" \/>\n<meta property=\"og:locale\" content=\"pt_BR\" \/>\n<meta property=\"og:type\" content=\"article\" \/>\n<meta property=\"og:title\" content=\"Futurismos -\" \/>\n<meta property=\"og:description\" content=\"Futurismos. Confira essa Mat\u00e9ria no Canal Sem reserva. \u27a4 Projeto em parceria com a PANROTAS.\" \/>\n<meta property=\"og:url\" content=\"https:\/\/blog.panrotas.com.br\/semreserva\/futurismos\/31-05-2014\/\" \/>\n<meta property=\"og:site_name\" content=\"Sem reserva\" \/>\n<meta property=\"article:publisher\" content=\"https:\/\/www.facebook.com\/portalpanrotas\/\" \/>\n<meta property=\"article:published_time\" content=\"2014-05-31T18:36:49+00:00\" \/>\n<meta name=\"twitter:card\" content=\"summary_large_image\" \/>\n<meta name=\"twitter:creator\" content=\"@portalpanrotas\" \/>\n<meta name=\"twitter:site\" content=\"@portalpanrotas\" \/>\n<meta name=\"twitter:label1\" content=\"Escrito por\" \/>\n\t<meta name=\"twitter:data1\" content=\"Artur Andrade\" \/>\n\t<meta name=\"twitter:label2\" content=\"Est. tempo de leitura\" \/>\n\t<meta name=\"twitter:data2\" content=\"4 minutos\" \/>\n<script type=\"application\/ld+json\" class=\"yoast-schema-graph\">{\"@context\":\"https:\/\/schema.org\",\"@graph\":[{\"@type\":\"Organization\",\"@id\":\"http:\/\/blog.panrotas.com.br\/semreserva\/#organization\",\"name\":\"Sem Reserva - Blog no Portal PANROTAS\",\"url\":\"http:\/\/blog.panrotas.com.br\/semreserva\/\",\"sameAs\":[\"https:\/\/www.facebook.com\/portalpanrotas\/\",\"https:\/\/www.instagram.com\/portalpanrotas\/\",\"https:\/\/br.linkedin.com\/company\/panrotas\",\"https:\/\/www.youtube.com\/tvpanrotas\",\"https:\/\/twitter.com\/portalpanrotas\"],\"logo\":{\"@type\":\"ImageObject\",\"@id\":\"http:\/\/blog.panrotas.com.br\/semreserva\/#logo\",\"inLanguage\":\"pt-BR\",\"url\":\"https:\/\/blog.panrotas.com.br\/semreserva\/wp-content\/uploads\/sites\/5\/2020\/06\/logo.png\",\"contentUrl\":\"https:\/\/blog.panrotas.com.br\/semreserva\/wp-content\/uploads\/sites\/5\/2020\/06\/logo.png\",\"width\":259,\"height\":53,\"caption\":\"Sem Reserva - Blog no Portal PANROTAS\"},\"image\":{\"@id\":\"http:\/\/blog.panrotas.com.br\/semreserva\/#logo\"}},{\"@type\":\"WebSite\",\"@id\":\"http:\/\/blog.panrotas.com.br\/semreserva\/#website\",\"url\":\"http:\/\/blog.panrotas.com.br\/semreserva\/\",\"name\":\"Sem reserva\",\"description\":\"Blogosfera PANROTAS\",\"publisher\":{\"@id\":\"http:\/\/blog.panrotas.com.br\/semreserva\/#organization\"},\"potentialAction\":[{\"@type\":\"SearchAction\",\"target\":{\"@type\":\"EntryPoint\",\"urlTemplate\":\"http:\/\/blog.panrotas.com.br\/semreserva\/?s={search_term_string}\"},\"query-input\":\"required name=search_term_string\"}],\"inLanguage\":\"pt-BR\"},{\"@type\":\"WebPage\",\"@id\":\"https:\/\/blog.panrotas.com.br\/semreserva\/futurismos\/31-05-2014\/#webpage\",\"url\":\"https:\/\/blog.panrotas.com.br\/semreserva\/futurismos\/31-05-2014\/\",\"name\":\"Futurismos -\",\"isPartOf\":{\"@id\":\"http:\/\/blog.panrotas.com.br\/semreserva\/#website\"},\"datePublished\":\"2014-05-31T18:36:49+00:00\",\"dateModified\":\"2014-05-31T18:36:49+00:00\",\"description\":\"Futurismos. Confira essa Mat\\u00e9ria no Canal Sem reserva. \\u27a4 Projeto em parceria com a PANROTAS.\",\"breadcrumb\":{\"@id\":\"https:\/\/blog.panrotas.com.br\/semreserva\/futurismos\/31-05-2014\/#breadcrumb\"},\"inLanguage\":\"pt-BR\",\"potentialAction\":[{\"@type\":\"ReadAction\",\"target\":[\"https:\/\/blog.panrotas.com.br\/semreserva\/futurismos\/31-05-2014\/\"]}]},{\"@type\":\"BreadcrumbList\",\"@id\":\"https:\/\/blog.panrotas.com.br\/semreserva\/futurismos\/31-05-2014\/#breadcrumb\",\"itemListElement\":[{\"@type\":\"ListItem\",\"position\":1,\"name\":\"Home do Blog\",\"item\":\"http:\/\/blog.panrotas.com.br\/semreserva\/\"},{\"@type\":\"ListItem\",\"position\":2,\"name\":\"Dia a dia\",\"item\":\"https:\/\/blog.panrotas.com.br\/semreserva\/category\/dia-a-dia\/\"},{\"@type\":\"ListItem\",\"position\":3,\"name\":\"Futurismos\"}]},{\"@type\":\"Article\",\"@id\":\"https:\/\/blog.panrotas.com.br\/semreserva\/futurismos\/31-05-2014\/#article\",\"isPartOf\":{\"@id\":\"https:\/\/blog.panrotas.com.br\/semreserva\/futurismos\/31-05-2014\/#webpage\"},\"author\":{\"@id\":\"http:\/\/blog.panrotas.com.br\/semreserva\/#\/schema\/person\/c93b4555f6a497d2d83c25dcb80f61ed\"},\"headline\":\"Futurismos\",\"datePublished\":\"2014-05-31T18:36:49+00:00\",\"dateModified\":\"2014-05-31T18:36:49+00:00\",\"mainEntityOfPage\":{\"@id\":\"https:\/\/blog.panrotas.com.br\/semreserva\/futurismos\/31-05-2014\/#webpage\"},\"wordCount\":894,\"commentCount\":0,\"publisher\":{\"@id\":\"http:\/\/blog.panrotas.com.br\/semreserva\/#organization\"},\"articleSection\":[\"Dia a dia\"],\"inLanguage\":\"pt-BR\",\"potentialAction\":[{\"@type\":\"CommentAction\",\"name\":\"Comment\",\"target\":[\"https:\/\/blog.panrotas.com.br\/semreserva\/futurismos\/31-05-2014\/#respond\"]}]},{\"@type\":\"Person\",\"@id\":\"http:\/\/blog.panrotas.com.br\/semreserva\/#\/schema\/person\/c93b4555f6a497d2d83c25dcb80f61ed\",\"name\":\"Artur Andrade\",\"image\":{\"@type\":\"ImageObject\",\"@id\":\"http:\/\/blog.panrotas.com.br\/semreserva\/#personlogo\",\"inLanguage\":\"pt-BR\",\"url\":\"https:\/\/secure.gravatar.com\/avatar\/a94564d630220cefd5c82f3452ac1ef4?s=96&d=mm&r=g\",\"contentUrl\":\"https:\/\/secure.gravatar.com\/avatar\/a94564d630220cefd5c82f3452ac1ef4?s=96&d=mm&r=g\",\"caption\":\"Artur Andrade\"},\"description\":\"Artur Luiz Andrade \\u00e9 carioca, taurino, jornalista e nasceu em 1969. \\u00c9 editor-chefe da PANROTAS Editora e mora em S\\u00e3o Paulo desde 1998\",\"sameAs\":[\"http:\/\/www.panrotas.com.br\"]}]}<\/script>\n<!-- \/ Yoast SEO plugin. -->","yoast_head_json":{"title":"Futurismos -","description":"Futurismos. Confira essa Mat\u00e9ria no Canal Sem reserva. \u27a4 Projeto em parceria com a PANROTAS.","robots":{"index":"index","follow":"follow","max-snippet":"max-snippet:-1","max-image-preview":"max-image-preview:large","max-video-preview":"max-video-preview:-1"},"canonical":"https:\/\/blog.panrotas.com.br\/semreserva\/futurismos\/31-05-2014\/","og_locale":"pt_BR","og_type":"article","og_title":"Futurismos -","og_description":"Futurismos. Confira essa Mat\u00e9ria no Canal Sem reserva. \u27a4 Projeto em parceria com a PANROTAS.","og_url":"https:\/\/blog.panrotas.com.br\/semreserva\/futurismos\/31-05-2014\/","og_site_name":"Sem reserva","article_publisher":"https:\/\/www.facebook.com\/portalpanrotas\/","article_published_time":"2014-05-31T18:36:49+00:00","twitter_card":"summary_large_image","twitter_creator":"@portalpanrotas","twitter_site":"@portalpanrotas","twitter_misc":{"Escrito por":"Artur Andrade","Est. tempo de leitura":"4 minutos"},"schema":{"@context":"https:\/\/schema.org","@graph":[{"@type":"Organization","@id":"http:\/\/blog.panrotas.com.br\/semreserva\/#organization","name":"Sem Reserva - Blog no Portal PANROTAS","url":"http:\/\/blog.panrotas.com.br\/semreserva\/","sameAs":["https:\/\/www.facebook.com\/portalpanrotas\/","https:\/\/www.instagram.com\/portalpanrotas\/","https:\/\/br.linkedin.com\/company\/panrotas","https:\/\/www.youtube.com\/tvpanrotas","https:\/\/twitter.com\/portalpanrotas"],"logo":{"@type":"ImageObject","@id":"http:\/\/blog.panrotas.com.br\/semreserva\/#logo","inLanguage":"pt-BR","url":"https:\/\/blog.panrotas.com.br\/semreserva\/wp-content\/uploads\/sites\/5\/2020\/06\/logo.png","contentUrl":"https:\/\/blog.panrotas.com.br\/semreserva\/wp-content\/uploads\/sites\/5\/2020\/06\/logo.png","width":259,"height":53,"caption":"Sem Reserva - Blog no Portal PANROTAS"},"image":{"@id":"http:\/\/blog.panrotas.com.br\/semreserva\/#logo"}},{"@type":"WebSite","@id":"http:\/\/blog.panrotas.com.br\/semreserva\/#website","url":"http:\/\/blog.panrotas.com.br\/semreserva\/","name":"Sem reserva","description":"Blogosfera PANROTAS","publisher":{"@id":"http:\/\/blog.panrotas.com.br\/semreserva\/#organization"},"potentialAction":[{"@type":"SearchAction","target":{"@type":"EntryPoint","urlTemplate":"http:\/\/blog.panrotas.com.br\/semreserva\/?s={search_term_string}"},"query-input":"required name=search_term_string"}],"inLanguage":"pt-BR"},{"@type":"WebPage","@id":"https:\/\/blog.panrotas.com.br\/semreserva\/futurismos\/31-05-2014\/#webpage","url":"https:\/\/blog.panrotas.com.br\/semreserva\/futurismos\/31-05-2014\/","name":"Futurismos -","isPartOf":{"@id":"http:\/\/blog.panrotas.com.br\/semreserva\/#website"},"datePublished":"2014-05-31T18:36:49+00:00","dateModified":"2014-05-31T18:36:49+00:00","description":"Futurismos. Confira essa Mat\u00e9ria no Canal Sem reserva. \u27a4 Projeto em parceria com a PANROTAS.","breadcrumb":{"@id":"https:\/\/blog.panrotas.com.br\/semreserva\/futurismos\/31-05-2014\/#breadcrumb"},"inLanguage":"pt-BR","potentialAction":[{"@type":"ReadAction","target":["https:\/\/blog.panrotas.com.br\/semreserva\/futurismos\/31-05-2014\/"]}]},{"@type":"BreadcrumbList","@id":"https:\/\/blog.panrotas.com.br\/semreserva\/futurismos\/31-05-2014\/#breadcrumb","itemListElement":[{"@type":"ListItem","position":1,"name":"Home do Blog","item":"http:\/\/blog.panrotas.com.br\/semreserva\/"},{"@type":"ListItem","position":2,"name":"Dia a dia","item":"https:\/\/blog.panrotas.com.br\/semreserva\/category\/dia-a-dia\/"},{"@type":"ListItem","position":3,"name":"Futurismos"}]},{"@type":"Article","@id":"https:\/\/blog.panrotas.com.br\/semreserva\/futurismos\/31-05-2014\/#article","isPartOf":{"@id":"https:\/\/blog.panrotas.com.br\/semreserva\/futurismos\/31-05-2014\/#webpage"},"author":{"@id":"http:\/\/blog.panrotas.com.br\/semreserva\/#\/schema\/person\/c93b4555f6a497d2d83c25dcb80f61ed"},"headline":"Futurismos","datePublished":"2014-05-31T18:36:49+00:00","dateModified":"2014-05-31T18:36:49+00:00","mainEntityOfPage":{"@id":"https:\/\/blog.panrotas.com.br\/semreserva\/futurismos\/31-05-2014\/#webpage"},"wordCount":894,"commentCount":0,"publisher":{"@id":"http:\/\/blog.panrotas.com.br\/semreserva\/#organization"},"articleSection":["Dia a dia"],"inLanguage":"pt-BR","potentialAction":[{"@type":"CommentAction","name":"Comment","target":["https:\/\/blog.panrotas.com.br\/semreserva\/futurismos\/31-05-2014\/#respond"]}]},{"@type":"Person","@id":"http:\/\/blog.panrotas.com.br\/semreserva\/#\/schema\/person\/c93b4555f6a497d2d83c25dcb80f61ed","name":"Artur Andrade","image":{"@type":"ImageObject","@id":"http:\/\/blog.panrotas.com.br\/semreserva\/#personlogo","inLanguage":"pt-BR","url":"https:\/\/secure.gravatar.com\/avatar\/a94564d630220cefd5c82f3452ac1ef4?s=96&d=mm&r=g","contentUrl":"https:\/\/secure.gravatar.com\/avatar\/a94564d630220cefd5c82f3452ac1ef4?s=96&d=mm&r=g","caption":"Artur Andrade"},"description":"Artur Luiz Andrade \u00e9 carioca, taurino, jornalista e nasceu em 1969. \u00c9 editor-chefe da PANROTAS Editora e mora em S\u00e3o Paulo desde 1998","sameAs":["http:\/\/www.panrotas.com.br"]}]}},"jetpack_featured_media_url":"","jetpack_shortlink":"https:\/\/wp.me\/p7idIU-12V","_links":{"self":[{"href":"https:\/\/blog.panrotas.com.br\/semreserva\/wp-json\/wp\/v2\/posts\/4025"}],"collection":[{"href":"https:\/\/blog.panrotas.com.br\/semreserva\/wp-json\/wp\/v2\/posts"}],"about":[{"href":"https:\/\/blog.panrotas.com.br\/semreserva\/wp-json\/wp\/v2\/types\/post"}],"author":[{"embeddable":true,"href":"https:\/\/blog.panrotas.com.br\/semreserva\/wp-json\/wp\/v2\/users\/7"}],"replies":[{"embeddable":true,"href":"https:\/\/blog.panrotas.com.br\/semreserva\/wp-json\/wp\/v2\/comments?post=4025"}],"version-history":[{"count":0,"href":"https:\/\/blog.panrotas.com.br\/semreserva\/wp-json\/wp\/v2\/posts\/4025\/revisions"}],"wp:attachment":[{"href":"https:\/\/blog.panrotas.com.br\/semreserva\/wp-json\/wp\/v2\/media?parent=4025"}],"wp:term":[{"taxonomy":"category","embeddable":true,"href":"https:\/\/blog.panrotas.com.br\/semreserva\/wp-json\/wp\/v2\/categories?post=4025"},{"taxonomy":"post_tag","embeddable":true,"href":"https:\/\/blog.panrotas.com.br\/semreserva\/wp-json\/wp\/v2\/tags?post=4025"}],"curies":[{"name":"wp","href":"https:\/\/api.w.org\/{rel}","templated":true}]}}