{"id":4027,"date":"2014-06-07T14:25:12","date_gmt":"2014-06-07T17:25:12","guid":{"rendered":"http:\/\/blog.panrotas.com.br\/semreserva\/?p=4027"},"modified":"2014-06-07T14:25:12","modified_gmt":"2014-06-07T17:25:12","slug":"adolescente-maduro","status":"publish","type":"post","link":"https:\/\/blog.panrotas.com.br\/semreserva\/adolescente-maduro\/07-06-2014\/","title":{"rendered":"ADOLESCENTE MADURO"},"content":{"rendered":"<figure id=\"attachment_4029\" aria-describedby=\"caption-attachment-4029\" style=\"width: 400px\" class=\"wp-caption alignnone\"><a href=\"http:\/\/blog.panrotas.com.br\/semreserva\/wp-content\/uploads\/2014\/06\/image002PPG.jpg\"><img loading=\"lazy\" class=\"size-full wp-image-4029\" alt=\"Portal PANROTAS envelopado na celebra\u00e7\u00e3o de seus 14 anos\" src=\"http:\/\/blog.panrotas.com.br\/semreserva\/wp-content\/uploads\/2014\/06\/image002PPG.jpg\" width=\"400\" height=\"300\" srcset=\"https:\/\/blog.panrotas.com.br\/semreserva\/wp-content\/uploads\/sites\/5\/2014\/06\/image002PPG.jpg 400w, https:\/\/blog.panrotas.com.br\/semreserva\/wp-content\/uploads\/sites\/5\/2014\/06\/image002PPG-300x225.jpg 300w\" sizes=\"(max-width: 400px) 100vw, 400px\" \/><\/a><figcaption id=\"caption-attachment-4029\" class=\"wp-caption-text\">Portal PANROTAS envelopado na celebra\u00e7\u00e3o de seus 14 anos<\/figcaption><\/figure>\n<p>O Portal PANROTAS completa (e comemora) 14 anos no ar, o ar que une todos os que respiram turismo, todos os que fazem e torcem por essa ind\u00fastria, todos que nos leem, nos enviam not\u00edcias, comentam, encaminham, favoritam, compartilham&#8230; e at\u00e9 copiam.<\/p>\n<p>Seja digitando <a href=\"http:\/\/www.panrotas.com.br\/\">www.panrotas.com.br<\/a>, ou buscando algo no Google, seja chegando at\u00e9 a gente via links ou newsletter di\u00e1ria, aplicativos ou em qualquer plataforma&#8230; n\u00e3o importa. A ind\u00fastria do turismo se encontra e se reconhece no Portal PANROTAS. E constr\u00f3i com a gente, diariamente, o registro e a hist\u00f3ria do turismo (que a gente l\u00ea com mais calma, analisa e critica no Jornal PANROTAS&#8230; mas essa \u00e9 outra comemora\u00e7\u00e3o).<\/p>\n<p>O espa\u00e7o \u00e9 bem democr\u00e1tico, mas se ainda n\u00e3o ficou claro, aqui vai a dica: quem manda \u00e9 a audi\u00eancia. Selecionamos sim not\u00edcias, an\u00e1lises, coberturas, informa\u00e7\u00f5es, n\u00fameros, fotos, tendo o interesse geral (e at\u00e9 o espec\u00edfico \u00e0s vezes) da audi\u00eancia como foco. A relev\u00e2ncia \u00e9 o segredo.Seja relevante, d\u00ea audi\u00eancia, fa\u00e7a a diferen\u00e7a.<\/p>\n<p>Mas h\u00e1 algumas dicas que voc\u00ea pode usar:<\/p>\n<p>1)\u00a0\u00a0\u00a0\u00a0\u00a0 Not\u00edcias com fotos, claro, s\u00e3o as mais lidas.<\/p>\n<p>2)\u00a0\u00a0\u00a0\u00a0\u00a0 Not\u00edcias sobre avia\u00e7\u00e3o e pessoas s\u00e3o muiiiito lidas. A ind\u00fastria \u00e9 apaixonada por avia\u00e7\u00e3o e \u00e9 feita por profissionais muito pr\u00f3ximos uns dos outros. Alguns ainda n\u00e3o entendem isso (mas isso \u00e9 tema para outro post).<\/p>\n<p>3)\u00a0\u00a0\u00a0\u00a0\u00a0 Mas quantidade n\u00e3o \u00e9 garantia de qualidade em alguns casos. H\u00e1 not\u00edcias com uma boa m\u00e9dia de leitura, mas nada que bata recordes. Elas falam com seu p\u00fablico-alvo, s\u00e3o interessantes, t\u00eam um brilho para poucos. Ou seja, pode n\u00e3o estar no Top 10 (coluna que muitos adoram), mas d\u00e1 retorno garantido. Portanto, n\u00e3o pressione seu assessor de imprensa ou gerente de Marketing para entrar no Top 10&#8230; N\u00e3o \u00e9 assim autom\u00e1tico.<\/p>\n<p>4)\u00a0\u00a0\u00a0\u00a0\u00a0 Nossa coluna de fotos, Flashes, cresceu e apareceu. E os \u00e1lbuns sempre garantem mais visitas. Inclusive em nosso app. Ou seja, invista em fotos boas e interessantes, para ambos os espa\u00e7os.<\/p>\n<p>5)\u00a0\u00a0\u00a0\u00a0\u00a0 Todo site tem picos de leitura e picos de chegada de not\u00edcias. E tamb\u00e9m dias de menos movimentos, horas mais tranquilas&#8230; Imaginem na hora do jogo do Brasil&#8230; Mas creiam, sempre tem algu\u00e9m conectado com a gente. Escolha o melhor para sua not\u00edcia e nos envie. Not\u00edcias exclusivas, claro, t\u00eam tratamento mais nobre. E na internet, repeti\u00e7\u00e3o n\u00e3o \u00e9 erro. \u00c9 at\u00e9 bom, pois se pegam as v\u00e1rias ondas de visita\u00e7\u00e3o.<\/p>\n<p>&nbsp;<\/p>\n<p>Melhor eu parar se n\u00e3o entrego todos os nossos segredos. O maior deles, vale repetir, \u00e9 essa rede que criamos a favor do turismo.<\/p>\n<p>&nbsp;<\/p>\n<p>2 \u00faltimas dicas: baixem nosso app gratuito do Portal PANROTAS (PANROTAS Not\u00edcias) e tenha acesso a tudo na hora que quiser e de forma amig\u00e1vel. E o app para leitura do Jornal PANROTAS em tablets continua bombando.<\/p>\n<p>&nbsp;<\/p>\n<p>Agora temos 3 portais em 1. N\u00e3o esque\u00e7a de visitar o PanHot\u00e9is, nosso portal de hotelaria profissional, e o Guia PANROTAS On-line, com informa\u00e7\u00f5es \u00fateis para o profissional de turismo que voc\u00ea nem imaginava que estivessem on-line e t\u00e3o f\u00e1ceis. Tudo pode ser acessado pelo Portal PANROTAS (pelas abas no alto, \u00e0 direita).<\/p>\n<p>&nbsp;<\/p>\n<p>E 1 \u00faltima dica depois das 2 que seriam as \u00faltimas: quer saber quais os sites que est\u00e3o bombando em audi\u00eancia no turismo? Duas ferramentas que ir\u00e3o te ajudar s\u00e3o o Alexa e o Google Trends.<\/p>\n<p>&nbsp;<\/p>\n<p>Obrigado pelos 14 anos de sucesso e proximidade. Continuem assim, pertinho. E compartilhando.<\/p>\n<p>&nbsp;<\/p>\n<p>E parab\u00e9ns a todo o time de jornalistas, fot\u00f3grafos, blogueiros, vendedores, desenvolvedores, desenhadores (ou designers?), marqueteiros, estrategistas e todos os que fazem esse portal para voc\u00eas.<\/p>\n","protected":false},"excerpt":{"rendered":"<p>O Portal PANROTAS completa (e comemora) 14 anos no ar, o ar que une todos os que respiram turismo, todos os que fazem e torcem por essa ind\u00fastria, todos que nos leem, nos enviam not\u00edcias, comentam, encaminham, favoritam, compartilham&#8230; e at\u00e9 copiam. Seja digitando www.panrotas.com.br, ou buscando algo no Google, seja chegando at\u00e9 a gente [&hellip;]<\/p>\n","protected":false},"author":7,"featured_media":0,"comment_status":"open","ping_status":"open","sticky":false,"template":"","format":"standard","meta":{"spay_email":""},"categories":[2],"tags":[],"yoast_head":"<!-- This site is optimized with the Yoast SEO plugin v17.3 - https:\/\/yoast.com\/wordpress\/plugins\/seo\/ -->\n<title>ADOLESCENTE MADURO -<\/title>\n<meta name=\"description\" content=\"ADOLESCENTE MADURO. Confira essa Mat\u00e9ria no Canal Sem reserva. \u27a4 Projeto em parceria com a PANROTAS.\" \/>\n<meta name=\"robots\" content=\"index, follow, max-snippet:-1, max-image-preview:large, max-video-preview:-1\" \/>\n<link rel=\"canonical\" href=\"https:\/\/blog.panrotas.com.br\/semreserva\/adolescente-maduro\/07-06-2014\/\" \/>\n<meta property=\"og:locale\" content=\"pt_BR\" \/>\n<meta property=\"og:type\" content=\"article\" \/>\n<meta property=\"og:title\" content=\"ADOLESCENTE MADURO -\" \/>\n<meta property=\"og:description\" content=\"ADOLESCENTE MADURO. Confira essa Mat\u00e9ria no Canal Sem reserva. \u27a4 Projeto em parceria com a PANROTAS.\" \/>\n<meta property=\"og:url\" content=\"https:\/\/blog.panrotas.com.br\/semreserva\/adolescente-maduro\/07-06-2014\/\" \/>\n<meta property=\"og:site_name\" content=\"Sem reserva\" \/>\n<meta property=\"article:publisher\" content=\"https:\/\/www.facebook.com\/portalpanrotas\/\" \/>\n<meta property=\"article:published_time\" content=\"2014-06-07T17:25:12+00:00\" \/>\n<meta property=\"og:image\" content=\"http:\/\/blog.panrotas.com.br\/semreserva\/wp-content\/uploads\/2014\/06\/image002PPG.jpg\" \/>\n<meta name=\"twitter:card\" content=\"summary_large_image\" \/>\n<meta name=\"twitter:creator\" content=\"@portalpanrotas\" \/>\n<meta name=\"twitter:site\" content=\"@portalpanrotas\" \/>\n<meta name=\"twitter:label1\" content=\"Escrito por\" \/>\n\t<meta name=\"twitter:data1\" content=\"Artur Andrade\" \/>\n\t<meta name=\"twitter:label2\" content=\"Est. tempo de leitura\" \/>\n\t<meta name=\"twitter:data2\" content=\"3 minutos\" \/>\n<script type=\"application\/ld+json\" class=\"yoast-schema-graph\">{\"@context\":\"https:\/\/schema.org\",\"@graph\":[{\"@type\":\"Organization\",\"@id\":\"http:\/\/blog.panrotas.com.br\/semreserva\/#organization\",\"name\":\"Sem Reserva - Blog no Portal PANROTAS\",\"url\":\"http:\/\/blog.panrotas.com.br\/semreserva\/\",\"sameAs\":[\"https:\/\/www.facebook.com\/portalpanrotas\/\",\"https:\/\/www.instagram.com\/portalpanrotas\/\",\"https:\/\/br.linkedin.com\/company\/panrotas\",\"https:\/\/www.youtube.com\/tvpanrotas\",\"https:\/\/twitter.com\/portalpanrotas\"],\"logo\":{\"@type\":\"ImageObject\",\"@id\":\"http:\/\/blog.panrotas.com.br\/semreserva\/#logo\",\"inLanguage\":\"pt-BR\",\"url\":\"https:\/\/blog.panrotas.com.br\/semreserva\/wp-content\/uploads\/sites\/5\/2020\/06\/logo.png\",\"contentUrl\":\"https:\/\/blog.panrotas.com.br\/semreserva\/wp-content\/uploads\/sites\/5\/2020\/06\/logo.png\",\"width\":259,\"height\":53,\"caption\":\"Sem Reserva - Blog no Portal PANROTAS\"},\"image\":{\"@id\":\"http:\/\/blog.panrotas.com.br\/semreserva\/#logo\"}},{\"@type\":\"WebSite\",\"@id\":\"http:\/\/blog.panrotas.com.br\/semreserva\/#website\",\"url\":\"http:\/\/blog.panrotas.com.br\/semreserva\/\",\"name\":\"Sem reserva\",\"description\":\"Blogosfera PANROTAS\",\"publisher\":{\"@id\":\"http:\/\/blog.panrotas.com.br\/semreserva\/#organization\"},\"potentialAction\":[{\"@type\":\"SearchAction\",\"target\":{\"@type\":\"EntryPoint\",\"urlTemplate\":\"http:\/\/blog.panrotas.com.br\/semreserva\/?s={search_term_string}\"},\"query-input\":\"required name=search_term_string\"}],\"inLanguage\":\"pt-BR\"},{\"@type\":\"ImageObject\",\"@id\":\"https:\/\/blog.panrotas.com.br\/semreserva\/adolescente-maduro\/07-06-2014\/#primaryimage\",\"inLanguage\":\"pt-BR\",\"url\":\"http:\/\/blog.panrotas.com.br\/semreserva\/wp-content\/uploads\/2014\/06\/image002PPG.jpg\",\"contentUrl\":\"http:\/\/blog.panrotas.com.br\/semreserva\/wp-content\/uploads\/2014\/06\/image002PPG.jpg\"},{\"@type\":\"WebPage\",\"@id\":\"https:\/\/blog.panrotas.com.br\/semreserva\/adolescente-maduro\/07-06-2014\/#webpage\",\"url\":\"https:\/\/blog.panrotas.com.br\/semreserva\/adolescente-maduro\/07-06-2014\/\",\"name\":\"ADOLESCENTE MADURO -\",\"isPartOf\":{\"@id\":\"http:\/\/blog.panrotas.com.br\/semreserva\/#website\"},\"primaryImageOfPage\":{\"@id\":\"https:\/\/blog.panrotas.com.br\/semreserva\/adolescente-maduro\/07-06-2014\/#primaryimage\"},\"datePublished\":\"2014-06-07T17:25:12+00:00\",\"dateModified\":\"2014-06-07T17:25:12+00:00\",\"description\":\"ADOLESCENTE MADURO. Confira essa Mat\\u00e9ria no Canal Sem reserva. \\u27a4 Projeto em parceria com a PANROTAS.\",\"breadcrumb\":{\"@id\":\"https:\/\/blog.panrotas.com.br\/semreserva\/adolescente-maduro\/07-06-2014\/#breadcrumb\"},\"inLanguage\":\"pt-BR\",\"potentialAction\":[{\"@type\":\"ReadAction\",\"target\":[\"https:\/\/blog.panrotas.com.br\/semreserva\/adolescente-maduro\/07-06-2014\/\"]}]},{\"@type\":\"BreadcrumbList\",\"@id\":\"https:\/\/blog.panrotas.com.br\/semreserva\/adolescente-maduro\/07-06-2014\/#breadcrumb\",\"itemListElement\":[{\"@type\":\"ListItem\",\"position\":1,\"name\":\"Home do Blog\",\"item\":\"http:\/\/blog.panrotas.com.br\/semreserva\/\"},{\"@type\":\"ListItem\",\"position\":2,\"name\":\"Dia a dia\",\"item\":\"https:\/\/blog.panrotas.com.br\/semreserva\/category\/dia-a-dia\/\"},{\"@type\":\"ListItem\",\"position\":3,\"name\":\"ADOLESCENTE MADURO\"}]},{\"@type\":\"Article\",\"@id\":\"https:\/\/blog.panrotas.com.br\/semreserva\/adolescente-maduro\/07-06-2014\/#article\",\"isPartOf\":{\"@id\":\"https:\/\/blog.panrotas.com.br\/semreserva\/adolescente-maduro\/07-06-2014\/#webpage\"},\"author\":{\"@id\":\"http:\/\/blog.panrotas.com.br\/semreserva\/#\/schema\/person\/c93b4555f6a497d2d83c25dcb80f61ed\"},\"headline\":\"ADOLESCENTE MADURO\",\"datePublished\":\"2014-06-07T17:25:12+00:00\",\"dateModified\":\"2014-06-07T17:25:12+00:00\",\"mainEntityOfPage\":{\"@id\":\"https:\/\/blog.panrotas.com.br\/semreserva\/adolescente-maduro\/07-06-2014\/#webpage\"},\"wordCount\":651,\"commentCount\":0,\"publisher\":{\"@id\":\"http:\/\/blog.panrotas.com.br\/semreserva\/#organization\"},\"image\":{\"@id\":\"https:\/\/blog.panrotas.com.br\/semreserva\/adolescente-maduro\/07-06-2014\/#primaryimage\"},\"thumbnailUrl\":\"http:\/\/blog.panrotas.com.br\/semreserva\/wp-content\/uploads\/2014\/06\/image002PPG.jpg\",\"articleSection\":[\"Dia a dia\"],\"inLanguage\":\"pt-BR\",\"potentialAction\":[{\"@type\":\"CommentAction\",\"name\":\"Comment\",\"target\":[\"https:\/\/blog.panrotas.com.br\/semreserva\/adolescente-maduro\/07-06-2014\/#respond\"]}]},{\"@type\":\"Person\",\"@id\":\"http:\/\/blog.panrotas.com.br\/semreserva\/#\/schema\/person\/c93b4555f6a497d2d83c25dcb80f61ed\",\"name\":\"Artur Andrade\",\"image\":{\"@type\":\"ImageObject\",\"@id\":\"http:\/\/blog.panrotas.com.br\/semreserva\/#personlogo\",\"inLanguage\":\"pt-BR\",\"url\":\"https:\/\/secure.gravatar.com\/avatar\/a94564d630220cefd5c82f3452ac1ef4?s=96&d=mm&r=g\",\"contentUrl\":\"https:\/\/secure.gravatar.com\/avatar\/a94564d630220cefd5c82f3452ac1ef4?s=96&d=mm&r=g\",\"caption\":\"Artur Andrade\"},\"description\":\"Artur Luiz Andrade \\u00e9 carioca, taurino, jornalista e nasceu em 1969. \\u00c9 editor-chefe da PANROTAS Editora e mora em S\\u00e3o Paulo desde 1998\",\"sameAs\":[\"http:\/\/www.panrotas.com.br\"]}]}<\/script>\n<!-- \/ Yoast SEO plugin. -->","yoast_head_json":{"title":"ADOLESCENTE MADURO -","description":"ADOLESCENTE MADURO. Confira essa Mat\u00e9ria no Canal Sem reserva. \u27a4 Projeto em parceria com a PANROTAS.","robots":{"index":"index","follow":"follow","max-snippet":"max-snippet:-1","max-image-preview":"max-image-preview:large","max-video-preview":"max-video-preview:-1"},"canonical":"https:\/\/blog.panrotas.com.br\/semreserva\/adolescente-maduro\/07-06-2014\/","og_locale":"pt_BR","og_type":"article","og_title":"ADOLESCENTE MADURO -","og_description":"ADOLESCENTE MADURO. Confira essa Mat\u00e9ria no Canal Sem reserva. \u27a4 Projeto em parceria com a PANROTAS.","og_url":"https:\/\/blog.panrotas.com.br\/semreserva\/adolescente-maduro\/07-06-2014\/","og_site_name":"Sem reserva","article_publisher":"https:\/\/www.facebook.com\/portalpanrotas\/","article_published_time":"2014-06-07T17:25:12+00:00","og_image":[{"url":"http:\/\/blog.panrotas.com.br\/semreserva\/wp-content\/uploads\/2014\/06\/image002PPG.jpg"}],"twitter_card":"summary_large_image","twitter_creator":"@portalpanrotas","twitter_site":"@portalpanrotas","twitter_misc":{"Escrito por":"Artur Andrade","Est. tempo de leitura":"3 minutos"},"schema":{"@context":"https:\/\/schema.org","@graph":[{"@type":"Organization","@id":"http:\/\/blog.panrotas.com.br\/semreserva\/#organization","name":"Sem Reserva - Blog no Portal PANROTAS","url":"http:\/\/blog.panrotas.com.br\/semreserva\/","sameAs":["https:\/\/www.facebook.com\/portalpanrotas\/","https:\/\/www.instagram.com\/portalpanrotas\/","https:\/\/br.linkedin.com\/company\/panrotas","https:\/\/www.youtube.com\/tvpanrotas","https:\/\/twitter.com\/portalpanrotas"],"logo":{"@type":"ImageObject","@id":"http:\/\/blog.panrotas.com.br\/semreserva\/#logo","inLanguage":"pt-BR","url":"https:\/\/blog.panrotas.com.br\/semreserva\/wp-content\/uploads\/sites\/5\/2020\/06\/logo.png","contentUrl":"https:\/\/blog.panrotas.com.br\/semreserva\/wp-content\/uploads\/sites\/5\/2020\/06\/logo.png","width":259,"height":53,"caption":"Sem Reserva - Blog no Portal PANROTAS"},"image":{"@id":"http:\/\/blog.panrotas.com.br\/semreserva\/#logo"}},{"@type":"WebSite","@id":"http:\/\/blog.panrotas.com.br\/semreserva\/#website","url":"http:\/\/blog.panrotas.com.br\/semreserva\/","name":"Sem reserva","description":"Blogosfera PANROTAS","publisher":{"@id":"http:\/\/blog.panrotas.com.br\/semreserva\/#organization"},"potentialAction":[{"@type":"SearchAction","target":{"@type":"EntryPoint","urlTemplate":"http:\/\/blog.panrotas.com.br\/semreserva\/?s={search_term_string}"},"query-input":"required name=search_term_string"}],"inLanguage":"pt-BR"},{"@type":"ImageObject","@id":"https:\/\/blog.panrotas.com.br\/semreserva\/adolescente-maduro\/07-06-2014\/#primaryimage","inLanguage":"pt-BR","url":"http:\/\/blog.panrotas.com.br\/semreserva\/wp-content\/uploads\/2014\/06\/image002PPG.jpg","contentUrl":"http:\/\/blog.panrotas.com.br\/semreserva\/wp-content\/uploads\/2014\/06\/image002PPG.jpg"},{"@type":"WebPage","@id":"https:\/\/blog.panrotas.com.br\/semreserva\/adolescente-maduro\/07-06-2014\/#webpage","url":"https:\/\/blog.panrotas.com.br\/semreserva\/adolescente-maduro\/07-06-2014\/","name":"ADOLESCENTE MADURO -","isPartOf":{"@id":"http:\/\/blog.panrotas.com.br\/semreserva\/#website"},"primaryImageOfPage":{"@id":"https:\/\/blog.panrotas.com.br\/semreserva\/adolescente-maduro\/07-06-2014\/#primaryimage"},"datePublished":"2014-06-07T17:25:12+00:00","dateModified":"2014-06-07T17:25:12+00:00","description":"ADOLESCENTE MADURO. Confira essa Mat\u00e9ria no Canal Sem reserva. \u27a4 Projeto em parceria com a PANROTAS.","breadcrumb":{"@id":"https:\/\/blog.panrotas.com.br\/semreserva\/adolescente-maduro\/07-06-2014\/#breadcrumb"},"inLanguage":"pt-BR","potentialAction":[{"@type":"ReadAction","target":["https:\/\/blog.panrotas.com.br\/semreserva\/adolescente-maduro\/07-06-2014\/"]}]},{"@type":"BreadcrumbList","@id":"https:\/\/blog.panrotas.com.br\/semreserva\/adolescente-maduro\/07-06-2014\/#breadcrumb","itemListElement":[{"@type":"ListItem","position":1,"name":"Home do Blog","item":"http:\/\/blog.panrotas.com.br\/semreserva\/"},{"@type":"ListItem","position":2,"name":"Dia a dia","item":"https:\/\/blog.panrotas.com.br\/semreserva\/category\/dia-a-dia\/"},{"@type":"ListItem","position":3,"name":"ADOLESCENTE MADURO"}]},{"@type":"Article","@id":"https:\/\/blog.panrotas.com.br\/semreserva\/adolescente-maduro\/07-06-2014\/#article","isPartOf":{"@id":"https:\/\/blog.panrotas.com.br\/semreserva\/adolescente-maduro\/07-06-2014\/#webpage"},"author":{"@id":"http:\/\/blog.panrotas.com.br\/semreserva\/#\/schema\/person\/c93b4555f6a497d2d83c25dcb80f61ed"},"headline":"ADOLESCENTE MADURO","datePublished":"2014-06-07T17:25:12+00:00","dateModified":"2014-06-07T17:25:12+00:00","mainEntityOfPage":{"@id":"https:\/\/blog.panrotas.com.br\/semreserva\/adolescente-maduro\/07-06-2014\/#webpage"},"wordCount":651,"commentCount":0,"publisher":{"@id":"http:\/\/blog.panrotas.com.br\/semreserva\/#organization"},"image":{"@id":"https:\/\/blog.panrotas.com.br\/semreserva\/adolescente-maduro\/07-06-2014\/#primaryimage"},"thumbnailUrl":"http:\/\/blog.panrotas.com.br\/semreserva\/wp-content\/uploads\/2014\/06\/image002PPG.jpg","articleSection":["Dia a dia"],"inLanguage":"pt-BR","potentialAction":[{"@type":"CommentAction","name":"Comment","target":["https:\/\/blog.panrotas.com.br\/semreserva\/adolescente-maduro\/07-06-2014\/#respond"]}]},{"@type":"Person","@id":"http:\/\/blog.panrotas.com.br\/semreserva\/#\/schema\/person\/c93b4555f6a497d2d83c25dcb80f61ed","name":"Artur Andrade","image":{"@type":"ImageObject","@id":"http:\/\/blog.panrotas.com.br\/semreserva\/#personlogo","inLanguage":"pt-BR","url":"https:\/\/secure.gravatar.com\/avatar\/a94564d630220cefd5c82f3452ac1ef4?s=96&d=mm&r=g","contentUrl":"https:\/\/secure.gravatar.com\/avatar\/a94564d630220cefd5c82f3452ac1ef4?s=96&d=mm&r=g","caption":"Artur Andrade"},"description":"Artur Luiz Andrade \u00e9 carioca, taurino, jornalista e nasceu em 1969. \u00c9 editor-chefe da PANROTAS Editora e mora em S\u00e3o Paulo desde 1998","sameAs":["http:\/\/www.panrotas.com.br"]}]}},"jetpack_featured_media_url":"","jetpack_shortlink":"https:\/\/wp.me\/p7idIU-12X","_links":{"self":[{"href":"https:\/\/blog.panrotas.com.br\/semreserva\/wp-json\/wp\/v2\/posts\/4027"}],"collection":[{"href":"https:\/\/blog.panrotas.com.br\/semreserva\/wp-json\/wp\/v2\/posts"}],"about":[{"href":"https:\/\/blog.panrotas.com.br\/semreserva\/wp-json\/wp\/v2\/types\/post"}],"author":[{"embeddable":true,"href":"https:\/\/blog.panrotas.com.br\/semreserva\/wp-json\/wp\/v2\/users\/7"}],"replies":[{"embeddable":true,"href":"https:\/\/blog.panrotas.com.br\/semreserva\/wp-json\/wp\/v2\/comments?post=4027"}],"version-history":[{"count":0,"href":"https:\/\/blog.panrotas.com.br\/semreserva\/wp-json\/wp\/v2\/posts\/4027\/revisions"}],"wp:attachment":[{"href":"https:\/\/blog.panrotas.com.br\/semreserva\/wp-json\/wp\/v2\/media?parent=4027"}],"wp:term":[{"taxonomy":"category","embeddable":true,"href":"https:\/\/blog.panrotas.com.br\/semreserva\/wp-json\/wp\/v2\/categories?post=4027"},{"taxonomy":"post_tag","embeddable":true,"href":"https:\/\/blog.panrotas.com.br\/semreserva\/wp-json\/wp\/v2\/tags?post=4027"}],"curies":[{"name":"wp","href":"https:\/\/api.w.org\/{rel}","templated":true}]}}