{"id":4036,"date":"2014-07-06T22:28:40","date_gmt":"2014-07-07T01:28:40","guid":{"rendered":"http:\/\/blog.panrotas.com.br\/semreserva\/?p=4036"},"modified":"2014-07-06T22:28:40","modified_gmt":"2014-07-07T01:28:40","slug":"a-nossa-copa","status":"publish","type":"post","link":"https:\/\/blog.panrotas.com.br\/semreserva\/a-nossa-copa\/06-07-2014\/","title":{"rendered":"A NOSSA COPA"},"content":{"rendered":"<p>A Copa do Mundo, do ponto de vista do turismo, j\u00e1 pode ser considerada um sucesso e a gente j\u00e1 sabia que seria assim. N\u00f3s, da ind\u00fastria, sabemos do material que temos \u201cnas m\u00e3os\u201d e de como nossos produtos, mesmo que mal formatados \u00e0s vezes, e nossa hospitalidade (\u201cviva o povo brasileiro\u201d) conquistam os estrangeiros.<\/p>\n<p>Mas n\u00f3s, da ind\u00fastria, tamb\u00e9m n\u00e3o nos enganamos. O sucesso do turismo na Copa nada tem a ver com a\u00e7\u00f5es do governo. E dificilmente teremos qualquer \u00eaxito futuro de crescimento de estrangeiros ou de desenvolvimento de regi\u00f5es tur\u00edsticas ligado a tacadas de mestre de nossos governantes.<\/p>\n<p>A f\u00f3rmula \u201ccen\u00e1rios perfeitos (apesar de cheios de falhas)\u201d + \u201crecep\u00e7\u00e3o calorosa (apesar do qu\u00ea de malandragem que ainda existe aqui e ali)\u201c+ \u201cempres\u00e1rios s\u00e9rios que investem em seus neg\u00f3cios\u201d = \u201csatisfa\u00e7\u00e3o (quase) garantida\u201d.<\/p>\n<p>Quem veio ao Pa\u00eds temia pelos protestos (bem administrados pelas autoridades, mas em quantidade p\u00edfia se os compararmos aos de um ano atr\u00e1s), quase n\u00e3o os percebeu. Queria tamb\u00e9m assistir a grandes jogos em grandes est\u00e1dios, ou em festas populares bem animadas&#8230; e isso ocorreu. Queria conhecer a cultura local de 12 cidades-sede, interagir com a popula\u00e7\u00e3o, virar brasileiro por alguns dias&#8230;e isso ocorreu at\u00e9 com jogadores (uma pena para os ingleses, que mantiveram sua fama de pouco amig\u00e1veis e pouco talentosos com a bola).<\/p>\n<p>O papel do governo n\u00e3o foi feito at\u00e9 o in\u00edcio da Copa, com 1) v\u00e1rias obras inacabadas (e me assusta termos tido em menos de dois meses dois acidentes s\u00e9rios de infraestrutura \u2013 S\u00e3o Paulo e Belo Horizonte, ambos em obras para a Copa, sem falar nas mortes em obras de est\u00e1dios), 2) promo\u00e7\u00e3o quase nula no Exterior (tamb\u00e9m, o ex-presidente da Embratur e o ex-ministro do Turismo eram inimigos mortais e passaram mais tempo disputando poder do que construindo por essa ind\u00fastria), 3) uma amea\u00e7a seri\u00edssima e irrespons\u00e1vel de demoniza\u00e7\u00e3o do empresariado do turismo (apesar de alguns terem aprendido a calcular pre\u00e7os na pr\u00e1tica), 4) falta de planejamento para o turismo interno (n\u00e3o houve coordena\u00e7\u00e3o de f\u00e9rias, uma campanha para incentivar as viagens dom\u00e9sticas e o resultado foi catastr\u00f3fico para v\u00e1rios setores e destinos) e 5) v\u00e1rias greves atrapalhando o pr\u00e9-evento.<\/p>\n<p>Mas todo governo populista \u00e9 bom em medidas emergenciais e os turistas que chegaram de avi\u00e3o passaram rapidamente pela Imigra\u00e7\u00e3o (apesar de sofrerem com longas filas de t\u00e1xis, por exemplo), contaram com bom policiamento, transporte p\u00fablico que funcionou e um per\u00edodo tranquilo e festivo em sua estada no Pa\u00eds. Houve furtos? Sim. Houve viol\u00eancia? Claro. Mas onde n\u00e3o h\u00e1 no mundo de hoje?<\/p>\n<p>O Pa\u00eds soube conviver com turistas de todos os tipos: da \u201celite branca\u201d convidada por patrocinadores \u00e0s fam\u00edlias que prestigiaram os jogos nos est\u00e1dios novos, dos turistas de albergues e campings (e tivemos de criar \u00e1reas para trailers e acampamentos) \u00e0 classe m\u00e9dia multicolorida, dos latinos que n\u00e3o nos conheciam aos europeus que retornaram, dos americanos que em breve consumir\u00e3o cada vez mais o futebol aos jornalistas que, em sua maioria, buscaram os lados mais positivos do Pa\u00eds e do torneio.<\/p>\n<p>Passei metade da Copa em Orlando e quando a ESPN come\u00e7ava suas transmiss\u00f5es de jogos ou os debates no est\u00fadio montado de frente para a Praia de Copacabana (parece que a ideia foi da Prefeitura do Rio \u2013 gola\u00e7o), a imagem passada do pa\u00eds para milh\u00f5es de americanos era a mais positiva poss\u00edvel. Clima de festa, de natureza, de pa\u00eds tropical e sonho de consumo. Os jogos dos Estados Unidos bateram recorde de audi\u00eancia e o futebol l\u00e1 j\u00e1 \u00e9 uma ind\u00fastria promissora. A repercuss\u00e3o entre os jogadores tamb\u00e9m ajuda na dissemina\u00e7\u00e3o do desejo de ir ao Brasil \u2013 \u201co\u201d local para se estar n\u00e3o apenas na Copa mas em outras diversas ocasi\u00f5es.<\/p>\n<p>O saldo da Copa \u00e9 mais que positivo. Sabemos que no p\u00f3s-Copa, se os empres\u00e1rios n\u00e3o arrega\u00e7arem as mangas e continuarem seu trabalho, pouca coisa ser\u00e1 feita. N\u00e3o adianta esperar pelo governo. At\u00e9 nos EUA, em rela\u00e7\u00e3o ao turismo, \u00e9 assim. Ou era, pois o lobby da ind\u00fastria tem conseguido bons frutos. Portanto, continuemos com o lobby, \u00e9 importante, afinal, leis entram em vigor sem conhecimento profundo do impacto nos setores produtivos. Mas sabendo que, no curto prazo, o governo s\u00f3 vai aparecer quando o mundo estiver nos olhando, quando for ano de elei\u00e7\u00e3o, quando a oportunidade for muito boa para ser desprezada. Turismo nunca foi e ainda n\u00e3o \u00e9 uma ind\u00fastria estrat\u00e9gica, apesar de ter beneficiado a min\u00fascula comunidade de Santo Andr\u00e9 e todas as cidades-sede (S\u00e3o Paulo, \u00e9 verdade, sofreu com a queda dr\u00e1stica das viagens corporativas, mas&#8230; faz parte do c\u00e1lculo positivo deixado pelo evento).<\/p>\n<p>Parab\u00e9ns a todos n\u00f3s, que realizamos a melhor das Copas. Com saldo muito positivo. Vem a\u00ed a Olimp\u00edada do Rio. Que as autoridades despreparadas (n\u00e3o conseguem construir a tempo, tocam o falso alarme por qualquer coisa \u2013 veja caso das di\u00e1rias hoteleiras, e n\u00e3o t\u00eam planejamento) continuem n\u00e3o atrapalhando. Mas que ajudem um pouquinho mais. Afinal, mirem-se nos europeus, vejam como os pol\u00edticos americanos est\u00e3o aprendendo&#8230; turismo \u00e9 uma ind\u00fastria milion\u00e1ria. Queremos estar entre os maiores do mundo ou nos satisfaz sair na primeira fase e n\u00e3o usufruir da grande festa das finais, dos melhores do mundo?<\/p>\n","protected":false},"excerpt":{"rendered":"<p>A Copa do Mundo, do ponto de vista do turismo, j\u00e1 pode ser considerada um sucesso e a gente j\u00e1 sabia que seria assim. N\u00f3s, da ind\u00fastria, sabemos do material que temos \u201cnas m\u00e3os\u201d e de como nossos produtos, mesmo que mal formatados \u00e0s vezes, e nossa hospitalidade (\u201cviva o povo brasileiro\u201d) conquistam os estrangeiros. [&hellip;]<\/p>\n","protected":false},"author":7,"featured_media":0,"comment_status":"open","ping_status":"open","sticky":false,"template":"","format":"standard","meta":{"spay_email":""},"categories":[2],"tags":[],"yoast_head":"<!-- This site is optimized with the Yoast SEO plugin v17.3 - https:\/\/yoast.com\/wordpress\/plugins\/seo\/ -->\n<title>A NOSSA COPA -<\/title>\n<meta name=\"description\" content=\"A NOSSA COPA. Confira essa Mat\u00e9ria no Canal Sem reserva. \u27a4 Projeto em parceria com a PANROTAS.\" \/>\n<meta name=\"robots\" content=\"index, follow, max-snippet:-1, max-image-preview:large, max-video-preview:-1\" \/>\n<link rel=\"canonical\" href=\"https:\/\/blog.panrotas.com.br\/semreserva\/a-nossa-copa\/06-07-2014\/\" \/>\n<meta property=\"og:locale\" content=\"pt_BR\" \/>\n<meta property=\"og:type\" content=\"article\" \/>\n<meta property=\"og:title\" content=\"A NOSSA COPA -\" \/>\n<meta property=\"og:description\" content=\"A NOSSA COPA. Confira essa Mat\u00e9ria no Canal Sem reserva. \u27a4 Projeto em parceria com a PANROTAS.\" \/>\n<meta property=\"og:url\" content=\"https:\/\/blog.panrotas.com.br\/semreserva\/a-nossa-copa\/06-07-2014\/\" \/>\n<meta property=\"og:site_name\" content=\"Sem reserva\" \/>\n<meta property=\"article:publisher\" content=\"https:\/\/www.facebook.com\/portalpanrotas\/\" \/>\n<meta property=\"article:published_time\" content=\"2014-07-07T01:28:40+00:00\" \/>\n<meta name=\"twitter:card\" content=\"summary_large_image\" \/>\n<meta name=\"twitter:creator\" content=\"@portalpanrotas\" \/>\n<meta name=\"twitter:site\" content=\"@portalpanrotas\" \/>\n<meta name=\"twitter:label1\" content=\"Escrito por\" \/>\n\t<meta name=\"twitter:data1\" content=\"Artur Andrade\" \/>\n\t<meta name=\"twitter:label2\" content=\"Est. tempo de leitura\" \/>\n\t<meta name=\"twitter:data2\" content=\"5 minutos\" \/>\n<script type=\"application\/ld+json\" class=\"yoast-schema-graph\">{\"@context\":\"https:\/\/schema.org\",\"@graph\":[{\"@type\":\"Organization\",\"@id\":\"http:\/\/blog.panrotas.com.br\/semreserva\/#organization\",\"name\":\"Sem Reserva - Blog no Portal PANROTAS\",\"url\":\"http:\/\/blog.panrotas.com.br\/semreserva\/\",\"sameAs\":[\"https:\/\/www.facebook.com\/portalpanrotas\/\",\"https:\/\/www.instagram.com\/portalpanrotas\/\",\"https:\/\/br.linkedin.com\/company\/panrotas\",\"https:\/\/www.youtube.com\/tvpanrotas\",\"https:\/\/twitter.com\/portalpanrotas\"],\"logo\":{\"@type\":\"ImageObject\",\"@id\":\"http:\/\/blog.panrotas.com.br\/semreserva\/#logo\",\"inLanguage\":\"pt-BR\",\"url\":\"https:\/\/blog.panrotas.com.br\/semreserva\/wp-content\/uploads\/sites\/5\/2020\/06\/logo.png\",\"contentUrl\":\"https:\/\/blog.panrotas.com.br\/semreserva\/wp-content\/uploads\/sites\/5\/2020\/06\/logo.png\",\"width\":259,\"height\":53,\"caption\":\"Sem Reserva - Blog no Portal PANROTAS\"},\"image\":{\"@id\":\"http:\/\/blog.panrotas.com.br\/semreserva\/#logo\"}},{\"@type\":\"WebSite\",\"@id\":\"http:\/\/blog.panrotas.com.br\/semreserva\/#website\",\"url\":\"http:\/\/blog.panrotas.com.br\/semreserva\/\",\"name\":\"Sem reserva\",\"description\":\"Blogosfera PANROTAS\",\"publisher\":{\"@id\":\"http:\/\/blog.panrotas.com.br\/semreserva\/#organization\"},\"potentialAction\":[{\"@type\":\"SearchAction\",\"target\":{\"@type\":\"EntryPoint\",\"urlTemplate\":\"http:\/\/blog.panrotas.com.br\/semreserva\/?s={search_term_string}\"},\"query-input\":\"required name=search_term_string\"}],\"inLanguage\":\"pt-BR\"},{\"@type\":\"WebPage\",\"@id\":\"https:\/\/blog.panrotas.com.br\/semreserva\/a-nossa-copa\/06-07-2014\/#webpage\",\"url\":\"https:\/\/blog.panrotas.com.br\/semreserva\/a-nossa-copa\/06-07-2014\/\",\"name\":\"A NOSSA COPA -\",\"isPartOf\":{\"@id\":\"http:\/\/blog.panrotas.com.br\/semreserva\/#website\"},\"datePublished\":\"2014-07-07T01:28:40+00:00\",\"dateModified\":\"2014-07-07T01:28:40+00:00\",\"description\":\"A NOSSA COPA. Confira essa Mat\\u00e9ria no Canal Sem reserva. \\u27a4 Projeto em parceria com a PANROTAS.\",\"breadcrumb\":{\"@id\":\"https:\/\/blog.panrotas.com.br\/semreserva\/a-nossa-copa\/06-07-2014\/#breadcrumb\"},\"inLanguage\":\"pt-BR\",\"potentialAction\":[{\"@type\":\"ReadAction\",\"target\":[\"https:\/\/blog.panrotas.com.br\/semreserva\/a-nossa-copa\/06-07-2014\/\"]}]},{\"@type\":\"BreadcrumbList\",\"@id\":\"https:\/\/blog.panrotas.com.br\/semreserva\/a-nossa-copa\/06-07-2014\/#breadcrumb\",\"itemListElement\":[{\"@type\":\"ListItem\",\"position\":1,\"name\":\"Home do Blog\",\"item\":\"http:\/\/blog.panrotas.com.br\/semreserva\/\"},{\"@type\":\"ListItem\",\"position\":2,\"name\":\"Dia a dia\",\"item\":\"https:\/\/blog.panrotas.com.br\/semreserva\/category\/dia-a-dia\/\"},{\"@type\":\"ListItem\",\"position\":3,\"name\":\"A NOSSA COPA\"}]},{\"@type\":\"Article\",\"@id\":\"https:\/\/blog.panrotas.com.br\/semreserva\/a-nossa-copa\/06-07-2014\/#article\",\"isPartOf\":{\"@id\":\"https:\/\/blog.panrotas.com.br\/semreserva\/a-nossa-copa\/06-07-2014\/#webpage\"},\"author\":{\"@id\":\"http:\/\/blog.panrotas.com.br\/semreserva\/#\/schema\/person\/c93b4555f6a497d2d83c25dcb80f61ed\"},\"headline\":\"A NOSSA COPA\",\"datePublished\":\"2014-07-07T01:28:40+00:00\",\"dateModified\":\"2014-07-07T01:28:40+00:00\",\"mainEntityOfPage\":{\"@id\":\"https:\/\/blog.panrotas.com.br\/semreserva\/a-nossa-copa\/06-07-2014\/#webpage\"},\"wordCount\":953,\"commentCount\":0,\"publisher\":{\"@id\":\"http:\/\/blog.panrotas.com.br\/semreserva\/#organization\"},\"articleSection\":[\"Dia a dia\"],\"inLanguage\":\"pt-BR\",\"potentialAction\":[{\"@type\":\"CommentAction\",\"name\":\"Comment\",\"target\":[\"https:\/\/blog.panrotas.com.br\/semreserva\/a-nossa-copa\/06-07-2014\/#respond\"]}]},{\"@type\":\"Person\",\"@id\":\"http:\/\/blog.panrotas.com.br\/semreserva\/#\/schema\/person\/c93b4555f6a497d2d83c25dcb80f61ed\",\"name\":\"Artur Andrade\",\"image\":{\"@type\":\"ImageObject\",\"@id\":\"http:\/\/blog.panrotas.com.br\/semreserva\/#personlogo\",\"inLanguage\":\"pt-BR\",\"url\":\"https:\/\/secure.gravatar.com\/avatar\/a94564d630220cefd5c82f3452ac1ef4?s=96&d=mm&r=g\",\"contentUrl\":\"https:\/\/secure.gravatar.com\/avatar\/a94564d630220cefd5c82f3452ac1ef4?s=96&d=mm&r=g\",\"caption\":\"Artur Andrade\"},\"description\":\"Artur Luiz Andrade \\u00e9 carioca, taurino, jornalista e nasceu em 1969. \\u00c9 editor-chefe da PANROTAS Editora e mora em S\\u00e3o Paulo desde 1998\",\"sameAs\":[\"http:\/\/www.panrotas.com.br\"]}]}<\/script>\n<!-- \/ Yoast SEO plugin. -->","yoast_head_json":{"title":"A NOSSA COPA -","description":"A NOSSA COPA. Confira essa Mat\u00e9ria no Canal Sem reserva. \u27a4 Projeto em parceria com a PANROTAS.","robots":{"index":"index","follow":"follow","max-snippet":"max-snippet:-1","max-image-preview":"max-image-preview:large","max-video-preview":"max-video-preview:-1"},"canonical":"https:\/\/blog.panrotas.com.br\/semreserva\/a-nossa-copa\/06-07-2014\/","og_locale":"pt_BR","og_type":"article","og_title":"A NOSSA COPA -","og_description":"A NOSSA COPA. Confira essa Mat\u00e9ria no Canal Sem reserva. \u27a4 Projeto em parceria com a PANROTAS.","og_url":"https:\/\/blog.panrotas.com.br\/semreserva\/a-nossa-copa\/06-07-2014\/","og_site_name":"Sem reserva","article_publisher":"https:\/\/www.facebook.com\/portalpanrotas\/","article_published_time":"2014-07-07T01:28:40+00:00","twitter_card":"summary_large_image","twitter_creator":"@portalpanrotas","twitter_site":"@portalpanrotas","twitter_misc":{"Escrito por":"Artur Andrade","Est. tempo de leitura":"5 minutos"},"schema":{"@context":"https:\/\/schema.org","@graph":[{"@type":"Organization","@id":"http:\/\/blog.panrotas.com.br\/semreserva\/#organization","name":"Sem Reserva - Blog no Portal PANROTAS","url":"http:\/\/blog.panrotas.com.br\/semreserva\/","sameAs":["https:\/\/www.facebook.com\/portalpanrotas\/","https:\/\/www.instagram.com\/portalpanrotas\/","https:\/\/br.linkedin.com\/company\/panrotas","https:\/\/www.youtube.com\/tvpanrotas","https:\/\/twitter.com\/portalpanrotas"],"logo":{"@type":"ImageObject","@id":"http:\/\/blog.panrotas.com.br\/semreserva\/#logo","inLanguage":"pt-BR","url":"https:\/\/blog.panrotas.com.br\/semreserva\/wp-content\/uploads\/sites\/5\/2020\/06\/logo.png","contentUrl":"https:\/\/blog.panrotas.com.br\/semreserva\/wp-content\/uploads\/sites\/5\/2020\/06\/logo.png","width":259,"height":53,"caption":"Sem Reserva - Blog no Portal PANROTAS"},"image":{"@id":"http:\/\/blog.panrotas.com.br\/semreserva\/#logo"}},{"@type":"WebSite","@id":"http:\/\/blog.panrotas.com.br\/semreserva\/#website","url":"http:\/\/blog.panrotas.com.br\/semreserva\/","name":"Sem reserva","description":"Blogosfera PANROTAS","publisher":{"@id":"http:\/\/blog.panrotas.com.br\/semreserva\/#organization"},"potentialAction":[{"@type":"SearchAction","target":{"@type":"EntryPoint","urlTemplate":"http:\/\/blog.panrotas.com.br\/semreserva\/?s={search_term_string}"},"query-input":"required name=search_term_string"}],"inLanguage":"pt-BR"},{"@type":"WebPage","@id":"https:\/\/blog.panrotas.com.br\/semreserva\/a-nossa-copa\/06-07-2014\/#webpage","url":"https:\/\/blog.panrotas.com.br\/semreserva\/a-nossa-copa\/06-07-2014\/","name":"A NOSSA COPA -","isPartOf":{"@id":"http:\/\/blog.panrotas.com.br\/semreserva\/#website"},"datePublished":"2014-07-07T01:28:40+00:00","dateModified":"2014-07-07T01:28:40+00:00","description":"A NOSSA COPA. Confira essa Mat\u00e9ria no Canal Sem reserva. \u27a4 Projeto em parceria com a PANROTAS.","breadcrumb":{"@id":"https:\/\/blog.panrotas.com.br\/semreserva\/a-nossa-copa\/06-07-2014\/#breadcrumb"},"inLanguage":"pt-BR","potentialAction":[{"@type":"ReadAction","target":["https:\/\/blog.panrotas.com.br\/semreserva\/a-nossa-copa\/06-07-2014\/"]}]},{"@type":"BreadcrumbList","@id":"https:\/\/blog.panrotas.com.br\/semreserva\/a-nossa-copa\/06-07-2014\/#breadcrumb","itemListElement":[{"@type":"ListItem","position":1,"name":"Home do Blog","item":"http:\/\/blog.panrotas.com.br\/semreserva\/"},{"@type":"ListItem","position":2,"name":"Dia a dia","item":"https:\/\/blog.panrotas.com.br\/semreserva\/category\/dia-a-dia\/"},{"@type":"ListItem","position":3,"name":"A NOSSA COPA"}]},{"@type":"Article","@id":"https:\/\/blog.panrotas.com.br\/semreserva\/a-nossa-copa\/06-07-2014\/#article","isPartOf":{"@id":"https:\/\/blog.panrotas.com.br\/semreserva\/a-nossa-copa\/06-07-2014\/#webpage"},"author":{"@id":"http:\/\/blog.panrotas.com.br\/semreserva\/#\/schema\/person\/c93b4555f6a497d2d83c25dcb80f61ed"},"headline":"A NOSSA COPA","datePublished":"2014-07-07T01:28:40+00:00","dateModified":"2014-07-07T01:28:40+00:00","mainEntityOfPage":{"@id":"https:\/\/blog.panrotas.com.br\/semreserva\/a-nossa-copa\/06-07-2014\/#webpage"},"wordCount":953,"commentCount":0,"publisher":{"@id":"http:\/\/blog.panrotas.com.br\/semreserva\/#organization"},"articleSection":["Dia a dia"],"inLanguage":"pt-BR","potentialAction":[{"@type":"CommentAction","name":"Comment","target":["https:\/\/blog.panrotas.com.br\/semreserva\/a-nossa-copa\/06-07-2014\/#respond"]}]},{"@type":"Person","@id":"http:\/\/blog.panrotas.com.br\/semreserva\/#\/schema\/person\/c93b4555f6a497d2d83c25dcb80f61ed","name":"Artur Andrade","image":{"@type":"ImageObject","@id":"http:\/\/blog.panrotas.com.br\/semreserva\/#personlogo","inLanguage":"pt-BR","url":"https:\/\/secure.gravatar.com\/avatar\/a94564d630220cefd5c82f3452ac1ef4?s=96&d=mm&r=g","contentUrl":"https:\/\/secure.gravatar.com\/avatar\/a94564d630220cefd5c82f3452ac1ef4?s=96&d=mm&r=g","caption":"Artur Andrade"},"description":"Artur Luiz Andrade \u00e9 carioca, taurino, jornalista e nasceu em 1969. \u00c9 editor-chefe da PANROTAS Editora e mora em S\u00e3o Paulo desde 1998","sameAs":["http:\/\/www.panrotas.com.br"]}]}},"jetpack_featured_media_url":"","jetpack_shortlink":"https:\/\/wp.me\/p7idIU-136","_links":{"self":[{"href":"https:\/\/blog.panrotas.com.br\/semreserva\/wp-json\/wp\/v2\/posts\/4036"}],"collection":[{"href":"https:\/\/blog.panrotas.com.br\/semreserva\/wp-json\/wp\/v2\/posts"}],"about":[{"href":"https:\/\/blog.panrotas.com.br\/semreserva\/wp-json\/wp\/v2\/types\/post"}],"author":[{"embeddable":true,"href":"https:\/\/blog.panrotas.com.br\/semreserva\/wp-json\/wp\/v2\/users\/7"}],"replies":[{"embeddable":true,"href":"https:\/\/blog.panrotas.com.br\/semreserva\/wp-json\/wp\/v2\/comments?post=4036"}],"version-history":[{"count":0,"href":"https:\/\/blog.panrotas.com.br\/semreserva\/wp-json\/wp\/v2\/posts\/4036\/revisions"}],"wp:attachment":[{"href":"https:\/\/blog.panrotas.com.br\/semreserva\/wp-json\/wp\/v2\/media?parent=4036"}],"wp:term":[{"taxonomy":"category","embeddable":true,"href":"https:\/\/blog.panrotas.com.br\/semreserva\/wp-json\/wp\/v2\/categories?post=4036"},{"taxonomy":"post_tag","embeddable":true,"href":"https:\/\/blog.panrotas.com.br\/semreserva\/wp-json\/wp\/v2\/tags?post=4036"}],"curies":[{"name":"wp","href":"https:\/\/api.w.org\/{rel}","templated":true}]}}