{"id":4038,"date":"2014-07-09T01:56:51","date_gmt":"2014-07-09T04:56:51","guid":{"rendered":"http:\/\/blog.panrotas.com.br\/semreserva\/?p=4038"},"modified":"2014-07-09T01:56:51","modified_gmt":"2014-07-09T04:56:51","slug":"pode-desapegar-barbosa-agora-temos-mineirazo","status":"publish","type":"post","link":"https:\/\/blog.panrotas.com.br\/semreserva\/pode-desapegar-barbosa-agora-temos-mineirazo\/09-07-2014\/","title":{"rendered":"Pode desapegar, Barbosa. Agora temos Mineirazo"},"content":{"rendered":"<p>O folcl\u00f3rico Galv\u00e3o Bueno e a papagaio Patr\u00edcia Poeta (que s\u00f3 repete o que ele fala) usaram diversas vezes a palavra tristeza para identificar o resultado do jogo Brasil X Alemanha pela semifinal da Copa das Copas, a Copa do Brasil, a Copa em que a Fifa, as TVs, as m\u00eddias especializadas em esporte, as empresas ligadas ao evento e ao futebol e cia. mais ganharam dinheiro na hist\u00f3ria. Como evento, para o Brasil, \u00f3timo. Para os organizadores, melhor ainda. Se o Catar cair fora, voltem para o Brasil em 2022. Que tal 24 sedes?<\/p>\n<p>Agora, tristeza? Ser\u00e1 isso mesmo? Fico com perplexidade diante da burrice. A sele\u00e7\u00e3o empresa sabe ganhar dinheiro (Felip\u00e3o, Neymar e companhia nunca fizeram tantos an\u00fancios, nunca nos assombraram tanto com produtos diversos), mas n\u00e3o sabe reagir a um gol de uma sele\u00e7\u00e3o mais forte ou mais esperta? A Alemanha, dizem, n\u00e3o entendo de futebol, jogou friamente, cientificamente&#8230; Mas com vontade.<\/p>\n<p>A segunda burrice dos brasileiros foi essa falta de garra. Hoje o dinheiro sobra, a fama \u00e9 compensat\u00f3ria&#8230; Mas quando os anos se passarem e s\u00f3 ficar a hist\u00f3ria&#8230; ter\u00e1 valido a pena? O dinheiro curar\u00e1 esse fantasma? Triste foi a trag\u00e9dia de 1950 e o goleiro Barbosa finalmente se livra de um peso que carregou enquanto viveu. H\u00e1 50 outros agora para carreg\u00e1-lo, entre dirigentes e jogadores. Mas apenas um ou dois (no m\u00e1ximo 11) entrar\u00e3o para a hist\u00f3ria como vil\u00f5es. Os demais ser\u00e3o esquecidos. E isso \u00e9 normal. A vida segue. \u00c9 s\u00f3 futebol. E nos ensina, diverte, irrita&#8230; H\u00e1 tempos n\u00e3o vejo uma Copa em que o Brasil jogue com vontade de ganhar. \u00c9 o excesso de &#8220;estrangeiros&#8221;?<\/p>\n<p>Mas o futebol \u00e9 sempre uma caixinha de surpresas e a gl\u00f3ria pode vir ainda. Para muitos deles. E at\u00e9 superar a vergonha desse dia 8 de julho. Vejam o caso de Ronaldo, Fen\u00f4meno, que, ali\u00e1s, disse na transmiss\u00e3o que os jogadores estavam ap\u00e1ticos, sem vontade de vencer. Ah, Ronald\u00e3o&#8230; falamos o mesmo de voc\u00ea quando perdemos de 3 a 0 para a Fran\u00e7a naquela famosa final. Voc\u00ea n\u00e3o lembra?<\/p>\n<p>Naquela Copa dos ingressos falsos (e olha que a m\u00e1fia dos ingressos continua firme e forte hein&#8230; e os trouxas tentando comprar pela internet), a Copa em que a Fran\u00e7a mostrou como n\u00e3o organizar um evento, a Copa em que Ronaldo teria amarelado (foram os boatos e opini\u00f5es da \u00e9poca, n\u00e3o?), a Copa da loirinha casada hoje com o J\u00falio C\u00e9sar&#8230; Como \u00e9 mesmo o nome dela? Tinha at\u00e9 o Pedro Bial, n\u00e9&#8230;? Copa \u00e9 assim. Cheia de teorias da conspira\u00e7\u00e3o. \u00c9 como a pol\u00edtica: lembro de um boato em que Gl\u00f3ria Maria teria presenciado a morte de Tancredo Neves e desaparecido por um bom tempo. O que seriam das Copas sem os boatos e as opini\u00f5es apaixonadas, como se isso, o futebol, fosse algo decisivo em nossas vidas (para n\u00f3s meros mortais e espectadores, claro)&#8230; Ali\u00e1s, muitos t\u00e9cnicos disseram que esta Copa estava comprada para o Brasil. Devolvam o dinheiro ent\u00e3o. E se as teorias fossem certeiras, o Brasil seria hexa na R\u00fassia. N\u00e3o? Pausa para parabenizar a criatividade e o bom humor cr\u00edtico dos brasileiros na internet. Neymar com atestado m\u00e9dico, Fred imobilizado, o chope vencendo a caipirinha&#8230;<\/p>\n<p>J\u00e1 que falei de pol\u00edtica, acho que qualquer coisa que se misture com pol\u00edtica (esportiva, associativa, sindicalista ou a mais pura pol\u00edtica governamental) acaba se desvirtuando. A pol\u00edtica \u00e9 vista como poder, gan\u00e2ncia, se dar bem, ganhar dinheiro e n\u00e3o como algo para o bem coletivo de quem os elegeu (mas isso \u00e9 outro post).<\/p>\n<p>Ou o futebol brasileiro encontra um caminho, ou mais vexames grandes vir\u00e3o (mas dinheiro tamb\u00e9m). Ou o futebol brasileiro se moderniza (e Felip\u00e3o, uma simpatia dando palestra, mostrou-se ultrapassado e teimoso, como muitos l\u00edderes o s\u00e3o), ou outras empresas tomar\u00e3o seu ligar. Ou os jogadores estrangeiros aprendem o que \u00e9 ser brasileiro&#8230; ou&#8230; ou nada. \u00c9 s\u00f3 futebol. Ou tudo fica como est\u00e1 e na pr\u00f3xima Copa estamos de novo cantando a m\u00fasica do Ita\u00fa, da Coca-Cola, da Globo&#8230; Mas em qualquer deslize, e em qualquer confronto com a Alemanha, os dados hist\u00f3ricos voltar\u00e3o \u00e0 tona: a derrota hist\u00f3rica por 7 a 1 (e acho que os alem\u00e3es receberam ordem para parar. Passar de 10 seria uma agress\u00e3o e motivo de deporta\u00e7\u00e3o).<\/p>\n<p>E agora? Torcemos para quem? Melhor a Argentina passar para a final? J\u00e1 pensaram perder de 8 a 0? 10 a 1? N\u00e3o vai ser mais t\u00e3o surpreendente. A gente sabe que a vida segue, e alguns, \u00e0s vezes, est\u00e3o apenas aprendendo com a vida.<\/p>\n<p>Um jogo que ficou para a hist\u00f3ria. Uma Copa idem. O saldo \u00e9 positivo. Deixem os podres embaixo do tapete. A vida se encarrega de dar li\u00e7\u00f5es, nem que seja no mundinho particular de cada um. Na TV, para bilh\u00f5es, tem de ser show. Como fez a Alemanha e, de certa forma, nossa sele\u00e7\u00e3o. Sem aquelas caras parvas olhando os alem\u00e3es jogando, n\u00e3o ter\u00edamos do que falar com tanta perplexidade agora.<\/p>\n<p>Daqui a pouco recome\u00e7a o Brasileir\u00e3o. E meu Meng\u00e3o ainda na zona do rebaixamento. Ano longo&#8230; Com elei\u00e7\u00f5es no meio.<\/p>\n<p>P.S.: Termino a Copa com raiva e vergonha alheia da mania dos jogadores brasileiros se jogarem no ch\u00e3o para cavar p\u00eanaltis e falta. \u00c9 o estilo malandro de ganhar pela via mais f\u00e1cil e menos \u00e9tica. O personagem t\u00edtulo desse filme: Fred. Mas Marcelo, Maicon e cia. tamb\u00e9m fizeram muito. Admiro o Neymar que vai pra cima e n\u00e3o tem medo da falta. J\u00e1 o Bernard&#8230; quem?<\/p>\n","protected":false},"excerpt":{"rendered":"<p>O folcl\u00f3rico Galv\u00e3o Bueno e a papagaio Patr\u00edcia Poeta (que s\u00f3 repete o que ele fala) usaram diversas vezes a palavra tristeza para identificar o resultado do jogo Brasil X Alemanha pela semifinal da Copa das Copas, a Copa do Brasil, a Copa em que a Fifa, as TVs, as m\u00eddias especializadas em esporte, as [&hellip;]<\/p>\n","protected":false},"author":7,"featured_media":0,"comment_status":"open","ping_status":"open","sticky":false,"template":"","format":"standard","meta":{"spay_email":""},"categories":[2],"tags":[],"yoast_head":"<!-- This site is optimized with the Yoast SEO plugin v17.3 - https:\/\/yoast.com\/wordpress\/plugins\/seo\/ -->\n<title>Pode desapegar, Barbosa. Agora temos Mineirazo -<\/title>\n<meta name=\"description\" content=\"Pode desapegar, Barbosa. Agora temos Mineirazo. Confira essa Mat\u00e9ria no Canal Sem reserva. \u27a4 Projeto em parceria com a PANROTAS.\" \/>\n<meta name=\"robots\" content=\"index, follow, max-snippet:-1, max-image-preview:large, max-video-preview:-1\" \/>\n<link rel=\"canonical\" href=\"https:\/\/blog.panrotas.com.br\/semreserva\/pode-desapegar-barbosa-agora-temos-mineirazo\/09-07-2014\/\" \/>\n<meta property=\"og:locale\" content=\"pt_BR\" \/>\n<meta property=\"og:type\" content=\"article\" \/>\n<meta property=\"og:title\" content=\"Pode desapegar, Barbosa. Agora temos Mineirazo -\" \/>\n<meta property=\"og:description\" content=\"Pode desapegar, Barbosa. Agora temos Mineirazo. Confira essa Mat\u00e9ria no Canal Sem reserva. \u27a4 Projeto em parceria com a PANROTAS.\" \/>\n<meta property=\"og:url\" content=\"https:\/\/blog.panrotas.com.br\/semreserva\/pode-desapegar-barbosa-agora-temos-mineirazo\/09-07-2014\/\" \/>\n<meta property=\"og:site_name\" content=\"Sem reserva\" \/>\n<meta property=\"article:publisher\" content=\"https:\/\/www.facebook.com\/portalpanrotas\/\" \/>\n<meta property=\"article:published_time\" content=\"2014-07-09T04:56:51+00:00\" \/>\n<meta name=\"twitter:card\" content=\"summary_large_image\" \/>\n<meta name=\"twitter:creator\" content=\"@portalpanrotas\" \/>\n<meta name=\"twitter:site\" content=\"@portalpanrotas\" \/>\n<meta name=\"twitter:label1\" content=\"Escrito por\" \/>\n\t<meta name=\"twitter:data1\" content=\"Artur Andrade\" \/>\n\t<meta name=\"twitter:label2\" content=\"Est. tempo de leitura\" \/>\n\t<meta name=\"twitter:data2\" content=\"5 minutos\" \/>\n<script type=\"application\/ld+json\" class=\"yoast-schema-graph\">{\"@context\":\"https:\/\/schema.org\",\"@graph\":[{\"@type\":\"Organization\",\"@id\":\"http:\/\/blog.panrotas.com.br\/semreserva\/#organization\",\"name\":\"Sem Reserva - Blog no Portal PANROTAS\",\"url\":\"http:\/\/blog.panrotas.com.br\/semreserva\/\",\"sameAs\":[\"https:\/\/www.facebook.com\/portalpanrotas\/\",\"https:\/\/www.instagram.com\/portalpanrotas\/\",\"https:\/\/br.linkedin.com\/company\/panrotas\",\"https:\/\/www.youtube.com\/tvpanrotas\",\"https:\/\/twitter.com\/portalpanrotas\"],\"logo\":{\"@type\":\"ImageObject\",\"@id\":\"http:\/\/blog.panrotas.com.br\/semreserva\/#logo\",\"inLanguage\":\"pt-BR\",\"url\":\"https:\/\/blog.panrotas.com.br\/semreserva\/wp-content\/uploads\/sites\/5\/2020\/06\/logo.png\",\"contentUrl\":\"https:\/\/blog.panrotas.com.br\/semreserva\/wp-content\/uploads\/sites\/5\/2020\/06\/logo.png\",\"width\":259,\"height\":53,\"caption\":\"Sem Reserva - Blog no Portal PANROTAS\"},\"image\":{\"@id\":\"http:\/\/blog.panrotas.com.br\/semreserva\/#logo\"}},{\"@type\":\"WebSite\",\"@id\":\"http:\/\/blog.panrotas.com.br\/semreserva\/#website\",\"url\":\"http:\/\/blog.panrotas.com.br\/semreserva\/\",\"name\":\"Sem reserva\",\"description\":\"Blogosfera PANROTAS\",\"publisher\":{\"@id\":\"http:\/\/blog.panrotas.com.br\/semreserva\/#organization\"},\"potentialAction\":[{\"@type\":\"SearchAction\",\"target\":{\"@type\":\"EntryPoint\",\"urlTemplate\":\"http:\/\/blog.panrotas.com.br\/semreserva\/?s={search_term_string}\"},\"query-input\":\"required name=search_term_string\"}],\"inLanguage\":\"pt-BR\"},{\"@type\":\"WebPage\",\"@id\":\"https:\/\/blog.panrotas.com.br\/semreserva\/pode-desapegar-barbosa-agora-temos-mineirazo\/09-07-2014\/#webpage\",\"url\":\"https:\/\/blog.panrotas.com.br\/semreserva\/pode-desapegar-barbosa-agora-temos-mineirazo\/09-07-2014\/\",\"name\":\"Pode desapegar, Barbosa. Agora temos Mineirazo -\",\"isPartOf\":{\"@id\":\"http:\/\/blog.panrotas.com.br\/semreserva\/#website\"},\"datePublished\":\"2014-07-09T04:56:51+00:00\",\"dateModified\":\"2014-07-09T04:56:51+00:00\",\"description\":\"Pode desapegar, Barbosa. Agora temos Mineirazo. Confira essa Mat\\u00e9ria no Canal Sem reserva. \\u27a4 Projeto em parceria com a PANROTAS.\",\"breadcrumb\":{\"@id\":\"https:\/\/blog.panrotas.com.br\/semreserva\/pode-desapegar-barbosa-agora-temos-mineirazo\/09-07-2014\/#breadcrumb\"},\"inLanguage\":\"pt-BR\",\"potentialAction\":[{\"@type\":\"ReadAction\",\"target\":[\"https:\/\/blog.panrotas.com.br\/semreserva\/pode-desapegar-barbosa-agora-temos-mineirazo\/09-07-2014\/\"]}]},{\"@type\":\"BreadcrumbList\",\"@id\":\"https:\/\/blog.panrotas.com.br\/semreserva\/pode-desapegar-barbosa-agora-temos-mineirazo\/09-07-2014\/#breadcrumb\",\"itemListElement\":[{\"@type\":\"ListItem\",\"position\":1,\"name\":\"Home do Blog\",\"item\":\"http:\/\/blog.panrotas.com.br\/semreserva\/\"},{\"@type\":\"ListItem\",\"position\":2,\"name\":\"Dia a dia\",\"item\":\"https:\/\/blog.panrotas.com.br\/semreserva\/category\/dia-a-dia\/\"},{\"@type\":\"ListItem\",\"position\":3,\"name\":\"Pode desapegar, Barbosa. Agora temos Mineirazo\"}]},{\"@type\":\"Article\",\"@id\":\"https:\/\/blog.panrotas.com.br\/semreserva\/pode-desapegar-barbosa-agora-temos-mineirazo\/09-07-2014\/#article\",\"isPartOf\":{\"@id\":\"https:\/\/blog.panrotas.com.br\/semreserva\/pode-desapegar-barbosa-agora-temos-mineirazo\/09-07-2014\/#webpage\"},\"author\":{\"@id\":\"http:\/\/blog.panrotas.com.br\/semreserva\/#\/schema\/person\/c93b4555f6a497d2d83c25dcb80f61ed\"},\"headline\":\"Pode desapegar, Barbosa. Agora temos Mineirazo\",\"datePublished\":\"2014-07-09T04:56:51+00:00\",\"dateModified\":\"2014-07-09T04:56:51+00:00\",\"mainEntityOfPage\":{\"@id\":\"https:\/\/blog.panrotas.com.br\/semreserva\/pode-desapegar-barbosa-agora-temos-mineirazo\/09-07-2014\/#webpage\"},\"wordCount\":981,\"commentCount\":0,\"publisher\":{\"@id\":\"http:\/\/blog.panrotas.com.br\/semreserva\/#organization\"},\"articleSection\":[\"Dia a dia\"],\"inLanguage\":\"pt-BR\",\"potentialAction\":[{\"@type\":\"CommentAction\",\"name\":\"Comment\",\"target\":[\"https:\/\/blog.panrotas.com.br\/semreserva\/pode-desapegar-barbosa-agora-temos-mineirazo\/09-07-2014\/#respond\"]}]},{\"@type\":\"Person\",\"@id\":\"http:\/\/blog.panrotas.com.br\/semreserva\/#\/schema\/person\/c93b4555f6a497d2d83c25dcb80f61ed\",\"name\":\"Artur Andrade\",\"image\":{\"@type\":\"ImageObject\",\"@id\":\"http:\/\/blog.panrotas.com.br\/semreserva\/#personlogo\",\"inLanguage\":\"pt-BR\",\"url\":\"https:\/\/secure.gravatar.com\/avatar\/a94564d630220cefd5c82f3452ac1ef4?s=96&d=mm&r=g\",\"contentUrl\":\"https:\/\/secure.gravatar.com\/avatar\/a94564d630220cefd5c82f3452ac1ef4?s=96&d=mm&r=g\",\"caption\":\"Artur Andrade\"},\"description\":\"Artur Luiz Andrade \\u00e9 carioca, taurino, jornalista e nasceu em 1969. \\u00c9 editor-chefe da PANROTAS Editora e mora em S\\u00e3o Paulo desde 1998\",\"sameAs\":[\"http:\/\/www.panrotas.com.br\"]}]}<\/script>\n<!-- \/ Yoast SEO plugin. -->","yoast_head_json":{"title":"Pode desapegar, Barbosa. Agora temos Mineirazo -","description":"Pode desapegar, Barbosa. Agora temos Mineirazo. Confira essa Mat\u00e9ria no Canal Sem reserva. \u27a4 Projeto em parceria com a PANROTAS.","robots":{"index":"index","follow":"follow","max-snippet":"max-snippet:-1","max-image-preview":"max-image-preview:large","max-video-preview":"max-video-preview:-1"},"canonical":"https:\/\/blog.panrotas.com.br\/semreserva\/pode-desapegar-barbosa-agora-temos-mineirazo\/09-07-2014\/","og_locale":"pt_BR","og_type":"article","og_title":"Pode desapegar, Barbosa. Agora temos Mineirazo -","og_description":"Pode desapegar, Barbosa. Agora temos Mineirazo. Confira essa Mat\u00e9ria no Canal Sem reserva. \u27a4 Projeto em parceria com a PANROTAS.","og_url":"https:\/\/blog.panrotas.com.br\/semreserva\/pode-desapegar-barbosa-agora-temos-mineirazo\/09-07-2014\/","og_site_name":"Sem reserva","article_publisher":"https:\/\/www.facebook.com\/portalpanrotas\/","article_published_time":"2014-07-09T04:56:51+00:00","twitter_card":"summary_large_image","twitter_creator":"@portalpanrotas","twitter_site":"@portalpanrotas","twitter_misc":{"Escrito por":"Artur Andrade","Est. tempo de leitura":"5 minutos"},"schema":{"@context":"https:\/\/schema.org","@graph":[{"@type":"Organization","@id":"http:\/\/blog.panrotas.com.br\/semreserva\/#organization","name":"Sem Reserva - Blog no Portal PANROTAS","url":"http:\/\/blog.panrotas.com.br\/semreserva\/","sameAs":["https:\/\/www.facebook.com\/portalpanrotas\/","https:\/\/www.instagram.com\/portalpanrotas\/","https:\/\/br.linkedin.com\/company\/panrotas","https:\/\/www.youtube.com\/tvpanrotas","https:\/\/twitter.com\/portalpanrotas"],"logo":{"@type":"ImageObject","@id":"http:\/\/blog.panrotas.com.br\/semreserva\/#logo","inLanguage":"pt-BR","url":"https:\/\/blog.panrotas.com.br\/semreserva\/wp-content\/uploads\/sites\/5\/2020\/06\/logo.png","contentUrl":"https:\/\/blog.panrotas.com.br\/semreserva\/wp-content\/uploads\/sites\/5\/2020\/06\/logo.png","width":259,"height":53,"caption":"Sem Reserva - Blog no Portal PANROTAS"},"image":{"@id":"http:\/\/blog.panrotas.com.br\/semreserva\/#logo"}},{"@type":"WebSite","@id":"http:\/\/blog.panrotas.com.br\/semreserva\/#website","url":"http:\/\/blog.panrotas.com.br\/semreserva\/","name":"Sem reserva","description":"Blogosfera PANROTAS","publisher":{"@id":"http:\/\/blog.panrotas.com.br\/semreserva\/#organization"},"potentialAction":[{"@type":"SearchAction","target":{"@type":"EntryPoint","urlTemplate":"http:\/\/blog.panrotas.com.br\/semreserva\/?s={search_term_string}"},"query-input":"required name=search_term_string"}],"inLanguage":"pt-BR"},{"@type":"WebPage","@id":"https:\/\/blog.panrotas.com.br\/semreserva\/pode-desapegar-barbosa-agora-temos-mineirazo\/09-07-2014\/#webpage","url":"https:\/\/blog.panrotas.com.br\/semreserva\/pode-desapegar-barbosa-agora-temos-mineirazo\/09-07-2014\/","name":"Pode desapegar, Barbosa. Agora temos Mineirazo -","isPartOf":{"@id":"http:\/\/blog.panrotas.com.br\/semreserva\/#website"},"datePublished":"2014-07-09T04:56:51+00:00","dateModified":"2014-07-09T04:56:51+00:00","description":"Pode desapegar, Barbosa. Agora temos Mineirazo. Confira essa Mat\u00e9ria no Canal Sem reserva. \u27a4 Projeto em parceria com a PANROTAS.","breadcrumb":{"@id":"https:\/\/blog.panrotas.com.br\/semreserva\/pode-desapegar-barbosa-agora-temos-mineirazo\/09-07-2014\/#breadcrumb"},"inLanguage":"pt-BR","potentialAction":[{"@type":"ReadAction","target":["https:\/\/blog.panrotas.com.br\/semreserva\/pode-desapegar-barbosa-agora-temos-mineirazo\/09-07-2014\/"]}]},{"@type":"BreadcrumbList","@id":"https:\/\/blog.panrotas.com.br\/semreserva\/pode-desapegar-barbosa-agora-temos-mineirazo\/09-07-2014\/#breadcrumb","itemListElement":[{"@type":"ListItem","position":1,"name":"Home do Blog","item":"http:\/\/blog.panrotas.com.br\/semreserva\/"},{"@type":"ListItem","position":2,"name":"Dia a dia","item":"https:\/\/blog.panrotas.com.br\/semreserva\/category\/dia-a-dia\/"},{"@type":"ListItem","position":3,"name":"Pode desapegar, Barbosa. Agora temos Mineirazo"}]},{"@type":"Article","@id":"https:\/\/blog.panrotas.com.br\/semreserva\/pode-desapegar-barbosa-agora-temos-mineirazo\/09-07-2014\/#article","isPartOf":{"@id":"https:\/\/blog.panrotas.com.br\/semreserva\/pode-desapegar-barbosa-agora-temos-mineirazo\/09-07-2014\/#webpage"},"author":{"@id":"http:\/\/blog.panrotas.com.br\/semreserva\/#\/schema\/person\/c93b4555f6a497d2d83c25dcb80f61ed"},"headline":"Pode desapegar, Barbosa. Agora temos Mineirazo","datePublished":"2014-07-09T04:56:51+00:00","dateModified":"2014-07-09T04:56:51+00:00","mainEntityOfPage":{"@id":"https:\/\/blog.panrotas.com.br\/semreserva\/pode-desapegar-barbosa-agora-temos-mineirazo\/09-07-2014\/#webpage"},"wordCount":981,"commentCount":0,"publisher":{"@id":"http:\/\/blog.panrotas.com.br\/semreserva\/#organization"},"articleSection":["Dia a dia"],"inLanguage":"pt-BR","potentialAction":[{"@type":"CommentAction","name":"Comment","target":["https:\/\/blog.panrotas.com.br\/semreserva\/pode-desapegar-barbosa-agora-temos-mineirazo\/09-07-2014\/#respond"]}]},{"@type":"Person","@id":"http:\/\/blog.panrotas.com.br\/semreserva\/#\/schema\/person\/c93b4555f6a497d2d83c25dcb80f61ed","name":"Artur Andrade","image":{"@type":"ImageObject","@id":"http:\/\/blog.panrotas.com.br\/semreserva\/#personlogo","inLanguage":"pt-BR","url":"https:\/\/secure.gravatar.com\/avatar\/a94564d630220cefd5c82f3452ac1ef4?s=96&d=mm&r=g","contentUrl":"https:\/\/secure.gravatar.com\/avatar\/a94564d630220cefd5c82f3452ac1ef4?s=96&d=mm&r=g","caption":"Artur Andrade"},"description":"Artur Luiz Andrade \u00e9 carioca, taurino, jornalista e nasceu em 1969. \u00c9 editor-chefe da PANROTAS Editora e mora em S\u00e3o Paulo desde 1998","sameAs":["http:\/\/www.panrotas.com.br"]}]}},"jetpack_featured_media_url":"","jetpack_shortlink":"https:\/\/wp.me\/p7idIU-138","_links":{"self":[{"href":"https:\/\/blog.panrotas.com.br\/semreserva\/wp-json\/wp\/v2\/posts\/4038"}],"collection":[{"href":"https:\/\/blog.panrotas.com.br\/semreserva\/wp-json\/wp\/v2\/posts"}],"about":[{"href":"https:\/\/blog.panrotas.com.br\/semreserva\/wp-json\/wp\/v2\/types\/post"}],"author":[{"embeddable":true,"href":"https:\/\/blog.panrotas.com.br\/semreserva\/wp-json\/wp\/v2\/users\/7"}],"replies":[{"embeddable":true,"href":"https:\/\/blog.panrotas.com.br\/semreserva\/wp-json\/wp\/v2\/comments?post=4038"}],"version-history":[{"count":0,"href":"https:\/\/blog.panrotas.com.br\/semreserva\/wp-json\/wp\/v2\/posts\/4038\/revisions"}],"wp:attachment":[{"href":"https:\/\/blog.panrotas.com.br\/semreserva\/wp-json\/wp\/v2\/media?parent=4038"}],"wp:term":[{"taxonomy":"category","embeddable":true,"href":"https:\/\/blog.panrotas.com.br\/semreserva\/wp-json\/wp\/v2\/categories?post=4038"},{"taxonomy":"post_tag","embeddable":true,"href":"https:\/\/blog.panrotas.com.br\/semreserva\/wp-json\/wp\/v2\/tags?post=4038"}],"curies":[{"name":"wp","href":"https:\/\/api.w.org\/{rel}","templated":true}]}}