{"id":4065,"date":"2014-07-22T18:14:33","date_gmt":"2014-07-22T21:14:33","guid":{"rendered":"http:\/\/blog.panrotas.com.br\/semreserva\/?p=4065"},"modified":"2014-07-22T18:14:33","modified_gmt":"2014-07-22T21:14:33","slug":"engenho-e-arte-minha-foto-com-tim-maos-de-tesoura","status":"publish","type":"post","link":"https:\/\/blog.panrotas.com.br\/semreserva\/engenho-e-arte-minha-foto-com-tim-maos-de-tesoura\/22-07-2014\/","title":{"rendered":"ENGENHO E ARTE &#8211; MINHA FOTO COM TIM M\u00c3OS DE TESOURA"},"content":{"rendered":"<p>\u201cTirei uma foto com o Tim Burton. Ele estava na festa da Universal Orlando\u201d. 90% das respostas e coment\u00e1rios para minha frase em \u00eaxtase invariavelmente come\u00e7aram com a pergunta \u201cQuem?\u201d.<\/p>\n<p>Desapontado, explico que \u00e9 o fant\u00e1stico e genial diretor de Eduardo M\u00e3os de Tesoura, Ed Wood, O Estranho Mundo de Jack, Alice no Pa\u00eds das Maravilhas, A Incr\u00edvel F\u00e1brica de Chocolate, Sweeney Todd, A Lenda do Cavaleiro sem Cabe\u00e7a, Dark Shadows, A Noiva Cad\u00e1ver, Frankenweenie&#8230; Falo quase todos os filmes, pois um eles h\u00e3o de conhecer. Mais uma vez metade das respostas inclui um \u201caaaaah\u201d um tanto desanimado.<\/p>\n<p>Mas por que diabos eu fui tirar foto com o Tim Burton?<\/p>\n<p>Na \u00e9poca dos selfies e das redes sociais em que somos celebridades de nosso mundinho repleto de filtros, \u00e9 mais l\u00f3gico que se comemore uma foto com Ivete Sangalo, Roger Federer, Rihanna, David Beckham ou qualquer outra figura acostumada a estar no centro do palco, na frente das c\u00e2meras, posicionando-se do seu \u00e2ngulo mais favorecido.<\/p>\n<p>Eu confesso que n\u00e3o sou de tirar fotos com celebridades, a n\u00e3o ser que esteja em um evento e elas dando sopa, como acontece muito no turismo. Em recente evento em S\u00e3o Paulo, se eu n\u00e3o tirasse foto com um ator coadjuvante da s\u00e9rie Harry Potter ia pegar mal (risos, risos, risos). No fim o menino era simp\u00e1tico e a foto n\u00e3o doeu.<\/p>\n<p>Eu n\u00e3o abomino o mundo de celebridade, gosto de apreciar fotos bonitas e tirar fotos de famosos em ambientes que estejamos dividindo. Nada de paparazzo style.<\/p>\n<p>Mas eis que, como um f\u00e3 que n\u00e3o acredita estar na frente de Chay Suede (quem?), MC Guim\u00ea (oi?), ou Alinne Rosa (quem? Quem? Essa foi pro Danilo), eis que vejo Tim Burton na festa e pe\u00e7o uma foto. O elenco de Harry Potter dando sopa, a sra. Burton toda sol\u00edcita (Helena Bonham Carter \u2013 \u201cah ela \u00e9 mulher dele? Sei quem \u00e9, do Discurso do Rei, Os Miser\u00e1veis, Alice&#8230;\u201d) e eu batendo no ombro de Tim Burton.<\/p>\n<p>Achei que tesouras iriam apertar minha m\u00e3o, ou que ele falasse estranho como Johnny Depp em seus filmes, ou que n\u00e3o fosse \u201cnormal\u201d. Posou para a foto, falou da Copa do Mundo (era o dia da elimina\u00e7\u00e3o da Espanha) e saiu puxado pelos filhos, dando tchau.<\/p>\n<p>Por que raios tirar foto com Tim Burton? Porque ele \u00e9 genial, porque vi todos os filmes dele, porque tenho alguns livros, vi sua exposi\u00e7\u00e3o no Moma h\u00e1 alguns anos&#8230; Sim, mas uma foto por qu\u00ea?<\/p>\n<p>Porque n\u00e3o \u00e9 a pessoa que esperamos encontrar em uma festa.<\/p>\n<p>Porque diretores geniais n\u00e3o gostam da frente das c\u00e2meras e sim do seu mundo muito particular.<\/p>\n<p>Porque eu, como uma pessoa de bastidor, aprecio a genialidade de quem comanda tudo e leva o caos \u00e0 tela, em forma de arte, poesia, m\u00fasica, filmes inesquec\u00edveis.<\/p>\n<p>Porque ele \u00e9 um louco maluco beleza e isso me atrai.<\/p>\n<p>Porque o mundo est\u00e1 cheio de gente que vive no mundo das celebridades (mesmo as instant\u00e2neas e filtradas), mas que n\u00e3o d\u00e1 mais import\u00e2ncia que ele tem, algo fugaz e bonito, para se consumir e n\u00e3o levar para o travesseiro.<\/p>\n<p>Porque o cara \u00e9 um dos \u00eddolos de v\u00e1rias gera\u00e7\u00f5es e n\u00e3o pode ficar dando sopa em festa&#8230; hahahaha.<\/p>\n<p>Viva quem trabalha, rala, sonha, viaja, ultrapassa fronteiras, n\u00e3o se acanha e dirige orquestras ou equipes, inspirando-se em exemplos como Tim&#8230; Deixemos os flashes para quem sabe atrair e dominar a c\u00e2mera, como Gisele entrando em campo, Beckham de cueca sem perder a pose, Juliae seu sorriso de orelha a orelha, Depp fazendo cara de louco e fora do lugar.<\/p>\n<p>Por que tirei foto com Tim Burton? Porque de cientista e louco, todos temos um pouco.<\/p>\n<p>PS: e Fab\u00edola foi \u00e0 Su\u00ed\u00e7a e n\u00e3o tirou uma selfie com o Roger&#8230; francamente!!!<\/p>\n<figure id=\"attachment_4066\" aria-describedby=\"caption-attachment-4066\" style=\"width: 450px\" class=\"wp-caption alignnone\"><a href=\"http:\/\/blog.panrotas.com.br\/semreserva\/wp-content\/uploads\/2014\/07\/bburton3809.jpg\"><img loading=\"lazy\" class=\"size-full wp-image-4066\" alt=\"Eu e Bbbbbbburton em pessoa\" src=\"http:\/\/blog.panrotas.com.br\/semreserva\/wp-content\/uploads\/2014\/07\/bburton3809.jpg\" width=\"450\" height=\"450\" srcset=\"https:\/\/blog.panrotas.com.br\/semreserva\/wp-content\/uploads\/sites\/5\/2014\/07\/bburton3809.jpg 450w, https:\/\/blog.panrotas.com.br\/semreserva\/wp-content\/uploads\/sites\/5\/2014\/07\/bburton3809-300x300.jpg 300w, https:\/\/blog.panrotas.com.br\/semreserva\/wp-content\/uploads\/sites\/5\/2014\/07\/bburton3809-150x150.jpg 150w\" sizes=\"(max-width: 450px) 100vw, 450px\" \/><\/a><figcaption id=\"caption-attachment-4066\" class=\"wp-caption-text\">Eu e Bbbbbbburton em pessoa<\/figcaption><\/figure>\n","protected":false},"excerpt":{"rendered":"<p>\u201cTirei uma foto com o Tim Burton. Ele estava na festa da Universal Orlando\u201d. 90% das respostas e coment\u00e1rios para minha frase em \u00eaxtase invariavelmente come\u00e7aram com a pergunta \u201cQuem?\u201d. Desapontado, explico que \u00e9 o fant\u00e1stico e genial diretor de Eduardo M\u00e3os de Tesoura, Ed Wood, O Estranho Mundo de Jack, Alice no Pa\u00eds das [&hellip;]<\/p>\n","protected":false},"author":7,"featured_media":0,"comment_status":"open","ping_status":"open","sticky":false,"template":"","format":"standard","meta":{"spay_email":""},"categories":[2],"tags":[],"yoast_head":"<!-- This site is optimized with the Yoast SEO plugin v17.3 - https:\/\/yoast.com\/wordpress\/plugins\/seo\/ -->\n<title>ENGENHO E ARTE - MINHA FOTO COM TIM M\u00c3OS DE TESOURA -<\/title>\n<meta name=\"description\" content=\"ENGENHO E ARTE - MINHA FOTO COM TIM M\u00c3OS DE TESOURA. Confira essa Mat\u00e9ria no Canal Sem reserva. \u27a4 Projeto em parceria com a PANROTAS.\" \/>\n<meta name=\"robots\" content=\"index, follow, max-snippet:-1, max-image-preview:large, max-video-preview:-1\" \/>\n<link rel=\"canonical\" href=\"https:\/\/blog.panrotas.com.br\/semreserva\/engenho-e-arte-minha-foto-com-tim-maos-de-tesoura\/22-07-2014\/\" \/>\n<meta property=\"og:locale\" content=\"pt_BR\" \/>\n<meta property=\"og:type\" content=\"article\" \/>\n<meta property=\"og:title\" content=\"ENGENHO E ARTE - MINHA FOTO COM TIM M\u00c3OS DE TESOURA -\" \/>\n<meta property=\"og:description\" content=\"ENGENHO E ARTE - MINHA FOTO COM TIM M\u00c3OS DE TESOURA. Confira essa Mat\u00e9ria no Canal Sem reserva. \u27a4 Projeto em parceria com a PANROTAS.\" \/>\n<meta property=\"og:url\" content=\"https:\/\/blog.panrotas.com.br\/semreserva\/engenho-e-arte-minha-foto-com-tim-maos-de-tesoura\/22-07-2014\/\" \/>\n<meta property=\"og:site_name\" content=\"Sem reserva\" \/>\n<meta property=\"article:publisher\" content=\"https:\/\/www.facebook.com\/portalpanrotas\/\" \/>\n<meta property=\"article:published_time\" content=\"2014-07-22T21:14:33+00:00\" \/>\n<meta property=\"og:image\" content=\"http:\/\/blog.panrotas.com.br\/semreserva\/wp-content\/uploads\/2014\/07\/bburton3809.jpg\" \/>\n<meta name=\"twitter:card\" content=\"summary_large_image\" \/>\n<meta name=\"twitter:creator\" content=\"@portalpanrotas\" \/>\n<meta name=\"twitter:site\" content=\"@portalpanrotas\" \/>\n<meta name=\"twitter:label1\" content=\"Escrito por\" \/>\n\t<meta name=\"twitter:data1\" content=\"Artur Andrade\" \/>\n\t<meta name=\"twitter:label2\" content=\"Est. tempo de leitura\" \/>\n\t<meta name=\"twitter:data2\" content=\"3 minutos\" \/>\n<script type=\"application\/ld+json\" class=\"yoast-schema-graph\">{\"@context\":\"https:\/\/schema.org\",\"@graph\":[{\"@type\":\"Organization\",\"@id\":\"http:\/\/blog.panrotas.com.br\/semreserva\/#organization\",\"name\":\"Sem Reserva - Blog no Portal PANROTAS\",\"url\":\"http:\/\/blog.panrotas.com.br\/semreserva\/\",\"sameAs\":[\"https:\/\/www.facebook.com\/portalpanrotas\/\",\"https:\/\/www.instagram.com\/portalpanrotas\/\",\"https:\/\/br.linkedin.com\/company\/panrotas\",\"https:\/\/www.youtube.com\/tvpanrotas\",\"https:\/\/twitter.com\/portalpanrotas\"],\"logo\":{\"@type\":\"ImageObject\",\"@id\":\"http:\/\/blog.panrotas.com.br\/semreserva\/#logo\",\"inLanguage\":\"pt-BR\",\"url\":\"https:\/\/blog.panrotas.com.br\/semreserva\/wp-content\/uploads\/sites\/5\/2020\/06\/logo.png\",\"contentUrl\":\"https:\/\/blog.panrotas.com.br\/semreserva\/wp-content\/uploads\/sites\/5\/2020\/06\/logo.png\",\"width\":259,\"height\":53,\"caption\":\"Sem Reserva - Blog no Portal PANROTAS\"},\"image\":{\"@id\":\"http:\/\/blog.panrotas.com.br\/semreserva\/#logo\"}},{\"@type\":\"WebSite\",\"@id\":\"http:\/\/blog.panrotas.com.br\/semreserva\/#website\",\"url\":\"http:\/\/blog.panrotas.com.br\/semreserva\/\",\"name\":\"Sem reserva\",\"description\":\"Blogosfera PANROTAS\",\"publisher\":{\"@id\":\"http:\/\/blog.panrotas.com.br\/semreserva\/#organization\"},\"potentialAction\":[{\"@type\":\"SearchAction\",\"target\":{\"@type\":\"EntryPoint\",\"urlTemplate\":\"http:\/\/blog.panrotas.com.br\/semreserva\/?s={search_term_string}\"},\"query-input\":\"required name=search_term_string\"}],\"inLanguage\":\"pt-BR\"},{\"@type\":\"ImageObject\",\"@id\":\"https:\/\/blog.panrotas.com.br\/semreserva\/engenho-e-arte-minha-foto-com-tim-maos-de-tesoura\/22-07-2014\/#primaryimage\",\"inLanguage\":\"pt-BR\",\"url\":\"http:\/\/blog.panrotas.com.br\/semreserva\/wp-content\/uploads\/2014\/07\/bburton3809.jpg\",\"contentUrl\":\"http:\/\/blog.panrotas.com.br\/semreserva\/wp-content\/uploads\/2014\/07\/bburton3809.jpg\"},{\"@type\":\"WebPage\",\"@id\":\"https:\/\/blog.panrotas.com.br\/semreserva\/engenho-e-arte-minha-foto-com-tim-maos-de-tesoura\/22-07-2014\/#webpage\",\"url\":\"https:\/\/blog.panrotas.com.br\/semreserva\/engenho-e-arte-minha-foto-com-tim-maos-de-tesoura\/22-07-2014\/\",\"name\":\"ENGENHO E ARTE - MINHA FOTO COM TIM M\\u00c3OS DE TESOURA -\",\"isPartOf\":{\"@id\":\"http:\/\/blog.panrotas.com.br\/semreserva\/#website\"},\"primaryImageOfPage\":{\"@id\":\"https:\/\/blog.panrotas.com.br\/semreserva\/engenho-e-arte-minha-foto-com-tim-maos-de-tesoura\/22-07-2014\/#primaryimage\"},\"datePublished\":\"2014-07-22T21:14:33+00:00\",\"dateModified\":\"2014-07-22T21:14:33+00:00\",\"description\":\"ENGENHO E ARTE - MINHA FOTO COM TIM M\\u00c3OS DE TESOURA. Confira essa Mat\\u00e9ria no Canal Sem reserva. \\u27a4 Projeto em parceria com a PANROTAS.\",\"breadcrumb\":{\"@id\":\"https:\/\/blog.panrotas.com.br\/semreserva\/engenho-e-arte-minha-foto-com-tim-maos-de-tesoura\/22-07-2014\/#breadcrumb\"},\"inLanguage\":\"pt-BR\",\"potentialAction\":[{\"@type\":\"ReadAction\",\"target\":[\"https:\/\/blog.panrotas.com.br\/semreserva\/engenho-e-arte-minha-foto-com-tim-maos-de-tesoura\/22-07-2014\/\"]}]},{\"@type\":\"BreadcrumbList\",\"@id\":\"https:\/\/blog.panrotas.com.br\/semreserva\/engenho-e-arte-minha-foto-com-tim-maos-de-tesoura\/22-07-2014\/#breadcrumb\",\"itemListElement\":[{\"@type\":\"ListItem\",\"position\":1,\"name\":\"Home do Blog\",\"item\":\"http:\/\/blog.panrotas.com.br\/semreserva\/\"},{\"@type\":\"ListItem\",\"position\":2,\"name\":\"Dia a dia\",\"item\":\"https:\/\/blog.panrotas.com.br\/semreserva\/category\/dia-a-dia\/\"},{\"@type\":\"ListItem\",\"position\":3,\"name\":\"ENGENHO E ARTE &#8211; MINHA FOTO COM TIM M\\u00c3OS DE TESOURA\"}]},{\"@type\":\"Article\",\"@id\":\"https:\/\/blog.panrotas.com.br\/semreserva\/engenho-e-arte-minha-foto-com-tim-maos-de-tesoura\/22-07-2014\/#article\",\"isPartOf\":{\"@id\":\"https:\/\/blog.panrotas.com.br\/semreserva\/engenho-e-arte-minha-foto-com-tim-maos-de-tesoura\/22-07-2014\/#webpage\"},\"author\":{\"@id\":\"http:\/\/blog.panrotas.com.br\/semreserva\/#\/schema\/person\/c93b4555f6a497d2d83c25dcb80f61ed\"},\"headline\":\"ENGENHO E ARTE &#8211; MINHA FOTO COM TIM M\\u00c3OS DE TESOURA\",\"datePublished\":\"2014-07-22T21:14:33+00:00\",\"dateModified\":\"2014-07-22T21:14:33+00:00\",\"mainEntityOfPage\":{\"@id\":\"https:\/\/blog.panrotas.com.br\/semreserva\/engenho-e-arte-minha-foto-com-tim-maos-de-tesoura\/22-07-2014\/#webpage\"},\"wordCount\":687,\"commentCount\":0,\"publisher\":{\"@id\":\"http:\/\/blog.panrotas.com.br\/semreserva\/#organization\"},\"image\":{\"@id\":\"https:\/\/blog.panrotas.com.br\/semreserva\/engenho-e-arte-minha-foto-com-tim-maos-de-tesoura\/22-07-2014\/#primaryimage\"},\"thumbnailUrl\":\"http:\/\/blog.panrotas.com.br\/semreserva\/wp-content\/uploads\/2014\/07\/bburton3809.jpg\",\"articleSection\":[\"Dia a dia\"],\"inLanguage\":\"pt-BR\",\"potentialAction\":[{\"@type\":\"CommentAction\",\"name\":\"Comment\",\"target\":[\"https:\/\/blog.panrotas.com.br\/semreserva\/engenho-e-arte-minha-foto-com-tim-maos-de-tesoura\/22-07-2014\/#respond\"]}]},{\"@type\":\"Person\",\"@id\":\"http:\/\/blog.panrotas.com.br\/semreserva\/#\/schema\/person\/c93b4555f6a497d2d83c25dcb80f61ed\",\"name\":\"Artur Andrade\",\"image\":{\"@type\":\"ImageObject\",\"@id\":\"http:\/\/blog.panrotas.com.br\/semreserva\/#personlogo\",\"inLanguage\":\"pt-BR\",\"url\":\"https:\/\/secure.gravatar.com\/avatar\/a94564d630220cefd5c82f3452ac1ef4?s=96&d=mm&r=g\",\"contentUrl\":\"https:\/\/secure.gravatar.com\/avatar\/a94564d630220cefd5c82f3452ac1ef4?s=96&d=mm&r=g\",\"caption\":\"Artur Andrade\"},\"description\":\"Artur Luiz Andrade \\u00e9 carioca, taurino, jornalista e nasceu em 1969. \\u00c9 editor-chefe da PANROTAS Editora e mora em S\\u00e3o Paulo desde 1998\",\"sameAs\":[\"http:\/\/www.panrotas.com.br\"]}]}<\/script>\n<!-- \/ Yoast SEO plugin. -->","yoast_head_json":{"title":"ENGENHO E ARTE - MINHA FOTO COM TIM M\u00c3OS DE TESOURA -","description":"ENGENHO E ARTE - MINHA FOTO COM TIM M\u00c3OS DE TESOURA. Confira essa Mat\u00e9ria no Canal Sem reserva. \u27a4 Projeto em parceria com a PANROTAS.","robots":{"index":"index","follow":"follow","max-snippet":"max-snippet:-1","max-image-preview":"max-image-preview:large","max-video-preview":"max-video-preview:-1"},"canonical":"https:\/\/blog.panrotas.com.br\/semreserva\/engenho-e-arte-minha-foto-com-tim-maos-de-tesoura\/22-07-2014\/","og_locale":"pt_BR","og_type":"article","og_title":"ENGENHO E ARTE - MINHA FOTO COM TIM M\u00c3OS DE TESOURA -","og_description":"ENGENHO E ARTE - MINHA FOTO COM TIM M\u00c3OS DE TESOURA. Confira essa Mat\u00e9ria no Canal Sem reserva. \u27a4 Projeto em parceria com a PANROTAS.","og_url":"https:\/\/blog.panrotas.com.br\/semreserva\/engenho-e-arte-minha-foto-com-tim-maos-de-tesoura\/22-07-2014\/","og_site_name":"Sem reserva","article_publisher":"https:\/\/www.facebook.com\/portalpanrotas\/","article_published_time":"2014-07-22T21:14:33+00:00","og_image":[{"url":"http:\/\/blog.panrotas.com.br\/semreserva\/wp-content\/uploads\/2014\/07\/bburton3809.jpg"}],"twitter_card":"summary_large_image","twitter_creator":"@portalpanrotas","twitter_site":"@portalpanrotas","twitter_misc":{"Escrito por":"Artur Andrade","Est. tempo de leitura":"3 minutos"},"schema":{"@context":"https:\/\/schema.org","@graph":[{"@type":"Organization","@id":"http:\/\/blog.panrotas.com.br\/semreserva\/#organization","name":"Sem Reserva - Blog no Portal PANROTAS","url":"http:\/\/blog.panrotas.com.br\/semreserva\/","sameAs":["https:\/\/www.facebook.com\/portalpanrotas\/","https:\/\/www.instagram.com\/portalpanrotas\/","https:\/\/br.linkedin.com\/company\/panrotas","https:\/\/www.youtube.com\/tvpanrotas","https:\/\/twitter.com\/portalpanrotas"],"logo":{"@type":"ImageObject","@id":"http:\/\/blog.panrotas.com.br\/semreserva\/#logo","inLanguage":"pt-BR","url":"https:\/\/blog.panrotas.com.br\/semreserva\/wp-content\/uploads\/sites\/5\/2020\/06\/logo.png","contentUrl":"https:\/\/blog.panrotas.com.br\/semreserva\/wp-content\/uploads\/sites\/5\/2020\/06\/logo.png","width":259,"height":53,"caption":"Sem Reserva - Blog no Portal PANROTAS"},"image":{"@id":"http:\/\/blog.panrotas.com.br\/semreserva\/#logo"}},{"@type":"WebSite","@id":"http:\/\/blog.panrotas.com.br\/semreserva\/#website","url":"http:\/\/blog.panrotas.com.br\/semreserva\/","name":"Sem reserva","description":"Blogosfera PANROTAS","publisher":{"@id":"http:\/\/blog.panrotas.com.br\/semreserva\/#organization"},"potentialAction":[{"@type":"SearchAction","target":{"@type":"EntryPoint","urlTemplate":"http:\/\/blog.panrotas.com.br\/semreserva\/?s={search_term_string}"},"query-input":"required name=search_term_string"}],"inLanguage":"pt-BR"},{"@type":"ImageObject","@id":"https:\/\/blog.panrotas.com.br\/semreserva\/engenho-e-arte-minha-foto-com-tim-maos-de-tesoura\/22-07-2014\/#primaryimage","inLanguage":"pt-BR","url":"http:\/\/blog.panrotas.com.br\/semreserva\/wp-content\/uploads\/2014\/07\/bburton3809.jpg","contentUrl":"http:\/\/blog.panrotas.com.br\/semreserva\/wp-content\/uploads\/2014\/07\/bburton3809.jpg"},{"@type":"WebPage","@id":"https:\/\/blog.panrotas.com.br\/semreserva\/engenho-e-arte-minha-foto-com-tim-maos-de-tesoura\/22-07-2014\/#webpage","url":"https:\/\/blog.panrotas.com.br\/semreserva\/engenho-e-arte-minha-foto-com-tim-maos-de-tesoura\/22-07-2014\/","name":"ENGENHO E ARTE - MINHA FOTO COM TIM M\u00c3OS DE TESOURA -","isPartOf":{"@id":"http:\/\/blog.panrotas.com.br\/semreserva\/#website"},"primaryImageOfPage":{"@id":"https:\/\/blog.panrotas.com.br\/semreserva\/engenho-e-arte-minha-foto-com-tim-maos-de-tesoura\/22-07-2014\/#primaryimage"},"datePublished":"2014-07-22T21:14:33+00:00","dateModified":"2014-07-22T21:14:33+00:00","description":"ENGENHO E ARTE - MINHA FOTO COM TIM M\u00c3OS DE TESOURA. Confira essa Mat\u00e9ria no Canal Sem reserva. \u27a4 Projeto em parceria com a PANROTAS.","breadcrumb":{"@id":"https:\/\/blog.panrotas.com.br\/semreserva\/engenho-e-arte-minha-foto-com-tim-maos-de-tesoura\/22-07-2014\/#breadcrumb"},"inLanguage":"pt-BR","potentialAction":[{"@type":"ReadAction","target":["https:\/\/blog.panrotas.com.br\/semreserva\/engenho-e-arte-minha-foto-com-tim-maos-de-tesoura\/22-07-2014\/"]}]},{"@type":"BreadcrumbList","@id":"https:\/\/blog.panrotas.com.br\/semreserva\/engenho-e-arte-minha-foto-com-tim-maos-de-tesoura\/22-07-2014\/#breadcrumb","itemListElement":[{"@type":"ListItem","position":1,"name":"Home do Blog","item":"http:\/\/blog.panrotas.com.br\/semreserva\/"},{"@type":"ListItem","position":2,"name":"Dia a dia","item":"https:\/\/blog.panrotas.com.br\/semreserva\/category\/dia-a-dia\/"},{"@type":"ListItem","position":3,"name":"ENGENHO E ARTE &#8211; MINHA FOTO COM TIM M\u00c3OS DE TESOURA"}]},{"@type":"Article","@id":"https:\/\/blog.panrotas.com.br\/semreserva\/engenho-e-arte-minha-foto-com-tim-maos-de-tesoura\/22-07-2014\/#article","isPartOf":{"@id":"https:\/\/blog.panrotas.com.br\/semreserva\/engenho-e-arte-minha-foto-com-tim-maos-de-tesoura\/22-07-2014\/#webpage"},"author":{"@id":"http:\/\/blog.panrotas.com.br\/semreserva\/#\/schema\/person\/c93b4555f6a497d2d83c25dcb80f61ed"},"headline":"ENGENHO E ARTE &#8211; MINHA FOTO COM TIM M\u00c3OS DE TESOURA","datePublished":"2014-07-22T21:14:33+00:00","dateModified":"2014-07-22T21:14:33+00:00","mainEntityOfPage":{"@id":"https:\/\/blog.panrotas.com.br\/semreserva\/engenho-e-arte-minha-foto-com-tim-maos-de-tesoura\/22-07-2014\/#webpage"},"wordCount":687,"commentCount":0,"publisher":{"@id":"http:\/\/blog.panrotas.com.br\/semreserva\/#organization"},"image":{"@id":"https:\/\/blog.panrotas.com.br\/semreserva\/engenho-e-arte-minha-foto-com-tim-maos-de-tesoura\/22-07-2014\/#primaryimage"},"thumbnailUrl":"http:\/\/blog.panrotas.com.br\/semreserva\/wp-content\/uploads\/2014\/07\/bburton3809.jpg","articleSection":["Dia a dia"],"inLanguage":"pt-BR","potentialAction":[{"@type":"CommentAction","name":"Comment","target":["https:\/\/blog.panrotas.com.br\/semreserva\/engenho-e-arte-minha-foto-com-tim-maos-de-tesoura\/22-07-2014\/#respond"]}]},{"@type":"Person","@id":"http:\/\/blog.panrotas.com.br\/semreserva\/#\/schema\/person\/c93b4555f6a497d2d83c25dcb80f61ed","name":"Artur Andrade","image":{"@type":"ImageObject","@id":"http:\/\/blog.panrotas.com.br\/semreserva\/#personlogo","inLanguage":"pt-BR","url":"https:\/\/secure.gravatar.com\/avatar\/a94564d630220cefd5c82f3452ac1ef4?s=96&d=mm&r=g","contentUrl":"https:\/\/secure.gravatar.com\/avatar\/a94564d630220cefd5c82f3452ac1ef4?s=96&d=mm&r=g","caption":"Artur Andrade"},"description":"Artur Luiz Andrade \u00e9 carioca, taurino, jornalista e nasceu em 1969. \u00c9 editor-chefe da PANROTAS Editora e mora em S\u00e3o Paulo desde 1998","sameAs":["http:\/\/www.panrotas.com.br"]}]}},"jetpack_featured_media_url":"","jetpack_shortlink":"https:\/\/wp.me\/p7idIU-13z","_links":{"self":[{"href":"https:\/\/blog.panrotas.com.br\/semreserva\/wp-json\/wp\/v2\/posts\/4065"}],"collection":[{"href":"https:\/\/blog.panrotas.com.br\/semreserva\/wp-json\/wp\/v2\/posts"}],"about":[{"href":"https:\/\/blog.panrotas.com.br\/semreserva\/wp-json\/wp\/v2\/types\/post"}],"author":[{"embeddable":true,"href":"https:\/\/blog.panrotas.com.br\/semreserva\/wp-json\/wp\/v2\/users\/7"}],"replies":[{"embeddable":true,"href":"https:\/\/blog.panrotas.com.br\/semreserva\/wp-json\/wp\/v2\/comments?post=4065"}],"version-history":[{"count":0,"href":"https:\/\/blog.panrotas.com.br\/semreserva\/wp-json\/wp\/v2\/posts\/4065\/revisions"}],"wp:attachment":[{"href":"https:\/\/blog.panrotas.com.br\/semreserva\/wp-json\/wp\/v2\/media?parent=4065"}],"wp:term":[{"taxonomy":"category","embeddable":true,"href":"https:\/\/blog.panrotas.com.br\/semreserva\/wp-json\/wp\/v2\/categories?post=4065"},{"taxonomy":"post_tag","embeddable":true,"href":"https:\/\/blog.panrotas.com.br\/semreserva\/wp-json\/wp\/v2\/tags?post=4065"}],"curies":[{"name":"wp","href":"https:\/\/api.w.org\/{rel}","templated":true}]}}