{"id":4073,"date":"2014-08-06T23:57:44","date_gmt":"2014-08-07T02:57:44","guid":{"rendered":"http:\/\/blog.panrotas.com.br\/semreserva\/?p=4073"},"modified":"2014-08-06T23:57:44","modified_gmt":"2014-08-07T02:57:44","slug":"novos-tempos-no-turismo","status":"publish","type":"post","link":"https:\/\/blog.panrotas.com.br\/semreserva\/novos-tempos-no-turismo\/06-08-2014\/","title":{"rendered":"Novos tempos no turismo"},"content":{"rendered":"<p>A impress\u00e3o que d\u00e1 \u00e9 que o turista evolui muito mais rapidamente do que a ind\u00fastria do turismo, que resiste, que se prende a padr\u00f5es passados e ultrapassados. \u201cMas era assim at\u00e9 pouco tempo\u201d, dizem alguns. Pouco tempo hoje \u00e9 muito.<\/p>\n<p>Mas o que pode estar acontecendo tamb\u00e9m \u00e9 que uma nova ind\u00fastria, que entende os novos tempos, os novos turistas e os novos canais, esteja em seu in\u00edcio e daqui a alguns anos reine soberana. Uma substitui\u00e7\u00e3o. N\u00e3o uma extin\u00e7\u00e3o. Incluindo transforma\u00e7\u00f5es e evolu\u00e7\u00f5es de alguns que se achavam consolidados (sem trocadilhos aqui, fa\u00e7o quest\u00e3o de frisar).<\/p>\n<p>A ind\u00fastria entrou na era em que se sabe quanto ganham os altos executivos (ou se estima). Quanto as empresas (obrigadas \u00e0 transpar\u00eancia) s\u00e3o eficientes. Estamos na era em que todos querem vender, mas n\u00e3o chegam a um acordo sobre quanto valem tantas d\u00e9cadas de dedica\u00e7\u00e3o&#8230; Mas essa n\u00e3o \u00e9 uma prioridade para quem compra: o que vale \u00e9 o resultado no bolso dos donos, dos acionistas. Infelizmente as d\u00e9cadas passadas&#8230; reverenciadas e exitosas&#8230; ficaram na hist\u00f3ria.<\/p>\n<p>O \u201cnovo\u201d mundo se acostumou a isso. Estrelas que somem ou perdem brilho de repente. Foi e est\u00e1 sendo assim com o Orkut, com a Blackberry e a Nextel (que ensaiam voltas por cimas, mas que n\u00e3o brilham mais como antes), Blockbuster (quem se lembra da febre de aluguel de filmes?)&#8230; a Microsoft e a Dell j\u00e1 sentem a migra\u00e7\u00e3o dos PCs para o mundo mobile&#8230; a Kodak perdeu o trem-bala da nova hist\u00f3ria&#8230; os whatsapps da vida j\u00e1 consomem mais tempo de muitos do que o Facebook&#8230;<\/p>\n<p>Na nossa ind\u00fastria, a saudade e a dor da perda parecem eternas. Vi\u00favas e vi\u00favos da Varig, Pan Am, Eastern, TWA, Soletur, Vasp, Transbrasil, do Hotel Nacional ou do Rio Palace, da Belair ou da Chanteclair, de in\u00fameras operadoras e tantas empresas&#8230; parecem comemorar estar sempre olhando com l\u00e1grimas para o passado. Rezando para o tempo voltar para tr\u00e1s em vez de achar felicidade nos novos tempos. O passado n\u00e3o volta. N\u00e3o h\u00e1 compensa\u00e7\u00f5es e sim sensa\u00e7\u00f5es e conquistas novas.<\/p>\n<p>Muitos conseguem e sabemos que \u00e9 uma luta di\u00e1ria. Manter-se \u00e0 frente ou juntos dos que est\u00e3o mudando o jogo.<\/p>\n<p>Quem est\u00e1 mudando o jogo do turismo brasileiro? Pensando nesses <em>game changers<\/em> \u00e9 que come\u00e7amos a fazer a lista dos 50 Poderosos do Turismo Brasileiro. Em setembro, na Abav. N\u00e3o \u00e9 uma disputa para ver quem coloca mais dinheiro na mesa nem um tributo ao passado. Um retrato do presente pensando em quem est\u00e1 levando o turismo a novos patamares.<\/p>\n<p>Sugest\u00f5es s\u00e3o sempre bem-vindas, afinal o comit\u00ea que bate o martelo s\u00f3 se re\u00fane em meados de setembro&#8230; At\u00e9 l\u00e1, compras e vendas, bl\u00e1-bl\u00e1-bl\u00e1 e bastidores. O novo turismo e o que trouxe a ind\u00fastria at\u00e9 aqui (aplausos) se enfrentam, se tocam, se comem, se casam, se separam&#8230; at\u00e9 que, juntos, formem um novo ambiente, onde as viagens continuar\u00e3o sendo essenciais, geradoras de riquezas e patrocinadoras de uma ind\u00fastria que ainda tem muito, mas muito mesmo a nos oferecer e surpreender.<\/p>\n<p>P.S. eu tenho saudade do cinema de rua, da fila enorme antes da estreia t\u00e3o esperada&#8230; Uma saudade sentimental. Mas sou muito feliz comprando meu ingresso na internet, sem fila (e pagando taxa extra por isso) e reservando meu assento nas confort\u00e1veis poltronas do Cin\u00e9polis JK, ou nas impressionantes telas Imax da cidade. Novos tempos. Felicidades diferentes. Hist\u00f3rias para contar.<\/p>\n","protected":false},"excerpt":{"rendered":"<p>A impress\u00e3o que d\u00e1 \u00e9 que o turista evolui muito mais rapidamente do que a ind\u00fastria do turismo, que resiste, que se prende a padr\u00f5es passados e ultrapassados. \u201cMas era assim at\u00e9 pouco tempo\u201d, dizem alguns. Pouco tempo hoje \u00e9 muito. Mas o que pode estar acontecendo tamb\u00e9m \u00e9 que uma nova ind\u00fastria, que entende [&hellip;]<\/p>\n","protected":false},"author":7,"featured_media":0,"comment_status":"open","ping_status":"open","sticky":false,"template":"","format":"standard","meta":{"spay_email":""},"categories":[2],"tags":[],"yoast_head":"<!-- This site is optimized with the Yoast SEO plugin v17.3 - https:\/\/yoast.com\/wordpress\/plugins\/seo\/ -->\n<title>Novos tempos no turismo -<\/title>\n<meta name=\"description\" content=\"Novos tempos no turismo. Confira essa Mat\u00e9ria no Canal Sem reserva. \u27a4 Projeto em parceria com a PANROTAS.\" \/>\n<meta name=\"robots\" content=\"index, follow, max-snippet:-1, max-image-preview:large, max-video-preview:-1\" \/>\n<link rel=\"canonical\" href=\"https:\/\/blog.panrotas.com.br\/semreserva\/novos-tempos-no-turismo\/06-08-2014\/\" \/>\n<meta property=\"og:locale\" content=\"pt_BR\" \/>\n<meta property=\"og:type\" content=\"article\" \/>\n<meta property=\"og:title\" content=\"Novos tempos no turismo -\" \/>\n<meta property=\"og:description\" content=\"Novos tempos no turismo. Confira essa Mat\u00e9ria no Canal Sem reserva. \u27a4 Projeto em parceria com a PANROTAS.\" \/>\n<meta property=\"og:url\" content=\"https:\/\/blog.panrotas.com.br\/semreserva\/novos-tempos-no-turismo\/06-08-2014\/\" \/>\n<meta property=\"og:site_name\" content=\"Sem reserva\" \/>\n<meta property=\"article:publisher\" content=\"https:\/\/www.facebook.com\/portalpanrotas\/\" \/>\n<meta property=\"article:published_time\" content=\"2014-08-07T02:57:44+00:00\" \/>\n<meta name=\"twitter:card\" content=\"summary_large_image\" \/>\n<meta name=\"twitter:creator\" content=\"@portalpanrotas\" \/>\n<meta name=\"twitter:site\" content=\"@portalpanrotas\" \/>\n<meta name=\"twitter:label1\" content=\"Escrito por\" \/>\n\t<meta name=\"twitter:data1\" content=\"Artur Andrade\" \/>\n\t<meta name=\"twitter:label2\" content=\"Est. tempo de leitura\" \/>\n\t<meta name=\"twitter:data2\" content=\"3 minutos\" \/>\n<script type=\"application\/ld+json\" class=\"yoast-schema-graph\">{\"@context\":\"https:\/\/schema.org\",\"@graph\":[{\"@type\":\"Organization\",\"@id\":\"http:\/\/blog.panrotas.com.br\/semreserva\/#organization\",\"name\":\"Sem Reserva - Blog no Portal PANROTAS\",\"url\":\"http:\/\/blog.panrotas.com.br\/semreserva\/\",\"sameAs\":[\"https:\/\/www.facebook.com\/portalpanrotas\/\",\"https:\/\/www.instagram.com\/portalpanrotas\/\",\"https:\/\/br.linkedin.com\/company\/panrotas\",\"https:\/\/www.youtube.com\/tvpanrotas\",\"https:\/\/twitter.com\/portalpanrotas\"],\"logo\":{\"@type\":\"ImageObject\",\"@id\":\"http:\/\/blog.panrotas.com.br\/semreserva\/#logo\",\"inLanguage\":\"pt-BR\",\"url\":\"https:\/\/blog.panrotas.com.br\/semreserva\/wp-content\/uploads\/sites\/5\/2020\/06\/logo.png\",\"contentUrl\":\"https:\/\/blog.panrotas.com.br\/semreserva\/wp-content\/uploads\/sites\/5\/2020\/06\/logo.png\",\"width\":259,\"height\":53,\"caption\":\"Sem Reserva - Blog no Portal PANROTAS\"},\"image\":{\"@id\":\"http:\/\/blog.panrotas.com.br\/semreserva\/#logo\"}},{\"@type\":\"WebSite\",\"@id\":\"http:\/\/blog.panrotas.com.br\/semreserva\/#website\",\"url\":\"http:\/\/blog.panrotas.com.br\/semreserva\/\",\"name\":\"Sem reserva\",\"description\":\"Blogosfera PANROTAS\",\"publisher\":{\"@id\":\"http:\/\/blog.panrotas.com.br\/semreserva\/#organization\"},\"potentialAction\":[{\"@type\":\"SearchAction\",\"target\":{\"@type\":\"EntryPoint\",\"urlTemplate\":\"http:\/\/blog.panrotas.com.br\/semreserva\/?s={search_term_string}\"},\"query-input\":\"required name=search_term_string\"}],\"inLanguage\":\"pt-BR\"},{\"@type\":\"WebPage\",\"@id\":\"https:\/\/blog.panrotas.com.br\/semreserva\/novos-tempos-no-turismo\/06-08-2014\/#webpage\",\"url\":\"https:\/\/blog.panrotas.com.br\/semreserva\/novos-tempos-no-turismo\/06-08-2014\/\",\"name\":\"Novos tempos no turismo -\",\"isPartOf\":{\"@id\":\"http:\/\/blog.panrotas.com.br\/semreserva\/#website\"},\"datePublished\":\"2014-08-07T02:57:44+00:00\",\"dateModified\":\"2014-08-07T02:57:44+00:00\",\"description\":\"Novos tempos no turismo. Confira essa Mat\\u00e9ria no Canal Sem reserva. \\u27a4 Projeto em parceria com a PANROTAS.\",\"breadcrumb\":{\"@id\":\"https:\/\/blog.panrotas.com.br\/semreserva\/novos-tempos-no-turismo\/06-08-2014\/#breadcrumb\"},\"inLanguage\":\"pt-BR\",\"potentialAction\":[{\"@type\":\"ReadAction\",\"target\":[\"https:\/\/blog.panrotas.com.br\/semreserva\/novos-tempos-no-turismo\/06-08-2014\/\"]}]},{\"@type\":\"BreadcrumbList\",\"@id\":\"https:\/\/blog.panrotas.com.br\/semreserva\/novos-tempos-no-turismo\/06-08-2014\/#breadcrumb\",\"itemListElement\":[{\"@type\":\"ListItem\",\"position\":1,\"name\":\"Home do Blog\",\"item\":\"http:\/\/blog.panrotas.com.br\/semreserva\/\"},{\"@type\":\"ListItem\",\"position\":2,\"name\":\"Dia a dia\",\"item\":\"https:\/\/blog.panrotas.com.br\/semreserva\/category\/dia-a-dia\/\"},{\"@type\":\"ListItem\",\"position\":3,\"name\":\"Novos tempos no turismo\"}]},{\"@type\":\"Article\",\"@id\":\"https:\/\/blog.panrotas.com.br\/semreserva\/novos-tempos-no-turismo\/06-08-2014\/#article\",\"isPartOf\":{\"@id\":\"https:\/\/blog.panrotas.com.br\/semreserva\/novos-tempos-no-turismo\/06-08-2014\/#webpage\"},\"author\":{\"@id\":\"http:\/\/blog.panrotas.com.br\/semreserva\/#\/schema\/person\/c93b4555f6a497d2d83c25dcb80f61ed\"},\"headline\":\"Novos tempos no turismo\",\"datePublished\":\"2014-08-07T02:57:44+00:00\",\"dateModified\":\"2014-08-07T02:57:44+00:00\",\"mainEntityOfPage\":{\"@id\":\"https:\/\/blog.panrotas.com.br\/semreserva\/novos-tempos-no-turismo\/06-08-2014\/#webpage\"},\"wordCount\":609,\"commentCount\":0,\"publisher\":{\"@id\":\"http:\/\/blog.panrotas.com.br\/semreserva\/#organization\"},\"articleSection\":[\"Dia a dia\"],\"inLanguage\":\"pt-BR\",\"potentialAction\":[{\"@type\":\"CommentAction\",\"name\":\"Comment\",\"target\":[\"https:\/\/blog.panrotas.com.br\/semreserva\/novos-tempos-no-turismo\/06-08-2014\/#respond\"]}]},{\"@type\":\"Person\",\"@id\":\"http:\/\/blog.panrotas.com.br\/semreserva\/#\/schema\/person\/c93b4555f6a497d2d83c25dcb80f61ed\",\"name\":\"Artur Andrade\",\"image\":{\"@type\":\"ImageObject\",\"@id\":\"http:\/\/blog.panrotas.com.br\/semreserva\/#personlogo\",\"inLanguage\":\"pt-BR\",\"url\":\"https:\/\/secure.gravatar.com\/avatar\/a94564d630220cefd5c82f3452ac1ef4?s=96&d=mm&r=g\",\"contentUrl\":\"https:\/\/secure.gravatar.com\/avatar\/a94564d630220cefd5c82f3452ac1ef4?s=96&d=mm&r=g\",\"caption\":\"Artur Andrade\"},\"description\":\"Artur Luiz Andrade \\u00e9 carioca, taurino, jornalista e nasceu em 1969. \\u00c9 editor-chefe da PANROTAS Editora e mora em S\\u00e3o Paulo desde 1998\",\"sameAs\":[\"http:\/\/www.panrotas.com.br\"]}]}<\/script>\n<!-- \/ Yoast SEO plugin. -->","yoast_head_json":{"title":"Novos tempos no turismo -","description":"Novos tempos no turismo. Confira essa Mat\u00e9ria no Canal Sem reserva. \u27a4 Projeto em parceria com a PANROTAS.","robots":{"index":"index","follow":"follow","max-snippet":"max-snippet:-1","max-image-preview":"max-image-preview:large","max-video-preview":"max-video-preview:-1"},"canonical":"https:\/\/blog.panrotas.com.br\/semreserva\/novos-tempos-no-turismo\/06-08-2014\/","og_locale":"pt_BR","og_type":"article","og_title":"Novos tempos no turismo -","og_description":"Novos tempos no turismo. Confira essa Mat\u00e9ria no Canal Sem reserva. \u27a4 Projeto em parceria com a PANROTAS.","og_url":"https:\/\/blog.panrotas.com.br\/semreserva\/novos-tempos-no-turismo\/06-08-2014\/","og_site_name":"Sem reserva","article_publisher":"https:\/\/www.facebook.com\/portalpanrotas\/","article_published_time":"2014-08-07T02:57:44+00:00","twitter_card":"summary_large_image","twitter_creator":"@portalpanrotas","twitter_site":"@portalpanrotas","twitter_misc":{"Escrito por":"Artur Andrade","Est. tempo de leitura":"3 minutos"},"schema":{"@context":"https:\/\/schema.org","@graph":[{"@type":"Organization","@id":"http:\/\/blog.panrotas.com.br\/semreserva\/#organization","name":"Sem Reserva - Blog no Portal PANROTAS","url":"http:\/\/blog.panrotas.com.br\/semreserva\/","sameAs":["https:\/\/www.facebook.com\/portalpanrotas\/","https:\/\/www.instagram.com\/portalpanrotas\/","https:\/\/br.linkedin.com\/company\/panrotas","https:\/\/www.youtube.com\/tvpanrotas","https:\/\/twitter.com\/portalpanrotas"],"logo":{"@type":"ImageObject","@id":"http:\/\/blog.panrotas.com.br\/semreserva\/#logo","inLanguage":"pt-BR","url":"https:\/\/blog.panrotas.com.br\/semreserva\/wp-content\/uploads\/sites\/5\/2020\/06\/logo.png","contentUrl":"https:\/\/blog.panrotas.com.br\/semreserva\/wp-content\/uploads\/sites\/5\/2020\/06\/logo.png","width":259,"height":53,"caption":"Sem Reserva - Blog no Portal PANROTAS"},"image":{"@id":"http:\/\/blog.panrotas.com.br\/semreserva\/#logo"}},{"@type":"WebSite","@id":"http:\/\/blog.panrotas.com.br\/semreserva\/#website","url":"http:\/\/blog.panrotas.com.br\/semreserva\/","name":"Sem reserva","description":"Blogosfera PANROTAS","publisher":{"@id":"http:\/\/blog.panrotas.com.br\/semreserva\/#organization"},"potentialAction":[{"@type":"SearchAction","target":{"@type":"EntryPoint","urlTemplate":"http:\/\/blog.panrotas.com.br\/semreserva\/?s={search_term_string}"},"query-input":"required name=search_term_string"}],"inLanguage":"pt-BR"},{"@type":"WebPage","@id":"https:\/\/blog.panrotas.com.br\/semreserva\/novos-tempos-no-turismo\/06-08-2014\/#webpage","url":"https:\/\/blog.panrotas.com.br\/semreserva\/novos-tempos-no-turismo\/06-08-2014\/","name":"Novos tempos no turismo -","isPartOf":{"@id":"http:\/\/blog.panrotas.com.br\/semreserva\/#website"},"datePublished":"2014-08-07T02:57:44+00:00","dateModified":"2014-08-07T02:57:44+00:00","description":"Novos tempos no turismo. Confira essa Mat\u00e9ria no Canal Sem reserva. \u27a4 Projeto em parceria com a PANROTAS.","breadcrumb":{"@id":"https:\/\/blog.panrotas.com.br\/semreserva\/novos-tempos-no-turismo\/06-08-2014\/#breadcrumb"},"inLanguage":"pt-BR","potentialAction":[{"@type":"ReadAction","target":["https:\/\/blog.panrotas.com.br\/semreserva\/novos-tempos-no-turismo\/06-08-2014\/"]}]},{"@type":"BreadcrumbList","@id":"https:\/\/blog.panrotas.com.br\/semreserva\/novos-tempos-no-turismo\/06-08-2014\/#breadcrumb","itemListElement":[{"@type":"ListItem","position":1,"name":"Home do Blog","item":"http:\/\/blog.panrotas.com.br\/semreserva\/"},{"@type":"ListItem","position":2,"name":"Dia a dia","item":"https:\/\/blog.panrotas.com.br\/semreserva\/category\/dia-a-dia\/"},{"@type":"ListItem","position":3,"name":"Novos tempos no turismo"}]},{"@type":"Article","@id":"https:\/\/blog.panrotas.com.br\/semreserva\/novos-tempos-no-turismo\/06-08-2014\/#article","isPartOf":{"@id":"https:\/\/blog.panrotas.com.br\/semreserva\/novos-tempos-no-turismo\/06-08-2014\/#webpage"},"author":{"@id":"http:\/\/blog.panrotas.com.br\/semreserva\/#\/schema\/person\/c93b4555f6a497d2d83c25dcb80f61ed"},"headline":"Novos tempos no turismo","datePublished":"2014-08-07T02:57:44+00:00","dateModified":"2014-08-07T02:57:44+00:00","mainEntityOfPage":{"@id":"https:\/\/blog.panrotas.com.br\/semreserva\/novos-tempos-no-turismo\/06-08-2014\/#webpage"},"wordCount":609,"commentCount":0,"publisher":{"@id":"http:\/\/blog.panrotas.com.br\/semreserva\/#organization"},"articleSection":["Dia a dia"],"inLanguage":"pt-BR","potentialAction":[{"@type":"CommentAction","name":"Comment","target":["https:\/\/blog.panrotas.com.br\/semreserva\/novos-tempos-no-turismo\/06-08-2014\/#respond"]}]},{"@type":"Person","@id":"http:\/\/blog.panrotas.com.br\/semreserva\/#\/schema\/person\/c93b4555f6a497d2d83c25dcb80f61ed","name":"Artur Andrade","image":{"@type":"ImageObject","@id":"http:\/\/blog.panrotas.com.br\/semreserva\/#personlogo","inLanguage":"pt-BR","url":"https:\/\/secure.gravatar.com\/avatar\/a94564d630220cefd5c82f3452ac1ef4?s=96&d=mm&r=g","contentUrl":"https:\/\/secure.gravatar.com\/avatar\/a94564d630220cefd5c82f3452ac1ef4?s=96&d=mm&r=g","caption":"Artur Andrade"},"description":"Artur Luiz Andrade \u00e9 carioca, taurino, jornalista e nasceu em 1969. \u00c9 editor-chefe da PANROTAS Editora e mora em S\u00e3o Paulo desde 1998","sameAs":["http:\/\/www.panrotas.com.br"]}]}},"jetpack_featured_media_url":"","jetpack_shortlink":"https:\/\/wp.me\/p7idIU-13H","_links":{"self":[{"href":"https:\/\/blog.panrotas.com.br\/semreserva\/wp-json\/wp\/v2\/posts\/4073"}],"collection":[{"href":"https:\/\/blog.panrotas.com.br\/semreserva\/wp-json\/wp\/v2\/posts"}],"about":[{"href":"https:\/\/blog.panrotas.com.br\/semreserva\/wp-json\/wp\/v2\/types\/post"}],"author":[{"embeddable":true,"href":"https:\/\/blog.panrotas.com.br\/semreserva\/wp-json\/wp\/v2\/users\/7"}],"replies":[{"embeddable":true,"href":"https:\/\/blog.panrotas.com.br\/semreserva\/wp-json\/wp\/v2\/comments?post=4073"}],"version-history":[{"count":0,"href":"https:\/\/blog.panrotas.com.br\/semreserva\/wp-json\/wp\/v2\/posts\/4073\/revisions"}],"wp:attachment":[{"href":"https:\/\/blog.panrotas.com.br\/semreserva\/wp-json\/wp\/v2\/media?parent=4073"}],"wp:term":[{"taxonomy":"category","embeddable":true,"href":"https:\/\/blog.panrotas.com.br\/semreserva\/wp-json\/wp\/v2\/categories?post=4073"},{"taxonomy":"post_tag","embeddable":true,"href":"https:\/\/blog.panrotas.com.br\/semreserva\/wp-json\/wp\/v2\/tags?post=4073"}],"curies":[{"name":"wp","href":"https:\/\/api.w.org\/{rel}","templated":true}]}}