{"id":4078,"date":"2014-08-18T00:11:33","date_gmt":"2014-08-18T03:11:33","guid":{"rendered":"http:\/\/blog.panrotas.com.br\/semreserva\/?p=4078"},"modified":"2014-08-18T00:11:33","modified_gmt":"2014-08-18T03:11:33","slug":"a-culpa-e-da-copa-ou-das-estrelas","status":"publish","type":"post","link":"https:\/\/blog.panrotas.com.br\/semreserva\/a-culpa-e-da-copa-ou-das-estrelas\/18-08-2014\/","title":{"rendered":"A CULPA \u00c9 DA COPA? OU DAS ESTRELAS?"},"content":{"rendered":"<p>O Brasil n\u00e3o cresceu no primeiro semestre. A culpa, segundo o ministro Guido Mantega, foi a Copa do Mundo. A feira da Avirrp teve 41% menos agentes de viagens este ano, caindo de sete mil (n\u00famero j\u00e1 impressionantemente question\u00e1vel) para 4,1 mil. A culpa? A Copa do Mundoe\u00a0 ainda as elei\u00e7\u00f5es. Ano at\u00edpico, segundo o presidente da Avirrp, Emerson da Silveira. As viagens dom\u00e9sticas tamb\u00e9m ca\u00edram no primeiro semestre, especialmente no \u00faltimo trimestre e a culpada, claro, foi a Copa do Mundo e n\u00e3o os alt\u00edssimos pre\u00e7os dispon\u00edveis em mar\u00e7o e abril para a \u00e9poca da Copa. Se teve companhia a\u00e9rea colocando \u201cteto\u201d de R$ 1 mil em uma perna a\u00e9rea, me diga quem n\u00e3o se assustaria? No final, o quilo do tomate era alardeado a R$ 69. Quer dizer, o bilhete a\u00e9reo&#8230;<\/p>\n<p>O modelo feira est\u00e1 desgastado no Brasil e no mundo, mas a culpa para cada vez menos participantes \u00e9 a Copa??????????? Achei corajoso a Avirrp ter divulgado essa queda gigantesca? Nunca confiei e continuo n\u00e3o confiando em n\u00fameros de feiras de turismo no Pa\u00eds \u2013 qualquer uma delas. Falta um perfil dos visitantes, falta eles passarem pelos estandes (pois os expositores reclamam), faltam encontros de neg\u00f3cios, falta qualidade e n\u00e3o quantidade.<\/p>\n<p>O modelo que vai substituir as feiras \u00e9 uma evolu\u00e7\u00e3o das capacita\u00e7\u00f5es-viagens t\u00e9cnicas que j\u00e1 existem atualmente. Sempre uso o caso da Nascimento Turismo, que \u00e9 o modelo que para mim mais evolui rapidamente, mas posso citar os da Visual, MMTGapnet, Schultz, Ancoradouro, entre tantos outros. A Nascimento tem unido a visita a destinos e hot\u00e9is com as rodadas de neg\u00f3cios. Conhecer o destino \u00e9 fundamental. E digo mais: o agente de viagens pode dividir esse custo com as operadoras, isso j\u00e1 ocorre nos EUA, nos famosos famtours t\u00e9cnicos, muitos incentivados pela Asta. Quando houver esse acr\u00e9scimo da capacita\u00e7\u00e3o de destinos, claro. A tend\u00eancia \u00e9 que o modelo evolua ainda mais. Li que agora a Nascimento vai treinar 80 especialistas em Cuba. Pl\u00ednio e equipe em um caminho bem bacana.<\/p>\n<p>E acho que as feiras tamb\u00e9m est\u00e3o sendo impactadas pelos eventos do dia a dia, cada vez mais interessantes, focados e criativos. Atualmente pelo menos tr\u00eas grandes consolidadoras est\u00e3o rodando o Pa\u00eds falando de tecnologia, como vender mais e melhor e de abrir a mente dos agentes. Vale mais que ir a muita feira. E os consolidadores, nesse caso, s\u00e3o figuras bem mais presentes no dia a a dia dos agentes que muitos organizadores de feiras\/entidades de classe.<\/p>\n<p>S\u00e3o tantos eventos, capacita\u00e7\u00f5es e workshops, que na hora de uma feira, sobra pouca novidade, ainda mais em um Estado como S\u00e3o Paulo, com excesso de evento. S\u00e3o Paulo pode receber na mesma semana uma delega\u00e7\u00e3o de Miami, outra dos hot\u00e9is Marriott da Fl\u00f3rida e Nova York, um workshop sobre vender mais produtos, uma capacita\u00e7\u00e3o da Alemanha e outros tantos eventos. Haja agenda.<\/p>\n<p>Feiras maiores como a Abav e a WTM se beneficiam do tamanho e do que podem oferecer. Ou seja, t\u00eam mais atrativos e recursos para atrair os agentes. Mesmo assim s\u00e3o impactadas tamb\u00e9m e t\u00eam de evoluir sempre. Mas as pequenas ou regionais, muitas vezes se veem espremidas entre tantas novidades. E acabam perdendo p\u00fablico.<\/p>\n<p>Mercados maduros como os Estados Unidos e diversos pa\u00edses da Europa n\u00e3o t\u00eam uma feira forte para seu mercado interno. Ou s\u00e3o feiras mundiais (WTM, Fitur, ITB), ou eventos de receptivo para venda dos destinos-sede (Pow Wow, Indaba, GTM) ou eventos que t\u00eam minguado e se transformado com o tempo. H\u00e1 ainda a concorr\u00eancia e o florescer das feiras e eventos de nicho. De luxo, de aventura, de tecnologia&#8230;<\/p>\n<p>Se eu acho que as feiras est\u00e3o diminuindo? Nem pensar. S\u00e3o fonte de receita para as entidades e empresas que as organizam. Enquanto os expositores n\u00e3o exigirem auditorias e perfil dos visitantes, enquanto fornecedores marcarem presen\u00e7a pois n\u00e3o sabe como usar suas verbas de marketing, enquanto n\u00e3o se pensar profundamente o turismo, elas v\u00e3o continuar firmes e fortes. Ou quase isso. Boas feiras (de nicho ou n\u00e3o) sempre ter\u00e3o lugar. Vale a percep\u00e7\u00e3o de quem as paga e de quem as visita.<\/p>\n<p>E se ocorrerem em ano de Copa&#8230; coloca a culpa no 7 a 1!! Traumatizados, agentes de viagens evitam grandes aglomera\u00e7\u00f5es. Ou nas elei\u00e7\u00f5es!!! Indecisos sobre seus votos, agentes preferem ficar em casa refletindo. Mas ningu\u00e9m se pergunta: como meu evento vai ajudar o agente de viagens a vender mais? O fornecedor a vender mais&#8230; a cadeia tur\u00edstica a se fortalecer?<\/p>\n<p>No ano que vem a desculpa pode ser o novo governo (e uma crise econ\u00f4mica que se desenha), em 2016 a Olimp\u00edada, em 2017&#8230; em 2017&#8230; eles achar\u00e3o uma desculpa. E no ano seguinte todos j\u00e1 esqueceram do anterior&#8230; Ser\u00e1?<\/p>\n<p>&nbsp;<\/p>\n","protected":false},"excerpt":{"rendered":"<p>O Brasil n\u00e3o cresceu no primeiro semestre. A culpa, segundo o ministro Guido Mantega, foi a Copa do Mundo. A feira da Avirrp teve 41% menos agentes de viagens este ano, caindo de sete mil (n\u00famero j\u00e1 impressionantemente question\u00e1vel) para 4,1 mil. A culpa? A Copa do Mundoe\u00a0 ainda as elei\u00e7\u00f5es. Ano at\u00edpico, segundo o [&hellip;]<\/p>\n","protected":false},"author":7,"featured_media":0,"comment_status":"open","ping_status":"open","sticky":false,"template":"","format":"standard","meta":{"spay_email":""},"categories":[2],"tags":[],"yoast_head":"<!-- This site is optimized with the Yoast SEO plugin v17.3 - https:\/\/yoast.com\/wordpress\/plugins\/seo\/ -->\n<title>A CULPA \u00c9 DA COPA? OU DAS ESTRELAS? -<\/title>\n<meta name=\"description\" content=\"A CULPA \u00c9 DA COPA? OU DAS ESTRELAS?. Confira essa Mat\u00e9ria no Canal Sem reserva. \u27a4 Projeto em parceria com a PANROTAS.\" \/>\n<meta name=\"robots\" content=\"index, follow, max-snippet:-1, max-image-preview:large, max-video-preview:-1\" \/>\n<link rel=\"canonical\" href=\"https:\/\/blog.panrotas.com.br\/semreserva\/a-culpa-e-da-copa-ou-das-estrelas\/18-08-2014\/\" \/>\n<meta property=\"og:locale\" content=\"pt_BR\" \/>\n<meta property=\"og:type\" content=\"article\" \/>\n<meta property=\"og:title\" content=\"A CULPA \u00c9 DA COPA? OU DAS ESTRELAS? -\" \/>\n<meta property=\"og:description\" content=\"A CULPA \u00c9 DA COPA? OU DAS ESTRELAS?. Confira essa Mat\u00e9ria no Canal Sem reserva. \u27a4 Projeto em parceria com a PANROTAS.\" \/>\n<meta property=\"og:url\" content=\"https:\/\/blog.panrotas.com.br\/semreserva\/a-culpa-e-da-copa-ou-das-estrelas\/18-08-2014\/\" \/>\n<meta property=\"og:site_name\" content=\"Sem reserva\" \/>\n<meta property=\"article:publisher\" content=\"https:\/\/www.facebook.com\/portalpanrotas\/\" \/>\n<meta property=\"article:published_time\" content=\"2014-08-18T03:11:33+00:00\" \/>\n<meta name=\"twitter:card\" content=\"summary_large_image\" \/>\n<meta name=\"twitter:creator\" content=\"@portalpanrotas\" \/>\n<meta name=\"twitter:site\" content=\"@portalpanrotas\" \/>\n<meta name=\"twitter:label1\" content=\"Escrito por\" \/>\n\t<meta name=\"twitter:data1\" content=\"Artur Andrade\" \/>\n\t<meta name=\"twitter:label2\" content=\"Est. tempo de leitura\" \/>\n\t<meta name=\"twitter:data2\" content=\"4 minutos\" \/>\n<script type=\"application\/ld+json\" class=\"yoast-schema-graph\">{\"@context\":\"https:\/\/schema.org\",\"@graph\":[{\"@type\":\"Organization\",\"@id\":\"http:\/\/blog.panrotas.com.br\/semreserva\/#organization\",\"name\":\"Sem Reserva - Blog no Portal PANROTAS\",\"url\":\"http:\/\/blog.panrotas.com.br\/semreserva\/\",\"sameAs\":[\"https:\/\/www.facebook.com\/portalpanrotas\/\",\"https:\/\/www.instagram.com\/portalpanrotas\/\",\"https:\/\/br.linkedin.com\/company\/panrotas\",\"https:\/\/www.youtube.com\/tvpanrotas\",\"https:\/\/twitter.com\/portalpanrotas\"],\"logo\":{\"@type\":\"ImageObject\",\"@id\":\"http:\/\/blog.panrotas.com.br\/semreserva\/#logo\",\"inLanguage\":\"pt-BR\",\"url\":\"https:\/\/blog.panrotas.com.br\/semreserva\/wp-content\/uploads\/sites\/5\/2020\/06\/logo.png\",\"contentUrl\":\"https:\/\/blog.panrotas.com.br\/semreserva\/wp-content\/uploads\/sites\/5\/2020\/06\/logo.png\",\"width\":259,\"height\":53,\"caption\":\"Sem Reserva - Blog no Portal PANROTAS\"},\"image\":{\"@id\":\"http:\/\/blog.panrotas.com.br\/semreserva\/#logo\"}},{\"@type\":\"WebSite\",\"@id\":\"http:\/\/blog.panrotas.com.br\/semreserva\/#website\",\"url\":\"http:\/\/blog.panrotas.com.br\/semreserva\/\",\"name\":\"Sem reserva\",\"description\":\"Blogosfera PANROTAS\",\"publisher\":{\"@id\":\"http:\/\/blog.panrotas.com.br\/semreserva\/#organization\"},\"potentialAction\":[{\"@type\":\"SearchAction\",\"target\":{\"@type\":\"EntryPoint\",\"urlTemplate\":\"http:\/\/blog.panrotas.com.br\/semreserva\/?s={search_term_string}\"},\"query-input\":\"required name=search_term_string\"}],\"inLanguage\":\"pt-BR\"},{\"@type\":\"WebPage\",\"@id\":\"https:\/\/blog.panrotas.com.br\/semreserva\/a-culpa-e-da-copa-ou-das-estrelas\/18-08-2014\/#webpage\",\"url\":\"https:\/\/blog.panrotas.com.br\/semreserva\/a-culpa-e-da-copa-ou-das-estrelas\/18-08-2014\/\",\"name\":\"A CULPA \\u00c9 DA COPA? OU DAS ESTRELAS? -\",\"isPartOf\":{\"@id\":\"http:\/\/blog.panrotas.com.br\/semreserva\/#website\"},\"datePublished\":\"2014-08-18T03:11:33+00:00\",\"dateModified\":\"2014-08-18T03:11:33+00:00\",\"description\":\"A CULPA \\u00c9 DA COPA? OU DAS ESTRELAS?. Confira essa Mat\\u00e9ria no Canal Sem reserva. \\u27a4 Projeto em parceria com a PANROTAS.\",\"breadcrumb\":{\"@id\":\"https:\/\/blog.panrotas.com.br\/semreserva\/a-culpa-e-da-copa-ou-das-estrelas\/18-08-2014\/#breadcrumb\"},\"inLanguage\":\"pt-BR\",\"potentialAction\":[{\"@type\":\"ReadAction\",\"target\":[\"https:\/\/blog.panrotas.com.br\/semreserva\/a-culpa-e-da-copa-ou-das-estrelas\/18-08-2014\/\"]}]},{\"@type\":\"BreadcrumbList\",\"@id\":\"https:\/\/blog.panrotas.com.br\/semreserva\/a-culpa-e-da-copa-ou-das-estrelas\/18-08-2014\/#breadcrumb\",\"itemListElement\":[{\"@type\":\"ListItem\",\"position\":1,\"name\":\"Home do Blog\",\"item\":\"http:\/\/blog.panrotas.com.br\/semreserva\/\"},{\"@type\":\"ListItem\",\"position\":2,\"name\":\"Dia a dia\",\"item\":\"https:\/\/blog.panrotas.com.br\/semreserva\/category\/dia-a-dia\/\"},{\"@type\":\"ListItem\",\"position\":3,\"name\":\"A CULPA \\u00c9 DA COPA? OU DAS ESTRELAS?\"}]},{\"@type\":\"Article\",\"@id\":\"https:\/\/blog.panrotas.com.br\/semreserva\/a-culpa-e-da-copa-ou-das-estrelas\/18-08-2014\/#article\",\"isPartOf\":{\"@id\":\"https:\/\/blog.panrotas.com.br\/semreserva\/a-culpa-e-da-copa-ou-das-estrelas\/18-08-2014\/#webpage\"},\"author\":{\"@id\":\"http:\/\/blog.panrotas.com.br\/semreserva\/#\/schema\/person\/c93b4555f6a497d2d83c25dcb80f61ed\"},\"headline\":\"A CULPA \\u00c9 DA COPA? OU DAS ESTRELAS?\",\"datePublished\":\"2014-08-18T03:11:33+00:00\",\"dateModified\":\"2014-08-18T03:11:33+00:00\",\"mainEntityOfPage\":{\"@id\":\"https:\/\/blog.panrotas.com.br\/semreserva\/a-culpa-e-da-copa-ou-das-estrelas\/18-08-2014\/#webpage\"},\"wordCount\":849,\"commentCount\":0,\"publisher\":{\"@id\":\"http:\/\/blog.panrotas.com.br\/semreserva\/#organization\"},\"articleSection\":[\"Dia a dia\"],\"inLanguage\":\"pt-BR\",\"potentialAction\":[{\"@type\":\"CommentAction\",\"name\":\"Comment\",\"target\":[\"https:\/\/blog.panrotas.com.br\/semreserva\/a-culpa-e-da-copa-ou-das-estrelas\/18-08-2014\/#respond\"]}]},{\"@type\":\"Person\",\"@id\":\"http:\/\/blog.panrotas.com.br\/semreserva\/#\/schema\/person\/c93b4555f6a497d2d83c25dcb80f61ed\",\"name\":\"Artur Andrade\",\"image\":{\"@type\":\"ImageObject\",\"@id\":\"http:\/\/blog.panrotas.com.br\/semreserva\/#personlogo\",\"inLanguage\":\"pt-BR\",\"url\":\"https:\/\/secure.gravatar.com\/avatar\/a94564d630220cefd5c82f3452ac1ef4?s=96&d=mm&r=g\",\"contentUrl\":\"https:\/\/secure.gravatar.com\/avatar\/a94564d630220cefd5c82f3452ac1ef4?s=96&d=mm&r=g\",\"caption\":\"Artur Andrade\"},\"description\":\"Artur Luiz Andrade \\u00e9 carioca, taurino, jornalista e nasceu em 1969. \\u00c9 editor-chefe da PANROTAS Editora e mora em S\\u00e3o Paulo desde 1998\",\"sameAs\":[\"http:\/\/www.panrotas.com.br\"]}]}<\/script>\n<!-- \/ Yoast SEO plugin. -->","yoast_head_json":{"title":"A CULPA \u00c9 DA COPA? OU DAS ESTRELAS? -","description":"A CULPA \u00c9 DA COPA? OU DAS ESTRELAS?. Confira essa Mat\u00e9ria no Canal Sem reserva. \u27a4 Projeto em parceria com a PANROTAS.","robots":{"index":"index","follow":"follow","max-snippet":"max-snippet:-1","max-image-preview":"max-image-preview:large","max-video-preview":"max-video-preview:-1"},"canonical":"https:\/\/blog.panrotas.com.br\/semreserva\/a-culpa-e-da-copa-ou-das-estrelas\/18-08-2014\/","og_locale":"pt_BR","og_type":"article","og_title":"A CULPA \u00c9 DA COPA? OU DAS ESTRELAS? -","og_description":"A CULPA \u00c9 DA COPA? OU DAS ESTRELAS?. Confira essa Mat\u00e9ria no Canal Sem reserva. \u27a4 Projeto em parceria com a PANROTAS.","og_url":"https:\/\/blog.panrotas.com.br\/semreserva\/a-culpa-e-da-copa-ou-das-estrelas\/18-08-2014\/","og_site_name":"Sem reserva","article_publisher":"https:\/\/www.facebook.com\/portalpanrotas\/","article_published_time":"2014-08-18T03:11:33+00:00","twitter_card":"summary_large_image","twitter_creator":"@portalpanrotas","twitter_site":"@portalpanrotas","twitter_misc":{"Escrito por":"Artur Andrade","Est. tempo de leitura":"4 minutos"},"schema":{"@context":"https:\/\/schema.org","@graph":[{"@type":"Organization","@id":"http:\/\/blog.panrotas.com.br\/semreserva\/#organization","name":"Sem Reserva - Blog no Portal PANROTAS","url":"http:\/\/blog.panrotas.com.br\/semreserva\/","sameAs":["https:\/\/www.facebook.com\/portalpanrotas\/","https:\/\/www.instagram.com\/portalpanrotas\/","https:\/\/br.linkedin.com\/company\/panrotas","https:\/\/www.youtube.com\/tvpanrotas","https:\/\/twitter.com\/portalpanrotas"],"logo":{"@type":"ImageObject","@id":"http:\/\/blog.panrotas.com.br\/semreserva\/#logo","inLanguage":"pt-BR","url":"https:\/\/blog.panrotas.com.br\/semreserva\/wp-content\/uploads\/sites\/5\/2020\/06\/logo.png","contentUrl":"https:\/\/blog.panrotas.com.br\/semreserva\/wp-content\/uploads\/sites\/5\/2020\/06\/logo.png","width":259,"height":53,"caption":"Sem Reserva - Blog no Portal PANROTAS"},"image":{"@id":"http:\/\/blog.panrotas.com.br\/semreserva\/#logo"}},{"@type":"WebSite","@id":"http:\/\/blog.panrotas.com.br\/semreserva\/#website","url":"http:\/\/blog.panrotas.com.br\/semreserva\/","name":"Sem reserva","description":"Blogosfera PANROTAS","publisher":{"@id":"http:\/\/blog.panrotas.com.br\/semreserva\/#organization"},"potentialAction":[{"@type":"SearchAction","target":{"@type":"EntryPoint","urlTemplate":"http:\/\/blog.panrotas.com.br\/semreserva\/?s={search_term_string}"},"query-input":"required name=search_term_string"}],"inLanguage":"pt-BR"},{"@type":"WebPage","@id":"https:\/\/blog.panrotas.com.br\/semreserva\/a-culpa-e-da-copa-ou-das-estrelas\/18-08-2014\/#webpage","url":"https:\/\/blog.panrotas.com.br\/semreserva\/a-culpa-e-da-copa-ou-das-estrelas\/18-08-2014\/","name":"A CULPA \u00c9 DA COPA? OU DAS ESTRELAS? -","isPartOf":{"@id":"http:\/\/blog.panrotas.com.br\/semreserva\/#website"},"datePublished":"2014-08-18T03:11:33+00:00","dateModified":"2014-08-18T03:11:33+00:00","description":"A CULPA \u00c9 DA COPA? OU DAS ESTRELAS?. Confira essa Mat\u00e9ria no Canal Sem reserva. \u27a4 Projeto em parceria com a PANROTAS.","breadcrumb":{"@id":"https:\/\/blog.panrotas.com.br\/semreserva\/a-culpa-e-da-copa-ou-das-estrelas\/18-08-2014\/#breadcrumb"},"inLanguage":"pt-BR","potentialAction":[{"@type":"ReadAction","target":["https:\/\/blog.panrotas.com.br\/semreserva\/a-culpa-e-da-copa-ou-das-estrelas\/18-08-2014\/"]}]},{"@type":"BreadcrumbList","@id":"https:\/\/blog.panrotas.com.br\/semreserva\/a-culpa-e-da-copa-ou-das-estrelas\/18-08-2014\/#breadcrumb","itemListElement":[{"@type":"ListItem","position":1,"name":"Home do Blog","item":"http:\/\/blog.panrotas.com.br\/semreserva\/"},{"@type":"ListItem","position":2,"name":"Dia a dia","item":"https:\/\/blog.panrotas.com.br\/semreserva\/category\/dia-a-dia\/"},{"@type":"ListItem","position":3,"name":"A CULPA \u00c9 DA COPA? OU DAS ESTRELAS?"}]},{"@type":"Article","@id":"https:\/\/blog.panrotas.com.br\/semreserva\/a-culpa-e-da-copa-ou-das-estrelas\/18-08-2014\/#article","isPartOf":{"@id":"https:\/\/blog.panrotas.com.br\/semreserva\/a-culpa-e-da-copa-ou-das-estrelas\/18-08-2014\/#webpage"},"author":{"@id":"http:\/\/blog.panrotas.com.br\/semreserva\/#\/schema\/person\/c93b4555f6a497d2d83c25dcb80f61ed"},"headline":"A CULPA \u00c9 DA COPA? OU DAS ESTRELAS?","datePublished":"2014-08-18T03:11:33+00:00","dateModified":"2014-08-18T03:11:33+00:00","mainEntityOfPage":{"@id":"https:\/\/blog.panrotas.com.br\/semreserva\/a-culpa-e-da-copa-ou-das-estrelas\/18-08-2014\/#webpage"},"wordCount":849,"commentCount":0,"publisher":{"@id":"http:\/\/blog.panrotas.com.br\/semreserva\/#organization"},"articleSection":["Dia a dia"],"inLanguage":"pt-BR","potentialAction":[{"@type":"CommentAction","name":"Comment","target":["https:\/\/blog.panrotas.com.br\/semreserva\/a-culpa-e-da-copa-ou-das-estrelas\/18-08-2014\/#respond"]}]},{"@type":"Person","@id":"http:\/\/blog.panrotas.com.br\/semreserva\/#\/schema\/person\/c93b4555f6a497d2d83c25dcb80f61ed","name":"Artur Andrade","image":{"@type":"ImageObject","@id":"http:\/\/blog.panrotas.com.br\/semreserva\/#personlogo","inLanguage":"pt-BR","url":"https:\/\/secure.gravatar.com\/avatar\/a94564d630220cefd5c82f3452ac1ef4?s=96&d=mm&r=g","contentUrl":"https:\/\/secure.gravatar.com\/avatar\/a94564d630220cefd5c82f3452ac1ef4?s=96&d=mm&r=g","caption":"Artur Andrade"},"description":"Artur Luiz Andrade \u00e9 carioca, taurino, jornalista e nasceu em 1969. \u00c9 editor-chefe da PANROTAS Editora e mora em S\u00e3o Paulo desde 1998","sameAs":["http:\/\/www.panrotas.com.br"]}]}},"jetpack_featured_media_url":"","jetpack_shortlink":"https:\/\/wp.me\/p7idIU-13M","_links":{"self":[{"href":"https:\/\/blog.panrotas.com.br\/semreserva\/wp-json\/wp\/v2\/posts\/4078"}],"collection":[{"href":"https:\/\/blog.panrotas.com.br\/semreserva\/wp-json\/wp\/v2\/posts"}],"about":[{"href":"https:\/\/blog.panrotas.com.br\/semreserva\/wp-json\/wp\/v2\/types\/post"}],"author":[{"embeddable":true,"href":"https:\/\/blog.panrotas.com.br\/semreserva\/wp-json\/wp\/v2\/users\/7"}],"replies":[{"embeddable":true,"href":"https:\/\/blog.panrotas.com.br\/semreserva\/wp-json\/wp\/v2\/comments?post=4078"}],"version-history":[{"count":0,"href":"https:\/\/blog.panrotas.com.br\/semreserva\/wp-json\/wp\/v2\/posts\/4078\/revisions"}],"wp:attachment":[{"href":"https:\/\/blog.panrotas.com.br\/semreserva\/wp-json\/wp\/v2\/media?parent=4078"}],"wp:term":[{"taxonomy":"category","embeddable":true,"href":"https:\/\/blog.panrotas.com.br\/semreserva\/wp-json\/wp\/v2\/categories?post=4078"},{"taxonomy":"post_tag","embeddable":true,"href":"https:\/\/blog.panrotas.com.br\/semreserva\/wp-json\/wp\/v2\/tags?post=4078"}],"curies":[{"name":"wp","href":"https:\/\/api.w.org\/{rel}","templated":true}]}}