{"id":4080,"date":"2014-08-20T00:49:45","date_gmt":"2014-08-20T03:49:45","guid":{"rendered":"http:\/\/blog.panrotas.com.br\/semreserva\/?p=4080"},"modified":"2014-08-20T00:49:45","modified_gmt":"2014-08-20T03:49:45","slug":"nao-e-facil-pra-ninguem-ainda-mais-este-ano","status":"publish","type":"post","link":"https:\/\/blog.panrotas.com.br\/semreserva\/nao-e-facil-pra-ninguem-ainda-mais-este-ano\/20-08-2014\/","title":{"rendered":"N\u00c3O \u00c9 F\u00c1CIL PRA NINGU\u00c9M. AINDA MAIS ESTE ANO"},"content":{"rendered":"<p>O fechamento (pela segunda vez) da Luxtravel levanta a quest\u00e3o sobre se uma entidade pode ou deveria alertar os clientes dessa empresa sobre um poss\u00edvel problema. O dilema \u00e9 altamente compreens\u00edvel: se a empresa deixa de vender, perde a chance de recupera\u00e7\u00e3o. Se a entidade levanta a lebre, pode piorar a situa\u00e7\u00e3o da companhia em dificuldades.<\/p>\n<p>Por outro lado, o estrago de imagem para todo o setor e para os demais associados da entidade n\u00e3o poderia ser evitado? N\u00e3o poderia haver uma medida de suspens\u00e3o da empresa em problemas? Ou talvez uma fiscaliza\u00e7\u00e3o mais de perto para ver se a empresa est\u00e1 realmente empenhada em se recuperar? De qualquer forma, \u00e9 fato que vale mais a postura do empres\u00e1rio do que a da entidade. \u00c9 como ele vai agir na crise que vai determinar o preju\u00edzo de muitos e como o setor ser\u00e1 julgado. J\u00e1 vimos exemplos de bons e maus empres\u00e1rios lidando com fal\u00eancias&#8230;<\/p>\n<p>Se um amigo seu est\u00e1 em dificuldades, voc\u00ea n\u00e3o sair\u00e1 alardeando, mas tentar\u00e1 ajud\u00e1-lo. Que ajuda uma entidade pode oferecer antes que o preju\u00edzo recaia sobre os clientes (no caso agentes de viagens e passageiros) e at\u00e9 sobre associados, que se veem pressionados a \u201cajudar para que nenhum passageiro fique no ch\u00e3o\u201d. Em um ano dif\u00edcil como esse, a ordem parece ser \u201ccada um com seus pobrema\u201d.<\/p>\n<p>As entidades n\u00e3o se envolvem com o lado comercial das empresas. Mas devem zelar pela boa imagem e o bom funcionamento do setor. Limitar-se a dizer \u201cn\u00e3o recebemos qualquer comunicado\u201d, \u201ca empresa est\u00e1 devendo apenas as mensalidades\u201d ou \u201cn\u00e3o nos envolvemos com a parte comercial dos associados\u201d \u00e9 pouco. Se o associado est\u00e1 com problemas financeiros not\u00f3rios e \u00e9 obrigado a participar de uma feira onde vai vender \u201cseus produtos\u201d aos clientes, h\u00e1 sim uma responsabilidade. No m\u00ednimo moral.<\/p>\n<p>O objetivo aqui n\u00e3o \u00e9 criticar a Braztoa especificamente, at\u00e9 porque \u00e9 uma das poucas entidades que realmente funcionam e mostram resultados \u2013 tanto que abriu m\u00e3o de ser organizadora de eventos para se posicionar como associa\u00e7\u00e3o que olha para seu setor. O objetivo \u00e9 levantar a discuss\u00e3o para qualquer tipo de entidade: tem jeito ou quem quebrar que junte os cacos? E quem se cortar ser\u00e1 \u201ccasualidade de uma guerra\u201d.<\/p>\n<p>Eu acho que n\u00e3o h\u00e1 solu\u00e7\u00e3o (ao menos f\u00e1cil) para esse tipo de problema. A n\u00e3o ser a tentativa de \u201csalvar\u201d os passageiros no final. N\u00e3o h\u00e1 seguro que cubra (ao que parece, mas lembro que a Agaxtur estava desenvolvendo um), n\u00e3o h\u00e1 puni\u00e7\u00f5es poss\u00edveis pelos estatutos e \u00e9 muito dif\u00edcil sair dedurando concorrentes ou associados. Talvez um grupo de consultores, uma assessoria financeira, a intermedia\u00e7\u00e3o de uma venda&#8230; No caso de empresas pequenas, o esc\u00e2ndalo \u00e9 menor e gra\u00e7as a Deus faz tempo que n\u00e3o perdemos uma Soletur da vida&#8230;<\/p>\n<p>Mas n\u00e3o na avia\u00e7\u00e3o. O caso da Pluna \u00e9 o mais escandaloso dos \u00faltimos tempos e a conta sempre sobra para o lado mais fraco da cadeia, sempre tentando que o esc\u00e2ndalo n\u00e3o se alastre setorialmente. E grandes como a Varig, a Transbrasil e a Vasp foram pro mesmo buraco. Sem d\u00f3 nem pena.<\/p>\n<p>N\u00f3s mesmos ouvimos a Luxtravel depois do primeiro \u201csusto\u201d, demos o benef\u00edcio da d\u00favida para a reestrutura\u00e7\u00e3o. Mas n\u00e3o foi poss\u00edvel. Lembro que na \u00e9poca da Varig era uma mat\u00e9ria por semana, com um novo gestor apontando uma solu\u00e7\u00e3o, que a maioria sabia que n\u00e3o viria. Caberia \u00e0s entidades dizer para os passageiros: n\u00e3o comprem Varig, pois sabemos que n\u00e3o tem jeito? \u00c0 imprensa? \u00c0 pr\u00f3pria Varig?<\/p>\n<p>E como disse um executivo esses dias para mim: \u201cquando voc\u00ea publica dados da minha empresa, eu j\u00e1 os comemorei ou chorei uns dez dias antes e quando eles s\u00e3o divulgados j\u00e1 estou com a cabe\u00e7a nas vendas dos pr\u00f3ximos meses\u201d. Ou seja, quando o assunto chega na imprensa, no caso das empresas que v\u00e3o mal das pernas, j\u00e1 \u00e9 not\u00edcia velha e passageiros e agentes j\u00e1 tomaram preju\u00edzo. Ou bei\u00e7o em alguns casos.<\/p>\n<p>J\u00e1 comentei em alguns textos que o modelo das operadoras \u00e9 um dos que mais foram desafiados e modificados nos \u00faltimos anos. A venda direta de fornecedores, a internet, a facilidade de algumas ag\u00eancias \u201coperarem\u201d, a falta de tecnologia (que demorou a chegar em alguns players), a concentra\u00e7\u00e3o de vendas em alguns players e o comodismo (\u201csempre foi assim\u201d) pegaram alguns de \u201csurpresa\u201d.<\/p>\n<p>Mas o que n\u00e3o se divulga (culpa da imprensa tamb\u00e9m) s\u00e3o os cases que souberam aproveitar as mudan\u00e7as, que est\u00e3o dando dinheiro (bate na madeira) e reinventaram seus neg\u00f3cios. A fal\u00eancia chama mais aten\u00e7\u00e3o que o sucesso. E n\u00e3o podemos deixar isso acontecer. Sabemos que \u201cn\u00e3o est\u00e1 f\u00e1cil pra ningu\u00e9m\u201d, mas para muitos, muitos mesmo, o trabalho bem feito vem compensando.<\/p>\n<p>Voltaremos ao tema.<\/p>\n<p>Enquanto isso&#8230;<\/p>\n","protected":false},"excerpt":{"rendered":"<p>O fechamento (pela segunda vez) da Luxtravel levanta a quest\u00e3o sobre se uma entidade pode ou deveria alertar os clientes dessa empresa sobre um poss\u00edvel problema. O dilema \u00e9 altamente compreens\u00edvel: se a empresa deixa de vender, perde a chance de recupera\u00e7\u00e3o. Se a entidade levanta a lebre, pode piorar a situa\u00e7\u00e3o da companhia em [&hellip;]<\/p>\n","protected":false},"author":7,"featured_media":0,"comment_status":"open","ping_status":"open","sticky":false,"template":"","format":"standard","meta":{"spay_email":""},"categories":[2],"tags":[],"yoast_head":"<!-- This site is optimized with the Yoast SEO plugin v17.3 - https:\/\/yoast.com\/wordpress\/plugins\/seo\/ -->\n<title>N\u00c3O \u00c9 F\u00c1CIL PRA NINGU\u00c9M. AINDA MAIS ESTE ANO -<\/title>\n<meta name=\"description\" content=\"N\u00c3O \u00c9 F\u00c1CIL PRA NINGU\u00c9M. AINDA MAIS ESTE ANO. Confira essa Mat\u00e9ria no Canal Sem reserva. \u27a4 Projeto em parceria com a PANROTAS.\" \/>\n<meta name=\"robots\" content=\"index, follow, max-snippet:-1, max-image-preview:large, max-video-preview:-1\" \/>\n<link rel=\"canonical\" href=\"https:\/\/blog.panrotas.com.br\/semreserva\/nao-e-facil-pra-ninguem-ainda-mais-este-ano\/20-08-2014\/\" \/>\n<meta property=\"og:locale\" content=\"pt_BR\" \/>\n<meta property=\"og:type\" content=\"article\" \/>\n<meta property=\"og:title\" content=\"N\u00c3O \u00c9 F\u00c1CIL PRA NINGU\u00c9M. AINDA MAIS ESTE ANO -\" \/>\n<meta property=\"og:description\" content=\"N\u00c3O \u00c9 F\u00c1CIL PRA NINGU\u00c9M. AINDA MAIS ESTE ANO. Confira essa Mat\u00e9ria no Canal Sem reserva. \u27a4 Projeto em parceria com a PANROTAS.\" \/>\n<meta property=\"og:url\" content=\"https:\/\/blog.panrotas.com.br\/semreserva\/nao-e-facil-pra-ninguem-ainda-mais-este-ano\/20-08-2014\/\" \/>\n<meta property=\"og:site_name\" content=\"Sem reserva\" \/>\n<meta property=\"article:publisher\" content=\"https:\/\/www.facebook.com\/portalpanrotas\/\" \/>\n<meta property=\"article:published_time\" content=\"2014-08-20T03:49:45+00:00\" \/>\n<meta name=\"twitter:card\" content=\"summary_large_image\" \/>\n<meta name=\"twitter:creator\" content=\"@portalpanrotas\" \/>\n<meta name=\"twitter:site\" content=\"@portalpanrotas\" \/>\n<meta name=\"twitter:label1\" content=\"Escrito por\" \/>\n\t<meta name=\"twitter:data1\" content=\"Artur Andrade\" \/>\n\t<meta name=\"twitter:label2\" content=\"Est. tempo de leitura\" \/>\n\t<meta name=\"twitter:data2\" content=\"4 minutos\" \/>\n<script type=\"application\/ld+json\" class=\"yoast-schema-graph\">{\"@context\":\"https:\/\/schema.org\",\"@graph\":[{\"@type\":\"Organization\",\"@id\":\"http:\/\/blog.panrotas.com.br\/semreserva\/#organization\",\"name\":\"Sem Reserva - Blog no Portal PANROTAS\",\"url\":\"http:\/\/blog.panrotas.com.br\/semreserva\/\",\"sameAs\":[\"https:\/\/www.facebook.com\/portalpanrotas\/\",\"https:\/\/www.instagram.com\/portalpanrotas\/\",\"https:\/\/br.linkedin.com\/company\/panrotas\",\"https:\/\/www.youtube.com\/tvpanrotas\",\"https:\/\/twitter.com\/portalpanrotas\"],\"logo\":{\"@type\":\"ImageObject\",\"@id\":\"http:\/\/blog.panrotas.com.br\/semreserva\/#logo\",\"inLanguage\":\"pt-BR\",\"url\":\"https:\/\/blog.panrotas.com.br\/semreserva\/wp-content\/uploads\/sites\/5\/2020\/06\/logo.png\",\"contentUrl\":\"https:\/\/blog.panrotas.com.br\/semreserva\/wp-content\/uploads\/sites\/5\/2020\/06\/logo.png\",\"width\":259,\"height\":53,\"caption\":\"Sem Reserva - Blog no Portal PANROTAS\"},\"image\":{\"@id\":\"http:\/\/blog.panrotas.com.br\/semreserva\/#logo\"}},{\"@type\":\"WebSite\",\"@id\":\"http:\/\/blog.panrotas.com.br\/semreserva\/#website\",\"url\":\"http:\/\/blog.panrotas.com.br\/semreserva\/\",\"name\":\"Sem reserva\",\"description\":\"Blogosfera PANROTAS\",\"publisher\":{\"@id\":\"http:\/\/blog.panrotas.com.br\/semreserva\/#organization\"},\"potentialAction\":[{\"@type\":\"SearchAction\",\"target\":{\"@type\":\"EntryPoint\",\"urlTemplate\":\"http:\/\/blog.panrotas.com.br\/semreserva\/?s={search_term_string}\"},\"query-input\":\"required name=search_term_string\"}],\"inLanguage\":\"pt-BR\"},{\"@type\":\"WebPage\",\"@id\":\"https:\/\/blog.panrotas.com.br\/semreserva\/nao-e-facil-pra-ninguem-ainda-mais-este-ano\/20-08-2014\/#webpage\",\"url\":\"https:\/\/blog.panrotas.com.br\/semreserva\/nao-e-facil-pra-ninguem-ainda-mais-este-ano\/20-08-2014\/\",\"name\":\"N\\u00c3O \\u00c9 F\\u00c1CIL PRA NINGU\\u00c9M. AINDA MAIS ESTE ANO -\",\"isPartOf\":{\"@id\":\"http:\/\/blog.panrotas.com.br\/semreserva\/#website\"},\"datePublished\":\"2014-08-20T03:49:45+00:00\",\"dateModified\":\"2014-08-20T03:49:45+00:00\",\"description\":\"N\\u00c3O \\u00c9 F\\u00c1CIL PRA NINGU\\u00c9M. AINDA MAIS ESTE ANO. Confira essa Mat\\u00e9ria no Canal Sem reserva. \\u27a4 Projeto em parceria com a PANROTAS.\",\"breadcrumb\":{\"@id\":\"https:\/\/blog.panrotas.com.br\/semreserva\/nao-e-facil-pra-ninguem-ainda-mais-este-ano\/20-08-2014\/#breadcrumb\"},\"inLanguage\":\"pt-BR\",\"potentialAction\":[{\"@type\":\"ReadAction\",\"target\":[\"https:\/\/blog.panrotas.com.br\/semreserva\/nao-e-facil-pra-ninguem-ainda-mais-este-ano\/20-08-2014\/\"]}]},{\"@type\":\"BreadcrumbList\",\"@id\":\"https:\/\/blog.panrotas.com.br\/semreserva\/nao-e-facil-pra-ninguem-ainda-mais-este-ano\/20-08-2014\/#breadcrumb\",\"itemListElement\":[{\"@type\":\"ListItem\",\"position\":1,\"name\":\"Home do Blog\",\"item\":\"http:\/\/blog.panrotas.com.br\/semreserva\/\"},{\"@type\":\"ListItem\",\"position\":2,\"name\":\"Dia a dia\",\"item\":\"https:\/\/blog.panrotas.com.br\/semreserva\/category\/dia-a-dia\/\"},{\"@type\":\"ListItem\",\"position\":3,\"name\":\"N\\u00c3O \\u00c9 F\\u00c1CIL PRA NINGU\\u00c9M. AINDA MAIS ESTE ANO\"}]},{\"@type\":\"Article\",\"@id\":\"https:\/\/blog.panrotas.com.br\/semreserva\/nao-e-facil-pra-ninguem-ainda-mais-este-ano\/20-08-2014\/#article\",\"isPartOf\":{\"@id\":\"https:\/\/blog.panrotas.com.br\/semreserva\/nao-e-facil-pra-ninguem-ainda-mais-este-ano\/20-08-2014\/#webpage\"},\"author\":{\"@id\":\"http:\/\/blog.panrotas.com.br\/semreserva\/#\/schema\/person\/c93b4555f6a497d2d83c25dcb80f61ed\"},\"headline\":\"N\\u00c3O \\u00c9 F\\u00c1CIL PRA NINGU\\u00c9M. AINDA MAIS ESTE ANO\",\"datePublished\":\"2014-08-20T03:49:45+00:00\",\"dateModified\":\"2014-08-20T03:49:45+00:00\",\"mainEntityOfPage\":{\"@id\":\"https:\/\/blog.panrotas.com.br\/semreserva\/nao-e-facil-pra-ninguem-ainda-mais-este-ano\/20-08-2014\/#webpage\"},\"wordCount\":859,\"commentCount\":0,\"publisher\":{\"@id\":\"http:\/\/blog.panrotas.com.br\/semreserva\/#organization\"},\"articleSection\":[\"Dia a dia\"],\"inLanguage\":\"pt-BR\",\"potentialAction\":[{\"@type\":\"CommentAction\",\"name\":\"Comment\",\"target\":[\"https:\/\/blog.panrotas.com.br\/semreserva\/nao-e-facil-pra-ninguem-ainda-mais-este-ano\/20-08-2014\/#respond\"]}]},{\"@type\":\"Person\",\"@id\":\"http:\/\/blog.panrotas.com.br\/semreserva\/#\/schema\/person\/c93b4555f6a497d2d83c25dcb80f61ed\",\"name\":\"Artur Andrade\",\"image\":{\"@type\":\"ImageObject\",\"@id\":\"http:\/\/blog.panrotas.com.br\/semreserva\/#personlogo\",\"inLanguage\":\"pt-BR\",\"url\":\"https:\/\/secure.gravatar.com\/avatar\/a94564d630220cefd5c82f3452ac1ef4?s=96&d=mm&r=g\",\"contentUrl\":\"https:\/\/secure.gravatar.com\/avatar\/a94564d630220cefd5c82f3452ac1ef4?s=96&d=mm&r=g\",\"caption\":\"Artur Andrade\"},\"description\":\"Artur Luiz Andrade \\u00e9 carioca, taurino, jornalista e nasceu em 1969. \\u00c9 editor-chefe da PANROTAS Editora e mora em S\\u00e3o Paulo desde 1998\",\"sameAs\":[\"http:\/\/www.panrotas.com.br\"]}]}<\/script>\n<!-- \/ Yoast SEO plugin. -->","yoast_head_json":{"title":"N\u00c3O \u00c9 F\u00c1CIL PRA NINGU\u00c9M. AINDA MAIS ESTE ANO -","description":"N\u00c3O \u00c9 F\u00c1CIL PRA NINGU\u00c9M. AINDA MAIS ESTE ANO. Confira essa Mat\u00e9ria no Canal Sem reserva. \u27a4 Projeto em parceria com a PANROTAS.","robots":{"index":"index","follow":"follow","max-snippet":"max-snippet:-1","max-image-preview":"max-image-preview:large","max-video-preview":"max-video-preview:-1"},"canonical":"https:\/\/blog.panrotas.com.br\/semreserva\/nao-e-facil-pra-ninguem-ainda-mais-este-ano\/20-08-2014\/","og_locale":"pt_BR","og_type":"article","og_title":"N\u00c3O \u00c9 F\u00c1CIL PRA NINGU\u00c9M. AINDA MAIS ESTE ANO -","og_description":"N\u00c3O \u00c9 F\u00c1CIL PRA NINGU\u00c9M. AINDA MAIS ESTE ANO. Confira essa Mat\u00e9ria no Canal Sem reserva. \u27a4 Projeto em parceria com a PANROTAS.","og_url":"https:\/\/blog.panrotas.com.br\/semreserva\/nao-e-facil-pra-ninguem-ainda-mais-este-ano\/20-08-2014\/","og_site_name":"Sem reserva","article_publisher":"https:\/\/www.facebook.com\/portalpanrotas\/","article_published_time":"2014-08-20T03:49:45+00:00","twitter_card":"summary_large_image","twitter_creator":"@portalpanrotas","twitter_site":"@portalpanrotas","twitter_misc":{"Escrito por":"Artur Andrade","Est. tempo de leitura":"4 minutos"},"schema":{"@context":"https:\/\/schema.org","@graph":[{"@type":"Organization","@id":"http:\/\/blog.panrotas.com.br\/semreserva\/#organization","name":"Sem Reserva - Blog no Portal PANROTAS","url":"http:\/\/blog.panrotas.com.br\/semreserva\/","sameAs":["https:\/\/www.facebook.com\/portalpanrotas\/","https:\/\/www.instagram.com\/portalpanrotas\/","https:\/\/br.linkedin.com\/company\/panrotas","https:\/\/www.youtube.com\/tvpanrotas","https:\/\/twitter.com\/portalpanrotas"],"logo":{"@type":"ImageObject","@id":"http:\/\/blog.panrotas.com.br\/semreserva\/#logo","inLanguage":"pt-BR","url":"https:\/\/blog.panrotas.com.br\/semreserva\/wp-content\/uploads\/sites\/5\/2020\/06\/logo.png","contentUrl":"https:\/\/blog.panrotas.com.br\/semreserva\/wp-content\/uploads\/sites\/5\/2020\/06\/logo.png","width":259,"height":53,"caption":"Sem Reserva - Blog no Portal PANROTAS"},"image":{"@id":"http:\/\/blog.panrotas.com.br\/semreserva\/#logo"}},{"@type":"WebSite","@id":"http:\/\/blog.panrotas.com.br\/semreserva\/#website","url":"http:\/\/blog.panrotas.com.br\/semreserva\/","name":"Sem reserva","description":"Blogosfera PANROTAS","publisher":{"@id":"http:\/\/blog.panrotas.com.br\/semreserva\/#organization"},"potentialAction":[{"@type":"SearchAction","target":{"@type":"EntryPoint","urlTemplate":"http:\/\/blog.panrotas.com.br\/semreserva\/?s={search_term_string}"},"query-input":"required name=search_term_string"}],"inLanguage":"pt-BR"},{"@type":"WebPage","@id":"https:\/\/blog.panrotas.com.br\/semreserva\/nao-e-facil-pra-ninguem-ainda-mais-este-ano\/20-08-2014\/#webpage","url":"https:\/\/blog.panrotas.com.br\/semreserva\/nao-e-facil-pra-ninguem-ainda-mais-este-ano\/20-08-2014\/","name":"N\u00c3O \u00c9 F\u00c1CIL PRA NINGU\u00c9M. AINDA MAIS ESTE ANO -","isPartOf":{"@id":"http:\/\/blog.panrotas.com.br\/semreserva\/#website"},"datePublished":"2014-08-20T03:49:45+00:00","dateModified":"2014-08-20T03:49:45+00:00","description":"N\u00c3O \u00c9 F\u00c1CIL PRA NINGU\u00c9M. AINDA MAIS ESTE ANO. Confira essa Mat\u00e9ria no Canal Sem reserva. \u27a4 Projeto em parceria com a PANROTAS.","breadcrumb":{"@id":"https:\/\/blog.panrotas.com.br\/semreserva\/nao-e-facil-pra-ninguem-ainda-mais-este-ano\/20-08-2014\/#breadcrumb"},"inLanguage":"pt-BR","potentialAction":[{"@type":"ReadAction","target":["https:\/\/blog.panrotas.com.br\/semreserva\/nao-e-facil-pra-ninguem-ainda-mais-este-ano\/20-08-2014\/"]}]},{"@type":"BreadcrumbList","@id":"https:\/\/blog.panrotas.com.br\/semreserva\/nao-e-facil-pra-ninguem-ainda-mais-este-ano\/20-08-2014\/#breadcrumb","itemListElement":[{"@type":"ListItem","position":1,"name":"Home do Blog","item":"http:\/\/blog.panrotas.com.br\/semreserva\/"},{"@type":"ListItem","position":2,"name":"Dia a dia","item":"https:\/\/blog.panrotas.com.br\/semreserva\/category\/dia-a-dia\/"},{"@type":"ListItem","position":3,"name":"N\u00c3O \u00c9 F\u00c1CIL PRA NINGU\u00c9M. AINDA MAIS ESTE ANO"}]},{"@type":"Article","@id":"https:\/\/blog.panrotas.com.br\/semreserva\/nao-e-facil-pra-ninguem-ainda-mais-este-ano\/20-08-2014\/#article","isPartOf":{"@id":"https:\/\/blog.panrotas.com.br\/semreserva\/nao-e-facil-pra-ninguem-ainda-mais-este-ano\/20-08-2014\/#webpage"},"author":{"@id":"http:\/\/blog.panrotas.com.br\/semreserva\/#\/schema\/person\/c93b4555f6a497d2d83c25dcb80f61ed"},"headline":"N\u00c3O \u00c9 F\u00c1CIL PRA NINGU\u00c9M. AINDA MAIS ESTE ANO","datePublished":"2014-08-20T03:49:45+00:00","dateModified":"2014-08-20T03:49:45+00:00","mainEntityOfPage":{"@id":"https:\/\/blog.panrotas.com.br\/semreserva\/nao-e-facil-pra-ninguem-ainda-mais-este-ano\/20-08-2014\/#webpage"},"wordCount":859,"commentCount":0,"publisher":{"@id":"http:\/\/blog.panrotas.com.br\/semreserva\/#organization"},"articleSection":["Dia a dia"],"inLanguage":"pt-BR","potentialAction":[{"@type":"CommentAction","name":"Comment","target":["https:\/\/blog.panrotas.com.br\/semreserva\/nao-e-facil-pra-ninguem-ainda-mais-este-ano\/20-08-2014\/#respond"]}]},{"@type":"Person","@id":"http:\/\/blog.panrotas.com.br\/semreserva\/#\/schema\/person\/c93b4555f6a497d2d83c25dcb80f61ed","name":"Artur Andrade","image":{"@type":"ImageObject","@id":"http:\/\/blog.panrotas.com.br\/semreserva\/#personlogo","inLanguage":"pt-BR","url":"https:\/\/secure.gravatar.com\/avatar\/a94564d630220cefd5c82f3452ac1ef4?s=96&d=mm&r=g","contentUrl":"https:\/\/secure.gravatar.com\/avatar\/a94564d630220cefd5c82f3452ac1ef4?s=96&d=mm&r=g","caption":"Artur Andrade"},"description":"Artur Luiz Andrade \u00e9 carioca, taurino, jornalista e nasceu em 1969. \u00c9 editor-chefe da PANROTAS Editora e mora em S\u00e3o Paulo desde 1998","sameAs":["http:\/\/www.panrotas.com.br"]}]}},"jetpack_featured_media_url":"","jetpack_shortlink":"https:\/\/wp.me\/p7idIU-13O","_links":{"self":[{"href":"https:\/\/blog.panrotas.com.br\/semreserva\/wp-json\/wp\/v2\/posts\/4080"}],"collection":[{"href":"https:\/\/blog.panrotas.com.br\/semreserva\/wp-json\/wp\/v2\/posts"}],"about":[{"href":"https:\/\/blog.panrotas.com.br\/semreserva\/wp-json\/wp\/v2\/types\/post"}],"author":[{"embeddable":true,"href":"https:\/\/blog.panrotas.com.br\/semreserva\/wp-json\/wp\/v2\/users\/7"}],"replies":[{"embeddable":true,"href":"https:\/\/blog.panrotas.com.br\/semreserva\/wp-json\/wp\/v2\/comments?post=4080"}],"version-history":[{"count":0,"href":"https:\/\/blog.panrotas.com.br\/semreserva\/wp-json\/wp\/v2\/posts\/4080\/revisions"}],"wp:attachment":[{"href":"https:\/\/blog.panrotas.com.br\/semreserva\/wp-json\/wp\/v2\/media?parent=4080"}],"wp:term":[{"taxonomy":"category","embeddable":true,"href":"https:\/\/blog.panrotas.com.br\/semreserva\/wp-json\/wp\/v2\/categories?post=4080"},{"taxonomy":"post_tag","embeddable":true,"href":"https:\/\/blog.panrotas.com.br\/semreserva\/wp-json\/wp\/v2\/tags?post=4080"}],"curies":[{"name":"wp","href":"https:\/\/api.w.org\/{rel}","templated":true}]}}