{"id":4084,"date":"2014-08-30T17:10:09","date_gmt":"2014-08-30T20:10:09","guid":{"rendered":"http:\/\/blog.panrotas.com.br\/semreserva\/?p=4084"},"modified":"2014-08-30T17:10:09","modified_gmt":"2014-08-30T20:10:09","slug":"fala-que-nos-te-escutamos-mas-fala-alguma-coisa","status":"publish","type":"post","link":"https:\/\/blog.panrotas.com.br\/semreserva\/fala-que-nos-te-escutamos-mas-fala-alguma-coisa\/30-08-2014\/","title":{"rendered":"Fala (que n\u00f3s te escutamos). Mas fala alguma coisa!!!"},"content":{"rendered":"<p>Formado por empresas m\u00e9dias e pequenas em sua maioria, repletas de self-made men, empreendedores, gente que aprendeu na pr\u00e1tica a dominar seu of\u00edcio, a ind\u00fastria do turismo no Brasil ainda n\u00e3o sabe se comunicar. Entre a vaidade e a maquiagem d e dados, entre a ideia da imprensa amiga e a da grande imprensa \u201cque n\u00e3o nos entende e s\u00f3 quer o lado negativo do turismo\u201d, entre os que sabem mais sorrir para uma foto que falar, ver atitudes corretas em \u00e9pocas de crise \u00e9 algo rar\u00edssimo em empres\u00e1rios e lideran\u00e7as do setor.<\/p>\n<p>&nbsp;<\/p>\n<p>Lembro-me de uma crise que o setor de cruzeiros administrou muito bem no Brasil. Se me recordo bem, uma s\u00e9rie de casos de mal estar de passageiros a bordo, com alguns \u00f3bitos, gerou a crise do norov\u00edrus e as empresas assistiam a uma crise de p\u00e2nico dos passageiros, com a imprensa retratando tudo \u2013 e acho ainda que era pleno ver\u00e3o, naquelas \u00e9pocas em que o Pa\u00eds para e not\u00edcia s\u00e3o estradas cheias, avi\u00f5es atrasados, dengue, falta de \u00e1gua no litoral, shoppings cheios e&#8230; navios com v\u00edrus.<\/p>\n<p>&nbsp;<\/p>\n<p>As empresas agiram rapidamente e lembro do caso espec\u00edfico da Royal Caribbean, que em dias proporcionou viagens t\u00e9cnicas para jornalistas brasileiros, com visita a cozinha, \u00e1reas de limpeza, ambulat\u00f3rios, todo o bastidor de um navio&#8230; aliada \u00e0 calma, expertise e lideran\u00e7a de seu diretor, Ricardo Amaral, que sabia que muito dessa crise vinha da falta de comunica\u00e7\u00e3o. O p\u00e2nico passaria, pois o emocional cansa de sofrer, mas a raz\u00e3o pode apressar esse processo.<\/p>\n<p>&nbsp;<\/p>\n<p>Outro exemplo nasceu do apag\u00e3o a\u00e9reo. As principais empresas a\u00e9reas se uniram e resolveram dar informa\u00e7\u00e3o \u00e0 imprensa e \u00e0 sociedade, via Abear. Isso aqui \u00e9 responsabilidade da Infraero, isso da Anac, isso de terceirizados e isso \u00e9 nosso. Inclusive<\/p>\n<p>&nbsp;<\/p>\n<p>O setor passou a divulgar seus dados estat\u00edsticos, que eram antes repassados \u00e0 Anac e divulgados por elas, gerando encontros mensais presenciais com jornalistas que cobrem economia e avia\u00e7\u00e3o.<\/p>\n<p>&nbsp;<\/p>\n<p>Falar dos problemas pode trazer luz para que outros o entendam melhor, pode trazer solu\u00e7\u00f5es.<\/p>\n<p>&nbsp;<\/p>\n<p>Acabou a \u00e9poca do \u201cn\u00e3o falo sobre esse assunto\u201d. Se voc\u00ea n\u00e3o fala outros v\u00e3o falar por voc\u00ea. Se sua empresa est\u00e1 em crise, busque ajuda logo. N\u00e3o espere os passageiros ficarem no ch\u00e3o.<\/p>\n<p>&nbsp;<\/p>\n<p>Se voc\u00ea \u00e9 um l\u00edder classista, se representa um segmento, defenda-o, mostre sua abrang\u00eancia, com direitos e deveres, mas tamb\u00e9m mostre como ele se relaciona com a ind\u00fastria, onde ningu\u00e9m est\u00e1 isolado. Um presidente de entidade tem de zelar pelo interesse de seus associados? Sem d\u00favida. Deve pensar na associa\u00e7\u00e3o e assim gerar eventos e a\u00e7\u00f5es que rendam recursos para sua manuten\u00e7\u00e3o e para que possam haver benef\u00edcios, como capacita\u00e7\u00f5es e pesquisa, para seus associados? N\u00e3o h\u00e1 o menor questionamento tamb\u00e9m. Mas \u00e9 preciso ter em mente que um l\u00edder de um segmento tem responsabilidade (vinda de seus associados) sobre o impacto que esse segmento gera em outros. A teia do turismo n\u00e3o \u00e9 mais uma escadinha ou um gr\u00e1fico com setas em linha reta&#8230; E sim um emaranhado que pode te fisgar mesmo se voc\u00ea n\u00e3o estiver diretamente envolvido com transa\u00e7\u00f5es problem\u00e1ticas.<\/p>\n<p>&nbsp;<\/p>\n<p>Nessas horas, fale. N\u00e3o se esconda. Nessas horas exponha seus planos \u2013 use o exemplo dos grandes consolidadores do setor, que foram pauta de grandes reportagens nas \u00faltimas edi\u00e7\u00f5s do Jornal PANROTAS, em um momento que vivem uma delicada concorr\u00eancia e em que h\u00e1 grandes mudan\u00e7as.<\/p>\n<p>&nbsp;<\/p>\n<p>Na pr\u00f3xima edi\u00e7\u00e3o, o presidente da Braztoa, Marco Ferraz, fala ao Jornal PANROTAS. N\u00e3o, o setor de operadoras n\u00e3o passa por uma grande crise, a entidade n\u00e3o est\u00e1 em quest\u00e3o, mas problemas diversos somados no dia a dia pediam uma grande entrevista em que ele falasse sobre tudo, n\u00e3o apenas sobre a feira que vem a\u00ed dentro da Abav: da fal\u00eancia da Luxtravel ao futuro que ele v\u00ea como promissor para as operadoras, da ideia de mudar o formato de viagens t\u00e9cnicas \u00e0 conven\u00e7\u00e3o que vem a\u00ed em Alagoas, das mudan\u00e7as tecnol\u00f3gicas \u00e0 concorr\u00eancia com OTAs e a venda direta das a\u00e9reas, da resili\u00eancia e da capacidade de evoluir das operadoras \u00e0 transforma\u00e7\u00e3o que vem acompanhando desde a d\u00e9cada de 1980.<\/p>\n<p>&nbsp;<\/p>\n<p>L\u00edderes falam. N\u00e3o se escondem ou se omitem.<\/p>\n<p>&nbsp;<\/p>\n<p>Muito objetivo e direto, Marco Ferraz falou. Agora, escutemos. \u00c9 o mais importante. Sabendo que fazemos parte da mesma teia&#8230;<\/p>\n<p>&nbsp;<\/p>\n<p>Enquanto isso castelos de areia cair\u00e3o em nossas frentes. E a primeira onda os levar\u00e1 de vez&#8230; Suas palavras dentro deles. Perdidas para sempre.<\/p>\n","protected":false},"excerpt":{"rendered":"<p>Formado por empresas m\u00e9dias e pequenas em sua maioria, repletas de self-made men, empreendedores, gente que aprendeu na pr\u00e1tica a dominar seu of\u00edcio, a ind\u00fastria do turismo no Brasil ainda n\u00e3o sabe se comunicar. Entre a vaidade e a maquiagem d e dados, entre a ideia da imprensa amiga e a da grande imprensa \u201cque [&hellip;]<\/p>\n","protected":false},"author":7,"featured_media":0,"comment_status":"open","ping_status":"open","sticky":false,"template":"","format":"standard","meta":{"spay_email":""},"categories":[2],"tags":[],"yoast_head":"<!-- This site is optimized with the Yoast SEO plugin v17.3 - https:\/\/yoast.com\/wordpress\/plugins\/seo\/ -->\n<title>Fala (que n\u00f3s te escutamos). Mas fala alguma coisa!!! -<\/title>\n<meta name=\"description\" content=\"Fala (que n\u00f3s te escutamos). Mas fala alguma coisa!!!. Confira essa Mat\u00e9ria no Canal Sem reserva. \u27a4 Projeto em parceria com a PANROTAS.\" \/>\n<meta name=\"robots\" content=\"index, follow, max-snippet:-1, max-image-preview:large, max-video-preview:-1\" \/>\n<link rel=\"canonical\" href=\"https:\/\/blog.panrotas.com.br\/semreserva\/fala-que-nos-te-escutamos-mas-fala-alguma-coisa\/30-08-2014\/\" \/>\n<meta property=\"og:locale\" content=\"pt_BR\" \/>\n<meta property=\"og:type\" content=\"article\" \/>\n<meta property=\"og:title\" content=\"Fala (que n\u00f3s te escutamos). Mas fala alguma coisa!!! -\" \/>\n<meta property=\"og:description\" content=\"Fala (que n\u00f3s te escutamos). Mas fala alguma coisa!!!. Confira essa Mat\u00e9ria no Canal Sem reserva. \u27a4 Projeto em parceria com a PANROTAS.\" \/>\n<meta property=\"og:url\" content=\"https:\/\/blog.panrotas.com.br\/semreserva\/fala-que-nos-te-escutamos-mas-fala-alguma-coisa\/30-08-2014\/\" \/>\n<meta property=\"og:site_name\" content=\"Sem reserva\" \/>\n<meta property=\"article:publisher\" content=\"https:\/\/www.facebook.com\/portalpanrotas\/\" \/>\n<meta property=\"article:published_time\" content=\"2014-08-30T20:10:09+00:00\" \/>\n<meta name=\"twitter:card\" content=\"summary_large_image\" \/>\n<meta name=\"twitter:creator\" content=\"@portalpanrotas\" \/>\n<meta name=\"twitter:site\" content=\"@portalpanrotas\" \/>\n<meta name=\"twitter:label1\" content=\"Escrito por\" \/>\n\t<meta name=\"twitter:data1\" content=\"Artur Andrade\" \/>\n\t<meta name=\"twitter:label2\" content=\"Est. tempo de leitura\" \/>\n\t<meta name=\"twitter:data2\" content=\"4 minutos\" \/>\n<script type=\"application\/ld+json\" class=\"yoast-schema-graph\">{\"@context\":\"https:\/\/schema.org\",\"@graph\":[{\"@type\":\"Organization\",\"@id\":\"http:\/\/blog.panrotas.com.br\/semreserva\/#organization\",\"name\":\"Sem Reserva - Blog no Portal PANROTAS\",\"url\":\"http:\/\/blog.panrotas.com.br\/semreserva\/\",\"sameAs\":[\"https:\/\/www.facebook.com\/portalpanrotas\/\",\"https:\/\/www.instagram.com\/portalpanrotas\/\",\"https:\/\/br.linkedin.com\/company\/panrotas\",\"https:\/\/www.youtube.com\/tvpanrotas\",\"https:\/\/twitter.com\/portalpanrotas\"],\"logo\":{\"@type\":\"ImageObject\",\"@id\":\"http:\/\/blog.panrotas.com.br\/semreserva\/#logo\",\"inLanguage\":\"pt-BR\",\"url\":\"https:\/\/blog.panrotas.com.br\/semreserva\/wp-content\/uploads\/sites\/5\/2020\/06\/logo.png\",\"contentUrl\":\"https:\/\/blog.panrotas.com.br\/semreserva\/wp-content\/uploads\/sites\/5\/2020\/06\/logo.png\",\"width\":259,\"height\":53,\"caption\":\"Sem Reserva - Blog no Portal PANROTAS\"},\"image\":{\"@id\":\"http:\/\/blog.panrotas.com.br\/semreserva\/#logo\"}},{\"@type\":\"WebSite\",\"@id\":\"http:\/\/blog.panrotas.com.br\/semreserva\/#website\",\"url\":\"http:\/\/blog.panrotas.com.br\/semreserva\/\",\"name\":\"Sem reserva\",\"description\":\"Blogosfera PANROTAS\",\"publisher\":{\"@id\":\"http:\/\/blog.panrotas.com.br\/semreserva\/#organization\"},\"potentialAction\":[{\"@type\":\"SearchAction\",\"target\":{\"@type\":\"EntryPoint\",\"urlTemplate\":\"http:\/\/blog.panrotas.com.br\/semreserva\/?s={search_term_string}\"},\"query-input\":\"required name=search_term_string\"}],\"inLanguage\":\"pt-BR\"},{\"@type\":\"WebPage\",\"@id\":\"https:\/\/blog.panrotas.com.br\/semreserva\/fala-que-nos-te-escutamos-mas-fala-alguma-coisa\/30-08-2014\/#webpage\",\"url\":\"https:\/\/blog.panrotas.com.br\/semreserva\/fala-que-nos-te-escutamos-mas-fala-alguma-coisa\/30-08-2014\/\",\"name\":\"Fala (que n\\u00f3s te escutamos). Mas fala alguma coisa!!! -\",\"isPartOf\":{\"@id\":\"http:\/\/blog.panrotas.com.br\/semreserva\/#website\"},\"datePublished\":\"2014-08-30T20:10:09+00:00\",\"dateModified\":\"2014-08-30T20:10:09+00:00\",\"description\":\"Fala (que n\\u00f3s te escutamos). Mas fala alguma coisa!!!. Confira essa Mat\\u00e9ria no Canal Sem reserva. \\u27a4 Projeto em parceria com a PANROTAS.\",\"breadcrumb\":{\"@id\":\"https:\/\/blog.panrotas.com.br\/semreserva\/fala-que-nos-te-escutamos-mas-fala-alguma-coisa\/30-08-2014\/#breadcrumb\"},\"inLanguage\":\"pt-BR\",\"potentialAction\":[{\"@type\":\"ReadAction\",\"target\":[\"https:\/\/blog.panrotas.com.br\/semreserva\/fala-que-nos-te-escutamos-mas-fala-alguma-coisa\/30-08-2014\/\"]}]},{\"@type\":\"BreadcrumbList\",\"@id\":\"https:\/\/blog.panrotas.com.br\/semreserva\/fala-que-nos-te-escutamos-mas-fala-alguma-coisa\/30-08-2014\/#breadcrumb\",\"itemListElement\":[{\"@type\":\"ListItem\",\"position\":1,\"name\":\"Home do Blog\",\"item\":\"http:\/\/blog.panrotas.com.br\/semreserva\/\"},{\"@type\":\"ListItem\",\"position\":2,\"name\":\"Dia a dia\",\"item\":\"https:\/\/blog.panrotas.com.br\/semreserva\/category\/dia-a-dia\/\"},{\"@type\":\"ListItem\",\"position\":3,\"name\":\"Fala (que n\\u00f3s te escutamos). Mas fala alguma coisa!!!\"}]},{\"@type\":\"Article\",\"@id\":\"https:\/\/blog.panrotas.com.br\/semreserva\/fala-que-nos-te-escutamos-mas-fala-alguma-coisa\/30-08-2014\/#article\",\"isPartOf\":{\"@id\":\"https:\/\/blog.panrotas.com.br\/semreserva\/fala-que-nos-te-escutamos-mas-fala-alguma-coisa\/30-08-2014\/#webpage\"},\"author\":{\"@id\":\"http:\/\/blog.panrotas.com.br\/semreserva\/#\/schema\/person\/c93b4555f6a497d2d83c25dcb80f61ed\"},\"headline\":\"Fala (que n\\u00f3s te escutamos). Mas fala alguma coisa!!!\",\"datePublished\":\"2014-08-30T20:10:09+00:00\",\"dateModified\":\"2014-08-30T20:10:09+00:00\",\"mainEntityOfPage\":{\"@id\":\"https:\/\/blog.panrotas.com.br\/semreserva\/fala-que-nos-te-escutamos-mas-fala-alguma-coisa\/30-08-2014\/#webpage\"},\"wordCount\":818,\"commentCount\":0,\"publisher\":{\"@id\":\"http:\/\/blog.panrotas.com.br\/semreserva\/#organization\"},\"articleSection\":[\"Dia a dia\"],\"inLanguage\":\"pt-BR\",\"potentialAction\":[{\"@type\":\"CommentAction\",\"name\":\"Comment\",\"target\":[\"https:\/\/blog.panrotas.com.br\/semreserva\/fala-que-nos-te-escutamos-mas-fala-alguma-coisa\/30-08-2014\/#respond\"]}]},{\"@type\":\"Person\",\"@id\":\"http:\/\/blog.panrotas.com.br\/semreserva\/#\/schema\/person\/c93b4555f6a497d2d83c25dcb80f61ed\",\"name\":\"Artur Andrade\",\"image\":{\"@type\":\"ImageObject\",\"@id\":\"http:\/\/blog.panrotas.com.br\/semreserva\/#personlogo\",\"inLanguage\":\"pt-BR\",\"url\":\"https:\/\/secure.gravatar.com\/avatar\/a94564d630220cefd5c82f3452ac1ef4?s=96&d=mm&r=g\",\"contentUrl\":\"https:\/\/secure.gravatar.com\/avatar\/a94564d630220cefd5c82f3452ac1ef4?s=96&d=mm&r=g\",\"caption\":\"Artur Andrade\"},\"description\":\"Artur Luiz Andrade \\u00e9 carioca, taurino, jornalista e nasceu em 1969. \\u00c9 editor-chefe da PANROTAS Editora e mora em S\\u00e3o Paulo desde 1998\",\"sameAs\":[\"http:\/\/www.panrotas.com.br\"]}]}<\/script>\n<!-- \/ Yoast SEO plugin. -->","yoast_head_json":{"title":"Fala (que n\u00f3s te escutamos). Mas fala alguma coisa!!! -","description":"Fala (que n\u00f3s te escutamos). Mas fala alguma coisa!!!. Confira essa Mat\u00e9ria no Canal Sem reserva. \u27a4 Projeto em parceria com a PANROTAS.","robots":{"index":"index","follow":"follow","max-snippet":"max-snippet:-1","max-image-preview":"max-image-preview:large","max-video-preview":"max-video-preview:-1"},"canonical":"https:\/\/blog.panrotas.com.br\/semreserva\/fala-que-nos-te-escutamos-mas-fala-alguma-coisa\/30-08-2014\/","og_locale":"pt_BR","og_type":"article","og_title":"Fala (que n\u00f3s te escutamos). Mas fala alguma coisa!!! -","og_description":"Fala (que n\u00f3s te escutamos). Mas fala alguma coisa!!!. Confira essa Mat\u00e9ria no Canal Sem reserva. \u27a4 Projeto em parceria com a PANROTAS.","og_url":"https:\/\/blog.panrotas.com.br\/semreserva\/fala-que-nos-te-escutamos-mas-fala-alguma-coisa\/30-08-2014\/","og_site_name":"Sem reserva","article_publisher":"https:\/\/www.facebook.com\/portalpanrotas\/","article_published_time":"2014-08-30T20:10:09+00:00","twitter_card":"summary_large_image","twitter_creator":"@portalpanrotas","twitter_site":"@portalpanrotas","twitter_misc":{"Escrito por":"Artur Andrade","Est. tempo de leitura":"4 minutos"},"schema":{"@context":"https:\/\/schema.org","@graph":[{"@type":"Organization","@id":"http:\/\/blog.panrotas.com.br\/semreserva\/#organization","name":"Sem Reserva - Blog no Portal PANROTAS","url":"http:\/\/blog.panrotas.com.br\/semreserva\/","sameAs":["https:\/\/www.facebook.com\/portalpanrotas\/","https:\/\/www.instagram.com\/portalpanrotas\/","https:\/\/br.linkedin.com\/company\/panrotas","https:\/\/www.youtube.com\/tvpanrotas","https:\/\/twitter.com\/portalpanrotas"],"logo":{"@type":"ImageObject","@id":"http:\/\/blog.panrotas.com.br\/semreserva\/#logo","inLanguage":"pt-BR","url":"https:\/\/blog.panrotas.com.br\/semreserva\/wp-content\/uploads\/sites\/5\/2020\/06\/logo.png","contentUrl":"https:\/\/blog.panrotas.com.br\/semreserva\/wp-content\/uploads\/sites\/5\/2020\/06\/logo.png","width":259,"height":53,"caption":"Sem Reserva - Blog no Portal PANROTAS"},"image":{"@id":"http:\/\/blog.panrotas.com.br\/semreserva\/#logo"}},{"@type":"WebSite","@id":"http:\/\/blog.panrotas.com.br\/semreserva\/#website","url":"http:\/\/blog.panrotas.com.br\/semreserva\/","name":"Sem reserva","description":"Blogosfera PANROTAS","publisher":{"@id":"http:\/\/blog.panrotas.com.br\/semreserva\/#organization"},"potentialAction":[{"@type":"SearchAction","target":{"@type":"EntryPoint","urlTemplate":"http:\/\/blog.panrotas.com.br\/semreserva\/?s={search_term_string}"},"query-input":"required name=search_term_string"}],"inLanguage":"pt-BR"},{"@type":"WebPage","@id":"https:\/\/blog.panrotas.com.br\/semreserva\/fala-que-nos-te-escutamos-mas-fala-alguma-coisa\/30-08-2014\/#webpage","url":"https:\/\/blog.panrotas.com.br\/semreserva\/fala-que-nos-te-escutamos-mas-fala-alguma-coisa\/30-08-2014\/","name":"Fala (que n\u00f3s te escutamos). Mas fala alguma coisa!!! -","isPartOf":{"@id":"http:\/\/blog.panrotas.com.br\/semreserva\/#website"},"datePublished":"2014-08-30T20:10:09+00:00","dateModified":"2014-08-30T20:10:09+00:00","description":"Fala (que n\u00f3s te escutamos). Mas fala alguma coisa!!!. Confira essa Mat\u00e9ria no Canal Sem reserva. \u27a4 Projeto em parceria com a PANROTAS.","breadcrumb":{"@id":"https:\/\/blog.panrotas.com.br\/semreserva\/fala-que-nos-te-escutamos-mas-fala-alguma-coisa\/30-08-2014\/#breadcrumb"},"inLanguage":"pt-BR","potentialAction":[{"@type":"ReadAction","target":["https:\/\/blog.panrotas.com.br\/semreserva\/fala-que-nos-te-escutamos-mas-fala-alguma-coisa\/30-08-2014\/"]}]},{"@type":"BreadcrumbList","@id":"https:\/\/blog.panrotas.com.br\/semreserva\/fala-que-nos-te-escutamos-mas-fala-alguma-coisa\/30-08-2014\/#breadcrumb","itemListElement":[{"@type":"ListItem","position":1,"name":"Home do Blog","item":"http:\/\/blog.panrotas.com.br\/semreserva\/"},{"@type":"ListItem","position":2,"name":"Dia a dia","item":"https:\/\/blog.panrotas.com.br\/semreserva\/category\/dia-a-dia\/"},{"@type":"ListItem","position":3,"name":"Fala (que n\u00f3s te escutamos). Mas fala alguma coisa!!!"}]},{"@type":"Article","@id":"https:\/\/blog.panrotas.com.br\/semreserva\/fala-que-nos-te-escutamos-mas-fala-alguma-coisa\/30-08-2014\/#article","isPartOf":{"@id":"https:\/\/blog.panrotas.com.br\/semreserva\/fala-que-nos-te-escutamos-mas-fala-alguma-coisa\/30-08-2014\/#webpage"},"author":{"@id":"http:\/\/blog.panrotas.com.br\/semreserva\/#\/schema\/person\/c93b4555f6a497d2d83c25dcb80f61ed"},"headline":"Fala (que n\u00f3s te escutamos). Mas fala alguma coisa!!!","datePublished":"2014-08-30T20:10:09+00:00","dateModified":"2014-08-30T20:10:09+00:00","mainEntityOfPage":{"@id":"https:\/\/blog.panrotas.com.br\/semreserva\/fala-que-nos-te-escutamos-mas-fala-alguma-coisa\/30-08-2014\/#webpage"},"wordCount":818,"commentCount":0,"publisher":{"@id":"http:\/\/blog.panrotas.com.br\/semreserva\/#organization"},"articleSection":["Dia a dia"],"inLanguage":"pt-BR","potentialAction":[{"@type":"CommentAction","name":"Comment","target":["https:\/\/blog.panrotas.com.br\/semreserva\/fala-que-nos-te-escutamos-mas-fala-alguma-coisa\/30-08-2014\/#respond"]}]},{"@type":"Person","@id":"http:\/\/blog.panrotas.com.br\/semreserva\/#\/schema\/person\/c93b4555f6a497d2d83c25dcb80f61ed","name":"Artur Andrade","image":{"@type":"ImageObject","@id":"http:\/\/blog.panrotas.com.br\/semreserva\/#personlogo","inLanguage":"pt-BR","url":"https:\/\/secure.gravatar.com\/avatar\/a94564d630220cefd5c82f3452ac1ef4?s=96&d=mm&r=g","contentUrl":"https:\/\/secure.gravatar.com\/avatar\/a94564d630220cefd5c82f3452ac1ef4?s=96&d=mm&r=g","caption":"Artur Andrade"},"description":"Artur Luiz Andrade \u00e9 carioca, taurino, jornalista e nasceu em 1969. \u00c9 editor-chefe da PANROTAS Editora e mora em S\u00e3o Paulo desde 1998","sameAs":["http:\/\/www.panrotas.com.br"]}]}},"jetpack_featured_media_url":"","jetpack_shortlink":"https:\/\/wp.me\/p7idIU-13S","_links":{"self":[{"href":"https:\/\/blog.panrotas.com.br\/semreserva\/wp-json\/wp\/v2\/posts\/4084"}],"collection":[{"href":"https:\/\/blog.panrotas.com.br\/semreserva\/wp-json\/wp\/v2\/posts"}],"about":[{"href":"https:\/\/blog.panrotas.com.br\/semreserva\/wp-json\/wp\/v2\/types\/post"}],"author":[{"embeddable":true,"href":"https:\/\/blog.panrotas.com.br\/semreserva\/wp-json\/wp\/v2\/users\/7"}],"replies":[{"embeddable":true,"href":"https:\/\/blog.panrotas.com.br\/semreserva\/wp-json\/wp\/v2\/comments?post=4084"}],"version-history":[{"count":0,"href":"https:\/\/blog.panrotas.com.br\/semreserva\/wp-json\/wp\/v2\/posts\/4084\/revisions"}],"wp:attachment":[{"href":"https:\/\/blog.panrotas.com.br\/semreserva\/wp-json\/wp\/v2\/media?parent=4084"}],"wp:term":[{"taxonomy":"category","embeddable":true,"href":"https:\/\/blog.panrotas.com.br\/semreserva\/wp-json\/wp\/v2\/categories?post=4084"},{"taxonomy":"post_tag","embeddable":true,"href":"https:\/\/blog.panrotas.com.br\/semreserva\/wp-json\/wp\/v2\/tags?post=4084"}],"curies":[{"name":"wp","href":"https:\/\/api.w.org\/{rel}","templated":true}]}}