{"id":4093,"date":"2014-09-15T20:08:58","date_gmt":"2014-09-15T23:08:58","guid":{"rendered":"http:\/\/blog.panrotas.com.br\/semreserva\/?p=4093"},"modified":"2014-09-15T20:08:58","modified_gmt":"2014-09-15T23:08:58","slug":"a-nova-empresa-da-trend","status":"publish","type":"post","link":"https:\/\/blog.panrotas.com.br\/semreserva\/a-nova-empresa-da-trend\/15-09-2014\/","title":{"rendered":"A nova empresa da Trend"},"content":{"rendered":"<p>Analisando os quatro anos em que est\u00e1 no comando da Trend, ouvindo seus clientes, agentes de viagens, pesquisando no Brasil e no Exterior, vendo a evolu\u00e7\u00e3o de diversos cen\u00e1rios da ind\u00fastria do turismo&#8230; Lu\u00eds Paulo Luppa (no fundo ainda um vendedor pitbull) teve uma ideia.<\/p>\n<p>&nbsp;<\/p>\n<p>Uma ideia que gerou uma nova empresa para o agora Grupo Trend.<\/p>\n<p>&nbsp;<\/p>\n<p>Os detalhes eu descobri em duas horas e meia de conversa com ele na tarde desta segunda-feira. Tudo ser\u00e1 revelado amanh\u00e3 \u00e0 noite, em um evento em S\u00e3o Paulo.<\/p>\n<p>&nbsp;<\/p>\n<p>Duas horas e meia com Luppa parece muito tempo, mas s\u00e3o muitas hist\u00f3rias. Por exemplo, ele se atrasou porque estava com o ministro Vinicius Lages, de quem \u00e9 f\u00e3 n\u00famero 1. Se Lages fosse candidato, Luppa j\u00e1 iria fazer boca de urna&#8230;<\/p>\n<p>&nbsp;<\/p>\n<p>Bom palestrante que \u00e9 (foram mil em sua carreira), sabe manipular a plateia, trazendo-a para seu lado. Ent\u00e3o ouvi com aten\u00e7\u00e3o, tirei minhas d\u00favidas, debatemos, contamos causos e quando vi eram quase seis da noite&#8230;<\/p>\n<p>&nbsp;<\/p>\n<p>Vem a\u00ed mais uma ferramenta para que os agentes de viagens consigam oferecer op\u00e7\u00f5es completas de viagens a seus clientes. Mais que isso um passo ousado e diferenciado da Trend.<\/p>\n<p>&nbsp;<\/p>\n<p>Falamos de concorr\u00eancia, aquisi\u00e7\u00f5es (e ele disse que pelo menos uma sai este ano), gest\u00e3o, gest\u00e3o de pessoas, nacional e internacional, corporativo e lazer, passado e futuro, relacionamentos e profissionalismo, consolidadoras e empresas a\u00e9reas, quantidade e qualidade.<\/p>\n<p>&nbsp;<\/p>\n<p>O presidente de uma empresa que este ano deve chegar a 5,5 milh\u00f5es de di\u00e1rias vendidas (1,6 milh\u00e3o delas no internacional), que j\u00e1 lidera a venda de aluguel de carros e ingressos para parques de Orlando em alguns fornecedores, n\u00e3o d\u00e1 passos quaisquer, portanto, olhos abertos para a nova Trend. Nova que vem sendo desenhada h\u00e1 quatro anos, com erros e acertos, sempre em crescimento. Gostem ou n\u00e3o, os n\u00fameros falam por si e ele garante que seu EBITDAR \u00e9 dos mais saud\u00e1veis da ind\u00fastria.<\/p>\n<p>&nbsp;<\/p>\n<p>A seguir, ent\u00e3o, muitas cenas e muitos cap\u00edtulos. Come\u00e7ando nesta ter\u00e7a-feira com o lan\u00e7amento do Grupo Trend e da \u201cnova empresa\u201d. Concorrer com a Trend n\u00e3o \u00e9 imposs\u00edvel (est\u00e3o a\u00ed as OTAs, a venda direta, outras operadoras e brokers), mas est\u00e1 ficando cada vez mais dif\u00edcil. E esse tamb\u00e9m \u00e9 o papel da Trend. Concordam? Discordam? Amanh\u00e3 saberemos&#8230;<\/p>\n<p>&nbsp;<\/p>\n","protected":false},"excerpt":{"rendered":"<p>Analisando os quatro anos em que est\u00e1 no comando da Trend, ouvindo seus clientes, agentes de viagens, pesquisando no Brasil e no Exterior, vendo a evolu\u00e7\u00e3o de diversos cen\u00e1rios da ind\u00fastria do turismo&#8230; Lu\u00eds Paulo Luppa (no fundo ainda um vendedor pitbull) teve uma ideia. &nbsp; Uma ideia que gerou uma nova empresa para o [&hellip;]<\/p>\n","protected":false},"author":7,"featured_media":0,"comment_status":"open","ping_status":"open","sticky":false,"template":"","format":"standard","meta":{"spay_email":""},"categories":[2],"tags":[],"yoast_head":"<!-- This site is optimized with the Yoast SEO plugin v17.3 - https:\/\/yoast.com\/wordpress\/plugins\/seo\/ -->\n<title>A nova empresa da Trend -<\/title>\n<meta name=\"description\" content=\"A nova empresa da Trend. Confira essa Mat\u00e9ria no Canal Sem reserva. \u27a4 Projeto em parceria com a PANROTAS.\" \/>\n<meta name=\"robots\" content=\"index, follow, max-snippet:-1, max-image-preview:large, max-video-preview:-1\" \/>\n<link rel=\"canonical\" href=\"https:\/\/blog.panrotas.com.br\/semreserva\/a-nova-empresa-da-trend\/15-09-2014\/\" \/>\n<meta property=\"og:locale\" content=\"pt_BR\" \/>\n<meta property=\"og:type\" content=\"article\" \/>\n<meta property=\"og:title\" content=\"A nova empresa da Trend -\" \/>\n<meta property=\"og:description\" content=\"A nova empresa da Trend. Confira essa Mat\u00e9ria no Canal Sem reserva. \u27a4 Projeto em parceria com a PANROTAS.\" \/>\n<meta property=\"og:url\" content=\"https:\/\/blog.panrotas.com.br\/semreserva\/a-nova-empresa-da-trend\/15-09-2014\/\" \/>\n<meta property=\"og:site_name\" content=\"Sem reserva\" \/>\n<meta property=\"article:publisher\" content=\"https:\/\/www.facebook.com\/portalpanrotas\/\" \/>\n<meta property=\"article:published_time\" content=\"2014-09-15T23:08:58+00:00\" \/>\n<meta name=\"twitter:card\" content=\"summary_large_image\" \/>\n<meta name=\"twitter:creator\" content=\"@portalpanrotas\" \/>\n<meta name=\"twitter:site\" content=\"@portalpanrotas\" \/>\n<meta name=\"twitter:label1\" content=\"Escrito por\" \/>\n\t<meta name=\"twitter:data1\" content=\"Artur Andrade\" \/>\n\t<meta name=\"twitter:label2\" content=\"Est. tempo de leitura\" \/>\n\t<meta name=\"twitter:data2\" content=\"2 minutos\" \/>\n<script type=\"application\/ld+json\" class=\"yoast-schema-graph\">{\"@context\":\"https:\/\/schema.org\",\"@graph\":[{\"@type\":\"Organization\",\"@id\":\"http:\/\/blog.panrotas.com.br\/semreserva\/#organization\",\"name\":\"Sem Reserva - Blog no Portal PANROTAS\",\"url\":\"http:\/\/blog.panrotas.com.br\/semreserva\/\",\"sameAs\":[\"https:\/\/www.facebook.com\/portalpanrotas\/\",\"https:\/\/www.instagram.com\/portalpanrotas\/\",\"https:\/\/br.linkedin.com\/company\/panrotas\",\"https:\/\/www.youtube.com\/tvpanrotas\",\"https:\/\/twitter.com\/portalpanrotas\"],\"logo\":{\"@type\":\"ImageObject\",\"@id\":\"http:\/\/blog.panrotas.com.br\/semreserva\/#logo\",\"inLanguage\":\"pt-BR\",\"url\":\"https:\/\/blog.panrotas.com.br\/semreserva\/wp-content\/uploads\/sites\/5\/2020\/06\/logo.png\",\"contentUrl\":\"https:\/\/blog.panrotas.com.br\/semreserva\/wp-content\/uploads\/sites\/5\/2020\/06\/logo.png\",\"width\":259,\"height\":53,\"caption\":\"Sem Reserva - Blog no Portal PANROTAS\"},\"image\":{\"@id\":\"http:\/\/blog.panrotas.com.br\/semreserva\/#logo\"}},{\"@type\":\"WebSite\",\"@id\":\"http:\/\/blog.panrotas.com.br\/semreserva\/#website\",\"url\":\"http:\/\/blog.panrotas.com.br\/semreserva\/\",\"name\":\"Sem reserva\",\"description\":\"Blogosfera PANROTAS\",\"publisher\":{\"@id\":\"http:\/\/blog.panrotas.com.br\/semreserva\/#organization\"},\"potentialAction\":[{\"@type\":\"SearchAction\",\"target\":{\"@type\":\"EntryPoint\",\"urlTemplate\":\"http:\/\/blog.panrotas.com.br\/semreserva\/?s={search_term_string}\"},\"query-input\":\"required name=search_term_string\"}],\"inLanguage\":\"pt-BR\"},{\"@type\":\"WebPage\",\"@id\":\"https:\/\/blog.panrotas.com.br\/semreserva\/a-nova-empresa-da-trend\/15-09-2014\/#webpage\",\"url\":\"https:\/\/blog.panrotas.com.br\/semreserva\/a-nova-empresa-da-trend\/15-09-2014\/\",\"name\":\"A nova empresa da Trend -\",\"isPartOf\":{\"@id\":\"http:\/\/blog.panrotas.com.br\/semreserva\/#website\"},\"datePublished\":\"2014-09-15T23:08:58+00:00\",\"dateModified\":\"2014-09-15T23:08:58+00:00\",\"description\":\"A nova empresa da Trend. Confira essa Mat\\u00e9ria no Canal Sem reserva. \\u27a4 Projeto em parceria com a PANROTAS.\",\"breadcrumb\":{\"@id\":\"https:\/\/blog.panrotas.com.br\/semreserva\/a-nova-empresa-da-trend\/15-09-2014\/#breadcrumb\"},\"inLanguage\":\"pt-BR\",\"potentialAction\":[{\"@type\":\"ReadAction\",\"target\":[\"https:\/\/blog.panrotas.com.br\/semreserva\/a-nova-empresa-da-trend\/15-09-2014\/\"]}]},{\"@type\":\"BreadcrumbList\",\"@id\":\"https:\/\/blog.panrotas.com.br\/semreserva\/a-nova-empresa-da-trend\/15-09-2014\/#breadcrumb\",\"itemListElement\":[{\"@type\":\"ListItem\",\"position\":1,\"name\":\"Home do Blog\",\"item\":\"http:\/\/blog.panrotas.com.br\/semreserva\/\"},{\"@type\":\"ListItem\",\"position\":2,\"name\":\"Dia a dia\",\"item\":\"https:\/\/blog.panrotas.com.br\/semreserva\/category\/dia-a-dia\/\"},{\"@type\":\"ListItem\",\"position\":3,\"name\":\"A nova empresa da Trend\"}]},{\"@type\":\"Article\",\"@id\":\"https:\/\/blog.panrotas.com.br\/semreserva\/a-nova-empresa-da-trend\/15-09-2014\/#article\",\"isPartOf\":{\"@id\":\"https:\/\/blog.panrotas.com.br\/semreserva\/a-nova-empresa-da-trend\/15-09-2014\/#webpage\"},\"author\":{\"@id\":\"http:\/\/blog.panrotas.com.br\/semreserva\/#\/schema\/person\/c93b4555f6a497d2d83c25dcb80f61ed\"},\"headline\":\"A nova empresa da Trend\",\"datePublished\":\"2014-09-15T23:08:58+00:00\",\"dateModified\":\"2014-09-15T23:08:58+00:00\",\"mainEntityOfPage\":{\"@id\":\"https:\/\/blog.panrotas.com.br\/semreserva\/a-nova-empresa-da-trend\/15-09-2014\/#webpage\"},\"wordCount\":413,\"commentCount\":0,\"publisher\":{\"@id\":\"http:\/\/blog.panrotas.com.br\/semreserva\/#organization\"},\"articleSection\":[\"Dia a dia\"],\"inLanguage\":\"pt-BR\",\"potentialAction\":[{\"@type\":\"CommentAction\",\"name\":\"Comment\",\"target\":[\"https:\/\/blog.panrotas.com.br\/semreserva\/a-nova-empresa-da-trend\/15-09-2014\/#respond\"]}]},{\"@type\":\"Person\",\"@id\":\"http:\/\/blog.panrotas.com.br\/semreserva\/#\/schema\/person\/c93b4555f6a497d2d83c25dcb80f61ed\",\"name\":\"Artur Andrade\",\"image\":{\"@type\":\"ImageObject\",\"@id\":\"http:\/\/blog.panrotas.com.br\/semreserva\/#personlogo\",\"inLanguage\":\"pt-BR\",\"url\":\"https:\/\/secure.gravatar.com\/avatar\/a94564d630220cefd5c82f3452ac1ef4?s=96&d=mm&r=g\",\"contentUrl\":\"https:\/\/secure.gravatar.com\/avatar\/a94564d630220cefd5c82f3452ac1ef4?s=96&d=mm&r=g\",\"caption\":\"Artur Andrade\"},\"description\":\"Artur Luiz Andrade \\u00e9 carioca, taurino, jornalista e nasceu em 1969. \\u00c9 editor-chefe da PANROTAS Editora e mora em S\\u00e3o Paulo desde 1998\",\"sameAs\":[\"http:\/\/www.panrotas.com.br\"]}]}<\/script>\n<!-- \/ Yoast SEO plugin. -->","yoast_head_json":{"title":"A nova empresa da Trend -","description":"A nova empresa da Trend. Confira essa Mat\u00e9ria no Canal Sem reserva. \u27a4 Projeto em parceria com a PANROTAS.","robots":{"index":"index","follow":"follow","max-snippet":"max-snippet:-1","max-image-preview":"max-image-preview:large","max-video-preview":"max-video-preview:-1"},"canonical":"https:\/\/blog.panrotas.com.br\/semreserva\/a-nova-empresa-da-trend\/15-09-2014\/","og_locale":"pt_BR","og_type":"article","og_title":"A nova empresa da Trend -","og_description":"A nova empresa da Trend. Confira essa Mat\u00e9ria no Canal Sem reserva. \u27a4 Projeto em parceria com a PANROTAS.","og_url":"https:\/\/blog.panrotas.com.br\/semreserva\/a-nova-empresa-da-trend\/15-09-2014\/","og_site_name":"Sem reserva","article_publisher":"https:\/\/www.facebook.com\/portalpanrotas\/","article_published_time":"2014-09-15T23:08:58+00:00","twitter_card":"summary_large_image","twitter_creator":"@portalpanrotas","twitter_site":"@portalpanrotas","twitter_misc":{"Escrito por":"Artur Andrade","Est. tempo de leitura":"2 minutos"},"schema":{"@context":"https:\/\/schema.org","@graph":[{"@type":"Organization","@id":"http:\/\/blog.panrotas.com.br\/semreserva\/#organization","name":"Sem Reserva - Blog no Portal PANROTAS","url":"http:\/\/blog.panrotas.com.br\/semreserva\/","sameAs":["https:\/\/www.facebook.com\/portalpanrotas\/","https:\/\/www.instagram.com\/portalpanrotas\/","https:\/\/br.linkedin.com\/company\/panrotas","https:\/\/www.youtube.com\/tvpanrotas","https:\/\/twitter.com\/portalpanrotas"],"logo":{"@type":"ImageObject","@id":"http:\/\/blog.panrotas.com.br\/semreserva\/#logo","inLanguage":"pt-BR","url":"https:\/\/blog.panrotas.com.br\/semreserva\/wp-content\/uploads\/sites\/5\/2020\/06\/logo.png","contentUrl":"https:\/\/blog.panrotas.com.br\/semreserva\/wp-content\/uploads\/sites\/5\/2020\/06\/logo.png","width":259,"height":53,"caption":"Sem Reserva - Blog no Portal PANROTAS"},"image":{"@id":"http:\/\/blog.panrotas.com.br\/semreserva\/#logo"}},{"@type":"WebSite","@id":"http:\/\/blog.panrotas.com.br\/semreserva\/#website","url":"http:\/\/blog.panrotas.com.br\/semreserva\/","name":"Sem reserva","description":"Blogosfera PANROTAS","publisher":{"@id":"http:\/\/blog.panrotas.com.br\/semreserva\/#organization"},"potentialAction":[{"@type":"SearchAction","target":{"@type":"EntryPoint","urlTemplate":"http:\/\/blog.panrotas.com.br\/semreserva\/?s={search_term_string}"},"query-input":"required name=search_term_string"}],"inLanguage":"pt-BR"},{"@type":"WebPage","@id":"https:\/\/blog.panrotas.com.br\/semreserva\/a-nova-empresa-da-trend\/15-09-2014\/#webpage","url":"https:\/\/blog.panrotas.com.br\/semreserva\/a-nova-empresa-da-trend\/15-09-2014\/","name":"A nova empresa da Trend -","isPartOf":{"@id":"http:\/\/blog.panrotas.com.br\/semreserva\/#website"},"datePublished":"2014-09-15T23:08:58+00:00","dateModified":"2014-09-15T23:08:58+00:00","description":"A nova empresa da Trend. Confira essa Mat\u00e9ria no Canal Sem reserva. \u27a4 Projeto em parceria com a PANROTAS.","breadcrumb":{"@id":"https:\/\/blog.panrotas.com.br\/semreserva\/a-nova-empresa-da-trend\/15-09-2014\/#breadcrumb"},"inLanguage":"pt-BR","potentialAction":[{"@type":"ReadAction","target":["https:\/\/blog.panrotas.com.br\/semreserva\/a-nova-empresa-da-trend\/15-09-2014\/"]}]},{"@type":"BreadcrumbList","@id":"https:\/\/blog.panrotas.com.br\/semreserva\/a-nova-empresa-da-trend\/15-09-2014\/#breadcrumb","itemListElement":[{"@type":"ListItem","position":1,"name":"Home do Blog","item":"http:\/\/blog.panrotas.com.br\/semreserva\/"},{"@type":"ListItem","position":2,"name":"Dia a dia","item":"https:\/\/blog.panrotas.com.br\/semreserva\/category\/dia-a-dia\/"},{"@type":"ListItem","position":3,"name":"A nova empresa da Trend"}]},{"@type":"Article","@id":"https:\/\/blog.panrotas.com.br\/semreserva\/a-nova-empresa-da-trend\/15-09-2014\/#article","isPartOf":{"@id":"https:\/\/blog.panrotas.com.br\/semreserva\/a-nova-empresa-da-trend\/15-09-2014\/#webpage"},"author":{"@id":"http:\/\/blog.panrotas.com.br\/semreserva\/#\/schema\/person\/c93b4555f6a497d2d83c25dcb80f61ed"},"headline":"A nova empresa da Trend","datePublished":"2014-09-15T23:08:58+00:00","dateModified":"2014-09-15T23:08:58+00:00","mainEntityOfPage":{"@id":"https:\/\/blog.panrotas.com.br\/semreserva\/a-nova-empresa-da-trend\/15-09-2014\/#webpage"},"wordCount":413,"commentCount":0,"publisher":{"@id":"http:\/\/blog.panrotas.com.br\/semreserva\/#organization"},"articleSection":["Dia a dia"],"inLanguage":"pt-BR","potentialAction":[{"@type":"CommentAction","name":"Comment","target":["https:\/\/blog.panrotas.com.br\/semreserva\/a-nova-empresa-da-trend\/15-09-2014\/#respond"]}]},{"@type":"Person","@id":"http:\/\/blog.panrotas.com.br\/semreserva\/#\/schema\/person\/c93b4555f6a497d2d83c25dcb80f61ed","name":"Artur Andrade","image":{"@type":"ImageObject","@id":"http:\/\/blog.panrotas.com.br\/semreserva\/#personlogo","inLanguage":"pt-BR","url":"https:\/\/secure.gravatar.com\/avatar\/a94564d630220cefd5c82f3452ac1ef4?s=96&d=mm&r=g","contentUrl":"https:\/\/secure.gravatar.com\/avatar\/a94564d630220cefd5c82f3452ac1ef4?s=96&d=mm&r=g","caption":"Artur Andrade"},"description":"Artur Luiz Andrade \u00e9 carioca, taurino, jornalista e nasceu em 1969. \u00c9 editor-chefe da PANROTAS Editora e mora em S\u00e3o Paulo desde 1998","sameAs":["http:\/\/www.panrotas.com.br"]}]}},"jetpack_featured_media_url":"","jetpack_shortlink":"https:\/\/wp.me\/p7idIU-141","_links":{"self":[{"href":"https:\/\/blog.panrotas.com.br\/semreserva\/wp-json\/wp\/v2\/posts\/4093"}],"collection":[{"href":"https:\/\/blog.panrotas.com.br\/semreserva\/wp-json\/wp\/v2\/posts"}],"about":[{"href":"https:\/\/blog.panrotas.com.br\/semreserva\/wp-json\/wp\/v2\/types\/post"}],"author":[{"embeddable":true,"href":"https:\/\/blog.panrotas.com.br\/semreserva\/wp-json\/wp\/v2\/users\/7"}],"replies":[{"embeddable":true,"href":"https:\/\/blog.panrotas.com.br\/semreserva\/wp-json\/wp\/v2\/comments?post=4093"}],"version-history":[{"count":0,"href":"https:\/\/blog.panrotas.com.br\/semreserva\/wp-json\/wp\/v2\/posts\/4093\/revisions"}],"wp:attachment":[{"href":"https:\/\/blog.panrotas.com.br\/semreserva\/wp-json\/wp\/v2\/media?parent=4093"}],"wp:term":[{"taxonomy":"category","embeddable":true,"href":"https:\/\/blog.panrotas.com.br\/semreserva\/wp-json\/wp\/v2\/categories?post=4093"},{"taxonomy":"post_tag","embeddable":true,"href":"https:\/\/blog.panrotas.com.br\/semreserva\/wp-json\/wp\/v2\/tags?post=4093"}],"curies":[{"name":"wp","href":"https:\/\/api.w.org\/{rel}","templated":true}]}}