{"id":4103,"date":"2014-09-27T16:30:55","date_gmt":"2014-09-27T19:30:55","guid":{"rendered":"http:\/\/blog.panrotas.com.br\/semreserva\/?p=4103"},"modified":"2014-09-27T16:30:55","modified_gmt":"2014-09-27T19:30:55","slug":"semana-furacao","status":"publish","type":"post","link":"https:\/\/blog.panrotas.com.br\/semreserva\/semana-furacao\/27-09-2014\/","title":{"rendered":"Semana furac\u00e3o"},"content":{"rendered":"<p>O fim de semana vai servir para colocarmos todos os acontecimentos da Abav 2014 (e seu entorno) em ordem, recapitular o que aconteceu (e o Portal PANROTAS e os Suplementos Di\u00e1rios que produzimos na Abav ajudam bastante nisso), fazer escolhas para o futuro, planejar o final do ano e 2015.<\/p>\n<p>Analisando a parte profissional da Feira da Abav, afirmo que o evento \u00e9 forte e que reuniu bons agentes de viagens, daqueles que adoramos destacar no Jornal PANROTAS, aqueles que provam que ele n\u00e3o morreu e est\u00e1 at\u00e9 mais forte. Mais forte individualmente. Mas n\u00e3o como coletividade.<\/p>\n<p>Acho que o modelo de feira em geral tem de mudar. Ser menos festivo e abrir mais espa\u00e7o para o b2b puro. A negocia\u00e7\u00e3o. A descoberta de novos produtos e fornecedores. Mas a feira, no modelo atual, enquanto n\u00e3o muda, foi boa sim. Aprovada. Profissional. E cada um vai ter sua ressalva.<\/p>\n<p>Por exemplo, achei o espa\u00e7o da Braztoa confuso e perdido no evento. Havia empresas com dois estandes (um na Braztoa e um fora) e isso pode ter confundido. Havia um contraste negativo do espa\u00e7o em rela\u00e7\u00e3o ao resto da feira&#8230; N\u00e3o sei dizer o que \u00e9. Com a palavra, os especialistas.<\/p>\n<p>A Abracorp e a Abeta saem fortalecidas do evento. A segunda apostando na seriedade de um nicho. A primeira levando prest\u00edgio e conte\u00fado aos debates e \u00e0 Ilha Abracorp. O fortalecimento da Abracorp nos \u00faltimos dois anos, o amadurecimento da rela\u00e7\u00e3o da entidade com Tam e Gol, as medidas para melhorar o dia a dia dos gestores e agentes corporativos&#8230; s\u00e3o mais que momentos para foto. Edmar Bull e Cia. Est\u00e3o de parab\u00e9ns. Ainda falta mais? Sempre. Mas, como no caso da Abav,s e a entidade n\u00e3o muda, os associados ou participantes do evento for\u00e7am a barra.<\/p>\n<p>A Abav mostra que sabe fazer feira mas n\u00e3o pol\u00edtica associativa. Muito estranho e inc\u00f4modo isso. Precisa ser renovada. Com todo respeito aos diretores vital\u00edcios, a Abav precisa descer para a massa.<\/p>\n<p>Ponto alto tamb\u00e9m para o ministro do Turismo, Vin\u00edcius Lages, super presente e bem intencionado. Tomara que dependesse dele ter mais recursos e medidas concretas pelo turismo. Mas o or\u00e7amento da Uni\u00e3o a gente conhece&#8230; Sou cada vez mais f\u00e3 mesmo de Luciana Fernandes, que em poucos meses deu uma sacudida no MTur. Vale ouro&#8230; Se eu fosse a Abav contratava. Al\u00e9m de criatividade e simpatia iria chacoalhar a entidade.<\/p>\n<p>Ponto tamb\u00e9m para as operadoras e consolidadoras. Enquanto poucas empresas a\u00e9reas d\u00e3o bola para a Abav, as consolidadoras ajudaram a levar agentes de viagens e as operadoras, aliadas aos destinos, criam produtos e mais produtos. N\u00e3o gostei de ver estandes de destinos com m\u00fasica e apresenta\u00e7\u00f5es de dan\u00e7a. Isso deveria ser apenas em eventos para convidados, jantares, conven\u00e7\u00f5es&#8230; Em uma feira, h\u00e1 quem queira sentar e negociar. A bebida alco\u00f3lica, parte da cultura nacional, foi apreciada com modera\u00e7\u00e3o. Mas h\u00e1 quem seja contra&#8230;<\/p>\n<p>Entre as \u00e9reas, gostei do investimento da Gol com a Abracorp (e apoio da Boeing); da aproxima\u00e7\u00e3o da Lufthansa com o trade; das a\u00e7\u00f5es da Etihad com a PANROTAS e da American estar divulgando seus voos para Campinas. Achei t\u00edmido o antes chamado Pavilh\u00e3o Americano. Pernambuco mais uma vez brilhou, assim como a Bahia na plasticidade do estande.<\/p>\n<p>A \u00e1rea de alimenta\u00e7\u00e3o estava boa, com diversas op\u00e7\u00f5es e poucas filas. O estacionamento do Anhembi continua caro e prec\u00e1rio. E no dia do show de Miley Cirus cobrava R$ 70 (ser\u00e1 que algum desavisado da Abav pagou?). Ali\u00e1s o centro de conven\u00e7\u00f5es continua com climatiza\u00e7\u00e3o natural: se est\u00e1 quente l\u00e1 fora, est\u00e1 mais quente dentro e vice e versa. Ao menos foram poucas as goteiras na hora da chuva.<\/p>\n<p>No mais, muitas not\u00edcias importantes, que valem ser recapituladas com uma busca no novo Portal PANROTAS. Mudamos, ali\u00e1s, para que mais not\u00edcias relevantes tivessem destaque, para facilitar seu uso. Mandem suas cr\u00edticas e elogios. E gostaria de destacar ainda a edi\u00e7\u00e3o do Jornal PANROTAS, com especialistas em oito segmentos, e ainda v\u00e1rias reportagens sobre a \u201cbriga pelo agente de viagens\u201d. Muitos querem esse profissional por perto. Aten\u00e7\u00e3o, Abav&#8230; Esse patrim\u00f4nio ainda est\u00e1 sob seu alcance.<\/p>\n<p>Em tempo: um agradecimento a todo o time PANROTAS, que mais uma vez brilhou na Abav (e l\u00e1 se v\u00e3o 38 anos&#8230;), e a todos que nos prestigiaram aqui no portal, nas publica\u00e7\u00f5es e ao vivo (at\u00e9 os que apertaram minha bochecha do lado errado \u2013 estava com 15 pontinhos b\u00e1sicos na boca rs). Carinho nunca \u00e9 demais. Obrigado mesmo.<\/p>\n<p><a href=\"http:\/\/blog.panrotas.com.br\/semreserva\/wp-content\/uploads\/2014\/09\/IMG4724.jpg\"><img loading=\"lazy\" class=\"alignnone size-full wp-image-4105\" alt=\"IMG4724\" src=\"http:\/\/blog.panrotas.com.br\/semreserva\/wp-content\/uploads\/2014\/09\/IMG4724.jpg\" width=\"400\" height=\"400\" srcset=\"https:\/\/blog.panrotas.com.br\/semreserva\/wp-content\/uploads\/sites\/5\/2014\/09\/IMG4724.jpg 400w, https:\/\/blog.panrotas.com.br\/semreserva\/wp-content\/uploads\/sites\/5\/2014\/09\/IMG4724-300x300.jpg 300w, https:\/\/blog.panrotas.com.br\/semreserva\/wp-content\/uploads\/sites\/5\/2014\/09\/IMG4724-150x150.jpg 150w\" sizes=\"(max-width: 400px) 100vw, 400px\" \/><\/a><a href=\"http:\/\/blog.panrotas.com.br\/semreserva\/wp-content\/uploads\/2014\/09\/IMG4736.jpg\"><img loading=\"lazy\" class=\"alignnone size-full wp-image-4109\" alt=\"IMG4736\" src=\"http:\/\/blog.panrotas.com.br\/semreserva\/wp-content\/uploads\/2014\/09\/IMG4736.jpg\" width=\"400\" height=\"400\" srcset=\"https:\/\/blog.panrotas.com.br\/semreserva\/wp-content\/uploads\/sites\/5\/2014\/09\/IMG4736.jpg 400w, https:\/\/blog.panrotas.com.br\/semreserva\/wp-content\/uploads\/sites\/5\/2014\/09\/IMG4736-300x300.jpg 300w, https:\/\/blog.panrotas.com.br\/semreserva\/wp-content\/uploads\/sites\/5\/2014\/09\/IMG4736-150x150.jpg 150w\" sizes=\"(max-width: 400px) 100vw, 400px\" \/><\/a><a href=\"http:\/\/blog.panrotas.com.br\/semreserva\/wp-content\/uploads\/2014\/09\/IMG4732.jpg\"><img loading=\"lazy\" class=\"alignnone size-full wp-image-4108\" alt=\"IMG4732\" src=\"http:\/\/blog.panrotas.com.br\/semreserva\/wp-content\/uploads\/2014\/09\/IMG4732.jpg\" width=\"400\" height=\"400\" srcset=\"https:\/\/blog.panrotas.com.br\/semreserva\/wp-content\/uploads\/sites\/5\/2014\/09\/IMG4732.jpg 400w, https:\/\/blog.panrotas.com.br\/semreserva\/wp-content\/uploads\/sites\/5\/2014\/09\/IMG4732-300x300.jpg 300w, https:\/\/blog.panrotas.com.br\/semreserva\/wp-content\/uploads\/sites\/5\/2014\/09\/IMG4732-150x150.jpg 150w\" sizes=\"(max-width: 400px) 100vw, 400px\" \/><\/a><a href=\"http:\/\/blog.panrotas.com.br\/semreserva\/wp-content\/uploads\/2014\/09\/IMG4725.jpg\"><img loading=\"lazy\" class=\"alignnone size-full wp-image-4106\" alt=\"IMG4725\" src=\"http:\/\/blog.panrotas.com.br\/semreserva\/wp-content\/uploads\/2014\/09\/IMG4725.jpg\" width=\"400\" height=\"400\" srcset=\"https:\/\/blog.panrotas.com.br\/semreserva\/wp-content\/uploads\/sites\/5\/2014\/09\/IMG4725.jpg 400w, https:\/\/blog.panrotas.com.br\/semreserva\/wp-content\/uploads\/sites\/5\/2014\/09\/IMG4725-300x300.jpg 300w, https:\/\/blog.panrotas.com.br\/semreserva\/wp-content\/uploads\/sites\/5\/2014\/09\/IMG4725-150x150.jpg 150w\" sizes=\"(max-width: 400px) 100vw, 400px\" \/><\/a><a href=\"http:\/\/blog.panrotas.com.br\/semreserva\/wp-content\/uploads\/2014\/09\/IMG4726.jpg\"><img loading=\"lazy\" class=\"alignnone size-full wp-image-4107\" alt=\"IMG4726\" src=\"http:\/\/blog.panrotas.com.br\/semreserva\/wp-content\/uploads\/2014\/09\/IMG4726.jpg\" width=\"400\" height=\"400\" srcset=\"https:\/\/blog.panrotas.com.br\/semreserva\/wp-content\/uploads\/sites\/5\/2014\/09\/IMG4726.jpg 400w, https:\/\/blog.panrotas.com.br\/semreserva\/wp-content\/uploads\/sites\/5\/2014\/09\/IMG4726-300x300.jpg 300w, https:\/\/blog.panrotas.com.br\/semreserva\/wp-content\/uploads\/sites\/5\/2014\/09\/IMG4726-150x150.jpg 150w\" sizes=\"(max-width: 400px) 100vw, 400px\" \/><\/a><\/p>\n","protected":false},"excerpt":{"rendered":"<p>O fim de semana vai servir para colocarmos todos os acontecimentos da Abav 2014 (e seu entorno) em ordem, recapitular o que aconteceu (e o Portal PANROTAS e os Suplementos Di\u00e1rios que produzimos na Abav ajudam bastante nisso), fazer escolhas para o futuro, planejar o final do ano e 2015. Analisando a parte profissional da [&hellip;]<\/p>\n","protected":false},"author":7,"featured_media":0,"comment_status":"open","ping_status":"open","sticky":false,"template":"","format":"standard","meta":{"spay_email":""},"categories":[2],"tags":[],"yoast_head":"<!-- This site is optimized with the Yoast SEO plugin v17.3 - https:\/\/yoast.com\/wordpress\/plugins\/seo\/ -->\n<title>Semana furac\u00e3o -<\/title>\n<meta name=\"description\" content=\"Semana furac\u00e3o. Confira essa Mat\u00e9ria no Canal Sem reserva. \u27a4 Projeto em parceria com a PANROTAS.\" \/>\n<meta name=\"robots\" content=\"index, follow, max-snippet:-1, max-image-preview:large, max-video-preview:-1\" \/>\n<link rel=\"canonical\" href=\"https:\/\/blog.panrotas.com.br\/semreserva\/semana-furacao\/27-09-2014\/\" \/>\n<meta property=\"og:locale\" content=\"pt_BR\" \/>\n<meta property=\"og:type\" content=\"article\" \/>\n<meta property=\"og:title\" content=\"Semana furac\u00e3o -\" \/>\n<meta property=\"og:description\" content=\"Semana furac\u00e3o. Confira essa Mat\u00e9ria no Canal Sem reserva. \u27a4 Projeto em parceria com a PANROTAS.\" \/>\n<meta property=\"og:url\" content=\"https:\/\/blog.panrotas.com.br\/semreserva\/semana-furacao\/27-09-2014\/\" \/>\n<meta property=\"og:site_name\" content=\"Sem reserva\" \/>\n<meta property=\"article:publisher\" content=\"https:\/\/www.facebook.com\/portalpanrotas\/\" \/>\n<meta property=\"article:published_time\" content=\"2014-09-27T19:30:55+00:00\" \/>\n<meta property=\"og:image\" content=\"http:\/\/blog.panrotas.com.br\/semreserva\/wp-content\/uploads\/2014\/09\/IMG4724.jpg\" \/>\n<meta name=\"twitter:card\" content=\"summary_large_image\" \/>\n<meta name=\"twitter:creator\" content=\"@portalpanrotas\" \/>\n<meta name=\"twitter:site\" content=\"@portalpanrotas\" \/>\n<meta name=\"twitter:label1\" content=\"Escrito por\" \/>\n\t<meta name=\"twitter:data1\" content=\"Artur Andrade\" \/>\n\t<meta name=\"twitter:label2\" content=\"Est. tempo de leitura\" \/>\n\t<meta name=\"twitter:data2\" content=\"4 minutos\" \/>\n<script type=\"application\/ld+json\" class=\"yoast-schema-graph\">{\"@context\":\"https:\/\/schema.org\",\"@graph\":[{\"@type\":\"Organization\",\"@id\":\"http:\/\/blog.panrotas.com.br\/semreserva\/#organization\",\"name\":\"Sem Reserva - Blog no Portal PANROTAS\",\"url\":\"http:\/\/blog.panrotas.com.br\/semreserva\/\",\"sameAs\":[\"https:\/\/www.facebook.com\/portalpanrotas\/\",\"https:\/\/www.instagram.com\/portalpanrotas\/\",\"https:\/\/br.linkedin.com\/company\/panrotas\",\"https:\/\/www.youtube.com\/tvpanrotas\",\"https:\/\/twitter.com\/portalpanrotas\"],\"logo\":{\"@type\":\"ImageObject\",\"@id\":\"http:\/\/blog.panrotas.com.br\/semreserva\/#logo\",\"inLanguage\":\"pt-BR\",\"url\":\"https:\/\/blog.panrotas.com.br\/semreserva\/wp-content\/uploads\/sites\/5\/2020\/06\/logo.png\",\"contentUrl\":\"https:\/\/blog.panrotas.com.br\/semreserva\/wp-content\/uploads\/sites\/5\/2020\/06\/logo.png\",\"width\":259,\"height\":53,\"caption\":\"Sem Reserva - Blog no Portal PANROTAS\"},\"image\":{\"@id\":\"http:\/\/blog.panrotas.com.br\/semreserva\/#logo\"}},{\"@type\":\"WebSite\",\"@id\":\"http:\/\/blog.panrotas.com.br\/semreserva\/#website\",\"url\":\"http:\/\/blog.panrotas.com.br\/semreserva\/\",\"name\":\"Sem reserva\",\"description\":\"Blogosfera PANROTAS\",\"publisher\":{\"@id\":\"http:\/\/blog.panrotas.com.br\/semreserva\/#organization\"},\"potentialAction\":[{\"@type\":\"SearchAction\",\"target\":{\"@type\":\"EntryPoint\",\"urlTemplate\":\"http:\/\/blog.panrotas.com.br\/semreserva\/?s={search_term_string}\"},\"query-input\":\"required name=search_term_string\"}],\"inLanguage\":\"pt-BR\"},{\"@type\":\"ImageObject\",\"@id\":\"https:\/\/blog.panrotas.com.br\/semreserva\/semana-furacao\/27-09-2014\/#primaryimage\",\"inLanguage\":\"pt-BR\",\"url\":\"http:\/\/blog.panrotas.com.br\/semreserva\/wp-content\/uploads\/2014\/09\/IMG4724.jpg\",\"contentUrl\":\"http:\/\/blog.panrotas.com.br\/semreserva\/wp-content\/uploads\/2014\/09\/IMG4724.jpg\"},{\"@type\":\"WebPage\",\"@id\":\"https:\/\/blog.panrotas.com.br\/semreserva\/semana-furacao\/27-09-2014\/#webpage\",\"url\":\"https:\/\/blog.panrotas.com.br\/semreserva\/semana-furacao\/27-09-2014\/\",\"name\":\"Semana furac\\u00e3o -\",\"isPartOf\":{\"@id\":\"http:\/\/blog.panrotas.com.br\/semreserva\/#website\"},\"primaryImageOfPage\":{\"@id\":\"https:\/\/blog.panrotas.com.br\/semreserva\/semana-furacao\/27-09-2014\/#primaryimage\"},\"datePublished\":\"2014-09-27T19:30:55+00:00\",\"dateModified\":\"2014-09-27T19:30:55+00:00\",\"description\":\"Semana furac\\u00e3o. Confira essa Mat\\u00e9ria no Canal Sem reserva. \\u27a4 Projeto em parceria com a PANROTAS.\",\"breadcrumb\":{\"@id\":\"https:\/\/blog.panrotas.com.br\/semreserva\/semana-furacao\/27-09-2014\/#breadcrumb\"},\"inLanguage\":\"pt-BR\",\"potentialAction\":[{\"@type\":\"ReadAction\",\"target\":[\"https:\/\/blog.panrotas.com.br\/semreserva\/semana-furacao\/27-09-2014\/\"]}]},{\"@type\":\"BreadcrumbList\",\"@id\":\"https:\/\/blog.panrotas.com.br\/semreserva\/semana-furacao\/27-09-2014\/#breadcrumb\",\"itemListElement\":[{\"@type\":\"ListItem\",\"position\":1,\"name\":\"Home do Blog\",\"item\":\"http:\/\/blog.panrotas.com.br\/semreserva\/\"},{\"@type\":\"ListItem\",\"position\":2,\"name\":\"Dia a dia\",\"item\":\"https:\/\/blog.panrotas.com.br\/semreserva\/category\/dia-a-dia\/\"},{\"@type\":\"ListItem\",\"position\":3,\"name\":\"Semana furac\\u00e3o\"}]},{\"@type\":\"Article\",\"@id\":\"https:\/\/blog.panrotas.com.br\/semreserva\/semana-furacao\/27-09-2014\/#article\",\"isPartOf\":{\"@id\":\"https:\/\/blog.panrotas.com.br\/semreserva\/semana-furacao\/27-09-2014\/#webpage\"},\"author\":{\"@id\":\"http:\/\/blog.panrotas.com.br\/semreserva\/#\/schema\/person\/c93b4555f6a497d2d83c25dcb80f61ed\"},\"headline\":\"Semana furac\\u00e3o\",\"datePublished\":\"2014-09-27T19:30:55+00:00\",\"dateModified\":\"2014-09-27T19:30:55+00:00\",\"mainEntityOfPage\":{\"@id\":\"https:\/\/blog.panrotas.com.br\/semreserva\/semana-furacao\/27-09-2014\/#webpage\"},\"wordCount\":798,\"commentCount\":0,\"publisher\":{\"@id\":\"http:\/\/blog.panrotas.com.br\/semreserva\/#organization\"},\"image\":{\"@id\":\"https:\/\/blog.panrotas.com.br\/semreserva\/semana-furacao\/27-09-2014\/#primaryimage\"},\"thumbnailUrl\":\"http:\/\/blog.panrotas.com.br\/semreserva\/wp-content\/uploads\/2014\/09\/IMG4724.jpg\",\"articleSection\":[\"Dia a dia\"],\"inLanguage\":\"pt-BR\",\"potentialAction\":[{\"@type\":\"CommentAction\",\"name\":\"Comment\",\"target\":[\"https:\/\/blog.panrotas.com.br\/semreserva\/semana-furacao\/27-09-2014\/#respond\"]}]},{\"@type\":\"Person\",\"@id\":\"http:\/\/blog.panrotas.com.br\/semreserva\/#\/schema\/person\/c93b4555f6a497d2d83c25dcb80f61ed\",\"name\":\"Artur Andrade\",\"image\":{\"@type\":\"ImageObject\",\"@id\":\"http:\/\/blog.panrotas.com.br\/semreserva\/#personlogo\",\"inLanguage\":\"pt-BR\",\"url\":\"https:\/\/secure.gravatar.com\/avatar\/a94564d630220cefd5c82f3452ac1ef4?s=96&d=mm&r=g\",\"contentUrl\":\"https:\/\/secure.gravatar.com\/avatar\/a94564d630220cefd5c82f3452ac1ef4?s=96&d=mm&r=g\",\"caption\":\"Artur Andrade\"},\"description\":\"Artur Luiz Andrade \\u00e9 carioca, taurino, jornalista e nasceu em 1969. \\u00c9 editor-chefe da PANROTAS Editora e mora em S\\u00e3o Paulo desde 1998\",\"sameAs\":[\"http:\/\/www.panrotas.com.br\"]}]}<\/script>\n<!-- \/ Yoast SEO plugin. -->","yoast_head_json":{"title":"Semana furac\u00e3o -","description":"Semana furac\u00e3o. Confira essa Mat\u00e9ria no Canal Sem reserva. \u27a4 Projeto em parceria com a PANROTAS.","robots":{"index":"index","follow":"follow","max-snippet":"max-snippet:-1","max-image-preview":"max-image-preview:large","max-video-preview":"max-video-preview:-1"},"canonical":"https:\/\/blog.panrotas.com.br\/semreserva\/semana-furacao\/27-09-2014\/","og_locale":"pt_BR","og_type":"article","og_title":"Semana furac\u00e3o -","og_description":"Semana furac\u00e3o. Confira essa Mat\u00e9ria no Canal Sem reserva. \u27a4 Projeto em parceria com a PANROTAS.","og_url":"https:\/\/blog.panrotas.com.br\/semreserva\/semana-furacao\/27-09-2014\/","og_site_name":"Sem reserva","article_publisher":"https:\/\/www.facebook.com\/portalpanrotas\/","article_published_time":"2014-09-27T19:30:55+00:00","og_image":[{"url":"http:\/\/blog.panrotas.com.br\/semreserva\/wp-content\/uploads\/2014\/09\/IMG4724.jpg"}],"twitter_card":"summary_large_image","twitter_creator":"@portalpanrotas","twitter_site":"@portalpanrotas","twitter_misc":{"Escrito por":"Artur Andrade","Est. tempo de leitura":"4 minutos"},"schema":{"@context":"https:\/\/schema.org","@graph":[{"@type":"Organization","@id":"http:\/\/blog.panrotas.com.br\/semreserva\/#organization","name":"Sem Reserva - Blog no Portal PANROTAS","url":"http:\/\/blog.panrotas.com.br\/semreserva\/","sameAs":["https:\/\/www.facebook.com\/portalpanrotas\/","https:\/\/www.instagram.com\/portalpanrotas\/","https:\/\/br.linkedin.com\/company\/panrotas","https:\/\/www.youtube.com\/tvpanrotas","https:\/\/twitter.com\/portalpanrotas"],"logo":{"@type":"ImageObject","@id":"http:\/\/blog.panrotas.com.br\/semreserva\/#logo","inLanguage":"pt-BR","url":"https:\/\/blog.panrotas.com.br\/semreserva\/wp-content\/uploads\/sites\/5\/2020\/06\/logo.png","contentUrl":"https:\/\/blog.panrotas.com.br\/semreserva\/wp-content\/uploads\/sites\/5\/2020\/06\/logo.png","width":259,"height":53,"caption":"Sem Reserva - Blog no Portal PANROTAS"},"image":{"@id":"http:\/\/blog.panrotas.com.br\/semreserva\/#logo"}},{"@type":"WebSite","@id":"http:\/\/blog.panrotas.com.br\/semreserva\/#website","url":"http:\/\/blog.panrotas.com.br\/semreserva\/","name":"Sem reserva","description":"Blogosfera PANROTAS","publisher":{"@id":"http:\/\/blog.panrotas.com.br\/semreserva\/#organization"},"potentialAction":[{"@type":"SearchAction","target":{"@type":"EntryPoint","urlTemplate":"http:\/\/blog.panrotas.com.br\/semreserva\/?s={search_term_string}"},"query-input":"required name=search_term_string"}],"inLanguage":"pt-BR"},{"@type":"ImageObject","@id":"https:\/\/blog.panrotas.com.br\/semreserva\/semana-furacao\/27-09-2014\/#primaryimage","inLanguage":"pt-BR","url":"http:\/\/blog.panrotas.com.br\/semreserva\/wp-content\/uploads\/2014\/09\/IMG4724.jpg","contentUrl":"http:\/\/blog.panrotas.com.br\/semreserva\/wp-content\/uploads\/2014\/09\/IMG4724.jpg"},{"@type":"WebPage","@id":"https:\/\/blog.panrotas.com.br\/semreserva\/semana-furacao\/27-09-2014\/#webpage","url":"https:\/\/blog.panrotas.com.br\/semreserva\/semana-furacao\/27-09-2014\/","name":"Semana furac\u00e3o -","isPartOf":{"@id":"http:\/\/blog.panrotas.com.br\/semreserva\/#website"},"primaryImageOfPage":{"@id":"https:\/\/blog.panrotas.com.br\/semreserva\/semana-furacao\/27-09-2014\/#primaryimage"},"datePublished":"2014-09-27T19:30:55+00:00","dateModified":"2014-09-27T19:30:55+00:00","description":"Semana furac\u00e3o. Confira essa Mat\u00e9ria no Canal Sem reserva. \u27a4 Projeto em parceria com a PANROTAS.","breadcrumb":{"@id":"https:\/\/blog.panrotas.com.br\/semreserva\/semana-furacao\/27-09-2014\/#breadcrumb"},"inLanguage":"pt-BR","potentialAction":[{"@type":"ReadAction","target":["https:\/\/blog.panrotas.com.br\/semreserva\/semana-furacao\/27-09-2014\/"]}]},{"@type":"BreadcrumbList","@id":"https:\/\/blog.panrotas.com.br\/semreserva\/semana-furacao\/27-09-2014\/#breadcrumb","itemListElement":[{"@type":"ListItem","position":1,"name":"Home do Blog","item":"http:\/\/blog.panrotas.com.br\/semreserva\/"},{"@type":"ListItem","position":2,"name":"Dia a dia","item":"https:\/\/blog.panrotas.com.br\/semreserva\/category\/dia-a-dia\/"},{"@type":"ListItem","position":3,"name":"Semana furac\u00e3o"}]},{"@type":"Article","@id":"https:\/\/blog.panrotas.com.br\/semreserva\/semana-furacao\/27-09-2014\/#article","isPartOf":{"@id":"https:\/\/blog.panrotas.com.br\/semreserva\/semana-furacao\/27-09-2014\/#webpage"},"author":{"@id":"http:\/\/blog.panrotas.com.br\/semreserva\/#\/schema\/person\/c93b4555f6a497d2d83c25dcb80f61ed"},"headline":"Semana furac\u00e3o","datePublished":"2014-09-27T19:30:55+00:00","dateModified":"2014-09-27T19:30:55+00:00","mainEntityOfPage":{"@id":"https:\/\/blog.panrotas.com.br\/semreserva\/semana-furacao\/27-09-2014\/#webpage"},"wordCount":798,"commentCount":0,"publisher":{"@id":"http:\/\/blog.panrotas.com.br\/semreserva\/#organization"},"image":{"@id":"https:\/\/blog.panrotas.com.br\/semreserva\/semana-furacao\/27-09-2014\/#primaryimage"},"thumbnailUrl":"http:\/\/blog.panrotas.com.br\/semreserva\/wp-content\/uploads\/2014\/09\/IMG4724.jpg","articleSection":["Dia a dia"],"inLanguage":"pt-BR","potentialAction":[{"@type":"CommentAction","name":"Comment","target":["https:\/\/blog.panrotas.com.br\/semreserva\/semana-furacao\/27-09-2014\/#respond"]}]},{"@type":"Person","@id":"http:\/\/blog.panrotas.com.br\/semreserva\/#\/schema\/person\/c93b4555f6a497d2d83c25dcb80f61ed","name":"Artur Andrade","image":{"@type":"ImageObject","@id":"http:\/\/blog.panrotas.com.br\/semreserva\/#personlogo","inLanguage":"pt-BR","url":"https:\/\/secure.gravatar.com\/avatar\/a94564d630220cefd5c82f3452ac1ef4?s=96&d=mm&r=g","contentUrl":"https:\/\/secure.gravatar.com\/avatar\/a94564d630220cefd5c82f3452ac1ef4?s=96&d=mm&r=g","caption":"Artur Andrade"},"description":"Artur Luiz Andrade \u00e9 carioca, taurino, jornalista e nasceu em 1969. \u00c9 editor-chefe da PANROTAS Editora e mora em S\u00e3o Paulo desde 1998","sameAs":["http:\/\/www.panrotas.com.br"]}]}},"jetpack_featured_media_url":"","jetpack_shortlink":"https:\/\/wp.me\/p7idIU-14b","_links":{"self":[{"href":"https:\/\/blog.panrotas.com.br\/semreserva\/wp-json\/wp\/v2\/posts\/4103"}],"collection":[{"href":"https:\/\/blog.panrotas.com.br\/semreserva\/wp-json\/wp\/v2\/posts"}],"about":[{"href":"https:\/\/blog.panrotas.com.br\/semreserva\/wp-json\/wp\/v2\/types\/post"}],"author":[{"embeddable":true,"href":"https:\/\/blog.panrotas.com.br\/semreserva\/wp-json\/wp\/v2\/users\/7"}],"replies":[{"embeddable":true,"href":"https:\/\/blog.panrotas.com.br\/semreserva\/wp-json\/wp\/v2\/comments?post=4103"}],"version-history":[{"count":0,"href":"https:\/\/blog.panrotas.com.br\/semreserva\/wp-json\/wp\/v2\/posts\/4103\/revisions"}],"wp:attachment":[{"href":"https:\/\/blog.panrotas.com.br\/semreserva\/wp-json\/wp\/v2\/media?parent=4103"}],"wp:term":[{"taxonomy":"category","embeddable":true,"href":"https:\/\/blog.panrotas.com.br\/semreserva\/wp-json\/wp\/v2\/categories?post=4103"},{"taxonomy":"post_tag","embeddable":true,"href":"https:\/\/blog.panrotas.com.br\/semreserva\/wp-json\/wp\/v2\/tags?post=4103"}],"curies":[{"name":"wp","href":"https:\/\/api.w.org\/{rel}","templated":true}]}}