{"id":4119,"date":"2014-10-08T18:53:22","date_gmt":"2014-10-08T21:53:22","guid":{"rendered":"http:\/\/blog.panrotas.com.br\/semreserva\/?p=4119"},"modified":"2014-10-08T18:53:22","modified_gmt":"2014-10-08T21:53:22","slug":"ex-amor-gostaria-que-tu-soubesses","status":"publish","type":"post","link":"https:\/\/blog.panrotas.com.br\/semreserva\/ex-amor-gostaria-que-tu-soubesses\/08-10-2014\/","title":{"rendered":"Ex-amor&#8230; gostaria que tu soubesses&#8230;"},"content":{"rendered":"<p>Que vou carregar o nome da sua empresa para sempre em meu curr\u00edculo, em minha hist\u00f3ria.<\/p>\n<p>&nbsp;<\/p>\n<p>\u00c9 assim com quem deixa uma empresa depois de um dia, um m\u00eas, uma d\u00e9cada ou toda uma vida de trabalho. Ao sair, o ex- \u00e9 agregado \u00e0 vida profissional do que decidiu sair ou \u201cfoi sa\u00eddo\u201d.<\/p>\n<p>&nbsp;<\/p>\n<p>A Heloisa Prass, nossa diretora de Marketing na PANROTAS, ex-Blue Tree e Pestana, odeia quando usamos o \u201cex\u201d em um t\u00edtulo ou mesmo na not\u00edcia.<\/p>\n<p>&nbsp;<\/p>\n<p>Tentei argumentar: jornalisticamente o \u201cex\u201d \u00e9 objetivo e direto, curto (portanto, cabe no t\u00edtulo, o que \u00e9 importante em um portal de not\u00edcias) e chama a aten\u00e7\u00e3o do leitor. Al\u00e9m disso, situa quem l\u00ea. Uma not\u00edcia de um ex-Varig pode interessar a quem trabalha com avia\u00e7\u00e3o, j\u00e1 uma nota que come\u00e7a com Ex-Localiza pode j\u00e1 fazer com que v\u00e1 para a pr\u00f3xima.<\/p>\n<p>&nbsp;<\/p>\n<p>Mas \u00e9 o \u201cex\u201d algo pejorativo? Com certeza voc\u00eas pensaram em ex-maridos e ex-mulheres&#8230; mas mesmo nesses casos h\u00e1 rela\u00e7\u00f5es saud\u00e1veis. Um ex-qualquer coisa ao menos j\u00e1 diz de onde o cidad\u00e3o veio. Ele n\u00e3o nasceu de chocadeira. Tem passado. E nesse caso o ex-Varig j\u00e1 delimita raios de atua\u00e7\u00e3o.<\/p>\n<p>&nbsp;<\/p>\n<p>Uma pesquisa mais detalhada sobre o ex em quest\u00e3o pode aumentar a imagem passada pelo t\u00edtulo: ex-Varig, mas foi ele que faliu a empresa? Ou ele \u00e9 ex-Varig e at\u00e9 tentou, mas acabou engolido pelo monstro que virou a companhia em seus \u00faltimos dias?<\/p>\n<p>&nbsp;<\/p>\n<p>Quem se incomoda mais com o uso do \u201cex\u201d? O empregador ou o empregado? Na hora de sair, alguma vaidade vai ser ferida.<\/p>\n<p>&nbsp;<\/p>\n<p>A verdade \u00e9 que h\u00e1 inc\u00f4modo quando a sa\u00edda n\u00e3o foi das melhores, de um lado ou de outro. Mas o passado n\u00e3o se apaga e n\u00f3s quase nunca sabemos da situa\u00e7\u00e3o dessas sa\u00eddas \u2013 tanto que a maioria das not\u00edcias diz \u201cFulano deixa a empresa tal&#8230;\u201d. Se ele deixou mesmo ou foi convidado a se retirar, n\u00e3o nos interessa muito. Chega a ser deselegante.<\/p>\n<p>&nbsp;<\/p>\n<p>Fato \u00e9 que, sim, podemos dizer Paulo da Silva, que trabalhou por 17 anos na Varig, foi contratado pela Gol. Mas, vamos ser honestos, al\u00e9m de \u201cEx-Varig \u00e9 contratado pela Gol\u201d ser mais objetivo e caber no espa\u00e7o reservado ao t\u00edtulo, chama muito mais aten\u00e7\u00e3o do leitor \u2013 ou seja, aumenta a audi\u00eancia, sem ferir suscetibilidades. At\u00e9 porque \u201cex\u201d n\u00e3o \u00e9 mentira e nem todos podem se dar ao luxo de n\u00e3o precisarem estar atrelados a uma empresa. Ou quando falamos \u201cGuilherme Paulus\u201d, \u201cValter Patriani\u201d, \u201cGoiaci Guimar\u00e3es\u201d, \u201cEduardo Nascimento\u201d ou \u201cWagner Canhedo\u201d precisamos colocar v\u00edrgula e explicar de onde s\u00e3o? J\u00e1 o \u201cFulano de Tal\u201d, por mais respeitado e conhecido localmente, n\u00e3o tem abrang\u00eancia nacional ou n\u00e3o \u00e9 t\u00e3o atraente em um t\u00edtulo. Entra ent\u00e3o a assinatura \u201cex-empresa\u201d. Nesse caso, o empregador tem de entender que o empregado sa\u00eddo precisa se recolocar&#8230; \u00e9 um direito seu.<\/p>\n<p>&nbsp;<\/p>\n<p>As opini\u00f5es sobre usar o termo \u201cex\u201d se dividem, eu sei. Falar de ex-amores \u00e9 sempre complicado. Ainda mais quando \u00e9 uma rela\u00e7\u00e3o de trabalho &#8211; ou seja, poder e vaidade, deveres e direitos&#8230;<\/p>\n<p>&nbsp;<\/p>\n<p>Mas atire a primeira pedra quem nunca usou a express\u00e3o. Afinal, novas e velhas empresas s\u00e3o formadas por gente nova, mas tamb\u00e9m por ex-concorrentes, ex-pioneiros, ex-s\u00f3cios, ex-desafetos&#8230; ex-amores (de outros e seus).<\/p>\n<p>&nbsp;<\/p>\n<p>E para terminar com a mesma cita\u00e7\u00e3o do t\u00edtulo (uma can\u00e7\u00e3o de Martinho da Vila):<\/p>\n<p>Sempre sonhamos<br \/>\nCom o mais eterno amor.<br \/>\nInfelizmente,<br \/>\nEu lamento, mas n\u00e3o deu&#8230;<br \/>\nNos desgastamos<br \/>\nTransformando tudo em dor,<br \/>\nMas mesmo assim<br \/>\nEu acredito que valeu.<\/p>\n","protected":false},"excerpt":{"rendered":"<p>Que vou carregar o nome da sua empresa para sempre em meu curr\u00edculo, em minha hist\u00f3ria. &nbsp; \u00c9 assim com quem deixa uma empresa depois de um dia, um m\u00eas, uma d\u00e9cada ou toda uma vida de trabalho. Ao sair, o ex- \u00e9 agregado \u00e0 vida profissional do que decidiu sair ou \u201cfoi sa\u00eddo\u201d. &nbsp; [&hellip;]<\/p>\n","protected":false},"author":7,"featured_media":0,"comment_status":"open","ping_status":"open","sticky":false,"template":"","format":"standard","meta":{"spay_email":""},"categories":[2],"tags":[],"yoast_head":"<!-- This site is optimized with the Yoast SEO plugin v17.3 - https:\/\/yoast.com\/wordpress\/plugins\/seo\/ -->\n<title>Ex-amor... gostaria que tu soubesses... -<\/title>\n<meta name=\"description\" content=\"Ex-amor... gostaria que tu soubesses.... Confira essa Mat\u00e9ria no Canal Sem reserva. \u27a4 Projeto em parceria com a PANROTAS.\" \/>\n<meta name=\"robots\" content=\"index, follow, max-snippet:-1, max-image-preview:large, max-video-preview:-1\" \/>\n<link rel=\"canonical\" href=\"https:\/\/blog.panrotas.com.br\/semreserva\/ex-amor-gostaria-que-tu-soubesses\/08-10-2014\/\" \/>\n<meta property=\"og:locale\" content=\"pt_BR\" \/>\n<meta property=\"og:type\" content=\"article\" \/>\n<meta property=\"og:title\" content=\"Ex-amor... gostaria que tu soubesses... -\" \/>\n<meta property=\"og:description\" content=\"Ex-amor... gostaria que tu soubesses.... Confira essa Mat\u00e9ria no Canal Sem reserva. \u27a4 Projeto em parceria com a PANROTAS.\" \/>\n<meta property=\"og:url\" content=\"https:\/\/blog.panrotas.com.br\/semreserva\/ex-amor-gostaria-que-tu-soubesses\/08-10-2014\/\" \/>\n<meta property=\"og:site_name\" content=\"Sem reserva\" \/>\n<meta property=\"article:publisher\" content=\"https:\/\/www.facebook.com\/portalpanrotas\/\" \/>\n<meta property=\"article:published_time\" content=\"2014-10-08T21:53:22+00:00\" \/>\n<meta name=\"twitter:card\" content=\"summary_large_image\" \/>\n<meta name=\"twitter:creator\" content=\"@portalpanrotas\" \/>\n<meta name=\"twitter:site\" content=\"@portalpanrotas\" \/>\n<meta name=\"twitter:label1\" content=\"Escrito por\" \/>\n\t<meta name=\"twitter:data1\" content=\"Artur Andrade\" \/>\n\t<meta name=\"twitter:label2\" content=\"Est. tempo de leitura\" \/>\n\t<meta name=\"twitter:data2\" content=\"3 minutos\" \/>\n<script type=\"application\/ld+json\" class=\"yoast-schema-graph\">{\"@context\":\"https:\/\/schema.org\",\"@graph\":[{\"@type\":\"Organization\",\"@id\":\"http:\/\/blog.panrotas.com.br\/semreserva\/#organization\",\"name\":\"Sem Reserva - Blog no Portal PANROTAS\",\"url\":\"http:\/\/blog.panrotas.com.br\/semreserva\/\",\"sameAs\":[\"https:\/\/www.facebook.com\/portalpanrotas\/\",\"https:\/\/www.instagram.com\/portalpanrotas\/\",\"https:\/\/br.linkedin.com\/company\/panrotas\",\"https:\/\/www.youtube.com\/tvpanrotas\",\"https:\/\/twitter.com\/portalpanrotas\"],\"logo\":{\"@type\":\"ImageObject\",\"@id\":\"http:\/\/blog.panrotas.com.br\/semreserva\/#logo\",\"inLanguage\":\"pt-BR\",\"url\":\"https:\/\/blog.panrotas.com.br\/semreserva\/wp-content\/uploads\/sites\/5\/2020\/06\/logo.png\",\"contentUrl\":\"https:\/\/blog.panrotas.com.br\/semreserva\/wp-content\/uploads\/sites\/5\/2020\/06\/logo.png\",\"width\":259,\"height\":53,\"caption\":\"Sem Reserva - Blog no Portal PANROTAS\"},\"image\":{\"@id\":\"http:\/\/blog.panrotas.com.br\/semreserva\/#logo\"}},{\"@type\":\"WebSite\",\"@id\":\"http:\/\/blog.panrotas.com.br\/semreserva\/#website\",\"url\":\"http:\/\/blog.panrotas.com.br\/semreserva\/\",\"name\":\"Sem reserva\",\"description\":\"Blogosfera PANROTAS\",\"publisher\":{\"@id\":\"http:\/\/blog.panrotas.com.br\/semreserva\/#organization\"},\"potentialAction\":[{\"@type\":\"SearchAction\",\"target\":{\"@type\":\"EntryPoint\",\"urlTemplate\":\"http:\/\/blog.panrotas.com.br\/semreserva\/?s={search_term_string}\"},\"query-input\":\"required name=search_term_string\"}],\"inLanguage\":\"pt-BR\"},{\"@type\":\"WebPage\",\"@id\":\"https:\/\/blog.panrotas.com.br\/semreserva\/ex-amor-gostaria-que-tu-soubesses\/08-10-2014\/#webpage\",\"url\":\"https:\/\/blog.panrotas.com.br\/semreserva\/ex-amor-gostaria-que-tu-soubesses\/08-10-2014\/\",\"name\":\"Ex-amor... gostaria que tu soubesses... -\",\"isPartOf\":{\"@id\":\"http:\/\/blog.panrotas.com.br\/semreserva\/#website\"},\"datePublished\":\"2014-10-08T21:53:22+00:00\",\"dateModified\":\"2014-10-08T21:53:22+00:00\",\"description\":\"Ex-amor... gostaria que tu soubesses.... Confira essa Mat\\u00e9ria no Canal Sem reserva. \\u27a4 Projeto em parceria com a PANROTAS.\",\"breadcrumb\":{\"@id\":\"https:\/\/blog.panrotas.com.br\/semreserva\/ex-amor-gostaria-que-tu-soubesses\/08-10-2014\/#breadcrumb\"},\"inLanguage\":\"pt-BR\",\"potentialAction\":[{\"@type\":\"ReadAction\",\"target\":[\"https:\/\/blog.panrotas.com.br\/semreserva\/ex-amor-gostaria-que-tu-soubesses\/08-10-2014\/\"]}]},{\"@type\":\"BreadcrumbList\",\"@id\":\"https:\/\/blog.panrotas.com.br\/semreserva\/ex-amor-gostaria-que-tu-soubesses\/08-10-2014\/#breadcrumb\",\"itemListElement\":[{\"@type\":\"ListItem\",\"position\":1,\"name\":\"Home do Blog\",\"item\":\"http:\/\/blog.panrotas.com.br\/semreserva\/\"},{\"@type\":\"ListItem\",\"position\":2,\"name\":\"Dia a dia\",\"item\":\"https:\/\/blog.panrotas.com.br\/semreserva\/category\/dia-a-dia\/\"},{\"@type\":\"ListItem\",\"position\":3,\"name\":\"Ex-amor&#8230; gostaria que tu soubesses&#8230;\"}]},{\"@type\":\"Article\",\"@id\":\"https:\/\/blog.panrotas.com.br\/semreserva\/ex-amor-gostaria-que-tu-soubesses\/08-10-2014\/#article\",\"isPartOf\":{\"@id\":\"https:\/\/blog.panrotas.com.br\/semreserva\/ex-amor-gostaria-que-tu-soubesses\/08-10-2014\/#webpage\"},\"author\":{\"@id\":\"http:\/\/blog.panrotas.com.br\/semreserva\/#\/schema\/person\/c93b4555f6a497d2d83c25dcb80f61ed\"},\"headline\":\"Ex-amor&#8230; gostaria que tu soubesses&#8230;\",\"datePublished\":\"2014-10-08T21:53:22+00:00\",\"dateModified\":\"2014-10-08T21:53:22+00:00\",\"mainEntityOfPage\":{\"@id\":\"https:\/\/blog.panrotas.com.br\/semreserva\/ex-amor-gostaria-que-tu-soubesses\/08-10-2014\/#webpage\"},\"wordCount\":632,\"commentCount\":0,\"publisher\":{\"@id\":\"http:\/\/blog.panrotas.com.br\/semreserva\/#organization\"},\"articleSection\":[\"Dia a dia\"],\"inLanguage\":\"pt-BR\",\"potentialAction\":[{\"@type\":\"CommentAction\",\"name\":\"Comment\",\"target\":[\"https:\/\/blog.panrotas.com.br\/semreserva\/ex-amor-gostaria-que-tu-soubesses\/08-10-2014\/#respond\"]}]},{\"@type\":\"Person\",\"@id\":\"http:\/\/blog.panrotas.com.br\/semreserva\/#\/schema\/person\/c93b4555f6a497d2d83c25dcb80f61ed\",\"name\":\"Artur Andrade\",\"image\":{\"@type\":\"ImageObject\",\"@id\":\"http:\/\/blog.panrotas.com.br\/semreserva\/#personlogo\",\"inLanguage\":\"pt-BR\",\"url\":\"https:\/\/secure.gravatar.com\/avatar\/a94564d630220cefd5c82f3452ac1ef4?s=96&d=mm&r=g\",\"contentUrl\":\"https:\/\/secure.gravatar.com\/avatar\/a94564d630220cefd5c82f3452ac1ef4?s=96&d=mm&r=g\",\"caption\":\"Artur Andrade\"},\"description\":\"Artur Luiz Andrade \\u00e9 carioca, taurino, jornalista e nasceu em 1969. \\u00c9 editor-chefe da PANROTAS Editora e mora em S\\u00e3o Paulo desde 1998\",\"sameAs\":[\"http:\/\/www.panrotas.com.br\"]}]}<\/script>\n<!-- \/ Yoast SEO plugin. -->","yoast_head_json":{"title":"Ex-amor... gostaria que tu soubesses... -","description":"Ex-amor... gostaria que tu soubesses.... Confira essa Mat\u00e9ria no Canal Sem reserva. \u27a4 Projeto em parceria com a PANROTAS.","robots":{"index":"index","follow":"follow","max-snippet":"max-snippet:-1","max-image-preview":"max-image-preview:large","max-video-preview":"max-video-preview:-1"},"canonical":"https:\/\/blog.panrotas.com.br\/semreserva\/ex-amor-gostaria-que-tu-soubesses\/08-10-2014\/","og_locale":"pt_BR","og_type":"article","og_title":"Ex-amor... gostaria que tu soubesses... -","og_description":"Ex-amor... gostaria que tu soubesses.... Confira essa Mat\u00e9ria no Canal Sem reserva. \u27a4 Projeto em parceria com a PANROTAS.","og_url":"https:\/\/blog.panrotas.com.br\/semreserva\/ex-amor-gostaria-que-tu-soubesses\/08-10-2014\/","og_site_name":"Sem reserva","article_publisher":"https:\/\/www.facebook.com\/portalpanrotas\/","article_published_time":"2014-10-08T21:53:22+00:00","twitter_card":"summary_large_image","twitter_creator":"@portalpanrotas","twitter_site":"@portalpanrotas","twitter_misc":{"Escrito por":"Artur Andrade","Est. tempo de leitura":"3 minutos"},"schema":{"@context":"https:\/\/schema.org","@graph":[{"@type":"Organization","@id":"http:\/\/blog.panrotas.com.br\/semreserva\/#organization","name":"Sem Reserva - Blog no Portal PANROTAS","url":"http:\/\/blog.panrotas.com.br\/semreserva\/","sameAs":["https:\/\/www.facebook.com\/portalpanrotas\/","https:\/\/www.instagram.com\/portalpanrotas\/","https:\/\/br.linkedin.com\/company\/panrotas","https:\/\/www.youtube.com\/tvpanrotas","https:\/\/twitter.com\/portalpanrotas"],"logo":{"@type":"ImageObject","@id":"http:\/\/blog.panrotas.com.br\/semreserva\/#logo","inLanguage":"pt-BR","url":"https:\/\/blog.panrotas.com.br\/semreserva\/wp-content\/uploads\/sites\/5\/2020\/06\/logo.png","contentUrl":"https:\/\/blog.panrotas.com.br\/semreserva\/wp-content\/uploads\/sites\/5\/2020\/06\/logo.png","width":259,"height":53,"caption":"Sem Reserva - Blog no Portal PANROTAS"},"image":{"@id":"http:\/\/blog.panrotas.com.br\/semreserva\/#logo"}},{"@type":"WebSite","@id":"http:\/\/blog.panrotas.com.br\/semreserva\/#website","url":"http:\/\/blog.panrotas.com.br\/semreserva\/","name":"Sem reserva","description":"Blogosfera PANROTAS","publisher":{"@id":"http:\/\/blog.panrotas.com.br\/semreserva\/#organization"},"potentialAction":[{"@type":"SearchAction","target":{"@type":"EntryPoint","urlTemplate":"http:\/\/blog.panrotas.com.br\/semreserva\/?s={search_term_string}"},"query-input":"required name=search_term_string"}],"inLanguage":"pt-BR"},{"@type":"WebPage","@id":"https:\/\/blog.panrotas.com.br\/semreserva\/ex-amor-gostaria-que-tu-soubesses\/08-10-2014\/#webpage","url":"https:\/\/blog.panrotas.com.br\/semreserva\/ex-amor-gostaria-que-tu-soubesses\/08-10-2014\/","name":"Ex-amor... gostaria que tu soubesses... -","isPartOf":{"@id":"http:\/\/blog.panrotas.com.br\/semreserva\/#website"},"datePublished":"2014-10-08T21:53:22+00:00","dateModified":"2014-10-08T21:53:22+00:00","description":"Ex-amor... gostaria que tu soubesses.... Confira essa Mat\u00e9ria no Canal Sem reserva. \u27a4 Projeto em parceria com a PANROTAS.","breadcrumb":{"@id":"https:\/\/blog.panrotas.com.br\/semreserva\/ex-amor-gostaria-que-tu-soubesses\/08-10-2014\/#breadcrumb"},"inLanguage":"pt-BR","potentialAction":[{"@type":"ReadAction","target":["https:\/\/blog.panrotas.com.br\/semreserva\/ex-amor-gostaria-que-tu-soubesses\/08-10-2014\/"]}]},{"@type":"BreadcrumbList","@id":"https:\/\/blog.panrotas.com.br\/semreserva\/ex-amor-gostaria-que-tu-soubesses\/08-10-2014\/#breadcrumb","itemListElement":[{"@type":"ListItem","position":1,"name":"Home do Blog","item":"http:\/\/blog.panrotas.com.br\/semreserva\/"},{"@type":"ListItem","position":2,"name":"Dia a dia","item":"https:\/\/blog.panrotas.com.br\/semreserva\/category\/dia-a-dia\/"},{"@type":"ListItem","position":3,"name":"Ex-amor&#8230; gostaria que tu soubesses&#8230;"}]},{"@type":"Article","@id":"https:\/\/blog.panrotas.com.br\/semreserva\/ex-amor-gostaria-que-tu-soubesses\/08-10-2014\/#article","isPartOf":{"@id":"https:\/\/blog.panrotas.com.br\/semreserva\/ex-amor-gostaria-que-tu-soubesses\/08-10-2014\/#webpage"},"author":{"@id":"http:\/\/blog.panrotas.com.br\/semreserva\/#\/schema\/person\/c93b4555f6a497d2d83c25dcb80f61ed"},"headline":"Ex-amor&#8230; gostaria que tu soubesses&#8230;","datePublished":"2014-10-08T21:53:22+00:00","dateModified":"2014-10-08T21:53:22+00:00","mainEntityOfPage":{"@id":"https:\/\/blog.panrotas.com.br\/semreserva\/ex-amor-gostaria-que-tu-soubesses\/08-10-2014\/#webpage"},"wordCount":632,"commentCount":0,"publisher":{"@id":"http:\/\/blog.panrotas.com.br\/semreserva\/#organization"},"articleSection":["Dia a dia"],"inLanguage":"pt-BR","potentialAction":[{"@type":"CommentAction","name":"Comment","target":["https:\/\/blog.panrotas.com.br\/semreserva\/ex-amor-gostaria-que-tu-soubesses\/08-10-2014\/#respond"]}]},{"@type":"Person","@id":"http:\/\/blog.panrotas.com.br\/semreserva\/#\/schema\/person\/c93b4555f6a497d2d83c25dcb80f61ed","name":"Artur Andrade","image":{"@type":"ImageObject","@id":"http:\/\/blog.panrotas.com.br\/semreserva\/#personlogo","inLanguage":"pt-BR","url":"https:\/\/secure.gravatar.com\/avatar\/a94564d630220cefd5c82f3452ac1ef4?s=96&d=mm&r=g","contentUrl":"https:\/\/secure.gravatar.com\/avatar\/a94564d630220cefd5c82f3452ac1ef4?s=96&d=mm&r=g","caption":"Artur Andrade"},"description":"Artur Luiz Andrade \u00e9 carioca, taurino, jornalista e nasceu em 1969. \u00c9 editor-chefe da PANROTAS Editora e mora em S\u00e3o Paulo desde 1998","sameAs":["http:\/\/www.panrotas.com.br"]}]}},"jetpack_featured_media_url":"","jetpack_shortlink":"https:\/\/wp.me\/p7idIU-14r","_links":{"self":[{"href":"https:\/\/blog.panrotas.com.br\/semreserva\/wp-json\/wp\/v2\/posts\/4119"}],"collection":[{"href":"https:\/\/blog.panrotas.com.br\/semreserva\/wp-json\/wp\/v2\/posts"}],"about":[{"href":"https:\/\/blog.panrotas.com.br\/semreserva\/wp-json\/wp\/v2\/types\/post"}],"author":[{"embeddable":true,"href":"https:\/\/blog.panrotas.com.br\/semreserva\/wp-json\/wp\/v2\/users\/7"}],"replies":[{"embeddable":true,"href":"https:\/\/blog.panrotas.com.br\/semreserva\/wp-json\/wp\/v2\/comments?post=4119"}],"version-history":[{"count":0,"href":"https:\/\/blog.panrotas.com.br\/semreserva\/wp-json\/wp\/v2\/posts\/4119\/revisions"}],"wp:attachment":[{"href":"https:\/\/blog.panrotas.com.br\/semreserva\/wp-json\/wp\/v2\/media?parent=4119"}],"wp:term":[{"taxonomy":"category","embeddable":true,"href":"https:\/\/blog.panrotas.com.br\/semreserva\/wp-json\/wp\/v2\/categories?post=4119"},{"taxonomy":"post_tag","embeddable":true,"href":"https:\/\/blog.panrotas.com.br\/semreserva\/wp-json\/wp\/v2\/tags?post=4119"}],"curies":[{"name":"wp","href":"https:\/\/api.w.org\/{rel}","templated":true}]}}