{"id":4139,"date":"2014-10-23T19:41:53","date_gmt":"2014-10-23T22:41:53","guid":{"rendered":"http:\/\/blog.panrotas.com.br\/semreserva\/?p=4139"},"modified":"2014-10-23T19:41:53","modified_gmt":"2014-10-23T22:41:53","slug":"ha-13-anos-soletur-decretava-falencia","status":"publish","type":"post","link":"https:\/\/blog.panrotas.com.br\/semreserva\/ha-13-anos-soletur-decretava-falencia\/23-10-2014\/","title":{"rendered":"H\u00c1 13 ANOS, SOLETUR DECRETAVA FAL\u00caNCIA"},"content":{"rendered":"<figure id=\"attachment_4140\" aria-describedby=\"caption-attachment-4140\" style=\"width: 440px\" class=\"wp-caption alignnone\"><a href=\"http:\/\/panrotas.blog.br\/semreserva\/wp-content\/uploads\/sites\/5\/2014\/10\/231014CarlosGuimaraesBlog0384.jpg\"><img loading=\"lazy\" class=\"size-full wp-image-4140\" alt=\"Eu e dr. Carlos Guimar\u00e3es, que me levou recortes de jornal, documentos, fotos... abriu um ba\u00fa de lembran\u00e7as, que estava fechado h\u00e1 alguns anos\" src=\"http:\/\/panrotas.blog.br\/semreserva\/wp-content\/uploads\/sites\/5\/2014\/10\/231014CarlosGuimaraesBlog0384.jpg\" width=\"440\" height=\"310\" srcset=\"https:\/\/blog.panrotas.com.br\/semreserva\/wp-content\/uploads\/sites\/5\/2014\/10\/231014CarlosGuimaraesBlog0384.jpg 440w, https:\/\/blog.panrotas.com.br\/semreserva\/wp-content\/uploads\/sites\/5\/2014\/10\/231014CarlosGuimaraesBlog0384-300x211.jpg 300w\" sizes=\"(max-width: 440px) 100vw, 440px\" \/><\/a><figcaption id=\"caption-attachment-4140\" class=\"wp-caption-text\">Eu e dr. Carlos Guimar\u00e3es, que me levou recortes de jornal, documentos, fotos&#8230; abriu um ba\u00fa de lembran\u00e7as, que estava fechado h\u00e1 alguns anos<\/figcaption><\/figure>\n<p>O dia 24 de outubro de 2001 deve estar na mem\u00f3ria de muitos profissionais do turismo ainda bem vivo e n\u00edtido. Neste dia, h\u00e1 13 anos, um dos \u00edcones do turismo nacional, a Soletur, pedia fal\u00eancia.<\/p>\n<p>&nbsp;<\/p>\n<p>Esta semana, estive no Rio de Janeiro para uma entrevista com o fundador da empresa e o homem que decidiu que a partir daquele dia n\u00e3o dava mais para seguir adiante. Como ele est\u00e1 13 anos depois? Como foi a hist\u00f3ria do nascimento da Soletur? Qual sua vis\u00e3o do turismo hoje? Uma entrevista motivada pela prepara\u00e7\u00e3o da edi\u00e7\u00e3o do Jornal PANROTAS em comemora\u00e7\u00e3o aos 40 anos da PANROTAS. Entre tantas personalidades que a equipe de jornalistas est\u00e1 ouvindo, achei que seria interessante voltar ao passado para recontar passagens curiosas da Soletur, ouvidas de seu fundador, hoje afastado do turismo.<\/p>\n<p>&nbsp;<\/p>\n<p>Dr. Carlos Guimar\u00e3es, como estou acostumado a cham\u00e1-lo, desde a \u00e9poca que eu o entrevistava, na sede da Soletur, em Ipanema, em um dos endere\u00e7os mais nobres da cidade, me recebeu com cordialidade mais uma vez e n\u00e3o evitou qualquer assunto. O foco, repito, ser\u00e1 o come\u00e7o da Soletur, as hist\u00f3rias de seu crescimento e a vis\u00e3o de um dos grandes empreendedores do turismo.<\/p>\n<p>&nbsp;<\/p>\n<p>Falamos sobre a fal\u00eancia? Claro. Mas n\u00e3o vai ser o tema da reportagem. At\u00e9 porque ele mesmo j\u00e1 falou muito sobre o tema h\u00e1 alguns anos.<\/p>\n<p>&nbsp;<\/p>\n<p>\u201cAinda tive d\u00favidas um ou dois anos depois. Ser\u00e1 que fiz a coisa certa? Os fatos que vieram a seguir comprovaram que sim\u201d, disse ele, na entrevista desta semana, referindo-se, claro, \u00e0 quebra da Varig. Assunto que ele exp\u00f4s claramente em carta ao ent\u00e3o presidente da Abav, Tasso Gadzanis, e publicada pela PANROTAS. Na carta, dizia, logo no come\u00e7o: \u201cposso afirmar, com base em fatos concretos, que a Soletur quebrou em raz\u00e3o de neg\u00f3cios realizados por pessoas e empresas que pretendiam tomar o seu lugar de l\u00edder de mercado no turismo brasileiro. As empresas envolvidas s\u00e3o:\u00a0<b>a Varig Travel, a Panexpress e a PNX Travel (nome fantasia da BRA Viagens e Turismo Ltda) e a BRA Transportes A\u00e9reos.<\/b>\u00a0Elas contaram com o apoio da Rotatur e de alguns dirigentes do Grupo Varig\u201d.<\/p>\n<p>&nbsp;<\/p>\n<p>Hoje encontro v\u00e1rios ex-funcion\u00e1rios da Soletur, que foi uma grande escola para centenas de profissionais, e que completaria 50 anos em 2014, e sei que os sentimentos s\u00e3o confusos. Mas relembrar uma parte da hist\u00f3ria do turismo brasileiro \u00e9 importante. Depoimentos e passagens curiosas s\u00e3o bem vindos. Aten\u00e7\u00e3o, &#8220;fam\u00edlia Soletur&#8221;, meu e-mail: artur@panrotas.com.br.<\/p>\n","protected":false},"excerpt":{"rendered":"<p>O dia 24 de outubro de 2001 deve estar na mem\u00f3ria de muitos profissionais do turismo ainda bem vivo e n\u00edtido. Neste dia, h\u00e1 13 anos, um dos \u00edcones do turismo nacional, a Soletur, pedia fal\u00eancia. &nbsp; Esta semana, estive no Rio de Janeiro para uma entrevista com o fundador da empresa e o homem [&hellip;]<\/p>\n","protected":false},"author":7,"featured_media":0,"comment_status":"open","ping_status":"open","sticky":false,"template":"","format":"standard","meta":{"spay_email":""},"categories":[2],"tags":[],"yoast_head":"<!-- This site is optimized with the Yoast SEO plugin v17.3 - https:\/\/yoast.com\/wordpress\/plugins\/seo\/ -->\n<title>H\u00c1 13 ANOS, SOLETUR DECRETAVA FAL\u00caNCIA -<\/title>\n<meta name=\"description\" content=\"H\u00c1 13 ANOS, SOLETUR DECRETAVA FAL\u00caNCIA. Confira essa Mat\u00e9ria no Canal Sem reserva. \u27a4 Projeto em parceria com a PANROTAS.\" \/>\n<meta name=\"robots\" content=\"index, follow, max-snippet:-1, max-image-preview:large, max-video-preview:-1\" \/>\n<link rel=\"canonical\" href=\"https:\/\/blog.panrotas.com.br\/semreserva\/ha-13-anos-soletur-decretava-falencia\/23-10-2014\/\" \/>\n<meta property=\"og:locale\" content=\"pt_BR\" \/>\n<meta property=\"og:type\" content=\"article\" \/>\n<meta property=\"og:title\" content=\"H\u00c1 13 ANOS, SOLETUR DECRETAVA FAL\u00caNCIA -\" \/>\n<meta property=\"og:description\" content=\"H\u00c1 13 ANOS, SOLETUR DECRETAVA FAL\u00caNCIA. Confira essa Mat\u00e9ria no Canal Sem reserva. \u27a4 Projeto em parceria com a PANROTAS.\" \/>\n<meta property=\"og:url\" content=\"https:\/\/blog.panrotas.com.br\/semreserva\/ha-13-anos-soletur-decretava-falencia\/23-10-2014\/\" \/>\n<meta property=\"og:site_name\" content=\"Sem reserva\" \/>\n<meta property=\"article:publisher\" content=\"https:\/\/www.facebook.com\/portalpanrotas\/\" \/>\n<meta property=\"article:published_time\" content=\"2014-10-23T22:41:53+00:00\" \/>\n<meta property=\"og:image\" content=\"http:\/\/panrotas.blog.br\/semreserva\/wp-content\/uploads\/sites\/5\/2014\/10\/231014CarlosGuimaraesBlog0384.jpg\" \/>\n<meta name=\"twitter:card\" content=\"summary_large_image\" \/>\n<meta name=\"twitter:creator\" content=\"@portalpanrotas\" \/>\n<meta name=\"twitter:site\" content=\"@portalpanrotas\" \/>\n<meta name=\"twitter:label1\" content=\"Escrito por\" \/>\n\t<meta name=\"twitter:data1\" content=\"Artur Andrade\" \/>\n\t<meta name=\"twitter:label2\" content=\"Est. tempo de leitura\" \/>\n\t<meta name=\"twitter:data2\" content=\"2 minutos\" \/>\n<script type=\"application\/ld+json\" class=\"yoast-schema-graph\">{\"@context\":\"https:\/\/schema.org\",\"@graph\":[{\"@type\":\"Organization\",\"@id\":\"http:\/\/blog.panrotas.com.br\/semreserva\/#organization\",\"name\":\"Sem Reserva - Blog no Portal PANROTAS\",\"url\":\"http:\/\/blog.panrotas.com.br\/semreserva\/\",\"sameAs\":[\"https:\/\/www.facebook.com\/portalpanrotas\/\",\"https:\/\/www.instagram.com\/portalpanrotas\/\",\"https:\/\/br.linkedin.com\/company\/panrotas\",\"https:\/\/www.youtube.com\/tvpanrotas\",\"https:\/\/twitter.com\/portalpanrotas\"],\"logo\":{\"@type\":\"ImageObject\",\"@id\":\"http:\/\/blog.panrotas.com.br\/semreserva\/#logo\",\"inLanguage\":\"pt-BR\",\"url\":\"https:\/\/blog.panrotas.com.br\/semreserva\/wp-content\/uploads\/sites\/5\/2020\/06\/logo.png\",\"contentUrl\":\"https:\/\/blog.panrotas.com.br\/semreserva\/wp-content\/uploads\/sites\/5\/2020\/06\/logo.png\",\"width\":259,\"height\":53,\"caption\":\"Sem Reserva - Blog no Portal PANROTAS\"},\"image\":{\"@id\":\"http:\/\/blog.panrotas.com.br\/semreserva\/#logo\"}},{\"@type\":\"WebSite\",\"@id\":\"http:\/\/blog.panrotas.com.br\/semreserva\/#website\",\"url\":\"http:\/\/blog.panrotas.com.br\/semreserva\/\",\"name\":\"Sem reserva\",\"description\":\"Blogosfera PANROTAS\",\"publisher\":{\"@id\":\"http:\/\/blog.panrotas.com.br\/semreserva\/#organization\"},\"potentialAction\":[{\"@type\":\"SearchAction\",\"target\":{\"@type\":\"EntryPoint\",\"urlTemplate\":\"http:\/\/blog.panrotas.com.br\/semreserva\/?s={search_term_string}\"},\"query-input\":\"required name=search_term_string\"}],\"inLanguage\":\"pt-BR\"},{\"@type\":\"ImageObject\",\"@id\":\"https:\/\/blog.panrotas.com.br\/semreserva\/ha-13-anos-soletur-decretava-falencia\/23-10-2014\/#primaryimage\",\"inLanguage\":\"pt-BR\",\"url\":\"http:\/\/panrotas.blog.br\/semreserva\/wp-content\/uploads\/sites\/5\/2014\/10\/231014CarlosGuimaraesBlog0384.jpg\",\"contentUrl\":\"http:\/\/panrotas.blog.br\/semreserva\/wp-content\/uploads\/sites\/5\/2014\/10\/231014CarlosGuimaraesBlog0384.jpg\"},{\"@type\":\"WebPage\",\"@id\":\"https:\/\/blog.panrotas.com.br\/semreserva\/ha-13-anos-soletur-decretava-falencia\/23-10-2014\/#webpage\",\"url\":\"https:\/\/blog.panrotas.com.br\/semreserva\/ha-13-anos-soletur-decretava-falencia\/23-10-2014\/\",\"name\":\"H\\u00c1 13 ANOS, SOLETUR DECRETAVA FAL\\u00caNCIA -\",\"isPartOf\":{\"@id\":\"http:\/\/blog.panrotas.com.br\/semreserva\/#website\"},\"primaryImageOfPage\":{\"@id\":\"https:\/\/blog.panrotas.com.br\/semreserva\/ha-13-anos-soletur-decretava-falencia\/23-10-2014\/#primaryimage\"},\"datePublished\":\"2014-10-23T22:41:53+00:00\",\"dateModified\":\"2014-10-23T22:41:53+00:00\",\"description\":\"H\\u00c1 13 ANOS, SOLETUR DECRETAVA FAL\\u00caNCIA. Confira essa Mat\\u00e9ria no Canal Sem reserva. \\u27a4 Projeto em parceria com a PANROTAS.\",\"breadcrumb\":{\"@id\":\"https:\/\/blog.panrotas.com.br\/semreserva\/ha-13-anos-soletur-decretava-falencia\/23-10-2014\/#breadcrumb\"},\"inLanguage\":\"pt-BR\",\"potentialAction\":[{\"@type\":\"ReadAction\",\"target\":[\"https:\/\/blog.panrotas.com.br\/semreserva\/ha-13-anos-soletur-decretava-falencia\/23-10-2014\/\"]}]},{\"@type\":\"BreadcrumbList\",\"@id\":\"https:\/\/blog.panrotas.com.br\/semreserva\/ha-13-anos-soletur-decretava-falencia\/23-10-2014\/#breadcrumb\",\"itemListElement\":[{\"@type\":\"ListItem\",\"position\":1,\"name\":\"Home do Blog\",\"item\":\"http:\/\/blog.panrotas.com.br\/semreserva\/\"},{\"@type\":\"ListItem\",\"position\":2,\"name\":\"Dia a dia\",\"item\":\"https:\/\/blog.panrotas.com.br\/semreserva\/category\/dia-a-dia\/\"},{\"@type\":\"ListItem\",\"position\":3,\"name\":\"H\\u00c1 13 ANOS, SOLETUR DECRETAVA FAL\\u00caNCIA\"}]},{\"@type\":\"Article\",\"@id\":\"https:\/\/blog.panrotas.com.br\/semreserva\/ha-13-anos-soletur-decretava-falencia\/23-10-2014\/#article\",\"isPartOf\":{\"@id\":\"https:\/\/blog.panrotas.com.br\/semreserva\/ha-13-anos-soletur-decretava-falencia\/23-10-2014\/#webpage\"},\"author\":{\"@id\":\"http:\/\/blog.panrotas.com.br\/semreserva\/#\/schema\/person\/c93b4555f6a497d2d83c25dcb80f61ed\"},\"headline\":\"H\\u00c1 13 ANOS, SOLETUR DECRETAVA FAL\\u00caNCIA\",\"datePublished\":\"2014-10-23T22:41:53+00:00\",\"dateModified\":\"2014-10-23T22:41:53+00:00\",\"mainEntityOfPage\":{\"@id\":\"https:\/\/blog.panrotas.com.br\/semreserva\/ha-13-anos-soletur-decretava-falencia\/23-10-2014\/#webpage\"},\"wordCount\":482,\"commentCount\":0,\"publisher\":{\"@id\":\"http:\/\/blog.panrotas.com.br\/semreserva\/#organization\"},\"image\":{\"@id\":\"https:\/\/blog.panrotas.com.br\/semreserva\/ha-13-anos-soletur-decretava-falencia\/23-10-2014\/#primaryimage\"},\"thumbnailUrl\":\"http:\/\/panrotas.blog.br\/semreserva\/wp-content\/uploads\/sites\/5\/2014\/10\/231014CarlosGuimaraesBlog0384.jpg\",\"articleSection\":[\"Dia a dia\"],\"inLanguage\":\"pt-BR\",\"potentialAction\":[{\"@type\":\"CommentAction\",\"name\":\"Comment\",\"target\":[\"https:\/\/blog.panrotas.com.br\/semreserva\/ha-13-anos-soletur-decretava-falencia\/23-10-2014\/#respond\"]}]},{\"@type\":\"Person\",\"@id\":\"http:\/\/blog.panrotas.com.br\/semreserva\/#\/schema\/person\/c93b4555f6a497d2d83c25dcb80f61ed\",\"name\":\"Artur Andrade\",\"image\":{\"@type\":\"ImageObject\",\"@id\":\"http:\/\/blog.panrotas.com.br\/semreserva\/#personlogo\",\"inLanguage\":\"pt-BR\",\"url\":\"https:\/\/secure.gravatar.com\/avatar\/a94564d630220cefd5c82f3452ac1ef4?s=96&d=mm&r=g\",\"contentUrl\":\"https:\/\/secure.gravatar.com\/avatar\/a94564d630220cefd5c82f3452ac1ef4?s=96&d=mm&r=g\",\"caption\":\"Artur Andrade\"},\"description\":\"Artur Luiz Andrade \\u00e9 carioca, taurino, jornalista e nasceu em 1969. \\u00c9 editor-chefe da PANROTAS Editora e mora em S\\u00e3o Paulo desde 1998\",\"sameAs\":[\"http:\/\/www.panrotas.com.br\"]}]}<\/script>\n<!-- \/ Yoast SEO plugin. -->","yoast_head_json":{"title":"H\u00c1 13 ANOS, SOLETUR DECRETAVA FAL\u00caNCIA -","description":"H\u00c1 13 ANOS, SOLETUR DECRETAVA FAL\u00caNCIA. Confira essa Mat\u00e9ria no Canal Sem reserva. \u27a4 Projeto em parceria com a PANROTAS.","robots":{"index":"index","follow":"follow","max-snippet":"max-snippet:-1","max-image-preview":"max-image-preview:large","max-video-preview":"max-video-preview:-1"},"canonical":"https:\/\/blog.panrotas.com.br\/semreserva\/ha-13-anos-soletur-decretava-falencia\/23-10-2014\/","og_locale":"pt_BR","og_type":"article","og_title":"H\u00c1 13 ANOS, SOLETUR DECRETAVA FAL\u00caNCIA -","og_description":"H\u00c1 13 ANOS, SOLETUR DECRETAVA FAL\u00caNCIA. Confira essa Mat\u00e9ria no Canal Sem reserva. \u27a4 Projeto em parceria com a PANROTAS.","og_url":"https:\/\/blog.panrotas.com.br\/semreserva\/ha-13-anos-soletur-decretava-falencia\/23-10-2014\/","og_site_name":"Sem reserva","article_publisher":"https:\/\/www.facebook.com\/portalpanrotas\/","article_published_time":"2014-10-23T22:41:53+00:00","og_image":[{"url":"http:\/\/panrotas.blog.br\/semreserva\/wp-content\/uploads\/sites\/5\/2014\/10\/231014CarlosGuimaraesBlog0384.jpg"}],"twitter_card":"summary_large_image","twitter_creator":"@portalpanrotas","twitter_site":"@portalpanrotas","twitter_misc":{"Escrito por":"Artur Andrade","Est. tempo de leitura":"2 minutos"},"schema":{"@context":"https:\/\/schema.org","@graph":[{"@type":"Organization","@id":"http:\/\/blog.panrotas.com.br\/semreserva\/#organization","name":"Sem Reserva - Blog no Portal PANROTAS","url":"http:\/\/blog.panrotas.com.br\/semreserva\/","sameAs":["https:\/\/www.facebook.com\/portalpanrotas\/","https:\/\/www.instagram.com\/portalpanrotas\/","https:\/\/br.linkedin.com\/company\/panrotas","https:\/\/www.youtube.com\/tvpanrotas","https:\/\/twitter.com\/portalpanrotas"],"logo":{"@type":"ImageObject","@id":"http:\/\/blog.panrotas.com.br\/semreserva\/#logo","inLanguage":"pt-BR","url":"https:\/\/blog.panrotas.com.br\/semreserva\/wp-content\/uploads\/sites\/5\/2020\/06\/logo.png","contentUrl":"https:\/\/blog.panrotas.com.br\/semreserva\/wp-content\/uploads\/sites\/5\/2020\/06\/logo.png","width":259,"height":53,"caption":"Sem Reserva - Blog no Portal PANROTAS"},"image":{"@id":"http:\/\/blog.panrotas.com.br\/semreserva\/#logo"}},{"@type":"WebSite","@id":"http:\/\/blog.panrotas.com.br\/semreserva\/#website","url":"http:\/\/blog.panrotas.com.br\/semreserva\/","name":"Sem reserva","description":"Blogosfera PANROTAS","publisher":{"@id":"http:\/\/blog.panrotas.com.br\/semreserva\/#organization"},"potentialAction":[{"@type":"SearchAction","target":{"@type":"EntryPoint","urlTemplate":"http:\/\/blog.panrotas.com.br\/semreserva\/?s={search_term_string}"},"query-input":"required name=search_term_string"}],"inLanguage":"pt-BR"},{"@type":"ImageObject","@id":"https:\/\/blog.panrotas.com.br\/semreserva\/ha-13-anos-soletur-decretava-falencia\/23-10-2014\/#primaryimage","inLanguage":"pt-BR","url":"http:\/\/panrotas.blog.br\/semreserva\/wp-content\/uploads\/sites\/5\/2014\/10\/231014CarlosGuimaraesBlog0384.jpg","contentUrl":"http:\/\/panrotas.blog.br\/semreserva\/wp-content\/uploads\/sites\/5\/2014\/10\/231014CarlosGuimaraesBlog0384.jpg"},{"@type":"WebPage","@id":"https:\/\/blog.panrotas.com.br\/semreserva\/ha-13-anos-soletur-decretava-falencia\/23-10-2014\/#webpage","url":"https:\/\/blog.panrotas.com.br\/semreserva\/ha-13-anos-soletur-decretava-falencia\/23-10-2014\/","name":"H\u00c1 13 ANOS, SOLETUR DECRETAVA FAL\u00caNCIA -","isPartOf":{"@id":"http:\/\/blog.panrotas.com.br\/semreserva\/#website"},"primaryImageOfPage":{"@id":"https:\/\/blog.panrotas.com.br\/semreserva\/ha-13-anos-soletur-decretava-falencia\/23-10-2014\/#primaryimage"},"datePublished":"2014-10-23T22:41:53+00:00","dateModified":"2014-10-23T22:41:53+00:00","description":"H\u00c1 13 ANOS, SOLETUR DECRETAVA FAL\u00caNCIA. Confira essa Mat\u00e9ria no Canal Sem reserva. \u27a4 Projeto em parceria com a PANROTAS.","breadcrumb":{"@id":"https:\/\/blog.panrotas.com.br\/semreserva\/ha-13-anos-soletur-decretava-falencia\/23-10-2014\/#breadcrumb"},"inLanguage":"pt-BR","potentialAction":[{"@type":"ReadAction","target":["https:\/\/blog.panrotas.com.br\/semreserva\/ha-13-anos-soletur-decretava-falencia\/23-10-2014\/"]}]},{"@type":"BreadcrumbList","@id":"https:\/\/blog.panrotas.com.br\/semreserva\/ha-13-anos-soletur-decretava-falencia\/23-10-2014\/#breadcrumb","itemListElement":[{"@type":"ListItem","position":1,"name":"Home do Blog","item":"http:\/\/blog.panrotas.com.br\/semreserva\/"},{"@type":"ListItem","position":2,"name":"Dia a dia","item":"https:\/\/blog.panrotas.com.br\/semreserva\/category\/dia-a-dia\/"},{"@type":"ListItem","position":3,"name":"H\u00c1 13 ANOS, SOLETUR DECRETAVA FAL\u00caNCIA"}]},{"@type":"Article","@id":"https:\/\/blog.panrotas.com.br\/semreserva\/ha-13-anos-soletur-decretava-falencia\/23-10-2014\/#article","isPartOf":{"@id":"https:\/\/blog.panrotas.com.br\/semreserva\/ha-13-anos-soletur-decretava-falencia\/23-10-2014\/#webpage"},"author":{"@id":"http:\/\/blog.panrotas.com.br\/semreserva\/#\/schema\/person\/c93b4555f6a497d2d83c25dcb80f61ed"},"headline":"H\u00c1 13 ANOS, SOLETUR DECRETAVA FAL\u00caNCIA","datePublished":"2014-10-23T22:41:53+00:00","dateModified":"2014-10-23T22:41:53+00:00","mainEntityOfPage":{"@id":"https:\/\/blog.panrotas.com.br\/semreserva\/ha-13-anos-soletur-decretava-falencia\/23-10-2014\/#webpage"},"wordCount":482,"commentCount":0,"publisher":{"@id":"http:\/\/blog.panrotas.com.br\/semreserva\/#organization"},"image":{"@id":"https:\/\/blog.panrotas.com.br\/semreserva\/ha-13-anos-soletur-decretava-falencia\/23-10-2014\/#primaryimage"},"thumbnailUrl":"http:\/\/panrotas.blog.br\/semreserva\/wp-content\/uploads\/sites\/5\/2014\/10\/231014CarlosGuimaraesBlog0384.jpg","articleSection":["Dia a dia"],"inLanguage":"pt-BR","potentialAction":[{"@type":"CommentAction","name":"Comment","target":["https:\/\/blog.panrotas.com.br\/semreserva\/ha-13-anos-soletur-decretava-falencia\/23-10-2014\/#respond"]}]},{"@type":"Person","@id":"http:\/\/blog.panrotas.com.br\/semreserva\/#\/schema\/person\/c93b4555f6a497d2d83c25dcb80f61ed","name":"Artur Andrade","image":{"@type":"ImageObject","@id":"http:\/\/blog.panrotas.com.br\/semreserva\/#personlogo","inLanguage":"pt-BR","url":"https:\/\/secure.gravatar.com\/avatar\/a94564d630220cefd5c82f3452ac1ef4?s=96&d=mm&r=g","contentUrl":"https:\/\/secure.gravatar.com\/avatar\/a94564d630220cefd5c82f3452ac1ef4?s=96&d=mm&r=g","caption":"Artur Andrade"},"description":"Artur Luiz Andrade \u00e9 carioca, taurino, jornalista e nasceu em 1969. \u00c9 editor-chefe da PANROTAS Editora e mora em S\u00e3o Paulo desde 1998","sameAs":["http:\/\/www.panrotas.com.br"]}]}},"jetpack_featured_media_url":"","jetpack_shortlink":"https:\/\/wp.me\/p7idIU-14L","_links":{"self":[{"href":"https:\/\/blog.panrotas.com.br\/semreserva\/wp-json\/wp\/v2\/posts\/4139"}],"collection":[{"href":"https:\/\/blog.panrotas.com.br\/semreserva\/wp-json\/wp\/v2\/posts"}],"about":[{"href":"https:\/\/blog.panrotas.com.br\/semreserva\/wp-json\/wp\/v2\/types\/post"}],"author":[{"embeddable":true,"href":"https:\/\/blog.panrotas.com.br\/semreserva\/wp-json\/wp\/v2\/users\/7"}],"replies":[{"embeddable":true,"href":"https:\/\/blog.panrotas.com.br\/semreserva\/wp-json\/wp\/v2\/comments?post=4139"}],"version-history":[{"count":0,"href":"https:\/\/blog.panrotas.com.br\/semreserva\/wp-json\/wp\/v2\/posts\/4139\/revisions"}],"wp:attachment":[{"href":"https:\/\/blog.panrotas.com.br\/semreserva\/wp-json\/wp\/v2\/media?parent=4139"}],"wp:term":[{"taxonomy":"category","embeddable":true,"href":"https:\/\/blog.panrotas.com.br\/semreserva\/wp-json\/wp\/v2\/categories?post=4139"},{"taxonomy":"post_tag","embeddable":true,"href":"https:\/\/blog.panrotas.com.br\/semreserva\/wp-json\/wp\/v2\/tags?post=4139"}],"curies":[{"name":"wp","href":"https:\/\/api.w.org\/{rel}","templated":true}]}}