{"id":4182,"date":"2014-12-12T14:10:57","date_gmt":"2014-12-12T17:10:57","guid":{"rendered":"http:\/\/blog.panrotas.com.br\/semreserva\/?p=4182"},"modified":"2014-12-12T14:10:57","modified_gmt":"2014-12-12T17:10:57","slug":"claiton-ana-maria-e-cia","status":"publish","type":"post","link":"https:\/\/blog.panrotas.com.br\/semreserva\/claiton-ana-maria-e-cia\/12-12-2014\/","title":{"rendered":"CLAITON, ANA MARIA E CIA."},"content":{"rendered":"<p>Atire a primeira pedra quem nunca esticou uma rela\u00e7\u00e3o mesmo sabendo, l\u00e1 no fundo, que ela j\u00e1 era bem diferente da idealiza\u00e7\u00e3o que lhe prendia com todas as for\u00e7as \u00e0quela pessoa, empresa, situa\u00e7\u00e3o&#8230; \u00e0quele conforto que, mesmo com bases fragilizadas, ainda lhe fazia bem. (Se fazia mesmo, \u00e9 outra hist\u00f3ria).<\/p>\n<p>Levante o bra\u00e7o e saia batendo a porta quem nunca alegou cansa\u00e7o, medo, idade ou a necessidade de dar tempo ao tempo para bater o p\u00e9 e ficar naquele emprego j\u00e1 enferrujado e empoeirado, com aquele amor que n\u00e3o te olhava mais nos olhos, com aqueles amigos que te entregavam apenas \u00a0a parte da conta do bar que te cabia (pagar). N\u00e3o \u00e9 o tempo o senhor da raz\u00e3o? E para voc\u00ea? Foi? (Isso tamb\u00e9m \u00e9 outro papo).<\/p>\n<p>Diga n\u00e3o e assuma que est\u00e1 mentindo quem nunca rezou, ao menos uma vez, por um passe de m\u00e1gica, que mudasse tudo ou apenas refrescasse aquele ambiente quente, inc\u00f4modo e nada confort\u00e1vel. A magia pode ter aparecido, o acaso. Mas provavelmente n\u00e3o, pois&#8230;<\/p>\n<p>&#8230; o mundo muda com nossas a\u00e7\u00f5es. Mesmo pequenas. Com nossos n\u00e3os, com nossos posicionamentos, com nossa coragem. E com a alegria com que nos entregamos ao dia a dia com colegas de trabalho, colegas de cama, colegas de cora\u00e7\u00e3o, colegas de aventura, colegas tempor\u00e1rios, colegas para sempre, colegas de si mesmo. A\u00e7\u00f5es mesmo que para&#8230; ficar. Ficar bem e melhor. Ficarmos. Ficarem. Que fiquem ent\u00e3o&#8230;<\/p>\n<p>Parab\u00e9ns e boa sorte, congratula\u00e7\u00f5es e tudo de bom, muito ax\u00e9 e energia&#8230; a quem deu um passo \u00e0 frente, para o lado ou at\u00e9 para tr\u00e1s. A quem se mexe. E decide conscientemente e n\u00e3o empurrado pelas circunst\u00e2ncias. Para quem desapega com afeto, m\u00e3os tr\u00eamulas, cora\u00e7\u00e3o acelerado, mas passos firmes. Como o Claiton e a Ana Maria, duas aves raras do turismo, dois guerreiros que decidiram continuar andando. Que fizeram escolhas por mais felicidade, por mais qualidade, por mais sorrisos. N\u00e3o est\u00e3o sozinhos.<\/p>\n<p>Atire a primeira pedra quem nunca ansiou por uma praia deserta e refrescante, por um para\u00edso relaxante e de rei, por noites sob as estrelas e entre len\u00e7\u00f3is. Atire a primeira pedra quem no terceiro dia j\u00e1 n\u00e3o estar\u00e1 fazendo planos para o pr\u00f3ximo ano, voltando aos poucos para a rotina temida por tantos, mas que nunca \u00e9 rotina para os apaixonados e criativos&#8230;<\/p>\n<p>Atire-se sobre quem voc\u00ea quiser ao chegar em casa, exausto e com o corpo retesado, mas sabendo aproveitar cada momento merecido&#8230; conquistado&#8230; degustado&#8230; da maneira que voc\u00ea sempre sonhou. Que voc\u00ea sempre sonhou.<\/p>\n","protected":false},"excerpt":{"rendered":"<p>Atire a primeira pedra quem nunca esticou uma rela\u00e7\u00e3o mesmo sabendo, l\u00e1 no fundo, que ela j\u00e1 era bem diferente da idealiza\u00e7\u00e3o que lhe prendia com todas as for\u00e7as \u00e0quela pessoa, empresa, situa\u00e7\u00e3o&#8230; \u00e0quele conforto que, mesmo com bases fragilizadas, ainda lhe fazia bem. (Se fazia mesmo, \u00e9 outra hist\u00f3ria). Levante o bra\u00e7o e saia [&hellip;]<\/p>\n","protected":false},"author":7,"featured_media":0,"comment_status":"open","ping_status":"open","sticky":false,"template":"","format":"standard","meta":{"spay_email":""},"categories":[2],"tags":[],"yoast_head":"<!-- This site is optimized with the Yoast SEO plugin v17.3 - https:\/\/yoast.com\/wordpress\/plugins\/seo\/ -->\n<title>CLAITON, ANA MARIA E CIA. -<\/title>\n<meta name=\"description\" content=\"CLAITON, ANA MARIA E CIA.. Confira essa Mat\u00e9ria no Canal Sem reserva. \u27a4 Projeto em parceria com a PANROTAS.\" \/>\n<meta name=\"robots\" content=\"index, follow, max-snippet:-1, max-image-preview:large, max-video-preview:-1\" \/>\n<link rel=\"canonical\" href=\"https:\/\/blog.panrotas.com.br\/semreserva\/claiton-ana-maria-e-cia\/12-12-2014\/\" \/>\n<meta property=\"og:locale\" content=\"pt_BR\" \/>\n<meta property=\"og:type\" content=\"article\" \/>\n<meta property=\"og:title\" content=\"CLAITON, ANA MARIA E CIA. -\" \/>\n<meta property=\"og:description\" content=\"CLAITON, ANA MARIA E CIA.. Confira essa Mat\u00e9ria no Canal Sem reserva. \u27a4 Projeto em parceria com a PANROTAS.\" \/>\n<meta property=\"og:url\" content=\"https:\/\/blog.panrotas.com.br\/semreserva\/claiton-ana-maria-e-cia\/12-12-2014\/\" \/>\n<meta property=\"og:site_name\" content=\"Sem reserva\" \/>\n<meta property=\"article:publisher\" content=\"https:\/\/www.facebook.com\/portalpanrotas\/\" \/>\n<meta property=\"article:published_time\" content=\"2014-12-12T17:10:57+00:00\" \/>\n<meta name=\"twitter:card\" content=\"summary_large_image\" \/>\n<meta name=\"twitter:creator\" content=\"@portalpanrotas\" \/>\n<meta name=\"twitter:site\" content=\"@portalpanrotas\" \/>\n<meta name=\"twitter:label1\" content=\"Escrito por\" \/>\n\t<meta name=\"twitter:data1\" content=\"Artur Andrade\" \/>\n\t<meta name=\"twitter:label2\" content=\"Est. tempo de leitura\" \/>\n\t<meta name=\"twitter:data2\" content=\"2 minutos\" \/>\n<script type=\"application\/ld+json\" class=\"yoast-schema-graph\">{\"@context\":\"https:\/\/schema.org\",\"@graph\":[{\"@type\":\"Organization\",\"@id\":\"http:\/\/blog.panrotas.com.br\/semreserva\/#organization\",\"name\":\"Sem Reserva - Blog no Portal PANROTAS\",\"url\":\"http:\/\/blog.panrotas.com.br\/semreserva\/\",\"sameAs\":[\"https:\/\/www.facebook.com\/portalpanrotas\/\",\"https:\/\/www.instagram.com\/portalpanrotas\/\",\"https:\/\/br.linkedin.com\/company\/panrotas\",\"https:\/\/www.youtube.com\/tvpanrotas\",\"https:\/\/twitter.com\/portalpanrotas\"],\"logo\":{\"@type\":\"ImageObject\",\"@id\":\"http:\/\/blog.panrotas.com.br\/semreserva\/#logo\",\"inLanguage\":\"pt-BR\",\"url\":\"https:\/\/blog.panrotas.com.br\/semreserva\/wp-content\/uploads\/sites\/5\/2020\/06\/logo.png\",\"contentUrl\":\"https:\/\/blog.panrotas.com.br\/semreserva\/wp-content\/uploads\/sites\/5\/2020\/06\/logo.png\",\"width\":259,\"height\":53,\"caption\":\"Sem Reserva - Blog no Portal PANROTAS\"},\"image\":{\"@id\":\"http:\/\/blog.panrotas.com.br\/semreserva\/#logo\"}},{\"@type\":\"WebSite\",\"@id\":\"http:\/\/blog.panrotas.com.br\/semreserva\/#website\",\"url\":\"http:\/\/blog.panrotas.com.br\/semreserva\/\",\"name\":\"Sem reserva\",\"description\":\"Blogosfera PANROTAS\",\"publisher\":{\"@id\":\"http:\/\/blog.panrotas.com.br\/semreserva\/#organization\"},\"potentialAction\":[{\"@type\":\"SearchAction\",\"target\":{\"@type\":\"EntryPoint\",\"urlTemplate\":\"http:\/\/blog.panrotas.com.br\/semreserva\/?s={search_term_string}\"},\"query-input\":\"required name=search_term_string\"}],\"inLanguage\":\"pt-BR\"},{\"@type\":\"WebPage\",\"@id\":\"https:\/\/blog.panrotas.com.br\/semreserva\/claiton-ana-maria-e-cia\/12-12-2014\/#webpage\",\"url\":\"https:\/\/blog.panrotas.com.br\/semreserva\/claiton-ana-maria-e-cia\/12-12-2014\/\",\"name\":\"CLAITON, ANA MARIA E CIA. -\",\"isPartOf\":{\"@id\":\"http:\/\/blog.panrotas.com.br\/semreserva\/#website\"},\"datePublished\":\"2014-12-12T17:10:57+00:00\",\"dateModified\":\"2014-12-12T17:10:57+00:00\",\"description\":\"CLAITON, ANA MARIA E CIA.. Confira essa Mat\\u00e9ria no Canal Sem reserva. \\u27a4 Projeto em parceria com a PANROTAS.\",\"breadcrumb\":{\"@id\":\"https:\/\/blog.panrotas.com.br\/semreserva\/claiton-ana-maria-e-cia\/12-12-2014\/#breadcrumb\"},\"inLanguage\":\"pt-BR\",\"potentialAction\":[{\"@type\":\"ReadAction\",\"target\":[\"https:\/\/blog.panrotas.com.br\/semreserva\/claiton-ana-maria-e-cia\/12-12-2014\/\"]}]},{\"@type\":\"BreadcrumbList\",\"@id\":\"https:\/\/blog.panrotas.com.br\/semreserva\/claiton-ana-maria-e-cia\/12-12-2014\/#breadcrumb\",\"itemListElement\":[{\"@type\":\"ListItem\",\"position\":1,\"name\":\"Home do Blog\",\"item\":\"http:\/\/blog.panrotas.com.br\/semreserva\/\"},{\"@type\":\"ListItem\",\"position\":2,\"name\":\"Dia a dia\",\"item\":\"https:\/\/blog.panrotas.com.br\/semreserva\/category\/dia-a-dia\/\"},{\"@type\":\"ListItem\",\"position\":3,\"name\":\"CLAITON, ANA MARIA E CIA.\"}]},{\"@type\":\"Article\",\"@id\":\"https:\/\/blog.panrotas.com.br\/semreserva\/claiton-ana-maria-e-cia\/12-12-2014\/#article\",\"isPartOf\":{\"@id\":\"https:\/\/blog.panrotas.com.br\/semreserva\/claiton-ana-maria-e-cia\/12-12-2014\/#webpage\"},\"author\":{\"@id\":\"http:\/\/blog.panrotas.com.br\/semreserva\/#\/schema\/person\/c93b4555f6a497d2d83c25dcb80f61ed\"},\"headline\":\"CLAITON, ANA MARIA E CIA.\",\"datePublished\":\"2014-12-12T17:10:57+00:00\",\"dateModified\":\"2014-12-12T17:10:57+00:00\",\"mainEntityOfPage\":{\"@id\":\"https:\/\/blog.panrotas.com.br\/semreserva\/claiton-ana-maria-e-cia\/12-12-2014\/#webpage\"},\"wordCount\":453,\"commentCount\":0,\"publisher\":{\"@id\":\"http:\/\/blog.panrotas.com.br\/semreserva\/#organization\"},\"articleSection\":[\"Dia a dia\"],\"inLanguage\":\"pt-BR\",\"potentialAction\":[{\"@type\":\"CommentAction\",\"name\":\"Comment\",\"target\":[\"https:\/\/blog.panrotas.com.br\/semreserva\/claiton-ana-maria-e-cia\/12-12-2014\/#respond\"]}]},{\"@type\":\"Person\",\"@id\":\"http:\/\/blog.panrotas.com.br\/semreserva\/#\/schema\/person\/c93b4555f6a497d2d83c25dcb80f61ed\",\"name\":\"Artur Andrade\",\"image\":{\"@type\":\"ImageObject\",\"@id\":\"http:\/\/blog.panrotas.com.br\/semreserva\/#personlogo\",\"inLanguage\":\"pt-BR\",\"url\":\"https:\/\/secure.gravatar.com\/avatar\/a94564d630220cefd5c82f3452ac1ef4?s=96&d=mm&r=g\",\"contentUrl\":\"https:\/\/secure.gravatar.com\/avatar\/a94564d630220cefd5c82f3452ac1ef4?s=96&d=mm&r=g\",\"caption\":\"Artur Andrade\"},\"description\":\"Artur Luiz Andrade \\u00e9 carioca, taurino, jornalista e nasceu em 1969. \\u00c9 editor-chefe da PANROTAS Editora e mora em S\\u00e3o Paulo desde 1998\",\"sameAs\":[\"http:\/\/www.panrotas.com.br\"]}]}<\/script>\n<!-- \/ Yoast SEO plugin. -->","yoast_head_json":{"title":"CLAITON, ANA MARIA E CIA. -","description":"CLAITON, ANA MARIA E CIA.. Confira essa Mat\u00e9ria no Canal Sem reserva. \u27a4 Projeto em parceria com a PANROTAS.","robots":{"index":"index","follow":"follow","max-snippet":"max-snippet:-1","max-image-preview":"max-image-preview:large","max-video-preview":"max-video-preview:-1"},"canonical":"https:\/\/blog.panrotas.com.br\/semreserva\/claiton-ana-maria-e-cia\/12-12-2014\/","og_locale":"pt_BR","og_type":"article","og_title":"CLAITON, ANA MARIA E CIA. -","og_description":"CLAITON, ANA MARIA E CIA.. Confira essa Mat\u00e9ria no Canal Sem reserva. \u27a4 Projeto em parceria com a PANROTAS.","og_url":"https:\/\/blog.panrotas.com.br\/semreserva\/claiton-ana-maria-e-cia\/12-12-2014\/","og_site_name":"Sem reserva","article_publisher":"https:\/\/www.facebook.com\/portalpanrotas\/","article_published_time":"2014-12-12T17:10:57+00:00","twitter_card":"summary_large_image","twitter_creator":"@portalpanrotas","twitter_site":"@portalpanrotas","twitter_misc":{"Escrito por":"Artur Andrade","Est. tempo de leitura":"2 minutos"},"schema":{"@context":"https:\/\/schema.org","@graph":[{"@type":"Organization","@id":"http:\/\/blog.panrotas.com.br\/semreserva\/#organization","name":"Sem Reserva - Blog no Portal PANROTAS","url":"http:\/\/blog.panrotas.com.br\/semreserva\/","sameAs":["https:\/\/www.facebook.com\/portalpanrotas\/","https:\/\/www.instagram.com\/portalpanrotas\/","https:\/\/br.linkedin.com\/company\/panrotas","https:\/\/www.youtube.com\/tvpanrotas","https:\/\/twitter.com\/portalpanrotas"],"logo":{"@type":"ImageObject","@id":"http:\/\/blog.panrotas.com.br\/semreserva\/#logo","inLanguage":"pt-BR","url":"https:\/\/blog.panrotas.com.br\/semreserva\/wp-content\/uploads\/sites\/5\/2020\/06\/logo.png","contentUrl":"https:\/\/blog.panrotas.com.br\/semreserva\/wp-content\/uploads\/sites\/5\/2020\/06\/logo.png","width":259,"height":53,"caption":"Sem Reserva - Blog no Portal PANROTAS"},"image":{"@id":"http:\/\/blog.panrotas.com.br\/semreserva\/#logo"}},{"@type":"WebSite","@id":"http:\/\/blog.panrotas.com.br\/semreserva\/#website","url":"http:\/\/blog.panrotas.com.br\/semreserva\/","name":"Sem reserva","description":"Blogosfera PANROTAS","publisher":{"@id":"http:\/\/blog.panrotas.com.br\/semreserva\/#organization"},"potentialAction":[{"@type":"SearchAction","target":{"@type":"EntryPoint","urlTemplate":"http:\/\/blog.panrotas.com.br\/semreserva\/?s={search_term_string}"},"query-input":"required name=search_term_string"}],"inLanguage":"pt-BR"},{"@type":"WebPage","@id":"https:\/\/blog.panrotas.com.br\/semreserva\/claiton-ana-maria-e-cia\/12-12-2014\/#webpage","url":"https:\/\/blog.panrotas.com.br\/semreserva\/claiton-ana-maria-e-cia\/12-12-2014\/","name":"CLAITON, ANA MARIA E CIA. -","isPartOf":{"@id":"http:\/\/blog.panrotas.com.br\/semreserva\/#website"},"datePublished":"2014-12-12T17:10:57+00:00","dateModified":"2014-12-12T17:10:57+00:00","description":"CLAITON, ANA MARIA E CIA.. Confira essa Mat\u00e9ria no Canal Sem reserva. \u27a4 Projeto em parceria com a PANROTAS.","breadcrumb":{"@id":"https:\/\/blog.panrotas.com.br\/semreserva\/claiton-ana-maria-e-cia\/12-12-2014\/#breadcrumb"},"inLanguage":"pt-BR","potentialAction":[{"@type":"ReadAction","target":["https:\/\/blog.panrotas.com.br\/semreserva\/claiton-ana-maria-e-cia\/12-12-2014\/"]}]},{"@type":"BreadcrumbList","@id":"https:\/\/blog.panrotas.com.br\/semreserva\/claiton-ana-maria-e-cia\/12-12-2014\/#breadcrumb","itemListElement":[{"@type":"ListItem","position":1,"name":"Home do Blog","item":"http:\/\/blog.panrotas.com.br\/semreserva\/"},{"@type":"ListItem","position":2,"name":"Dia a dia","item":"https:\/\/blog.panrotas.com.br\/semreserva\/category\/dia-a-dia\/"},{"@type":"ListItem","position":3,"name":"CLAITON, ANA MARIA E CIA."}]},{"@type":"Article","@id":"https:\/\/blog.panrotas.com.br\/semreserva\/claiton-ana-maria-e-cia\/12-12-2014\/#article","isPartOf":{"@id":"https:\/\/blog.panrotas.com.br\/semreserva\/claiton-ana-maria-e-cia\/12-12-2014\/#webpage"},"author":{"@id":"http:\/\/blog.panrotas.com.br\/semreserva\/#\/schema\/person\/c93b4555f6a497d2d83c25dcb80f61ed"},"headline":"CLAITON, ANA MARIA E CIA.","datePublished":"2014-12-12T17:10:57+00:00","dateModified":"2014-12-12T17:10:57+00:00","mainEntityOfPage":{"@id":"https:\/\/blog.panrotas.com.br\/semreserva\/claiton-ana-maria-e-cia\/12-12-2014\/#webpage"},"wordCount":453,"commentCount":0,"publisher":{"@id":"http:\/\/blog.panrotas.com.br\/semreserva\/#organization"},"articleSection":["Dia a dia"],"inLanguage":"pt-BR","potentialAction":[{"@type":"CommentAction","name":"Comment","target":["https:\/\/blog.panrotas.com.br\/semreserva\/claiton-ana-maria-e-cia\/12-12-2014\/#respond"]}]},{"@type":"Person","@id":"http:\/\/blog.panrotas.com.br\/semreserva\/#\/schema\/person\/c93b4555f6a497d2d83c25dcb80f61ed","name":"Artur Andrade","image":{"@type":"ImageObject","@id":"http:\/\/blog.panrotas.com.br\/semreserva\/#personlogo","inLanguage":"pt-BR","url":"https:\/\/secure.gravatar.com\/avatar\/a94564d630220cefd5c82f3452ac1ef4?s=96&d=mm&r=g","contentUrl":"https:\/\/secure.gravatar.com\/avatar\/a94564d630220cefd5c82f3452ac1ef4?s=96&d=mm&r=g","caption":"Artur Andrade"},"description":"Artur Luiz Andrade \u00e9 carioca, taurino, jornalista e nasceu em 1969. \u00c9 editor-chefe da PANROTAS Editora e mora em S\u00e3o Paulo desde 1998","sameAs":["http:\/\/www.panrotas.com.br"]}]}},"jetpack_featured_media_url":"","jetpack_shortlink":"https:\/\/wp.me\/p7idIU-15s","_links":{"self":[{"href":"https:\/\/blog.panrotas.com.br\/semreserva\/wp-json\/wp\/v2\/posts\/4182"}],"collection":[{"href":"https:\/\/blog.panrotas.com.br\/semreserva\/wp-json\/wp\/v2\/posts"}],"about":[{"href":"https:\/\/blog.panrotas.com.br\/semreserva\/wp-json\/wp\/v2\/types\/post"}],"author":[{"embeddable":true,"href":"https:\/\/blog.panrotas.com.br\/semreserva\/wp-json\/wp\/v2\/users\/7"}],"replies":[{"embeddable":true,"href":"https:\/\/blog.panrotas.com.br\/semreserva\/wp-json\/wp\/v2\/comments?post=4182"}],"version-history":[{"count":0,"href":"https:\/\/blog.panrotas.com.br\/semreserva\/wp-json\/wp\/v2\/posts\/4182\/revisions"}],"wp:attachment":[{"href":"https:\/\/blog.panrotas.com.br\/semreserva\/wp-json\/wp\/v2\/media?parent=4182"}],"wp:term":[{"taxonomy":"category","embeddable":true,"href":"https:\/\/blog.panrotas.com.br\/semreserva\/wp-json\/wp\/v2\/categories?post=4182"},{"taxonomy":"post_tag","embeddable":true,"href":"https:\/\/blog.panrotas.com.br\/semreserva\/wp-json\/wp\/v2\/tags?post=4182"}],"curies":[{"name":"wp","href":"https:\/\/api.w.org\/{rel}","templated":true}]}}