{"id":4186,"date":"2014-12-18T18:27:14","date_gmt":"2014-12-18T21:27:14","guid":{"rendered":"http:\/\/blog.panrotas.com.br\/semreserva\/?p=4186"},"modified":"2014-12-18T18:27:14","modified_gmt":"2014-12-18T21:27:14","slug":"por-que-vendeu-por-que-comprou","status":"publish","type":"post","link":"https:\/\/blog.panrotas.com.br\/semreserva\/por-que-vendeu-por-que-comprou\/18-12-2014\/","title":{"rendered":"Por que vendeu? Por que comprou?"},"content":{"rendered":"<p>O \u201cn\u00e3o ata e nem desata\u201d em nossa ind\u00fastria virou lugar comum e fato quase irrelevante desde a hist\u00f3rica venda da CVC para o Grupo Carlyle. Desde ent\u00e3o, quase todo dia algu\u00e9m est\u00e1 sendo comprado ou negociando com uma empresa de fora, um grande player de dentro&#8230; mas na hora de assinar&#8230; nada. De l\u00e1 para c\u00e1 tivemos a tentativa heroica da Brasil Travel (que causa calafrios em muitos, mas que foi uma iniciativa v\u00e1lida), alguns poucos neg\u00f3cios no corporativo, sendo que o principal foi a venda da Alatur para os japoneses da JTB, e pouco mais que isso. Ser\u00e1?<\/p>\n<p>&nbsp;<\/p>\n<p>Operadoras faliram, outras cresceram, TMCs se juntaram ou foram sondadas, consolidadoras conversaram, desconversaram, conversaram de novo, se olham de longe.<\/p>\n<p>&nbsp;<\/p>\n<p>A fus\u00e3o da Rextur Advance, ali\u00e1s, se junta \u00e0 venda da Alatur e da CVC, provando como \u00e9 dif\u00edcil tirar do papel projetos de fus\u00e3o, compra e venda no turismo. E vamos ficar apenas entre os distribuidores? Acho que n\u00e3o&#8230; Tivemos tamb\u00e9m a venda da Tam para a Lan, os investimentos de Delta e Air France na Gol, a compra da Movida pelo grupo JSL, a da Atlantica a grupos estrangeiros&#8230; Opa, n\u00e3o \u00e9 nada n\u00e3o \u00e9 nada e o turismo brasileiro entrou sim na era das grandes aquisi\u00e7\u00f5es e fus\u00f5es.<\/p>\n<p>&nbsp;<\/p>\n<p>Muitos ataram e desataram. Sinal de que n\u00fameros fizeram valer, resultados ati\u00e7aram os olhos dos investidores e\/ou a necessidade fez os neg\u00f3cios caminharem. O que mais vem por a\u00ed?<\/p>\n<p>&nbsp;<\/p>\n<p>Sobre a compra da Rextur Advance pela CVC h\u00e1 muitas perguntas n\u00e3o sobre o valor do neg\u00f3cio, mas sobre o futuro dele.\u00a0Uma das mais tradicionais consolidadoras a\u00e9reas da ind\u00fastria tur\u00edstica, a Rextur, e uma das que mais cresceram na \u00faltima d\u00e9cada, tendo sido pioneira e inovadora na cria\u00e7\u00e3o de um sistema de reservas \u00fanico, a Advance, agora pertencem ao Grupo CVC. O que isso significa? Que impactos um grupo de mais R$ 8 bilh\u00f5es em vendas provoca em nossa ind\u00fastria?<\/p>\n<p>&nbsp;<\/p>\n<p>Pouco tempo depois da fus\u00e3o de duas grandes consolidadoras, por que vender a holding? Porque o neg\u00f3cio da consolida\u00e7\u00e3o tende a diminuir no Brasil? Porque a oferta da CVC foi irrecus\u00e1vel? Porque a ideia de criar um mega grupo pode fazer muito mais pela CVC, Rextur Advance e seus acionistas no futuro? Porque o neg\u00f3cio s\u00f3 se sustentar\u00e1 no futuro atrelado a um volume de gigantes?<\/p>\n<p>&nbsp;<\/p>\n<p>Por que comprar uma consolidadora? A CVC quer melhorar algo na rela\u00e7\u00e3o com as empresas a\u00e9reas? Quer investir no segmento de viagens corporativas, respons\u00e1vel por 60% das vendas na avia\u00e7\u00e3o comercial brasileira? Quer criar musculatura para expandir internacionalmente? Quer o qu\u00ea?<\/p>\n<p>&nbsp;<\/p>\n<p>Como o mercado reage a essa venda? Se na fus\u00e3o de Rextur e Advance j\u00e1 foi um \u201cDeus nos acuda\u201d, como \u00e9 vista a associa\u00e7\u00e3o com a CVC? Como um grupo que s\u00f3 trabalha com agentes de viagens lidar\u00e1 com a venda direta das lojas CVC? Como fica o neg\u00f3cio da consolida\u00e7\u00e3o? A compra estimular\u00e1 outras fus\u00f5es?<\/p>\n<p>&nbsp;<\/p>\n<p>Um neg\u00f3cio desse porte gera, claro, muitas perguntas. Algumas, s\u00f3 o tempo vai revelar (at\u00e9 porque a negocia\u00e7\u00e3o incluiu metas e resultados futuros). Outras, aguardamos as palavras de Luiz Eduardo Falco amanh\u00e3, em teleconfer\u00eancia.<\/p>\n<p>&nbsp;<\/p>\n<p>Um grande passo para o turismo. Ser\u00e1 que a Brasil Travel hoje vingaria?<\/p>\n","protected":false},"excerpt":{"rendered":"<p>O \u201cn\u00e3o ata e nem desata\u201d em nossa ind\u00fastria virou lugar comum e fato quase irrelevante desde a hist\u00f3rica venda da CVC para o Grupo Carlyle. Desde ent\u00e3o, quase todo dia algu\u00e9m est\u00e1 sendo comprado ou negociando com uma empresa de fora, um grande player de dentro&#8230; mas na hora de assinar&#8230; nada. De l\u00e1 [&hellip;]<\/p>\n","protected":false},"author":7,"featured_media":0,"comment_status":"open","ping_status":"open","sticky":false,"template":"","format":"standard","meta":{"spay_email":""},"categories":[2],"tags":[],"yoast_head":"<!-- This site is optimized with the Yoast SEO plugin v17.3 - https:\/\/yoast.com\/wordpress\/plugins\/seo\/ -->\n<title>Por que vendeu? Por que comprou? -<\/title>\n<meta name=\"description\" content=\"Por que vendeu? Por que comprou?. Confira essa Mat\u00e9ria no Canal Sem reserva. \u27a4 Projeto em parceria com a PANROTAS.\" \/>\n<meta name=\"robots\" content=\"index, follow, max-snippet:-1, max-image-preview:large, max-video-preview:-1\" \/>\n<link rel=\"canonical\" href=\"https:\/\/blog.panrotas.com.br\/semreserva\/por-que-vendeu-por-que-comprou\/18-12-2014\/\" \/>\n<meta property=\"og:locale\" content=\"pt_BR\" \/>\n<meta property=\"og:type\" content=\"article\" \/>\n<meta property=\"og:title\" content=\"Por que vendeu? Por que comprou? -\" \/>\n<meta property=\"og:description\" content=\"Por que vendeu? Por que comprou?. Confira essa Mat\u00e9ria no Canal Sem reserva. \u27a4 Projeto em parceria com a PANROTAS.\" \/>\n<meta property=\"og:url\" content=\"https:\/\/blog.panrotas.com.br\/semreserva\/por-que-vendeu-por-que-comprou\/18-12-2014\/\" \/>\n<meta property=\"og:site_name\" content=\"Sem reserva\" \/>\n<meta property=\"article:publisher\" content=\"https:\/\/www.facebook.com\/portalpanrotas\/\" \/>\n<meta property=\"article:published_time\" content=\"2014-12-18T21:27:14+00:00\" \/>\n<meta name=\"twitter:card\" content=\"summary_large_image\" \/>\n<meta name=\"twitter:creator\" content=\"@portalpanrotas\" \/>\n<meta name=\"twitter:site\" content=\"@portalpanrotas\" \/>\n<meta name=\"twitter:label1\" content=\"Escrito por\" \/>\n\t<meta name=\"twitter:data1\" content=\"Artur Andrade\" \/>\n\t<meta name=\"twitter:label2\" content=\"Est. tempo de leitura\" \/>\n\t<meta name=\"twitter:data2\" content=\"3 minutos\" \/>\n<script type=\"application\/ld+json\" class=\"yoast-schema-graph\">{\"@context\":\"https:\/\/schema.org\",\"@graph\":[{\"@type\":\"Organization\",\"@id\":\"http:\/\/blog.panrotas.com.br\/semreserva\/#organization\",\"name\":\"Sem Reserva - Blog no Portal PANROTAS\",\"url\":\"http:\/\/blog.panrotas.com.br\/semreserva\/\",\"sameAs\":[\"https:\/\/www.facebook.com\/portalpanrotas\/\",\"https:\/\/www.instagram.com\/portalpanrotas\/\",\"https:\/\/br.linkedin.com\/company\/panrotas\",\"https:\/\/www.youtube.com\/tvpanrotas\",\"https:\/\/twitter.com\/portalpanrotas\"],\"logo\":{\"@type\":\"ImageObject\",\"@id\":\"http:\/\/blog.panrotas.com.br\/semreserva\/#logo\",\"inLanguage\":\"pt-BR\",\"url\":\"https:\/\/blog.panrotas.com.br\/semreserva\/wp-content\/uploads\/sites\/5\/2020\/06\/logo.png\",\"contentUrl\":\"https:\/\/blog.panrotas.com.br\/semreserva\/wp-content\/uploads\/sites\/5\/2020\/06\/logo.png\",\"width\":259,\"height\":53,\"caption\":\"Sem Reserva - Blog no Portal PANROTAS\"},\"image\":{\"@id\":\"http:\/\/blog.panrotas.com.br\/semreserva\/#logo\"}},{\"@type\":\"WebSite\",\"@id\":\"http:\/\/blog.panrotas.com.br\/semreserva\/#website\",\"url\":\"http:\/\/blog.panrotas.com.br\/semreserva\/\",\"name\":\"Sem reserva\",\"description\":\"Blogosfera PANROTAS\",\"publisher\":{\"@id\":\"http:\/\/blog.panrotas.com.br\/semreserva\/#organization\"},\"potentialAction\":[{\"@type\":\"SearchAction\",\"target\":{\"@type\":\"EntryPoint\",\"urlTemplate\":\"http:\/\/blog.panrotas.com.br\/semreserva\/?s={search_term_string}\"},\"query-input\":\"required name=search_term_string\"}],\"inLanguage\":\"pt-BR\"},{\"@type\":\"WebPage\",\"@id\":\"https:\/\/blog.panrotas.com.br\/semreserva\/por-que-vendeu-por-que-comprou\/18-12-2014\/#webpage\",\"url\":\"https:\/\/blog.panrotas.com.br\/semreserva\/por-que-vendeu-por-que-comprou\/18-12-2014\/\",\"name\":\"Por que vendeu? Por que comprou? -\",\"isPartOf\":{\"@id\":\"http:\/\/blog.panrotas.com.br\/semreserva\/#website\"},\"datePublished\":\"2014-12-18T21:27:14+00:00\",\"dateModified\":\"2014-12-18T21:27:14+00:00\",\"description\":\"Por que vendeu? Por que comprou?. Confira essa Mat\\u00e9ria no Canal Sem reserva. \\u27a4 Projeto em parceria com a PANROTAS.\",\"breadcrumb\":{\"@id\":\"https:\/\/blog.panrotas.com.br\/semreserva\/por-que-vendeu-por-que-comprou\/18-12-2014\/#breadcrumb\"},\"inLanguage\":\"pt-BR\",\"potentialAction\":[{\"@type\":\"ReadAction\",\"target\":[\"https:\/\/blog.panrotas.com.br\/semreserva\/por-que-vendeu-por-que-comprou\/18-12-2014\/\"]}]},{\"@type\":\"BreadcrumbList\",\"@id\":\"https:\/\/blog.panrotas.com.br\/semreserva\/por-que-vendeu-por-que-comprou\/18-12-2014\/#breadcrumb\",\"itemListElement\":[{\"@type\":\"ListItem\",\"position\":1,\"name\":\"Home do Blog\",\"item\":\"http:\/\/blog.panrotas.com.br\/semreserva\/\"},{\"@type\":\"ListItem\",\"position\":2,\"name\":\"Dia a dia\",\"item\":\"https:\/\/blog.panrotas.com.br\/semreserva\/category\/dia-a-dia\/\"},{\"@type\":\"ListItem\",\"position\":3,\"name\":\"Por que vendeu? Por que comprou?\"}]},{\"@type\":\"Article\",\"@id\":\"https:\/\/blog.panrotas.com.br\/semreserva\/por-que-vendeu-por-que-comprou\/18-12-2014\/#article\",\"isPartOf\":{\"@id\":\"https:\/\/blog.panrotas.com.br\/semreserva\/por-que-vendeu-por-que-comprou\/18-12-2014\/#webpage\"},\"author\":{\"@id\":\"http:\/\/blog.panrotas.com.br\/semreserva\/#\/schema\/person\/c93b4555f6a497d2d83c25dcb80f61ed\"},\"headline\":\"Por que vendeu? Por que comprou?\",\"datePublished\":\"2014-12-18T21:27:14+00:00\",\"dateModified\":\"2014-12-18T21:27:14+00:00\",\"mainEntityOfPage\":{\"@id\":\"https:\/\/blog.panrotas.com.br\/semreserva\/por-que-vendeu-por-que-comprou\/18-12-2014\/#webpage\"},\"wordCount\":587,\"commentCount\":0,\"publisher\":{\"@id\":\"http:\/\/blog.panrotas.com.br\/semreserva\/#organization\"},\"articleSection\":[\"Dia a dia\"],\"inLanguage\":\"pt-BR\",\"potentialAction\":[{\"@type\":\"CommentAction\",\"name\":\"Comment\",\"target\":[\"https:\/\/blog.panrotas.com.br\/semreserva\/por-que-vendeu-por-que-comprou\/18-12-2014\/#respond\"]}]},{\"@type\":\"Person\",\"@id\":\"http:\/\/blog.panrotas.com.br\/semreserva\/#\/schema\/person\/c93b4555f6a497d2d83c25dcb80f61ed\",\"name\":\"Artur Andrade\",\"image\":{\"@type\":\"ImageObject\",\"@id\":\"http:\/\/blog.panrotas.com.br\/semreserva\/#personlogo\",\"inLanguage\":\"pt-BR\",\"url\":\"https:\/\/secure.gravatar.com\/avatar\/a94564d630220cefd5c82f3452ac1ef4?s=96&d=mm&r=g\",\"contentUrl\":\"https:\/\/secure.gravatar.com\/avatar\/a94564d630220cefd5c82f3452ac1ef4?s=96&d=mm&r=g\",\"caption\":\"Artur Andrade\"},\"description\":\"Artur Luiz Andrade \\u00e9 carioca, taurino, jornalista e nasceu em 1969. \\u00c9 editor-chefe da PANROTAS Editora e mora em S\\u00e3o Paulo desde 1998\",\"sameAs\":[\"http:\/\/www.panrotas.com.br\"]}]}<\/script>\n<!-- \/ Yoast SEO plugin. -->","yoast_head_json":{"title":"Por que vendeu? Por que comprou? -","description":"Por que vendeu? Por que comprou?. Confira essa Mat\u00e9ria no Canal Sem reserva. \u27a4 Projeto em parceria com a PANROTAS.","robots":{"index":"index","follow":"follow","max-snippet":"max-snippet:-1","max-image-preview":"max-image-preview:large","max-video-preview":"max-video-preview:-1"},"canonical":"https:\/\/blog.panrotas.com.br\/semreserva\/por-que-vendeu-por-que-comprou\/18-12-2014\/","og_locale":"pt_BR","og_type":"article","og_title":"Por que vendeu? Por que comprou? -","og_description":"Por que vendeu? Por que comprou?. Confira essa Mat\u00e9ria no Canal Sem reserva. \u27a4 Projeto em parceria com a PANROTAS.","og_url":"https:\/\/blog.panrotas.com.br\/semreserva\/por-que-vendeu-por-que-comprou\/18-12-2014\/","og_site_name":"Sem reserva","article_publisher":"https:\/\/www.facebook.com\/portalpanrotas\/","article_published_time":"2014-12-18T21:27:14+00:00","twitter_card":"summary_large_image","twitter_creator":"@portalpanrotas","twitter_site":"@portalpanrotas","twitter_misc":{"Escrito por":"Artur Andrade","Est. tempo de leitura":"3 minutos"},"schema":{"@context":"https:\/\/schema.org","@graph":[{"@type":"Organization","@id":"http:\/\/blog.panrotas.com.br\/semreserva\/#organization","name":"Sem Reserva - Blog no Portal PANROTAS","url":"http:\/\/blog.panrotas.com.br\/semreserva\/","sameAs":["https:\/\/www.facebook.com\/portalpanrotas\/","https:\/\/www.instagram.com\/portalpanrotas\/","https:\/\/br.linkedin.com\/company\/panrotas","https:\/\/www.youtube.com\/tvpanrotas","https:\/\/twitter.com\/portalpanrotas"],"logo":{"@type":"ImageObject","@id":"http:\/\/blog.panrotas.com.br\/semreserva\/#logo","inLanguage":"pt-BR","url":"https:\/\/blog.panrotas.com.br\/semreserva\/wp-content\/uploads\/sites\/5\/2020\/06\/logo.png","contentUrl":"https:\/\/blog.panrotas.com.br\/semreserva\/wp-content\/uploads\/sites\/5\/2020\/06\/logo.png","width":259,"height":53,"caption":"Sem Reserva - Blog no Portal PANROTAS"},"image":{"@id":"http:\/\/blog.panrotas.com.br\/semreserva\/#logo"}},{"@type":"WebSite","@id":"http:\/\/blog.panrotas.com.br\/semreserva\/#website","url":"http:\/\/blog.panrotas.com.br\/semreserva\/","name":"Sem reserva","description":"Blogosfera PANROTAS","publisher":{"@id":"http:\/\/blog.panrotas.com.br\/semreserva\/#organization"},"potentialAction":[{"@type":"SearchAction","target":{"@type":"EntryPoint","urlTemplate":"http:\/\/blog.panrotas.com.br\/semreserva\/?s={search_term_string}"},"query-input":"required name=search_term_string"}],"inLanguage":"pt-BR"},{"@type":"WebPage","@id":"https:\/\/blog.panrotas.com.br\/semreserva\/por-que-vendeu-por-que-comprou\/18-12-2014\/#webpage","url":"https:\/\/blog.panrotas.com.br\/semreserva\/por-que-vendeu-por-que-comprou\/18-12-2014\/","name":"Por que vendeu? Por que comprou? -","isPartOf":{"@id":"http:\/\/blog.panrotas.com.br\/semreserva\/#website"},"datePublished":"2014-12-18T21:27:14+00:00","dateModified":"2014-12-18T21:27:14+00:00","description":"Por que vendeu? Por que comprou?. Confira essa Mat\u00e9ria no Canal Sem reserva. \u27a4 Projeto em parceria com a PANROTAS.","breadcrumb":{"@id":"https:\/\/blog.panrotas.com.br\/semreserva\/por-que-vendeu-por-que-comprou\/18-12-2014\/#breadcrumb"},"inLanguage":"pt-BR","potentialAction":[{"@type":"ReadAction","target":["https:\/\/blog.panrotas.com.br\/semreserva\/por-que-vendeu-por-que-comprou\/18-12-2014\/"]}]},{"@type":"BreadcrumbList","@id":"https:\/\/blog.panrotas.com.br\/semreserva\/por-que-vendeu-por-que-comprou\/18-12-2014\/#breadcrumb","itemListElement":[{"@type":"ListItem","position":1,"name":"Home do Blog","item":"http:\/\/blog.panrotas.com.br\/semreserva\/"},{"@type":"ListItem","position":2,"name":"Dia a dia","item":"https:\/\/blog.panrotas.com.br\/semreserva\/category\/dia-a-dia\/"},{"@type":"ListItem","position":3,"name":"Por que vendeu? Por que comprou?"}]},{"@type":"Article","@id":"https:\/\/blog.panrotas.com.br\/semreserva\/por-que-vendeu-por-que-comprou\/18-12-2014\/#article","isPartOf":{"@id":"https:\/\/blog.panrotas.com.br\/semreserva\/por-que-vendeu-por-que-comprou\/18-12-2014\/#webpage"},"author":{"@id":"http:\/\/blog.panrotas.com.br\/semreserva\/#\/schema\/person\/c93b4555f6a497d2d83c25dcb80f61ed"},"headline":"Por que vendeu? Por que comprou?","datePublished":"2014-12-18T21:27:14+00:00","dateModified":"2014-12-18T21:27:14+00:00","mainEntityOfPage":{"@id":"https:\/\/blog.panrotas.com.br\/semreserva\/por-que-vendeu-por-que-comprou\/18-12-2014\/#webpage"},"wordCount":587,"commentCount":0,"publisher":{"@id":"http:\/\/blog.panrotas.com.br\/semreserva\/#organization"},"articleSection":["Dia a dia"],"inLanguage":"pt-BR","potentialAction":[{"@type":"CommentAction","name":"Comment","target":["https:\/\/blog.panrotas.com.br\/semreserva\/por-que-vendeu-por-que-comprou\/18-12-2014\/#respond"]}]},{"@type":"Person","@id":"http:\/\/blog.panrotas.com.br\/semreserva\/#\/schema\/person\/c93b4555f6a497d2d83c25dcb80f61ed","name":"Artur Andrade","image":{"@type":"ImageObject","@id":"http:\/\/blog.panrotas.com.br\/semreserva\/#personlogo","inLanguage":"pt-BR","url":"https:\/\/secure.gravatar.com\/avatar\/a94564d630220cefd5c82f3452ac1ef4?s=96&d=mm&r=g","contentUrl":"https:\/\/secure.gravatar.com\/avatar\/a94564d630220cefd5c82f3452ac1ef4?s=96&d=mm&r=g","caption":"Artur Andrade"},"description":"Artur Luiz Andrade \u00e9 carioca, taurino, jornalista e nasceu em 1969. \u00c9 editor-chefe da PANROTAS Editora e mora em S\u00e3o Paulo desde 1998","sameAs":["http:\/\/www.panrotas.com.br"]}]}},"jetpack_featured_media_url":"","jetpack_shortlink":"https:\/\/wp.me\/p7idIU-15w","_links":{"self":[{"href":"https:\/\/blog.panrotas.com.br\/semreserva\/wp-json\/wp\/v2\/posts\/4186"}],"collection":[{"href":"https:\/\/blog.panrotas.com.br\/semreserva\/wp-json\/wp\/v2\/posts"}],"about":[{"href":"https:\/\/blog.panrotas.com.br\/semreserva\/wp-json\/wp\/v2\/types\/post"}],"author":[{"embeddable":true,"href":"https:\/\/blog.panrotas.com.br\/semreserva\/wp-json\/wp\/v2\/users\/7"}],"replies":[{"embeddable":true,"href":"https:\/\/blog.panrotas.com.br\/semreserva\/wp-json\/wp\/v2\/comments?post=4186"}],"version-history":[{"count":0,"href":"https:\/\/blog.panrotas.com.br\/semreserva\/wp-json\/wp\/v2\/posts\/4186\/revisions"}],"wp:attachment":[{"href":"https:\/\/blog.panrotas.com.br\/semreserva\/wp-json\/wp\/v2\/media?parent=4186"}],"wp:term":[{"taxonomy":"category","embeddable":true,"href":"https:\/\/blog.panrotas.com.br\/semreserva\/wp-json\/wp\/v2\/categories?post=4186"},{"taxonomy":"post_tag","embeddable":true,"href":"https:\/\/blog.panrotas.com.br\/semreserva\/wp-json\/wp\/v2\/tags?post=4186"}],"curies":[{"name":"wp","href":"https:\/\/api.w.org\/{rel}","templated":true}]}}