{"id":4231,"date":"2015-01-01T18:36:09","date_gmt":"2015-01-01T21:36:09","guid":{"rendered":"http:\/\/blog.panrotas.com.br\/semreserva\/?p=4231"},"modified":"2015-01-01T18:36:09","modified_gmt":"2015-01-01T21:36:09","slug":"valor-agregado","status":"publish","type":"post","link":"https:\/\/blog.panrotas.com.br\/semreserva\/valor-agregado\/01-01-2015\/","title":{"rendered":"VALOR AGREGADO"},"content":{"rendered":"<p>O que \u00e9 importante para voc\u00ea? A inveja dos outros ou dois minutos sabotados e que certificam sua estupidez, sua imbecilidade, sua in\u00e9pcia?<\/p>\n<p>O que te move na vida? Quanto os outros ganham ou quantos d\u00e9cimos de segundo voc\u00ea rouba para achar que est\u00e1 na frente dos concorrentes? Seu bo\u00e7al. Vou repetir a pergunta. O que te move na vida? De prefer\u00eancia para a frente.<\/p>\n<p>O que tira teu sono todas as noites? Ter de ir dormir? Ter de acordar? Ou os planos para brilhar mais que outros, quando brilhar n\u00e3o requer compara\u00e7\u00f5es&#8230; cada um sabe o tamanho de sua infelicidade, sua labirintite e do seu \u00f3rg\u00e3o sexual (ah esses var\u00f5es que de nada sabem). E do alcance de seu brilho.<\/p>\n<p>Se o assunto \u00e9 sexo, o que te deixa excitado e motivado? A mulher do outro ou a cronometragem para ganhar a disputa de intercurso (sexual) mais longo e sem gra\u00e7a da hist\u00f3ria dos extintos dinossauros sem c\u00e9rebro?<\/p>\n<p>E o que voc\u00ea quer ganhar de presente? O saco do vizinho, que \u00e9 mais roxo, ou um soco que transforme seu c\u00e9rebro quebra-cabe\u00e7as em&#8230; c\u00e9rebro?<\/p>\n<p>A \u00faltima pessoa que vir\u00e1 \u00e0 mente antes de sua morte ser\u00e1: aquele maldito que lhe roubou pr\u00eamios, mulheres e fama, e que n\u00e3o estava nem a\u00ed para voc\u00ea&#8230; ou os filhos que esqueceu de cuidar, amar, incentivar? Mas&#8230; voc\u00ea teve filhos?<\/p>\n<p>Quando voc\u00ea soltar a sua voz h\u00e3o de compreender seu canto ou sair\u00e3o correndo com medo dos grunhidos jur\u00e1ssicos?<\/p>\n<p>Na hora H voc\u00ea fecha os olhos e imagina seus inimigos te olhando, admirando seu ato de bravura coreografado&#8230; ou&#8230; &#8216;pera\u00ed&#8217;, voc\u00ea tem inimigos? Que l\u00e1stima.<\/p>\n<p>E ent\u00e3o de repente voc\u00ea entra em uma igreja, se ajoelha, olha para o altar e &#8230; voc\u00ea tem o que pedir ou o que agradecer? Pedir perd\u00e3o ou agradecer por pelo menos agora ver o quanto deu valor a medidas que nunca&#8230; &#8216;Pera\u00ed&#8217;, isso n\u00e3o \u00e9 uma igreja. \u00c9 um bar. Pede a saideira ou est\u00e1 apenas come\u00e7ando a afogar nesse mar de m\u00e1goas?<\/p>\n<p>Voc\u00ea jura falar a verdade nada mais que a verdade? N\u00e3o fa\u00e7a isso. Cada um tem a sua e, por dois minutos, voc\u00ea pode fazer da sua vida uma grande bobagem. Pura mesquinharia, pura inveja, pura pregui\u00e7a. Puro v\u00edcio. Uma desgra\u00e7a incalcul\u00e1vel.<\/p>\n<p>A inveja \u00e9 uma merda e os invejosos uns incompetentes ou \u00e9 Natal e vamos relevar aqueles que apenas sobrevivem? Sobreviver, afinal, j\u00e1 \u00e9 uma grande vit\u00f3ria. E acharmos que sabemos mais que os outros sobre&#8230; viver, uma perda de tempo. Pensar demais acaba nos levando aos outros, voltando a n\u00f3s e nos esquecemos de quem est\u00e1 pr\u00f3ximo. De quem e do que importa. Mas no dia a dia n\u00e3o temos essa consci\u00eancia&#8230; mais uma l\u00e1stima.<\/p>\n<p>Foca em mim. Foca em voc\u00ea. N\u00e3o olhe para o lado esquerdo, h\u00e1 picuinhas. N\u00e3o olhe para o direito, ervas daninhas. Mas estique o bra\u00e7o e toque. Abrace. Olhe nos olhos. E beije. Mire l\u00e1&#8230; bem \u00e0 frente. Assim, eles nunca te alcan\u00e7ar\u00e3o. Seus inimigos? N\u00e3o&#8230; Eles. Os que ser\u00e3o para sempre&#8230; eles.<\/p>\n<p>E se nada mais der certo, flutue, sem remar, sem se debater. Quem sabe haver\u00e1 uma outra chance? Quem sabe algu\u00e9m saber\u00e1 o que voc\u00ea jamais soube&#8230; Viver sem ser guiado por aqueles. Nossos inimigos? N\u00e3o. Aqueles. Aqueles de quem nem nos lembramos mais. Aqueles que j\u00e1 v\u00e3o longe.<\/p>\n<p>Toca o despertador. Acorda! Acorda!<\/p>\n<p>Al\u00edvio. Foi um sonho ou mais uma vez n\u00e3o dormiu pensando na vida? Pensar na vida n\u00e3o basta. Muito menos neles. A boca seca pede um gole de \u00e1gua. Voc\u00ea estica o bra\u00e7o e uma m\u00e3o lhe toca.<\/p>\n<p>Al\u00edvio.<\/p>\n<p>Agora, abra os olhos. E viva!<\/p>\n","protected":false},"excerpt":{"rendered":"<p>O que \u00e9 importante para voc\u00ea? A inveja dos outros ou dois minutos sabotados e que certificam sua estupidez, sua imbecilidade, sua in\u00e9pcia? O que te move na vida? Quanto os outros ganham ou quantos d\u00e9cimos de segundo voc\u00ea rouba para achar que est\u00e1 na frente dos concorrentes? Seu bo\u00e7al. Vou repetir a pergunta. O [&hellip;]<\/p>\n","protected":false},"author":7,"featured_media":0,"comment_status":"open","ping_status":"open","sticky":false,"template":"","format":"standard","meta":{"spay_email":""},"categories":[2],"tags":[],"yoast_head":"<!-- This site is optimized with the Yoast SEO plugin v17.3 - https:\/\/yoast.com\/wordpress\/plugins\/seo\/ -->\n<title>VALOR AGREGADO -<\/title>\n<meta name=\"description\" content=\"VALOR AGREGADO. Confira essa Mat\u00e9ria no Canal Sem reserva. \u27a4 Projeto em parceria com a PANROTAS.\" \/>\n<meta name=\"robots\" content=\"index, follow, max-snippet:-1, max-image-preview:large, max-video-preview:-1\" \/>\n<link rel=\"canonical\" href=\"https:\/\/blog.panrotas.com.br\/semreserva\/valor-agregado\/01-01-2015\/\" \/>\n<meta property=\"og:locale\" content=\"pt_BR\" \/>\n<meta property=\"og:type\" content=\"article\" \/>\n<meta property=\"og:title\" content=\"VALOR AGREGADO -\" \/>\n<meta property=\"og:description\" content=\"VALOR AGREGADO. Confira essa Mat\u00e9ria no Canal Sem reserva. \u27a4 Projeto em parceria com a PANROTAS.\" \/>\n<meta property=\"og:url\" content=\"https:\/\/blog.panrotas.com.br\/semreserva\/valor-agregado\/01-01-2015\/\" \/>\n<meta property=\"og:site_name\" content=\"Sem reserva\" \/>\n<meta property=\"article:publisher\" content=\"https:\/\/www.facebook.com\/portalpanrotas\/\" \/>\n<meta property=\"article:published_time\" content=\"2015-01-01T21:36:09+00:00\" \/>\n<meta name=\"twitter:card\" content=\"summary_large_image\" \/>\n<meta name=\"twitter:creator\" content=\"@portalpanrotas\" \/>\n<meta name=\"twitter:site\" content=\"@portalpanrotas\" \/>\n<meta name=\"twitter:label1\" content=\"Escrito por\" \/>\n\t<meta name=\"twitter:data1\" content=\"Artur Andrade\" \/>\n\t<meta name=\"twitter:label2\" content=\"Est. tempo de leitura\" \/>\n\t<meta name=\"twitter:data2\" content=\"3 minutos\" \/>\n<script type=\"application\/ld+json\" class=\"yoast-schema-graph\">{\"@context\":\"https:\/\/schema.org\",\"@graph\":[{\"@type\":\"Organization\",\"@id\":\"http:\/\/blog.panrotas.com.br\/semreserva\/#organization\",\"name\":\"Sem Reserva - Blog no Portal PANROTAS\",\"url\":\"http:\/\/blog.panrotas.com.br\/semreserva\/\",\"sameAs\":[\"https:\/\/www.facebook.com\/portalpanrotas\/\",\"https:\/\/www.instagram.com\/portalpanrotas\/\",\"https:\/\/br.linkedin.com\/company\/panrotas\",\"https:\/\/www.youtube.com\/tvpanrotas\",\"https:\/\/twitter.com\/portalpanrotas\"],\"logo\":{\"@type\":\"ImageObject\",\"@id\":\"http:\/\/blog.panrotas.com.br\/semreserva\/#logo\",\"inLanguage\":\"pt-BR\",\"url\":\"https:\/\/blog.panrotas.com.br\/semreserva\/wp-content\/uploads\/sites\/5\/2020\/06\/logo.png\",\"contentUrl\":\"https:\/\/blog.panrotas.com.br\/semreserva\/wp-content\/uploads\/sites\/5\/2020\/06\/logo.png\",\"width\":259,\"height\":53,\"caption\":\"Sem Reserva - Blog no Portal PANROTAS\"},\"image\":{\"@id\":\"http:\/\/blog.panrotas.com.br\/semreserva\/#logo\"}},{\"@type\":\"WebSite\",\"@id\":\"http:\/\/blog.panrotas.com.br\/semreserva\/#website\",\"url\":\"http:\/\/blog.panrotas.com.br\/semreserva\/\",\"name\":\"Sem reserva\",\"description\":\"Blogosfera PANROTAS\",\"publisher\":{\"@id\":\"http:\/\/blog.panrotas.com.br\/semreserva\/#organization\"},\"potentialAction\":[{\"@type\":\"SearchAction\",\"target\":{\"@type\":\"EntryPoint\",\"urlTemplate\":\"http:\/\/blog.panrotas.com.br\/semreserva\/?s={search_term_string}\"},\"query-input\":\"required name=search_term_string\"}],\"inLanguage\":\"pt-BR\"},{\"@type\":\"WebPage\",\"@id\":\"https:\/\/blog.panrotas.com.br\/semreserva\/valor-agregado\/01-01-2015\/#webpage\",\"url\":\"https:\/\/blog.panrotas.com.br\/semreserva\/valor-agregado\/01-01-2015\/\",\"name\":\"VALOR AGREGADO -\",\"isPartOf\":{\"@id\":\"http:\/\/blog.panrotas.com.br\/semreserva\/#website\"},\"datePublished\":\"2015-01-01T21:36:09+00:00\",\"dateModified\":\"2015-01-01T21:36:09+00:00\",\"description\":\"VALOR AGREGADO. Confira essa Mat\\u00e9ria no Canal Sem reserva. \\u27a4 Projeto em parceria com a PANROTAS.\",\"breadcrumb\":{\"@id\":\"https:\/\/blog.panrotas.com.br\/semreserva\/valor-agregado\/01-01-2015\/#breadcrumb\"},\"inLanguage\":\"pt-BR\",\"potentialAction\":[{\"@type\":\"ReadAction\",\"target\":[\"https:\/\/blog.panrotas.com.br\/semreserva\/valor-agregado\/01-01-2015\/\"]}]},{\"@type\":\"BreadcrumbList\",\"@id\":\"https:\/\/blog.panrotas.com.br\/semreserva\/valor-agregado\/01-01-2015\/#breadcrumb\",\"itemListElement\":[{\"@type\":\"ListItem\",\"position\":1,\"name\":\"Home do Blog\",\"item\":\"http:\/\/blog.panrotas.com.br\/semreserva\/\"},{\"@type\":\"ListItem\",\"position\":2,\"name\":\"Dia a dia\",\"item\":\"https:\/\/blog.panrotas.com.br\/semreserva\/category\/dia-a-dia\/\"},{\"@type\":\"ListItem\",\"position\":3,\"name\":\"VALOR AGREGADO\"}]},{\"@type\":\"Article\",\"@id\":\"https:\/\/blog.panrotas.com.br\/semreserva\/valor-agregado\/01-01-2015\/#article\",\"isPartOf\":{\"@id\":\"https:\/\/blog.panrotas.com.br\/semreserva\/valor-agregado\/01-01-2015\/#webpage\"},\"author\":{\"@id\":\"http:\/\/blog.panrotas.com.br\/semreserva\/#\/schema\/person\/c93b4555f6a497d2d83c25dcb80f61ed\"},\"headline\":\"VALOR AGREGADO\",\"datePublished\":\"2015-01-01T21:36:09+00:00\",\"dateModified\":\"2015-01-01T21:36:09+00:00\",\"mainEntityOfPage\":{\"@id\":\"https:\/\/blog.panrotas.com.br\/semreserva\/valor-agregado\/01-01-2015\/#webpage\"},\"wordCount\":653,\"commentCount\":0,\"publisher\":{\"@id\":\"http:\/\/blog.panrotas.com.br\/semreserva\/#organization\"},\"articleSection\":[\"Dia a dia\"],\"inLanguage\":\"pt-BR\",\"potentialAction\":[{\"@type\":\"CommentAction\",\"name\":\"Comment\",\"target\":[\"https:\/\/blog.panrotas.com.br\/semreserva\/valor-agregado\/01-01-2015\/#respond\"]}]},{\"@type\":\"Person\",\"@id\":\"http:\/\/blog.panrotas.com.br\/semreserva\/#\/schema\/person\/c93b4555f6a497d2d83c25dcb80f61ed\",\"name\":\"Artur Andrade\",\"image\":{\"@type\":\"ImageObject\",\"@id\":\"http:\/\/blog.panrotas.com.br\/semreserva\/#personlogo\",\"inLanguage\":\"pt-BR\",\"url\":\"https:\/\/secure.gravatar.com\/avatar\/a94564d630220cefd5c82f3452ac1ef4?s=96&d=mm&r=g\",\"contentUrl\":\"https:\/\/secure.gravatar.com\/avatar\/a94564d630220cefd5c82f3452ac1ef4?s=96&d=mm&r=g\",\"caption\":\"Artur Andrade\"},\"description\":\"Artur Luiz Andrade \\u00e9 carioca, taurino, jornalista e nasceu em 1969. \\u00c9 editor-chefe da PANROTAS Editora e mora em S\\u00e3o Paulo desde 1998\",\"sameAs\":[\"http:\/\/www.panrotas.com.br\"]}]}<\/script>\n<!-- \/ Yoast SEO plugin. -->","yoast_head_json":{"title":"VALOR AGREGADO -","description":"VALOR AGREGADO. Confira essa Mat\u00e9ria no Canal Sem reserva. \u27a4 Projeto em parceria com a PANROTAS.","robots":{"index":"index","follow":"follow","max-snippet":"max-snippet:-1","max-image-preview":"max-image-preview:large","max-video-preview":"max-video-preview:-1"},"canonical":"https:\/\/blog.panrotas.com.br\/semreserva\/valor-agregado\/01-01-2015\/","og_locale":"pt_BR","og_type":"article","og_title":"VALOR AGREGADO -","og_description":"VALOR AGREGADO. Confira essa Mat\u00e9ria no Canal Sem reserva. \u27a4 Projeto em parceria com a PANROTAS.","og_url":"https:\/\/blog.panrotas.com.br\/semreserva\/valor-agregado\/01-01-2015\/","og_site_name":"Sem reserva","article_publisher":"https:\/\/www.facebook.com\/portalpanrotas\/","article_published_time":"2015-01-01T21:36:09+00:00","twitter_card":"summary_large_image","twitter_creator":"@portalpanrotas","twitter_site":"@portalpanrotas","twitter_misc":{"Escrito por":"Artur Andrade","Est. tempo de leitura":"3 minutos"},"schema":{"@context":"https:\/\/schema.org","@graph":[{"@type":"Organization","@id":"http:\/\/blog.panrotas.com.br\/semreserva\/#organization","name":"Sem Reserva - Blog no Portal PANROTAS","url":"http:\/\/blog.panrotas.com.br\/semreserva\/","sameAs":["https:\/\/www.facebook.com\/portalpanrotas\/","https:\/\/www.instagram.com\/portalpanrotas\/","https:\/\/br.linkedin.com\/company\/panrotas","https:\/\/www.youtube.com\/tvpanrotas","https:\/\/twitter.com\/portalpanrotas"],"logo":{"@type":"ImageObject","@id":"http:\/\/blog.panrotas.com.br\/semreserva\/#logo","inLanguage":"pt-BR","url":"https:\/\/blog.panrotas.com.br\/semreserva\/wp-content\/uploads\/sites\/5\/2020\/06\/logo.png","contentUrl":"https:\/\/blog.panrotas.com.br\/semreserva\/wp-content\/uploads\/sites\/5\/2020\/06\/logo.png","width":259,"height":53,"caption":"Sem Reserva - Blog no Portal PANROTAS"},"image":{"@id":"http:\/\/blog.panrotas.com.br\/semreserva\/#logo"}},{"@type":"WebSite","@id":"http:\/\/blog.panrotas.com.br\/semreserva\/#website","url":"http:\/\/blog.panrotas.com.br\/semreserva\/","name":"Sem reserva","description":"Blogosfera PANROTAS","publisher":{"@id":"http:\/\/blog.panrotas.com.br\/semreserva\/#organization"},"potentialAction":[{"@type":"SearchAction","target":{"@type":"EntryPoint","urlTemplate":"http:\/\/blog.panrotas.com.br\/semreserva\/?s={search_term_string}"},"query-input":"required name=search_term_string"}],"inLanguage":"pt-BR"},{"@type":"WebPage","@id":"https:\/\/blog.panrotas.com.br\/semreserva\/valor-agregado\/01-01-2015\/#webpage","url":"https:\/\/blog.panrotas.com.br\/semreserva\/valor-agregado\/01-01-2015\/","name":"VALOR AGREGADO -","isPartOf":{"@id":"http:\/\/blog.panrotas.com.br\/semreserva\/#website"},"datePublished":"2015-01-01T21:36:09+00:00","dateModified":"2015-01-01T21:36:09+00:00","description":"VALOR AGREGADO. Confira essa Mat\u00e9ria no Canal Sem reserva. \u27a4 Projeto em parceria com a PANROTAS.","breadcrumb":{"@id":"https:\/\/blog.panrotas.com.br\/semreserva\/valor-agregado\/01-01-2015\/#breadcrumb"},"inLanguage":"pt-BR","potentialAction":[{"@type":"ReadAction","target":["https:\/\/blog.panrotas.com.br\/semreserva\/valor-agregado\/01-01-2015\/"]}]},{"@type":"BreadcrumbList","@id":"https:\/\/blog.panrotas.com.br\/semreserva\/valor-agregado\/01-01-2015\/#breadcrumb","itemListElement":[{"@type":"ListItem","position":1,"name":"Home do Blog","item":"http:\/\/blog.panrotas.com.br\/semreserva\/"},{"@type":"ListItem","position":2,"name":"Dia a dia","item":"https:\/\/blog.panrotas.com.br\/semreserva\/category\/dia-a-dia\/"},{"@type":"ListItem","position":3,"name":"VALOR AGREGADO"}]},{"@type":"Article","@id":"https:\/\/blog.panrotas.com.br\/semreserva\/valor-agregado\/01-01-2015\/#article","isPartOf":{"@id":"https:\/\/blog.panrotas.com.br\/semreserva\/valor-agregado\/01-01-2015\/#webpage"},"author":{"@id":"http:\/\/blog.panrotas.com.br\/semreserva\/#\/schema\/person\/c93b4555f6a497d2d83c25dcb80f61ed"},"headline":"VALOR AGREGADO","datePublished":"2015-01-01T21:36:09+00:00","dateModified":"2015-01-01T21:36:09+00:00","mainEntityOfPage":{"@id":"https:\/\/blog.panrotas.com.br\/semreserva\/valor-agregado\/01-01-2015\/#webpage"},"wordCount":653,"commentCount":0,"publisher":{"@id":"http:\/\/blog.panrotas.com.br\/semreserva\/#organization"},"articleSection":["Dia a dia"],"inLanguage":"pt-BR","potentialAction":[{"@type":"CommentAction","name":"Comment","target":["https:\/\/blog.panrotas.com.br\/semreserva\/valor-agregado\/01-01-2015\/#respond"]}]},{"@type":"Person","@id":"http:\/\/blog.panrotas.com.br\/semreserva\/#\/schema\/person\/c93b4555f6a497d2d83c25dcb80f61ed","name":"Artur Andrade","image":{"@type":"ImageObject","@id":"http:\/\/blog.panrotas.com.br\/semreserva\/#personlogo","inLanguage":"pt-BR","url":"https:\/\/secure.gravatar.com\/avatar\/a94564d630220cefd5c82f3452ac1ef4?s=96&d=mm&r=g","contentUrl":"https:\/\/secure.gravatar.com\/avatar\/a94564d630220cefd5c82f3452ac1ef4?s=96&d=mm&r=g","caption":"Artur Andrade"},"description":"Artur Luiz Andrade \u00e9 carioca, taurino, jornalista e nasceu em 1969. \u00c9 editor-chefe da PANROTAS Editora e mora em S\u00e3o Paulo desde 1998","sameAs":["http:\/\/www.panrotas.com.br"]}]}},"jetpack_featured_media_url":"","jetpack_shortlink":"https:\/\/wp.me\/p7idIU-16f","_links":{"self":[{"href":"https:\/\/blog.panrotas.com.br\/semreserva\/wp-json\/wp\/v2\/posts\/4231"}],"collection":[{"href":"https:\/\/blog.panrotas.com.br\/semreserva\/wp-json\/wp\/v2\/posts"}],"about":[{"href":"https:\/\/blog.panrotas.com.br\/semreserva\/wp-json\/wp\/v2\/types\/post"}],"author":[{"embeddable":true,"href":"https:\/\/blog.panrotas.com.br\/semreserva\/wp-json\/wp\/v2\/users\/7"}],"replies":[{"embeddable":true,"href":"https:\/\/blog.panrotas.com.br\/semreserva\/wp-json\/wp\/v2\/comments?post=4231"}],"version-history":[{"count":0,"href":"https:\/\/blog.panrotas.com.br\/semreserva\/wp-json\/wp\/v2\/posts\/4231\/revisions"}],"wp:attachment":[{"href":"https:\/\/blog.panrotas.com.br\/semreserva\/wp-json\/wp\/v2\/media?parent=4231"}],"wp:term":[{"taxonomy":"category","embeddable":true,"href":"https:\/\/blog.panrotas.com.br\/semreserva\/wp-json\/wp\/v2\/categories?post=4231"},{"taxonomy":"post_tag","embeddable":true,"href":"https:\/\/blog.panrotas.com.br\/semreserva\/wp-json\/wp\/v2\/tags?post=4231"}],"curies":[{"name":"wp","href":"https:\/\/api.w.org\/{rel}","templated":true}]}}