{"id":4249,"date":"2015-02-05T00:21:25","date_gmt":"2015-02-05T03:21:25","guid":{"rendered":"http:\/\/blog.panrotas.com.br\/semreserva\/?p=4249"},"modified":"2015-02-05T00:21:25","modified_gmt":"2015-02-05T03:21:25","slug":"2015-faremos-contato-ou-estamos-sos","status":"publish","type":"post","link":"https:\/\/blog.panrotas.com.br\/semreserva\/2015-faremos-contato-ou-estamos-sos\/05-02-2015\/","title":{"rendered":"2015: faremos contato ou estamos s\u00f3s?"},"content":{"rendered":"<p>E a Copa n\u00e3o ajudou o Brasil. N\u00e3o trouxe mais turistas, mais infraestrutura, mais orgulho&#8230; Foi como mais um carnaval&#8230; que passou. E j\u00e1 estamos \u00e0s v\u00e9speras de outro.<\/p>\n<p>Qual vai ser sua fantasia nesse carnaval? No pa\u00eds em que tudo se mascara, em que de cara limpa ningu\u00e9m sai \u00e0s ruas, melhor \u00e9 sumir na multid\u00e3o. Ser apenas mais um, at\u00e9 a quarta-feira de cinzas, dia de chorar pelas oportunidades n\u00e3o aproveitadas. E pelos bilh\u00f5es de reais que n\u00e3o voltam mais.<\/p>\n<p>Os Estados Unidos recebem 70 milh\u00f5es de turistas internacionais, Londres 20 milh\u00f5es, Nova York 12&#8230;<\/p>\n<p>Ah mas n\u00e3o podemos nos comparar a pa\u00edses t\u00e3o desenvolvidos?<\/p>\n<p>Pois saibam que sem a ambi\u00e7\u00e3o positiva n\u00e3o acabaremos com a mis\u00e9ria, com a corrup\u00e7\u00e3o, com o descalabro, o desmatamento, a falta de \u00e1gua e de vergonha na cara&#8230; e j\u00e1 que falamos em cara, sem ambi\u00e7\u00e3o e vontade n\u00e3o acabaremos com a cara de pau. N\u00e3o daremos passos retos e sim andaremos em c\u00edrculo, como h\u00e1 mais de cinco s\u00e9culos.<\/p>\n<p>Sim temos de nos orgulhar dos milh\u00f5es que est\u00e3o viajando ao Exterior (e se fazem compras&#8230; sabemos os motivos). Pelo pujante turismo dom\u00e9stico. Mas soltar roj\u00f5es superfaturados quando crescemos bem menos de 10% no recebimento de turistas? Se crescermos 50% n\u00e3o ser\u00e1 suficiente para taparmos tantos buracos abertos, recuperar tanto tempo perdido, salvarmos comunidades, brasileiros e empresas que poderiam estar vivendo muito bem da ind\u00fastria de viagens e turismo.<\/p>\n<p>H\u00e1 esperan\u00e7a? Sempre. Mas n\u00e3o conte com os turistas da Copa. Eles j\u00e1 vieram e se foram. Na Olimp\u00edada ser\u00e3o outros tantos. Tamb\u00e9m com o mesmo foco: o evento. Outro alegre carnaval. Nisso, e me orgulho, somos craques.<\/p>\n<p>E aproveite as promo\u00e7\u00f5es do ano da inc\u00f3gnita. M\u00e3os \u00e0 obra (obra no bom sentido, claro). Elas j\u00e1 come\u00e7aram e s\u00e3o uma arma boa de convencimento. De tentar reverter um pessimismo que pode contaminar.<\/p>\n<p>Mas que o turismo pode curar.<\/p>\n<p><strong>PS<\/strong>: no Brasil, o Pa\u00eds superlativo, volume \u00e9 importante e d\u00e1 respaldo para discursos inflamados. Mas h\u00e1 modelos que comportam apenas dezenas, centenas, poucos milhares. Com resultados magn\u00edficos. Portanto, mire-se nos bons. Se eles forem grandes, n\u00e3o importar\u00e1 muito. Que sejamos, a cada dia, os melhores. Sem nos preocuparmos com a soberba, pois h\u00e1 tempos que convivemos com o p\u00e9 na lama e no barro. Com a terra que nos puxa a orelha. Com a mis\u00e9ria em sua pior forma.<\/p>\n","protected":false},"excerpt":{"rendered":"<p>E a Copa n\u00e3o ajudou o Brasil. N\u00e3o trouxe mais turistas, mais infraestrutura, mais orgulho&#8230; Foi como mais um carnaval&#8230; que passou. E j\u00e1 estamos \u00e0s v\u00e9speras de outro. Qual vai ser sua fantasia nesse carnaval? No pa\u00eds em que tudo se mascara, em que de cara limpa ningu\u00e9m sai \u00e0s ruas, melhor \u00e9 sumir [&hellip;]<\/p>\n","protected":false},"author":7,"featured_media":0,"comment_status":"open","ping_status":"open","sticky":false,"template":"","format":"standard","meta":{"spay_email":""},"categories":[2],"tags":[],"yoast_head":"<!-- This site is optimized with the Yoast SEO plugin v17.3 - https:\/\/yoast.com\/wordpress\/plugins\/seo\/ -->\n<title>2015: faremos contato ou estamos s\u00f3s? -<\/title>\n<meta name=\"description\" content=\"2015: faremos contato ou estamos s\u00f3s?. Confira essa Mat\u00e9ria no Canal Sem reserva. \u27a4 Projeto em parceria com a PANROTAS.\" \/>\n<meta name=\"robots\" content=\"index, follow, max-snippet:-1, max-image-preview:large, max-video-preview:-1\" \/>\n<link rel=\"canonical\" href=\"https:\/\/blog.panrotas.com.br\/semreserva\/2015-faremos-contato-ou-estamos-sos\/05-02-2015\/\" \/>\n<meta property=\"og:locale\" content=\"pt_BR\" \/>\n<meta property=\"og:type\" content=\"article\" \/>\n<meta property=\"og:title\" content=\"2015: faremos contato ou estamos s\u00f3s? -\" \/>\n<meta property=\"og:description\" content=\"2015: faremos contato ou estamos s\u00f3s?. Confira essa Mat\u00e9ria no Canal Sem reserva. \u27a4 Projeto em parceria com a PANROTAS.\" \/>\n<meta property=\"og:url\" content=\"https:\/\/blog.panrotas.com.br\/semreserva\/2015-faremos-contato-ou-estamos-sos\/05-02-2015\/\" \/>\n<meta property=\"og:site_name\" content=\"Sem reserva\" \/>\n<meta property=\"article:publisher\" content=\"https:\/\/www.facebook.com\/portalpanrotas\/\" \/>\n<meta property=\"article:published_time\" content=\"2015-02-05T03:21:25+00:00\" \/>\n<meta name=\"twitter:card\" content=\"summary_large_image\" \/>\n<meta name=\"twitter:creator\" content=\"@portalpanrotas\" \/>\n<meta name=\"twitter:site\" content=\"@portalpanrotas\" \/>\n<meta name=\"twitter:label1\" content=\"Escrito por\" \/>\n\t<meta name=\"twitter:data1\" content=\"Artur Andrade\" \/>\n\t<meta name=\"twitter:label2\" content=\"Est. tempo de leitura\" \/>\n\t<meta name=\"twitter:data2\" content=\"2 minutos\" \/>\n<script type=\"application\/ld+json\" class=\"yoast-schema-graph\">{\"@context\":\"https:\/\/schema.org\",\"@graph\":[{\"@type\":\"Organization\",\"@id\":\"http:\/\/blog.panrotas.com.br\/semreserva\/#organization\",\"name\":\"Sem Reserva - Blog no Portal PANROTAS\",\"url\":\"http:\/\/blog.panrotas.com.br\/semreserva\/\",\"sameAs\":[\"https:\/\/www.facebook.com\/portalpanrotas\/\",\"https:\/\/www.instagram.com\/portalpanrotas\/\",\"https:\/\/br.linkedin.com\/company\/panrotas\",\"https:\/\/www.youtube.com\/tvpanrotas\",\"https:\/\/twitter.com\/portalpanrotas\"],\"logo\":{\"@type\":\"ImageObject\",\"@id\":\"http:\/\/blog.panrotas.com.br\/semreserva\/#logo\",\"inLanguage\":\"pt-BR\",\"url\":\"https:\/\/blog.panrotas.com.br\/semreserva\/wp-content\/uploads\/sites\/5\/2020\/06\/logo.png\",\"contentUrl\":\"https:\/\/blog.panrotas.com.br\/semreserva\/wp-content\/uploads\/sites\/5\/2020\/06\/logo.png\",\"width\":259,\"height\":53,\"caption\":\"Sem Reserva - Blog no Portal PANROTAS\"},\"image\":{\"@id\":\"http:\/\/blog.panrotas.com.br\/semreserva\/#logo\"}},{\"@type\":\"WebSite\",\"@id\":\"http:\/\/blog.panrotas.com.br\/semreserva\/#website\",\"url\":\"http:\/\/blog.panrotas.com.br\/semreserva\/\",\"name\":\"Sem reserva\",\"description\":\"Blogosfera PANROTAS\",\"publisher\":{\"@id\":\"http:\/\/blog.panrotas.com.br\/semreserva\/#organization\"},\"potentialAction\":[{\"@type\":\"SearchAction\",\"target\":{\"@type\":\"EntryPoint\",\"urlTemplate\":\"http:\/\/blog.panrotas.com.br\/semreserva\/?s={search_term_string}\"},\"query-input\":\"required name=search_term_string\"}],\"inLanguage\":\"pt-BR\"},{\"@type\":\"WebPage\",\"@id\":\"https:\/\/blog.panrotas.com.br\/semreserva\/2015-faremos-contato-ou-estamos-sos\/05-02-2015\/#webpage\",\"url\":\"https:\/\/blog.panrotas.com.br\/semreserva\/2015-faremos-contato-ou-estamos-sos\/05-02-2015\/\",\"name\":\"2015: faremos contato ou estamos s\\u00f3s? -\",\"isPartOf\":{\"@id\":\"http:\/\/blog.panrotas.com.br\/semreserva\/#website\"},\"datePublished\":\"2015-02-05T03:21:25+00:00\",\"dateModified\":\"2015-02-05T03:21:25+00:00\",\"description\":\"2015: faremos contato ou estamos s\\u00f3s?. Confira essa Mat\\u00e9ria no Canal Sem reserva. \\u27a4 Projeto em parceria com a PANROTAS.\",\"breadcrumb\":{\"@id\":\"https:\/\/blog.panrotas.com.br\/semreserva\/2015-faremos-contato-ou-estamos-sos\/05-02-2015\/#breadcrumb\"},\"inLanguage\":\"pt-BR\",\"potentialAction\":[{\"@type\":\"ReadAction\",\"target\":[\"https:\/\/blog.panrotas.com.br\/semreserva\/2015-faremos-contato-ou-estamos-sos\/05-02-2015\/\"]}]},{\"@type\":\"BreadcrumbList\",\"@id\":\"https:\/\/blog.panrotas.com.br\/semreserva\/2015-faremos-contato-ou-estamos-sos\/05-02-2015\/#breadcrumb\",\"itemListElement\":[{\"@type\":\"ListItem\",\"position\":1,\"name\":\"Home do Blog\",\"item\":\"http:\/\/blog.panrotas.com.br\/semreserva\/\"},{\"@type\":\"ListItem\",\"position\":2,\"name\":\"Dia a dia\",\"item\":\"https:\/\/blog.panrotas.com.br\/semreserva\/category\/dia-a-dia\/\"},{\"@type\":\"ListItem\",\"position\":3,\"name\":\"2015: faremos contato ou estamos s\\u00f3s?\"}]},{\"@type\":\"Article\",\"@id\":\"https:\/\/blog.panrotas.com.br\/semreserva\/2015-faremos-contato-ou-estamos-sos\/05-02-2015\/#article\",\"isPartOf\":{\"@id\":\"https:\/\/blog.panrotas.com.br\/semreserva\/2015-faremos-contato-ou-estamos-sos\/05-02-2015\/#webpage\"},\"author\":{\"@id\":\"http:\/\/blog.panrotas.com.br\/semreserva\/#\/schema\/person\/c93b4555f6a497d2d83c25dcb80f61ed\"},\"headline\":\"2015: faremos contato ou estamos s\\u00f3s?\",\"datePublished\":\"2015-02-05T03:21:25+00:00\",\"dateModified\":\"2015-02-05T03:21:25+00:00\",\"mainEntityOfPage\":{\"@id\":\"https:\/\/blog.panrotas.com.br\/semreserva\/2015-faremos-contato-ou-estamos-sos\/05-02-2015\/#webpage\"},\"wordCount\":436,\"commentCount\":0,\"publisher\":{\"@id\":\"http:\/\/blog.panrotas.com.br\/semreserva\/#organization\"},\"articleSection\":[\"Dia a dia\"],\"inLanguage\":\"pt-BR\",\"potentialAction\":[{\"@type\":\"CommentAction\",\"name\":\"Comment\",\"target\":[\"https:\/\/blog.panrotas.com.br\/semreserva\/2015-faremos-contato-ou-estamos-sos\/05-02-2015\/#respond\"]}]},{\"@type\":\"Person\",\"@id\":\"http:\/\/blog.panrotas.com.br\/semreserva\/#\/schema\/person\/c93b4555f6a497d2d83c25dcb80f61ed\",\"name\":\"Artur Andrade\",\"image\":{\"@type\":\"ImageObject\",\"@id\":\"http:\/\/blog.panrotas.com.br\/semreserva\/#personlogo\",\"inLanguage\":\"pt-BR\",\"url\":\"https:\/\/secure.gravatar.com\/avatar\/a94564d630220cefd5c82f3452ac1ef4?s=96&d=mm&r=g\",\"contentUrl\":\"https:\/\/secure.gravatar.com\/avatar\/a94564d630220cefd5c82f3452ac1ef4?s=96&d=mm&r=g\",\"caption\":\"Artur Andrade\"},\"description\":\"Artur Luiz Andrade \\u00e9 carioca, taurino, jornalista e nasceu em 1969. \\u00c9 editor-chefe da PANROTAS Editora e mora em S\\u00e3o Paulo desde 1998\",\"sameAs\":[\"http:\/\/www.panrotas.com.br\"]}]}<\/script>\n<!-- \/ Yoast SEO plugin. -->","yoast_head_json":{"title":"2015: faremos contato ou estamos s\u00f3s? -","description":"2015: faremos contato ou estamos s\u00f3s?. Confira essa Mat\u00e9ria no Canal Sem reserva. \u27a4 Projeto em parceria com a PANROTAS.","robots":{"index":"index","follow":"follow","max-snippet":"max-snippet:-1","max-image-preview":"max-image-preview:large","max-video-preview":"max-video-preview:-1"},"canonical":"https:\/\/blog.panrotas.com.br\/semreserva\/2015-faremos-contato-ou-estamos-sos\/05-02-2015\/","og_locale":"pt_BR","og_type":"article","og_title":"2015: faremos contato ou estamos s\u00f3s? -","og_description":"2015: faremos contato ou estamos s\u00f3s?. Confira essa Mat\u00e9ria no Canal Sem reserva. \u27a4 Projeto em parceria com a PANROTAS.","og_url":"https:\/\/blog.panrotas.com.br\/semreserva\/2015-faremos-contato-ou-estamos-sos\/05-02-2015\/","og_site_name":"Sem reserva","article_publisher":"https:\/\/www.facebook.com\/portalpanrotas\/","article_published_time":"2015-02-05T03:21:25+00:00","twitter_card":"summary_large_image","twitter_creator":"@portalpanrotas","twitter_site":"@portalpanrotas","twitter_misc":{"Escrito por":"Artur Andrade","Est. tempo de leitura":"2 minutos"},"schema":{"@context":"https:\/\/schema.org","@graph":[{"@type":"Organization","@id":"http:\/\/blog.panrotas.com.br\/semreserva\/#organization","name":"Sem Reserva - Blog no Portal PANROTAS","url":"http:\/\/blog.panrotas.com.br\/semreserva\/","sameAs":["https:\/\/www.facebook.com\/portalpanrotas\/","https:\/\/www.instagram.com\/portalpanrotas\/","https:\/\/br.linkedin.com\/company\/panrotas","https:\/\/www.youtube.com\/tvpanrotas","https:\/\/twitter.com\/portalpanrotas"],"logo":{"@type":"ImageObject","@id":"http:\/\/blog.panrotas.com.br\/semreserva\/#logo","inLanguage":"pt-BR","url":"https:\/\/blog.panrotas.com.br\/semreserva\/wp-content\/uploads\/sites\/5\/2020\/06\/logo.png","contentUrl":"https:\/\/blog.panrotas.com.br\/semreserva\/wp-content\/uploads\/sites\/5\/2020\/06\/logo.png","width":259,"height":53,"caption":"Sem Reserva - Blog no Portal PANROTAS"},"image":{"@id":"http:\/\/blog.panrotas.com.br\/semreserva\/#logo"}},{"@type":"WebSite","@id":"http:\/\/blog.panrotas.com.br\/semreserva\/#website","url":"http:\/\/blog.panrotas.com.br\/semreserva\/","name":"Sem reserva","description":"Blogosfera PANROTAS","publisher":{"@id":"http:\/\/blog.panrotas.com.br\/semreserva\/#organization"},"potentialAction":[{"@type":"SearchAction","target":{"@type":"EntryPoint","urlTemplate":"http:\/\/blog.panrotas.com.br\/semreserva\/?s={search_term_string}"},"query-input":"required name=search_term_string"}],"inLanguage":"pt-BR"},{"@type":"WebPage","@id":"https:\/\/blog.panrotas.com.br\/semreserva\/2015-faremos-contato-ou-estamos-sos\/05-02-2015\/#webpage","url":"https:\/\/blog.panrotas.com.br\/semreserva\/2015-faremos-contato-ou-estamos-sos\/05-02-2015\/","name":"2015: faremos contato ou estamos s\u00f3s? -","isPartOf":{"@id":"http:\/\/blog.panrotas.com.br\/semreserva\/#website"},"datePublished":"2015-02-05T03:21:25+00:00","dateModified":"2015-02-05T03:21:25+00:00","description":"2015: faremos contato ou estamos s\u00f3s?. Confira essa Mat\u00e9ria no Canal Sem reserva. \u27a4 Projeto em parceria com a PANROTAS.","breadcrumb":{"@id":"https:\/\/blog.panrotas.com.br\/semreserva\/2015-faremos-contato-ou-estamos-sos\/05-02-2015\/#breadcrumb"},"inLanguage":"pt-BR","potentialAction":[{"@type":"ReadAction","target":["https:\/\/blog.panrotas.com.br\/semreserva\/2015-faremos-contato-ou-estamos-sos\/05-02-2015\/"]}]},{"@type":"BreadcrumbList","@id":"https:\/\/blog.panrotas.com.br\/semreserva\/2015-faremos-contato-ou-estamos-sos\/05-02-2015\/#breadcrumb","itemListElement":[{"@type":"ListItem","position":1,"name":"Home do Blog","item":"http:\/\/blog.panrotas.com.br\/semreserva\/"},{"@type":"ListItem","position":2,"name":"Dia a dia","item":"https:\/\/blog.panrotas.com.br\/semreserva\/category\/dia-a-dia\/"},{"@type":"ListItem","position":3,"name":"2015: faremos contato ou estamos s\u00f3s?"}]},{"@type":"Article","@id":"https:\/\/blog.panrotas.com.br\/semreserva\/2015-faremos-contato-ou-estamos-sos\/05-02-2015\/#article","isPartOf":{"@id":"https:\/\/blog.panrotas.com.br\/semreserva\/2015-faremos-contato-ou-estamos-sos\/05-02-2015\/#webpage"},"author":{"@id":"http:\/\/blog.panrotas.com.br\/semreserva\/#\/schema\/person\/c93b4555f6a497d2d83c25dcb80f61ed"},"headline":"2015: faremos contato ou estamos s\u00f3s?","datePublished":"2015-02-05T03:21:25+00:00","dateModified":"2015-02-05T03:21:25+00:00","mainEntityOfPage":{"@id":"https:\/\/blog.panrotas.com.br\/semreserva\/2015-faremos-contato-ou-estamos-sos\/05-02-2015\/#webpage"},"wordCount":436,"commentCount":0,"publisher":{"@id":"http:\/\/blog.panrotas.com.br\/semreserva\/#organization"},"articleSection":["Dia a dia"],"inLanguage":"pt-BR","potentialAction":[{"@type":"CommentAction","name":"Comment","target":["https:\/\/blog.panrotas.com.br\/semreserva\/2015-faremos-contato-ou-estamos-sos\/05-02-2015\/#respond"]}]},{"@type":"Person","@id":"http:\/\/blog.panrotas.com.br\/semreserva\/#\/schema\/person\/c93b4555f6a497d2d83c25dcb80f61ed","name":"Artur Andrade","image":{"@type":"ImageObject","@id":"http:\/\/blog.panrotas.com.br\/semreserva\/#personlogo","inLanguage":"pt-BR","url":"https:\/\/secure.gravatar.com\/avatar\/a94564d630220cefd5c82f3452ac1ef4?s=96&d=mm&r=g","contentUrl":"https:\/\/secure.gravatar.com\/avatar\/a94564d630220cefd5c82f3452ac1ef4?s=96&d=mm&r=g","caption":"Artur Andrade"},"description":"Artur Luiz Andrade \u00e9 carioca, taurino, jornalista e nasceu em 1969. \u00c9 editor-chefe da PANROTAS Editora e mora em S\u00e3o Paulo desde 1998","sameAs":["http:\/\/www.panrotas.com.br"]}]}},"jetpack_featured_media_url":"","jetpack_shortlink":"https:\/\/wp.me\/p7idIU-16x","_links":{"self":[{"href":"https:\/\/blog.panrotas.com.br\/semreserva\/wp-json\/wp\/v2\/posts\/4249"}],"collection":[{"href":"https:\/\/blog.panrotas.com.br\/semreserva\/wp-json\/wp\/v2\/posts"}],"about":[{"href":"https:\/\/blog.panrotas.com.br\/semreserva\/wp-json\/wp\/v2\/types\/post"}],"author":[{"embeddable":true,"href":"https:\/\/blog.panrotas.com.br\/semreserva\/wp-json\/wp\/v2\/users\/7"}],"replies":[{"embeddable":true,"href":"https:\/\/blog.panrotas.com.br\/semreserva\/wp-json\/wp\/v2\/comments?post=4249"}],"version-history":[{"count":0,"href":"https:\/\/blog.panrotas.com.br\/semreserva\/wp-json\/wp\/v2\/posts\/4249\/revisions"}],"wp:attachment":[{"href":"https:\/\/blog.panrotas.com.br\/semreserva\/wp-json\/wp\/v2\/media?parent=4249"}],"wp:term":[{"taxonomy":"category","embeddable":true,"href":"https:\/\/blog.panrotas.com.br\/semreserva\/wp-json\/wp\/v2\/categories?post=4249"},{"taxonomy":"post_tag","embeddable":true,"href":"https:\/\/blog.panrotas.com.br\/semreserva\/wp-json\/wp\/v2\/tags?post=4249"}],"curies":[{"name":"wp","href":"https:\/\/api.w.org\/{rel}","templated":true}]}}