{"id":4263,"date":"2015-02-23T14:30:08","date_gmt":"2015-02-23T17:30:08","guid":{"rendered":"http:\/\/blog.panrotas.com.br\/semreserva\/?p=4263"},"modified":"2015-02-23T14:30:08","modified_gmt":"2015-02-23T17:30:08","slug":"samba-culpa-e-turismo","status":"publish","type":"post","link":"https:\/\/blog.panrotas.com.br\/semreserva\/samba-culpa-e-turismo\/23-02-2015\/","title":{"rendered":"Samba, culpa e turismo"},"content":{"rendered":"<p>A vit\u00f3ria da escola de samba Beija-Flor no carnaval carioca levanta quest\u00f5es interessantes. Vale comemorar um campeonato patrocinado por uma ditadura, j\u00e1 que a agremia\u00e7\u00e3o homenageou Guin\u00e9 Equatorial? Mas n\u00e3o teria o pr\u00f3prio carnaval um p\u00e9 na contraven\u00e7\u00e3o, com as lend\u00e1rias figuras de bicheiros \u00e0 frente das escolas?<\/p>\n<p>A quest\u00e3o pode ir mais longe. Fazer turismo significa compactuar com o regime do pa\u00eds visitado? Voc\u00ea iria para a Coreia do Norte? E para Cuba? Voc\u00ea visitaria um destino que depreda o meio ambiente? Ou que explora o trabalho infantil? N\u00e3o \u00e9 o Brasil campe\u00e3o em desmatamento, especialmente na Amaz\u00f4nia? Deve ser boicotado por isso?<\/p>\n<p>A Indon\u00e9sia sofrer\u00e1 repres\u00e1lias no turismo depois da execu\u00e7\u00e3o do traficante brasileiro? A Austr\u00e1lia amea\u00e7a sim boicotar os destinos do pa\u00eds caso um australiano preso seja executado. Mas por esse racioc\u00ednio, quem \u00e9 contra a pena de morte ter\u00e1 v\u00e1rios destinos a serem \u201cboicotados\u201d, incluindo nos EUA. O turismo deve se engajar a esse ponto ou fechar os olhos para certas quest\u00f5es? O turista deve se sentir culpado?<\/p>\n<p>No Jap\u00e3o, h\u00e1 a ca\u00e7a \u00e0s baleias. Mas na \u00c1frica tamb\u00e9m se ca\u00e7am animais. Legalmente. No Brasil, animais silvestres s\u00e3o traficados. O turismo, obviamente, n\u00e3o pode compactuar com pr\u00e1ticas criminosas, tendo, inclusive, de denunci\u00e1-las. Isso vale para crimes que v\u00e3o do turismo sexual \u00e0 explora\u00e7\u00e3o comercial dos turistas (como nos t\u00e1xis ilegais ou falsos guias). Mas da\u00ed a boicotar um destino porque neles h\u00e1 crimes&#8230; melhor n\u00e3o sair de casa.<\/p>\n<p>Mas, claro, uma ditadura ou uma a\u00e7\u00e3o mais pol\u00eamica de um pa\u00eds pode sim gerar protestos e at\u00e9 boicotes. Durante anos, a \u00c1frica do Sul pagou o pre\u00e7o de patrocinar, promover e colocar em pr\u00e1tica um dos regimes mais nocivos do planeta, o Apartheid. Not\u00edcias como a da execu\u00e7\u00e3o do brasileiro tamb\u00e9m assustam. N\u00e3o que todo turista seja traficante, mas o viajante se coloca no lugar do preso: e se me prenderem por engano? E se colocam a droga em uma bagagem minha? At\u00e9 explicar, em outra l\u00edngua, que foi um mal-entendido&#8230; Ou no ditado popular: que focinho de porco n\u00e3o \u00e9 tomada&#8230;<\/p>\n<p>O turista tem de ser consciente de onde estar indo. Seja a lazer, seja a neg\u00f3cios. Se um tipo de regime o agride, ou a forma como as mulheres ou crian\u00e7as s\u00e3o tratadas, por exemplo, deve sim pensar duas vezes antes de ir. H\u00e1 quem n\u00e3o v\u00e1 aos Estados Unidos por quest\u00f5es ideol\u00f3gicas? Possivelmente, mas a burocracia do visto deve ser um fator mais relevante. H\u00e1 quem n\u00e3o v\u00e1 a pa\u00edses como a \u00cdndia ou alguns da \u00c1frica pelas diferen\u00e7as culturais e os baixos \u00edndices de IDH? Com certeza. A\u00e7\u00f5es pontuais ou medo e desconhecimento, possivelmente. O que n\u00f3s sofremos no Brasil enquanto destino tur\u00edstico.<\/p>\n<p>Mas quando a massa come\u00e7a a agir da mesma forma, quer dizer que o pa\u00eds repele o turismo de forma generalizada.<\/p>\n<p>Afinal, vale celebrar um campeonato patrocinado por uma ditadura? E assistir a um jogo de v\u00f4lei depois dos esc\u00e2ndalos na CBV? E abastecer em um posto Petrobras? Voc\u00ea atravessaria a cal\u00e7ada se em sua dire\u00e7\u00e3o viesse um dos mensaleiros? A Venezuela deve bilh\u00f5es \u00e0s empresas a\u00e9reas que l\u00e1 operam. Isso te afeta enquanto viajante para aquele pa\u00eds? Com certeza, casais gays riscaram a R\u00fassia de sua lista de destinos a serem visitados. Mas outros turistas tamb\u00e9m?<\/p>\n<p>O turismo \u00e9 a ind\u00fastria da paz, da alegria, dos sonhos. Mas n\u00e3o pode e nem deve fechar os olhos para os absurdos ao redor do planeta. Tamb\u00e9m n\u00e3o vai consertar o mundo. H\u00e1 um equil\u00edbrio poss\u00edvel? E nem vamos falar (agora) da crise h\u00eddrica, em que o turismo tem papel fundamental&#8230; Fica para a pr\u00f3xima, quando j\u00e1 deve estar no mercado o pacote de viagens com cinco banhos inclusos por dia&#8230;<\/p>\n<p>&nbsp;<\/p>\n<p>P.S. A resposta para o post anterior j\u00e1 est\u00e1 no Portal PANROTAS. Claro, Ana Maria Berto agora \u00e9 Orinter.<\/p>\n<p>&nbsp;<\/p>\n<p>&nbsp;<\/p>\n","protected":false},"excerpt":{"rendered":"<p>A vit\u00f3ria da escola de samba Beija-Flor no carnaval carioca levanta quest\u00f5es interessantes. Vale comemorar um campeonato patrocinado por uma ditadura, j\u00e1 que a agremia\u00e7\u00e3o homenageou Guin\u00e9 Equatorial? Mas n\u00e3o teria o pr\u00f3prio carnaval um p\u00e9 na contraven\u00e7\u00e3o, com as lend\u00e1rias figuras de bicheiros \u00e0 frente das escolas? A quest\u00e3o pode ir mais longe. Fazer [&hellip;]<\/p>\n","protected":false},"author":7,"featured_media":0,"comment_status":"open","ping_status":"open","sticky":false,"template":"","format":"standard","meta":{"spay_email":""},"categories":[2],"tags":[],"yoast_head":"<!-- This site is optimized with the Yoast SEO plugin v17.3 - https:\/\/yoast.com\/wordpress\/plugins\/seo\/ -->\n<title>Samba, culpa e turismo -<\/title>\n<meta name=\"description\" content=\"Samba, culpa e turismo. Confira essa Mat\u00e9ria no Canal Sem reserva. \u27a4 Projeto em parceria com a PANROTAS.\" \/>\n<meta name=\"robots\" content=\"index, follow, max-snippet:-1, max-image-preview:large, max-video-preview:-1\" \/>\n<link rel=\"canonical\" href=\"https:\/\/blog.panrotas.com.br\/semreserva\/samba-culpa-e-turismo\/23-02-2015\/\" \/>\n<meta property=\"og:locale\" content=\"pt_BR\" \/>\n<meta property=\"og:type\" content=\"article\" \/>\n<meta property=\"og:title\" content=\"Samba, culpa e turismo -\" \/>\n<meta property=\"og:description\" content=\"Samba, culpa e turismo. Confira essa Mat\u00e9ria no Canal Sem reserva. \u27a4 Projeto em parceria com a PANROTAS.\" \/>\n<meta property=\"og:url\" content=\"https:\/\/blog.panrotas.com.br\/semreserva\/samba-culpa-e-turismo\/23-02-2015\/\" \/>\n<meta property=\"og:site_name\" content=\"Sem reserva\" \/>\n<meta property=\"article:publisher\" content=\"https:\/\/www.facebook.com\/portalpanrotas\/\" \/>\n<meta property=\"article:published_time\" content=\"2015-02-23T17:30:08+00:00\" \/>\n<meta name=\"twitter:card\" content=\"summary_large_image\" \/>\n<meta name=\"twitter:creator\" content=\"@portalpanrotas\" \/>\n<meta name=\"twitter:site\" content=\"@portalpanrotas\" \/>\n<meta name=\"twitter:label1\" content=\"Escrito por\" \/>\n\t<meta name=\"twitter:data1\" content=\"Artur Andrade\" \/>\n\t<meta name=\"twitter:label2\" content=\"Est. tempo de leitura\" \/>\n\t<meta name=\"twitter:data2\" content=\"4 minutos\" \/>\n<script type=\"application\/ld+json\" class=\"yoast-schema-graph\">{\"@context\":\"https:\/\/schema.org\",\"@graph\":[{\"@type\":\"Organization\",\"@id\":\"http:\/\/blog.panrotas.com.br\/semreserva\/#organization\",\"name\":\"Sem Reserva - Blog no Portal PANROTAS\",\"url\":\"http:\/\/blog.panrotas.com.br\/semreserva\/\",\"sameAs\":[\"https:\/\/www.facebook.com\/portalpanrotas\/\",\"https:\/\/www.instagram.com\/portalpanrotas\/\",\"https:\/\/br.linkedin.com\/company\/panrotas\",\"https:\/\/www.youtube.com\/tvpanrotas\",\"https:\/\/twitter.com\/portalpanrotas\"],\"logo\":{\"@type\":\"ImageObject\",\"@id\":\"http:\/\/blog.panrotas.com.br\/semreserva\/#logo\",\"inLanguage\":\"pt-BR\",\"url\":\"https:\/\/blog.panrotas.com.br\/semreserva\/wp-content\/uploads\/sites\/5\/2020\/06\/logo.png\",\"contentUrl\":\"https:\/\/blog.panrotas.com.br\/semreserva\/wp-content\/uploads\/sites\/5\/2020\/06\/logo.png\",\"width\":259,\"height\":53,\"caption\":\"Sem Reserva - Blog no Portal PANROTAS\"},\"image\":{\"@id\":\"http:\/\/blog.panrotas.com.br\/semreserva\/#logo\"}},{\"@type\":\"WebSite\",\"@id\":\"http:\/\/blog.panrotas.com.br\/semreserva\/#website\",\"url\":\"http:\/\/blog.panrotas.com.br\/semreserva\/\",\"name\":\"Sem reserva\",\"description\":\"Blogosfera PANROTAS\",\"publisher\":{\"@id\":\"http:\/\/blog.panrotas.com.br\/semreserva\/#organization\"},\"potentialAction\":[{\"@type\":\"SearchAction\",\"target\":{\"@type\":\"EntryPoint\",\"urlTemplate\":\"http:\/\/blog.panrotas.com.br\/semreserva\/?s={search_term_string}\"},\"query-input\":\"required name=search_term_string\"}],\"inLanguage\":\"pt-BR\"},{\"@type\":\"WebPage\",\"@id\":\"https:\/\/blog.panrotas.com.br\/semreserva\/samba-culpa-e-turismo\/23-02-2015\/#webpage\",\"url\":\"https:\/\/blog.panrotas.com.br\/semreserva\/samba-culpa-e-turismo\/23-02-2015\/\",\"name\":\"Samba, culpa e turismo -\",\"isPartOf\":{\"@id\":\"http:\/\/blog.panrotas.com.br\/semreserva\/#website\"},\"datePublished\":\"2015-02-23T17:30:08+00:00\",\"dateModified\":\"2015-02-23T17:30:08+00:00\",\"description\":\"Samba, culpa e turismo. Confira essa Mat\\u00e9ria no Canal Sem reserva. \\u27a4 Projeto em parceria com a PANROTAS.\",\"breadcrumb\":{\"@id\":\"https:\/\/blog.panrotas.com.br\/semreserva\/samba-culpa-e-turismo\/23-02-2015\/#breadcrumb\"},\"inLanguage\":\"pt-BR\",\"potentialAction\":[{\"@type\":\"ReadAction\",\"target\":[\"https:\/\/blog.panrotas.com.br\/semreserva\/samba-culpa-e-turismo\/23-02-2015\/\"]}]},{\"@type\":\"BreadcrumbList\",\"@id\":\"https:\/\/blog.panrotas.com.br\/semreserva\/samba-culpa-e-turismo\/23-02-2015\/#breadcrumb\",\"itemListElement\":[{\"@type\":\"ListItem\",\"position\":1,\"name\":\"Home do Blog\",\"item\":\"http:\/\/blog.panrotas.com.br\/semreserva\/\"},{\"@type\":\"ListItem\",\"position\":2,\"name\":\"Dia a dia\",\"item\":\"https:\/\/blog.panrotas.com.br\/semreserva\/category\/dia-a-dia\/\"},{\"@type\":\"ListItem\",\"position\":3,\"name\":\"Samba, culpa e turismo\"}]},{\"@type\":\"Article\",\"@id\":\"https:\/\/blog.panrotas.com.br\/semreserva\/samba-culpa-e-turismo\/23-02-2015\/#article\",\"isPartOf\":{\"@id\":\"https:\/\/blog.panrotas.com.br\/semreserva\/samba-culpa-e-turismo\/23-02-2015\/#webpage\"},\"author\":{\"@id\":\"http:\/\/blog.panrotas.com.br\/semreserva\/#\/schema\/person\/c93b4555f6a497d2d83c25dcb80f61ed\"},\"headline\":\"Samba, culpa e turismo\",\"datePublished\":\"2015-02-23T17:30:08+00:00\",\"dateModified\":\"2015-02-23T17:30:08+00:00\",\"mainEntityOfPage\":{\"@id\":\"https:\/\/blog.panrotas.com.br\/semreserva\/samba-culpa-e-turismo\/23-02-2015\/#webpage\"},\"wordCount\":714,\"commentCount\":0,\"publisher\":{\"@id\":\"http:\/\/blog.panrotas.com.br\/semreserva\/#organization\"},\"articleSection\":[\"Dia a dia\"],\"inLanguage\":\"pt-BR\",\"potentialAction\":[{\"@type\":\"CommentAction\",\"name\":\"Comment\",\"target\":[\"https:\/\/blog.panrotas.com.br\/semreserva\/samba-culpa-e-turismo\/23-02-2015\/#respond\"]}]},{\"@type\":\"Person\",\"@id\":\"http:\/\/blog.panrotas.com.br\/semreserva\/#\/schema\/person\/c93b4555f6a497d2d83c25dcb80f61ed\",\"name\":\"Artur Andrade\",\"image\":{\"@type\":\"ImageObject\",\"@id\":\"http:\/\/blog.panrotas.com.br\/semreserva\/#personlogo\",\"inLanguage\":\"pt-BR\",\"url\":\"https:\/\/secure.gravatar.com\/avatar\/a94564d630220cefd5c82f3452ac1ef4?s=96&d=mm&r=g\",\"contentUrl\":\"https:\/\/secure.gravatar.com\/avatar\/a94564d630220cefd5c82f3452ac1ef4?s=96&d=mm&r=g\",\"caption\":\"Artur Andrade\"},\"description\":\"Artur Luiz Andrade \\u00e9 carioca, taurino, jornalista e nasceu em 1969. \\u00c9 editor-chefe da PANROTAS Editora e mora em S\\u00e3o Paulo desde 1998\",\"sameAs\":[\"http:\/\/www.panrotas.com.br\"]}]}<\/script>\n<!-- \/ Yoast SEO plugin. -->","yoast_head_json":{"title":"Samba, culpa e turismo -","description":"Samba, culpa e turismo. Confira essa Mat\u00e9ria no Canal Sem reserva. \u27a4 Projeto em parceria com a PANROTAS.","robots":{"index":"index","follow":"follow","max-snippet":"max-snippet:-1","max-image-preview":"max-image-preview:large","max-video-preview":"max-video-preview:-1"},"canonical":"https:\/\/blog.panrotas.com.br\/semreserva\/samba-culpa-e-turismo\/23-02-2015\/","og_locale":"pt_BR","og_type":"article","og_title":"Samba, culpa e turismo -","og_description":"Samba, culpa e turismo. Confira essa Mat\u00e9ria no Canal Sem reserva. \u27a4 Projeto em parceria com a PANROTAS.","og_url":"https:\/\/blog.panrotas.com.br\/semreserva\/samba-culpa-e-turismo\/23-02-2015\/","og_site_name":"Sem reserva","article_publisher":"https:\/\/www.facebook.com\/portalpanrotas\/","article_published_time":"2015-02-23T17:30:08+00:00","twitter_card":"summary_large_image","twitter_creator":"@portalpanrotas","twitter_site":"@portalpanrotas","twitter_misc":{"Escrito por":"Artur Andrade","Est. tempo de leitura":"4 minutos"},"schema":{"@context":"https:\/\/schema.org","@graph":[{"@type":"Organization","@id":"http:\/\/blog.panrotas.com.br\/semreserva\/#organization","name":"Sem Reserva - Blog no Portal PANROTAS","url":"http:\/\/blog.panrotas.com.br\/semreserva\/","sameAs":["https:\/\/www.facebook.com\/portalpanrotas\/","https:\/\/www.instagram.com\/portalpanrotas\/","https:\/\/br.linkedin.com\/company\/panrotas","https:\/\/www.youtube.com\/tvpanrotas","https:\/\/twitter.com\/portalpanrotas"],"logo":{"@type":"ImageObject","@id":"http:\/\/blog.panrotas.com.br\/semreserva\/#logo","inLanguage":"pt-BR","url":"https:\/\/blog.panrotas.com.br\/semreserva\/wp-content\/uploads\/sites\/5\/2020\/06\/logo.png","contentUrl":"https:\/\/blog.panrotas.com.br\/semreserva\/wp-content\/uploads\/sites\/5\/2020\/06\/logo.png","width":259,"height":53,"caption":"Sem Reserva - Blog no Portal PANROTAS"},"image":{"@id":"http:\/\/blog.panrotas.com.br\/semreserva\/#logo"}},{"@type":"WebSite","@id":"http:\/\/blog.panrotas.com.br\/semreserva\/#website","url":"http:\/\/blog.panrotas.com.br\/semreserva\/","name":"Sem reserva","description":"Blogosfera PANROTAS","publisher":{"@id":"http:\/\/blog.panrotas.com.br\/semreserva\/#organization"},"potentialAction":[{"@type":"SearchAction","target":{"@type":"EntryPoint","urlTemplate":"http:\/\/blog.panrotas.com.br\/semreserva\/?s={search_term_string}"},"query-input":"required name=search_term_string"}],"inLanguage":"pt-BR"},{"@type":"WebPage","@id":"https:\/\/blog.panrotas.com.br\/semreserva\/samba-culpa-e-turismo\/23-02-2015\/#webpage","url":"https:\/\/blog.panrotas.com.br\/semreserva\/samba-culpa-e-turismo\/23-02-2015\/","name":"Samba, culpa e turismo -","isPartOf":{"@id":"http:\/\/blog.panrotas.com.br\/semreserva\/#website"},"datePublished":"2015-02-23T17:30:08+00:00","dateModified":"2015-02-23T17:30:08+00:00","description":"Samba, culpa e turismo. Confira essa Mat\u00e9ria no Canal Sem reserva. \u27a4 Projeto em parceria com a PANROTAS.","breadcrumb":{"@id":"https:\/\/blog.panrotas.com.br\/semreserva\/samba-culpa-e-turismo\/23-02-2015\/#breadcrumb"},"inLanguage":"pt-BR","potentialAction":[{"@type":"ReadAction","target":["https:\/\/blog.panrotas.com.br\/semreserva\/samba-culpa-e-turismo\/23-02-2015\/"]}]},{"@type":"BreadcrumbList","@id":"https:\/\/blog.panrotas.com.br\/semreserva\/samba-culpa-e-turismo\/23-02-2015\/#breadcrumb","itemListElement":[{"@type":"ListItem","position":1,"name":"Home do Blog","item":"http:\/\/blog.panrotas.com.br\/semreserva\/"},{"@type":"ListItem","position":2,"name":"Dia a dia","item":"https:\/\/blog.panrotas.com.br\/semreserva\/category\/dia-a-dia\/"},{"@type":"ListItem","position":3,"name":"Samba, culpa e turismo"}]},{"@type":"Article","@id":"https:\/\/blog.panrotas.com.br\/semreserva\/samba-culpa-e-turismo\/23-02-2015\/#article","isPartOf":{"@id":"https:\/\/blog.panrotas.com.br\/semreserva\/samba-culpa-e-turismo\/23-02-2015\/#webpage"},"author":{"@id":"http:\/\/blog.panrotas.com.br\/semreserva\/#\/schema\/person\/c93b4555f6a497d2d83c25dcb80f61ed"},"headline":"Samba, culpa e turismo","datePublished":"2015-02-23T17:30:08+00:00","dateModified":"2015-02-23T17:30:08+00:00","mainEntityOfPage":{"@id":"https:\/\/blog.panrotas.com.br\/semreserva\/samba-culpa-e-turismo\/23-02-2015\/#webpage"},"wordCount":714,"commentCount":0,"publisher":{"@id":"http:\/\/blog.panrotas.com.br\/semreserva\/#organization"},"articleSection":["Dia a dia"],"inLanguage":"pt-BR","potentialAction":[{"@type":"CommentAction","name":"Comment","target":["https:\/\/blog.panrotas.com.br\/semreserva\/samba-culpa-e-turismo\/23-02-2015\/#respond"]}]},{"@type":"Person","@id":"http:\/\/blog.panrotas.com.br\/semreserva\/#\/schema\/person\/c93b4555f6a497d2d83c25dcb80f61ed","name":"Artur Andrade","image":{"@type":"ImageObject","@id":"http:\/\/blog.panrotas.com.br\/semreserva\/#personlogo","inLanguage":"pt-BR","url":"https:\/\/secure.gravatar.com\/avatar\/a94564d630220cefd5c82f3452ac1ef4?s=96&d=mm&r=g","contentUrl":"https:\/\/secure.gravatar.com\/avatar\/a94564d630220cefd5c82f3452ac1ef4?s=96&d=mm&r=g","caption":"Artur Andrade"},"description":"Artur Luiz Andrade \u00e9 carioca, taurino, jornalista e nasceu em 1969. \u00c9 editor-chefe da PANROTAS Editora e mora em S\u00e3o Paulo desde 1998","sameAs":["http:\/\/www.panrotas.com.br"]}]}},"jetpack_featured_media_url":"","jetpack_shortlink":"https:\/\/wp.me\/p7idIU-16L","_links":{"self":[{"href":"https:\/\/blog.panrotas.com.br\/semreserva\/wp-json\/wp\/v2\/posts\/4263"}],"collection":[{"href":"https:\/\/blog.panrotas.com.br\/semreserva\/wp-json\/wp\/v2\/posts"}],"about":[{"href":"https:\/\/blog.panrotas.com.br\/semreserva\/wp-json\/wp\/v2\/types\/post"}],"author":[{"embeddable":true,"href":"https:\/\/blog.panrotas.com.br\/semreserva\/wp-json\/wp\/v2\/users\/7"}],"replies":[{"embeddable":true,"href":"https:\/\/blog.panrotas.com.br\/semreserva\/wp-json\/wp\/v2\/comments?post=4263"}],"version-history":[{"count":0,"href":"https:\/\/blog.panrotas.com.br\/semreserva\/wp-json\/wp\/v2\/posts\/4263\/revisions"}],"wp:attachment":[{"href":"https:\/\/blog.panrotas.com.br\/semreserva\/wp-json\/wp\/v2\/media?parent=4263"}],"wp:term":[{"taxonomy":"category","embeddable":true,"href":"https:\/\/blog.panrotas.com.br\/semreserva\/wp-json\/wp\/v2\/categories?post=4263"},{"taxonomy":"post_tag","embeddable":true,"href":"https:\/\/blog.panrotas.com.br\/semreserva\/wp-json\/wp\/v2\/tags?post=4263"}],"curies":[{"name":"wp","href":"https:\/\/api.w.org\/{rel}","templated":true}]}}