{"id":4273,"date":"2015-03-13T16:33:47","date_gmt":"2015-03-13T19:33:47","guid":{"rendered":"http:\/\/blog.panrotas.com.br\/semreserva\/?p=4273"},"modified":"2015-03-13T16:33:47","modified_gmt":"2015-03-13T19:33:47","slug":"4273","status":"publish","type":"post","link":"https:\/\/blog.panrotas.com.br\/semreserva\/4273\/13-03-2015\/","title":{"rendered":"ESSES JORNALISTAS&#8230;"},"content":{"rendered":"<p><a href=\"http:\/\/panrotas.blog.br\/semreserva\/wp-content\/uploads\/sites\/5\/2015\/03\/EquipePANROTAS110315.jpg\"><img loading=\"lazy\" class=\"alignnone size-full wp-image-4274\" alt=\"EquipePANROTAS110315\" src=\"http:\/\/panrotas.blog.br\/semreserva\/wp-content\/uploads\/sites\/5\/2015\/03\/EquipePANROTAS110315.jpg\" width=\"400\" height=\"691\" srcset=\"https:\/\/blog.panrotas.com.br\/semreserva\/wp-content\/uploads\/sites\/5\/2015\/03\/EquipePANROTAS110315.jpg 400w, https:\/\/blog.panrotas.com.br\/semreserva\/wp-content\/uploads\/sites\/5\/2015\/03\/EquipePANROTAS110315-174x300.jpg 174w\" sizes=\"(max-width: 400px) 100vw, 400px\" \/><\/a><\/p>\n<p>&nbsp;<\/p>\n<p><em>Legenda a partir do alto: Rodrigo, Emerson, Danilo, Henrique, Raphael, Karina, Alex, Ren\u00ea e Artur; Hugo Roberta e Schapo; Marluce e Diego<\/em><\/p>\n<p>&nbsp;<\/p>\n<p>Time de jornalistas da PANROTAS que voc\u00ea ver\u00e1 ao vivo no F\u00f3rum PANROTAS, dias 24 e 25, em S\u00e3o Paulo. Para quem n\u00e3o sabe, Ren\u00ea Castro retornou a nossa equipe, como editor, no lugar de Maria Izabel Reigada. Ele e Alex Souza, em S\u00e3o Paulo, e Diego Verticchio, no Rio, s\u00e3o meus tr\u00eas editores, tecnicamente cuidando de \u00e1reas espec\u00edficas (Ren\u00ea no Jornal PANROTAS, Alex no Portal PANROTAS), mas sabemos que no dia a dia, todos se apoiam e se ajudam.<\/p>\n<p>Na reportagem, algumas novidades: Karina Cede\u00f1o, que era da equipe PanHot\u00e9is, Henrique Santiago e o estagi\u00e1rio Raphael Silva. Na equipe PanHot\u00e9is, a novidade \u00e9 a estagi\u00e1ria Roberta Queiroz.<\/p>\n<p><strong>Anote nossos contatos e nos vemos no F\u00f3rum PANROTAS<\/strong>:<\/p>\n<p><strong>Artur Luiz Andrade<\/strong>, editor-chefe: <a href=\"artur@panrotas.com.br\">artur@panrotas.com.br<\/a><\/p>\n<p><strong>Alex Souza<\/strong>, editor: <a href=\"alex@panrotas.com.br\">alex@panrotas.com.br<\/a><\/p>\n<p><strong>Ren\u00ea Castro<\/strong>, editor: <a href=\"rcastro@panrotas.com.br\">rcastro@panrotas.com.br<\/a><\/p>\n<p><strong>Diego Verticchio<\/strong>, editor Rio: <a href=\"diego@panrotas.com.br \">diego@panrotas.com.br\u00a0<\/a><\/p>\n<p><strong>Danilo Alves<\/strong>, rep\u00f3rter: <a href=\"danilo@panrotas.com.br\">danilo@panrotas.com.br<\/a><\/p>\n<p><strong>Rodrigo Vieira<\/strong>, rep\u00f3rter: <a href=\"rvieira@panrotas.com.br\">rvieira@panrotas.com.br<\/a><\/p>\n<p><strong>Karina Cede\u00f1o<\/strong>, rep\u00f3rter: <a href=\"karina@panrotas.com.br\">karina@panrotas.com.br<\/a><\/p>\n<p><strong>Henrique Santiago<\/strong>, rep\u00f3rter: <a href=\"henrique@panrotas.com.br\">henrique@panrotas.com.br<\/a><\/p>\n<p><strong>Raphael Silva<\/strong>, estagi\u00e1rio: <a href=\"rsilva@panrotas.com.br\">rsilva@panrotas.com.br<\/a><\/p>\n<p><strong>Antonio Roberto Rocha<\/strong>, colaborador Nordeste:\u00a0<a href=\"mailto:arrocha.rn@uol.com.br\" target=\"_blank\" rel=\"noopener noreferrer\">arrocha.rn@uol.com.br<\/a><\/p>\n<p>&nbsp;<\/p>\n<p><strong>Time PanHot\u00e9is<\/strong><\/p>\n<p><strong>Claudio Schapochnik<\/strong>, editor: <a href=\"schapo@panhoteis.com.br\">schapo@panhoteis.com.br<\/a><\/p>\n<p><strong>Hugo Okada<\/strong>, rep\u00f3rter: <a href=\"hugo@panhoteiss.com.br\">hugo@panhoteiss.com.br<\/a><\/p>\n<p><strong>Roberta Queiroz<\/strong>, estagi\u00e1ria: <a href=\"roberta@panhoteis.com.br\">roberta@panhoteis.com.br<\/a><\/p>\n<p>&nbsp;<\/p>\n<p><strong>E-mail da reda\u00e7\u00e3o<\/strong><\/p>\n<p><a href=\"redacao@panrotas.com.br\">redacao@panrotas.com.br<\/a><\/p>\n<p>&nbsp;<\/p>\n<p><strong>Fot\u00f3grafos<\/strong><\/p>\n<p><strong>Emerson de Souza<\/strong> (<a href=\"emerson@panrotas.com.br\">emerson@panrotas.com.br<\/a>), em S\u00e3o Paulo, e <strong>Marluce Balbino<\/strong> (<a href=\"marluce@panrotas.com.br\">marluce@panrotas.com.br<\/a>), no Rio de Janeiro. <strong>Alexandre Campbell<\/strong> tamb\u00e9m estar\u00e1 com a gente no F\u00f3rum PANROTAS.<\/p>\n<p>&nbsp;<\/p>\n<p><strong>PS<\/strong>: Obrigado a todos que enviaram curr\u00edculos no \u00faltimo m\u00eas. Sem preconceito em rela\u00e7\u00e3o a mulheres&#8230; Na nossa Produ\u00e7\u00e3o s\u00e3o quatro. Ent\u00e3o equilibra o ambiente \u00fanico da Reda\u00e7\u00e3o em S\u00e3o Paulo. Mas que \u00e9 muito homem&#8230; \u00e9. Coincid\u00eancias.<\/p>\n<p>&nbsp;<\/p>\n","protected":false},"excerpt":{"rendered":"<p>&nbsp; Legenda a partir do alto: Rodrigo, Emerson, Danilo, Henrique, Raphael, Karina, Alex, Ren\u00ea e Artur; Hugo Roberta e Schapo; Marluce e Diego &nbsp; Time de jornalistas da PANROTAS que voc\u00ea ver\u00e1 ao vivo no F\u00f3rum PANROTAS, dias 24 e 25, em S\u00e3o Paulo. Para quem n\u00e3o sabe, Ren\u00ea Castro retornou a nossa equipe, como [&hellip;]<\/p>\n","protected":false},"author":7,"featured_media":0,"comment_status":"open","ping_status":"open","sticky":false,"template":"","format":"standard","meta":{"spay_email":""},"categories":[2],"tags":[],"yoast_head":"<!-- This site is optimized with the Yoast SEO plugin v17.3 - https:\/\/yoast.com\/wordpress\/plugins\/seo\/ -->\n<title>ESSES JORNALISTAS... -<\/title>\n<meta name=\"description\" content=\"ESSES JORNALISTAS.... Confira essa Mat\u00e9ria no Canal Sem reserva. \u27a4 Projeto em parceria com a PANROTAS.\" \/>\n<meta name=\"robots\" content=\"index, follow, max-snippet:-1, max-image-preview:large, max-video-preview:-1\" \/>\n<link rel=\"canonical\" href=\"https:\/\/blog.panrotas.com.br\/semreserva\/4273\/13-03-2015\/\" \/>\n<meta property=\"og:locale\" content=\"pt_BR\" \/>\n<meta property=\"og:type\" content=\"article\" \/>\n<meta property=\"og:title\" content=\"ESSES JORNALISTAS... -\" \/>\n<meta property=\"og:description\" content=\"ESSES JORNALISTAS.... Confira essa Mat\u00e9ria no Canal Sem reserva. \u27a4 Projeto em parceria com a PANROTAS.\" \/>\n<meta property=\"og:url\" content=\"https:\/\/blog.panrotas.com.br\/semreserva\/4273\/13-03-2015\/\" \/>\n<meta property=\"og:site_name\" content=\"Sem reserva\" \/>\n<meta property=\"article:publisher\" content=\"https:\/\/www.facebook.com\/portalpanrotas\/\" \/>\n<meta property=\"article:published_time\" content=\"2015-03-13T19:33:47+00:00\" \/>\n<meta property=\"og:image\" content=\"http:\/\/panrotas.blog.br\/semreserva\/wp-content\/uploads\/sites\/5\/2015\/03\/EquipePANROTAS110315.jpg\" \/>\n<meta name=\"twitter:card\" content=\"summary_large_image\" \/>\n<meta name=\"twitter:creator\" content=\"@portalpanrotas\" \/>\n<meta name=\"twitter:site\" content=\"@portalpanrotas\" \/>\n<meta name=\"twitter:label1\" content=\"Escrito por\" \/>\n\t<meta name=\"twitter:data1\" content=\"Artur Andrade\" \/>\n\t<meta name=\"twitter:label2\" content=\"Est. tempo de leitura\" \/>\n\t<meta name=\"twitter:data2\" content=\"2 minutos\" \/>\n<script type=\"application\/ld+json\" class=\"yoast-schema-graph\">{\"@context\":\"https:\/\/schema.org\",\"@graph\":[{\"@type\":\"Organization\",\"@id\":\"http:\/\/blog.panrotas.com.br\/semreserva\/#organization\",\"name\":\"Sem Reserva - Blog no Portal PANROTAS\",\"url\":\"http:\/\/blog.panrotas.com.br\/semreserva\/\",\"sameAs\":[\"https:\/\/www.facebook.com\/portalpanrotas\/\",\"https:\/\/www.instagram.com\/portalpanrotas\/\",\"https:\/\/br.linkedin.com\/company\/panrotas\",\"https:\/\/www.youtube.com\/tvpanrotas\",\"https:\/\/twitter.com\/portalpanrotas\"],\"logo\":{\"@type\":\"ImageObject\",\"@id\":\"http:\/\/blog.panrotas.com.br\/semreserva\/#logo\",\"inLanguage\":\"pt-BR\",\"url\":\"https:\/\/blog.panrotas.com.br\/semreserva\/wp-content\/uploads\/sites\/5\/2020\/06\/logo.png\",\"contentUrl\":\"https:\/\/blog.panrotas.com.br\/semreserva\/wp-content\/uploads\/sites\/5\/2020\/06\/logo.png\",\"width\":259,\"height\":53,\"caption\":\"Sem Reserva - Blog no Portal PANROTAS\"},\"image\":{\"@id\":\"http:\/\/blog.panrotas.com.br\/semreserva\/#logo\"}},{\"@type\":\"WebSite\",\"@id\":\"http:\/\/blog.panrotas.com.br\/semreserva\/#website\",\"url\":\"http:\/\/blog.panrotas.com.br\/semreserva\/\",\"name\":\"Sem reserva\",\"description\":\"Blogosfera PANROTAS\",\"publisher\":{\"@id\":\"http:\/\/blog.panrotas.com.br\/semreserva\/#organization\"},\"potentialAction\":[{\"@type\":\"SearchAction\",\"target\":{\"@type\":\"EntryPoint\",\"urlTemplate\":\"http:\/\/blog.panrotas.com.br\/semreserva\/?s={search_term_string}\"},\"query-input\":\"required name=search_term_string\"}],\"inLanguage\":\"pt-BR\"},{\"@type\":\"ImageObject\",\"@id\":\"https:\/\/blog.panrotas.com.br\/semreserva\/4273\/13-03-2015\/#primaryimage\",\"inLanguage\":\"pt-BR\",\"url\":\"http:\/\/panrotas.blog.br\/semreserva\/wp-content\/uploads\/sites\/5\/2015\/03\/EquipePANROTAS110315.jpg\",\"contentUrl\":\"http:\/\/panrotas.blog.br\/semreserva\/wp-content\/uploads\/sites\/5\/2015\/03\/EquipePANROTAS110315.jpg\"},{\"@type\":\"WebPage\",\"@id\":\"https:\/\/blog.panrotas.com.br\/semreserva\/4273\/13-03-2015\/#webpage\",\"url\":\"https:\/\/blog.panrotas.com.br\/semreserva\/4273\/13-03-2015\/\",\"name\":\"ESSES JORNALISTAS... -\",\"isPartOf\":{\"@id\":\"http:\/\/blog.panrotas.com.br\/semreserva\/#website\"},\"primaryImageOfPage\":{\"@id\":\"https:\/\/blog.panrotas.com.br\/semreserva\/4273\/13-03-2015\/#primaryimage\"},\"datePublished\":\"2015-03-13T19:33:47+00:00\",\"dateModified\":\"2015-03-13T19:33:47+00:00\",\"description\":\"ESSES JORNALISTAS.... Confira essa Mat\\u00e9ria no Canal Sem reserva. \\u27a4 Projeto em parceria com a PANROTAS.\",\"breadcrumb\":{\"@id\":\"https:\/\/blog.panrotas.com.br\/semreserva\/4273\/13-03-2015\/#breadcrumb\"},\"inLanguage\":\"pt-BR\",\"potentialAction\":[{\"@type\":\"ReadAction\",\"target\":[\"https:\/\/blog.panrotas.com.br\/semreserva\/4273\/13-03-2015\/\"]}]},{\"@type\":\"BreadcrumbList\",\"@id\":\"https:\/\/blog.panrotas.com.br\/semreserva\/4273\/13-03-2015\/#breadcrumb\",\"itemListElement\":[{\"@type\":\"ListItem\",\"position\":1,\"name\":\"Home do Blog\",\"item\":\"http:\/\/blog.panrotas.com.br\/semreserva\/\"},{\"@type\":\"ListItem\",\"position\":2,\"name\":\"Dia a dia\",\"item\":\"https:\/\/blog.panrotas.com.br\/semreserva\/category\/dia-a-dia\/\"},{\"@type\":\"ListItem\",\"position\":3,\"name\":\"ESSES JORNALISTAS&#8230;\"}]},{\"@type\":\"Article\",\"@id\":\"https:\/\/blog.panrotas.com.br\/semreserva\/4273\/13-03-2015\/#article\",\"isPartOf\":{\"@id\":\"https:\/\/blog.panrotas.com.br\/semreserva\/4273\/13-03-2015\/#webpage\"},\"author\":{\"@id\":\"http:\/\/blog.panrotas.com.br\/semreserva\/#\/schema\/person\/c93b4555f6a497d2d83c25dcb80f61ed\"},\"headline\":\"ESSES JORNALISTAS&#8230;\",\"datePublished\":\"2015-03-13T19:33:47+00:00\",\"dateModified\":\"2015-03-13T19:33:47+00:00\",\"mainEntityOfPage\":{\"@id\":\"https:\/\/blog.panrotas.com.br\/semreserva\/4273\/13-03-2015\/#webpage\"},\"wordCount\":354,\"commentCount\":0,\"publisher\":{\"@id\":\"http:\/\/blog.panrotas.com.br\/semreserva\/#organization\"},\"image\":{\"@id\":\"https:\/\/blog.panrotas.com.br\/semreserva\/4273\/13-03-2015\/#primaryimage\"},\"thumbnailUrl\":\"http:\/\/panrotas.blog.br\/semreserva\/wp-content\/uploads\/sites\/5\/2015\/03\/EquipePANROTAS110315.jpg\",\"articleSection\":[\"Dia a dia\"],\"inLanguage\":\"pt-BR\",\"potentialAction\":[{\"@type\":\"CommentAction\",\"name\":\"Comment\",\"target\":[\"https:\/\/blog.panrotas.com.br\/semreserva\/4273\/13-03-2015\/#respond\"]}]},{\"@type\":\"Person\",\"@id\":\"http:\/\/blog.panrotas.com.br\/semreserva\/#\/schema\/person\/c93b4555f6a497d2d83c25dcb80f61ed\",\"name\":\"Artur Andrade\",\"image\":{\"@type\":\"ImageObject\",\"@id\":\"http:\/\/blog.panrotas.com.br\/semreserva\/#personlogo\",\"inLanguage\":\"pt-BR\",\"url\":\"https:\/\/secure.gravatar.com\/avatar\/a94564d630220cefd5c82f3452ac1ef4?s=96&d=mm&r=g\",\"contentUrl\":\"https:\/\/secure.gravatar.com\/avatar\/a94564d630220cefd5c82f3452ac1ef4?s=96&d=mm&r=g\",\"caption\":\"Artur Andrade\"},\"description\":\"Artur Luiz Andrade \\u00e9 carioca, taurino, jornalista e nasceu em 1969. \\u00c9 editor-chefe da PANROTAS Editora e mora em S\\u00e3o Paulo desde 1998\",\"sameAs\":[\"http:\/\/www.panrotas.com.br\"]}]}<\/script>\n<!-- \/ Yoast SEO plugin. -->","yoast_head_json":{"title":"ESSES JORNALISTAS... -","description":"ESSES JORNALISTAS.... Confira essa Mat\u00e9ria no Canal Sem reserva. \u27a4 Projeto em parceria com a PANROTAS.","robots":{"index":"index","follow":"follow","max-snippet":"max-snippet:-1","max-image-preview":"max-image-preview:large","max-video-preview":"max-video-preview:-1"},"canonical":"https:\/\/blog.panrotas.com.br\/semreserva\/4273\/13-03-2015\/","og_locale":"pt_BR","og_type":"article","og_title":"ESSES JORNALISTAS... -","og_description":"ESSES JORNALISTAS.... Confira essa Mat\u00e9ria no Canal Sem reserva. \u27a4 Projeto em parceria com a PANROTAS.","og_url":"https:\/\/blog.panrotas.com.br\/semreserva\/4273\/13-03-2015\/","og_site_name":"Sem reserva","article_publisher":"https:\/\/www.facebook.com\/portalpanrotas\/","article_published_time":"2015-03-13T19:33:47+00:00","og_image":[{"url":"http:\/\/panrotas.blog.br\/semreserva\/wp-content\/uploads\/sites\/5\/2015\/03\/EquipePANROTAS110315.jpg"}],"twitter_card":"summary_large_image","twitter_creator":"@portalpanrotas","twitter_site":"@portalpanrotas","twitter_misc":{"Escrito por":"Artur Andrade","Est. tempo de leitura":"2 minutos"},"schema":{"@context":"https:\/\/schema.org","@graph":[{"@type":"Organization","@id":"http:\/\/blog.panrotas.com.br\/semreserva\/#organization","name":"Sem Reserva - Blog no Portal PANROTAS","url":"http:\/\/blog.panrotas.com.br\/semreserva\/","sameAs":["https:\/\/www.facebook.com\/portalpanrotas\/","https:\/\/www.instagram.com\/portalpanrotas\/","https:\/\/br.linkedin.com\/company\/panrotas","https:\/\/www.youtube.com\/tvpanrotas","https:\/\/twitter.com\/portalpanrotas"],"logo":{"@type":"ImageObject","@id":"http:\/\/blog.panrotas.com.br\/semreserva\/#logo","inLanguage":"pt-BR","url":"https:\/\/blog.panrotas.com.br\/semreserva\/wp-content\/uploads\/sites\/5\/2020\/06\/logo.png","contentUrl":"https:\/\/blog.panrotas.com.br\/semreserva\/wp-content\/uploads\/sites\/5\/2020\/06\/logo.png","width":259,"height":53,"caption":"Sem Reserva - Blog no Portal PANROTAS"},"image":{"@id":"http:\/\/blog.panrotas.com.br\/semreserva\/#logo"}},{"@type":"WebSite","@id":"http:\/\/blog.panrotas.com.br\/semreserva\/#website","url":"http:\/\/blog.panrotas.com.br\/semreserva\/","name":"Sem reserva","description":"Blogosfera PANROTAS","publisher":{"@id":"http:\/\/blog.panrotas.com.br\/semreserva\/#organization"},"potentialAction":[{"@type":"SearchAction","target":{"@type":"EntryPoint","urlTemplate":"http:\/\/blog.panrotas.com.br\/semreserva\/?s={search_term_string}"},"query-input":"required name=search_term_string"}],"inLanguage":"pt-BR"},{"@type":"ImageObject","@id":"https:\/\/blog.panrotas.com.br\/semreserva\/4273\/13-03-2015\/#primaryimage","inLanguage":"pt-BR","url":"http:\/\/panrotas.blog.br\/semreserva\/wp-content\/uploads\/sites\/5\/2015\/03\/EquipePANROTAS110315.jpg","contentUrl":"http:\/\/panrotas.blog.br\/semreserva\/wp-content\/uploads\/sites\/5\/2015\/03\/EquipePANROTAS110315.jpg"},{"@type":"WebPage","@id":"https:\/\/blog.panrotas.com.br\/semreserva\/4273\/13-03-2015\/#webpage","url":"https:\/\/blog.panrotas.com.br\/semreserva\/4273\/13-03-2015\/","name":"ESSES JORNALISTAS... -","isPartOf":{"@id":"http:\/\/blog.panrotas.com.br\/semreserva\/#website"},"primaryImageOfPage":{"@id":"https:\/\/blog.panrotas.com.br\/semreserva\/4273\/13-03-2015\/#primaryimage"},"datePublished":"2015-03-13T19:33:47+00:00","dateModified":"2015-03-13T19:33:47+00:00","description":"ESSES JORNALISTAS.... Confira essa Mat\u00e9ria no Canal Sem reserva. \u27a4 Projeto em parceria com a PANROTAS.","breadcrumb":{"@id":"https:\/\/blog.panrotas.com.br\/semreserva\/4273\/13-03-2015\/#breadcrumb"},"inLanguage":"pt-BR","potentialAction":[{"@type":"ReadAction","target":["https:\/\/blog.panrotas.com.br\/semreserva\/4273\/13-03-2015\/"]}]},{"@type":"BreadcrumbList","@id":"https:\/\/blog.panrotas.com.br\/semreserva\/4273\/13-03-2015\/#breadcrumb","itemListElement":[{"@type":"ListItem","position":1,"name":"Home do Blog","item":"http:\/\/blog.panrotas.com.br\/semreserva\/"},{"@type":"ListItem","position":2,"name":"Dia a dia","item":"https:\/\/blog.panrotas.com.br\/semreserva\/category\/dia-a-dia\/"},{"@type":"ListItem","position":3,"name":"ESSES JORNALISTAS&#8230;"}]},{"@type":"Article","@id":"https:\/\/blog.panrotas.com.br\/semreserva\/4273\/13-03-2015\/#article","isPartOf":{"@id":"https:\/\/blog.panrotas.com.br\/semreserva\/4273\/13-03-2015\/#webpage"},"author":{"@id":"http:\/\/blog.panrotas.com.br\/semreserva\/#\/schema\/person\/c93b4555f6a497d2d83c25dcb80f61ed"},"headline":"ESSES JORNALISTAS&#8230;","datePublished":"2015-03-13T19:33:47+00:00","dateModified":"2015-03-13T19:33:47+00:00","mainEntityOfPage":{"@id":"https:\/\/blog.panrotas.com.br\/semreserva\/4273\/13-03-2015\/#webpage"},"wordCount":354,"commentCount":0,"publisher":{"@id":"http:\/\/blog.panrotas.com.br\/semreserva\/#organization"},"image":{"@id":"https:\/\/blog.panrotas.com.br\/semreserva\/4273\/13-03-2015\/#primaryimage"},"thumbnailUrl":"http:\/\/panrotas.blog.br\/semreserva\/wp-content\/uploads\/sites\/5\/2015\/03\/EquipePANROTAS110315.jpg","articleSection":["Dia a dia"],"inLanguage":"pt-BR","potentialAction":[{"@type":"CommentAction","name":"Comment","target":["https:\/\/blog.panrotas.com.br\/semreserva\/4273\/13-03-2015\/#respond"]}]},{"@type":"Person","@id":"http:\/\/blog.panrotas.com.br\/semreserva\/#\/schema\/person\/c93b4555f6a497d2d83c25dcb80f61ed","name":"Artur Andrade","image":{"@type":"ImageObject","@id":"http:\/\/blog.panrotas.com.br\/semreserva\/#personlogo","inLanguage":"pt-BR","url":"https:\/\/secure.gravatar.com\/avatar\/a94564d630220cefd5c82f3452ac1ef4?s=96&d=mm&r=g","contentUrl":"https:\/\/secure.gravatar.com\/avatar\/a94564d630220cefd5c82f3452ac1ef4?s=96&d=mm&r=g","caption":"Artur Andrade"},"description":"Artur Luiz Andrade \u00e9 carioca, taurino, jornalista e nasceu em 1969. \u00c9 editor-chefe da PANROTAS Editora e mora em S\u00e3o Paulo desde 1998","sameAs":["http:\/\/www.panrotas.com.br"]}]}},"jetpack_featured_media_url":"","jetpack_shortlink":"https:\/\/wp.me\/s7idIU-4273","_links":{"self":[{"href":"https:\/\/blog.panrotas.com.br\/semreserva\/wp-json\/wp\/v2\/posts\/4273"}],"collection":[{"href":"https:\/\/blog.panrotas.com.br\/semreserva\/wp-json\/wp\/v2\/posts"}],"about":[{"href":"https:\/\/blog.panrotas.com.br\/semreserva\/wp-json\/wp\/v2\/types\/post"}],"author":[{"embeddable":true,"href":"https:\/\/blog.panrotas.com.br\/semreserva\/wp-json\/wp\/v2\/users\/7"}],"replies":[{"embeddable":true,"href":"https:\/\/blog.panrotas.com.br\/semreserva\/wp-json\/wp\/v2\/comments?post=4273"}],"version-history":[{"count":0,"href":"https:\/\/blog.panrotas.com.br\/semreserva\/wp-json\/wp\/v2\/posts\/4273\/revisions"}],"wp:attachment":[{"href":"https:\/\/blog.panrotas.com.br\/semreserva\/wp-json\/wp\/v2\/media?parent=4273"}],"wp:term":[{"taxonomy":"category","embeddable":true,"href":"https:\/\/blog.panrotas.com.br\/semreserva\/wp-json\/wp\/v2\/categories?post=4273"},{"taxonomy":"post_tag","embeddable":true,"href":"https:\/\/blog.panrotas.com.br\/semreserva\/wp-json\/wp\/v2\/tags?post=4273"}],"curies":[{"name":"wp","href":"https:\/\/api.w.org\/{rel}","templated":true}]}}