{"id":4286,"date":"2015-03-30T19:36:08","date_gmt":"2015-03-30T22:36:08","guid":{"rendered":"http:\/\/blog.panrotas.com.br\/semreserva\/?p=4286"},"modified":"2015-03-30T19:36:08","modified_gmt":"2015-03-30T22:36:08","slug":"serpentes-a-bordo","status":"publish","type":"post","link":"https:\/\/blog.panrotas.com.br\/semreserva\/serpentes-a-bordo\/30-03-2015\/","title":{"rendered":"Serpentes a bordo"},"content":{"rendered":"<p>Continuaremos confiando em estranhos, pois \u00e9 assim que a vida funciona. E tamb\u00e9m na boa f\u00e9 das pessoas. Quem vai imaginar que um piloto quer se matar e ao mesmo tempo assassinar 149 pessoas? Ou que um pacato cidad\u00e3o vai sair metralhando as pessoas no cinema? A gente vive com a boa f\u00e9 e o bom senso em nosso visor e radar. Viver est\u00e1 cada vez mais estressante? Sem d\u00favida&#8230; Mas o que chama a aten\u00e7\u00e3o da ind\u00fastria de avia\u00e7\u00e3o no acidente da Germanwings, al\u00e9m dessa nova etapa de refor\u00e7o da seguran\u00e7a (daqui a pouco cada passageiro vai pagar para viajar com seu agente federal a tiracolo&#8230;), \u00e9 a quest\u00e3o da concorr\u00eancia europeia e do modelo escolhido pelas empresas tradicionais para concorrer com as low cost.<\/p>\n<p>&nbsp;<\/p>\n<p>Todo mundo sabe da rela\u00e7\u00e3o tensa da Lufthansa com seus funcion\u00e1rios ultimamente, com diversas greves em 2014, e tendo como uma das causas a empresa low cost. O que isso vai mudar na estrat\u00e9gia da companhia alem\u00e3 e em sua rela\u00e7\u00e3o com pilotos e comiss\u00e1rios \u00e9 uma das perguntas mais importantes p\u00f3s-acidente. J\u00e1 ouvi em reportagens na TV que o co-piloto era um dos que se queixavam de excesso de trabalho, estresse&#8230; Ser\u00e1 que foi uma repres\u00e1lia \u00e0 empresa ou somente fruto da depress\u00e3o causada por&#8230; por qu\u00ea mesmo? Nada ser\u00e1 como antes no j\u00e1 conturbado, competitivo e complicado mundo da avia\u00e7\u00e3o comercial na Europa.<\/p>\n<p>&nbsp;<\/p>\n<p>Para os passageiros, mais estresse, mais desconfian\u00e7as, mais rivotril&#8230;<\/p>\n<p>&nbsp;<\/p>\n<p><strong>INTERTECH<\/strong><\/p>\n<p>Mudando de tema, mas ainda falando sobre estresse&#8230; do mundo digital. Uma das frases mais comuns \u00e9 de que a internet acabou com os intermedi\u00e1rios em diversos segmentos.<\/p>\n<p>&nbsp;<\/p>\n<p>No turismo, isso n\u00e3o procede. A internet possibilitou a amplia\u00e7\u00e3o da venda direta de fornecedores ao p\u00fablico final. Sim. E substituiu uma parte das vendas antes feitas por intermedi\u00e1rios ou mesmo canais f\u00edsicos (ag\u00eancias de viagens, lojas das a\u00e9reas&#8230;). Mas ao mesmo tempo criou intermedi\u00e1rios superpoderosos: as OTAs, metabuscadores, sites de reviews&#8230; e por que n\u00e3o uma s\u00e9rie de empresas de tecnologia sem as quais \u00e9 imposs\u00edvel continuar competitivo no mundo digital.<\/p>\n<p>&nbsp;<\/p>\n<p>Claro que ningu\u00e9m deve ter saudades de como as coisas funcionavam h\u00e1 dois, dez ou duzentos anos. Mas que agora a dor de cabe\u00e7a para fornecedores \u00e9 maior&#8230; ah isso \u00e9. E com esse gerenciamento de canais vem tamb\u00e9m o famoso estresse.<\/p>\n<p>&nbsp;<\/p>\n<p><strong>N\u00d3 NA GARGANTA<\/strong><\/p>\n<p>E falando de etiqueta empresarial, quando o Brasil vai aderir \u00e0 informalidade pr\u00e1tica americana, onde bilion\u00e1rios, milion\u00e1rios, ricos e remediados se diferenciam pela conta banc\u00e1ria, marca do carro e pelas ideias brilhantes, e n\u00e3o pelo uso obrigat\u00f3rio de terno e gravata? Acho que ainda vai demorar muito. \u00c9 cultural. Ainda se julga mais pela apar\u00eancia aqui no Brasil&#8230; O Facebook jamais vingaria aqui: um nerd de chinelo quer ser recebido&#8230; Manda ele pra igreja pedir sopa&#8230;<\/p>\n<p>&nbsp;<\/p>\n<p>Enfim&#8230; Feliz P\u00e1scoa!! Afinal, coelho p\u00f5e ovo e custa caro.<\/p>\n","protected":false},"excerpt":{"rendered":"<p>Continuaremos confiando em estranhos, pois \u00e9 assim que a vida funciona. E tamb\u00e9m na boa f\u00e9 das pessoas. Quem vai imaginar que um piloto quer se matar e ao mesmo tempo assassinar 149 pessoas? Ou que um pacato cidad\u00e3o vai sair metralhando as pessoas no cinema? A gente vive com a boa f\u00e9 e o [&hellip;]<\/p>\n","protected":false},"author":7,"featured_media":0,"comment_status":"open","ping_status":"open","sticky":false,"template":"","format":"standard","meta":{"spay_email":""},"categories":[2],"tags":[],"yoast_head":"<!-- This site is optimized with the Yoast SEO plugin v17.3 - https:\/\/yoast.com\/wordpress\/plugins\/seo\/ -->\n<title>Serpentes a bordo -<\/title>\n<meta name=\"description\" content=\"Serpentes a bordo. Confira essa Mat\u00e9ria no Canal Sem reserva. \u27a4 Projeto em parceria com a PANROTAS.\" \/>\n<meta name=\"robots\" content=\"index, follow, max-snippet:-1, max-image-preview:large, max-video-preview:-1\" \/>\n<link rel=\"canonical\" href=\"https:\/\/blog.panrotas.com.br\/semreserva\/serpentes-a-bordo\/30-03-2015\/\" \/>\n<meta property=\"og:locale\" content=\"pt_BR\" \/>\n<meta property=\"og:type\" content=\"article\" \/>\n<meta property=\"og:title\" content=\"Serpentes a bordo -\" \/>\n<meta property=\"og:description\" content=\"Serpentes a bordo. Confira essa Mat\u00e9ria no Canal Sem reserva. \u27a4 Projeto em parceria com a PANROTAS.\" \/>\n<meta property=\"og:url\" content=\"https:\/\/blog.panrotas.com.br\/semreserva\/serpentes-a-bordo\/30-03-2015\/\" \/>\n<meta property=\"og:site_name\" content=\"Sem reserva\" \/>\n<meta property=\"article:publisher\" content=\"https:\/\/www.facebook.com\/portalpanrotas\/\" \/>\n<meta property=\"article:published_time\" content=\"2015-03-30T22:36:08+00:00\" \/>\n<meta name=\"twitter:card\" content=\"summary_large_image\" \/>\n<meta name=\"twitter:creator\" content=\"@portalpanrotas\" \/>\n<meta name=\"twitter:site\" content=\"@portalpanrotas\" \/>\n<meta name=\"twitter:label1\" content=\"Escrito por\" \/>\n\t<meta name=\"twitter:data1\" content=\"Artur Andrade\" \/>\n\t<meta name=\"twitter:label2\" content=\"Est. tempo de leitura\" \/>\n\t<meta name=\"twitter:data2\" content=\"3 minutos\" \/>\n<script type=\"application\/ld+json\" class=\"yoast-schema-graph\">{\"@context\":\"https:\/\/schema.org\",\"@graph\":[{\"@type\":\"Organization\",\"@id\":\"http:\/\/blog.panrotas.com.br\/semreserva\/#organization\",\"name\":\"Sem Reserva - Blog no Portal PANROTAS\",\"url\":\"http:\/\/blog.panrotas.com.br\/semreserva\/\",\"sameAs\":[\"https:\/\/www.facebook.com\/portalpanrotas\/\",\"https:\/\/www.instagram.com\/portalpanrotas\/\",\"https:\/\/br.linkedin.com\/company\/panrotas\",\"https:\/\/www.youtube.com\/tvpanrotas\",\"https:\/\/twitter.com\/portalpanrotas\"],\"logo\":{\"@type\":\"ImageObject\",\"@id\":\"http:\/\/blog.panrotas.com.br\/semreserva\/#logo\",\"inLanguage\":\"pt-BR\",\"url\":\"https:\/\/blog.panrotas.com.br\/semreserva\/wp-content\/uploads\/sites\/5\/2020\/06\/logo.png\",\"contentUrl\":\"https:\/\/blog.panrotas.com.br\/semreserva\/wp-content\/uploads\/sites\/5\/2020\/06\/logo.png\",\"width\":259,\"height\":53,\"caption\":\"Sem Reserva - Blog no Portal PANROTAS\"},\"image\":{\"@id\":\"http:\/\/blog.panrotas.com.br\/semreserva\/#logo\"}},{\"@type\":\"WebSite\",\"@id\":\"http:\/\/blog.panrotas.com.br\/semreserva\/#website\",\"url\":\"http:\/\/blog.panrotas.com.br\/semreserva\/\",\"name\":\"Sem reserva\",\"description\":\"Blogosfera PANROTAS\",\"publisher\":{\"@id\":\"http:\/\/blog.panrotas.com.br\/semreserva\/#organization\"},\"potentialAction\":[{\"@type\":\"SearchAction\",\"target\":{\"@type\":\"EntryPoint\",\"urlTemplate\":\"http:\/\/blog.panrotas.com.br\/semreserva\/?s={search_term_string}\"},\"query-input\":\"required name=search_term_string\"}],\"inLanguage\":\"pt-BR\"},{\"@type\":\"WebPage\",\"@id\":\"https:\/\/blog.panrotas.com.br\/semreserva\/serpentes-a-bordo\/30-03-2015\/#webpage\",\"url\":\"https:\/\/blog.panrotas.com.br\/semreserva\/serpentes-a-bordo\/30-03-2015\/\",\"name\":\"Serpentes a bordo -\",\"isPartOf\":{\"@id\":\"http:\/\/blog.panrotas.com.br\/semreserva\/#website\"},\"datePublished\":\"2015-03-30T22:36:08+00:00\",\"dateModified\":\"2015-03-30T22:36:08+00:00\",\"description\":\"Serpentes a bordo. Confira essa Mat\\u00e9ria no Canal Sem reserva. \\u27a4 Projeto em parceria com a PANROTAS.\",\"breadcrumb\":{\"@id\":\"https:\/\/blog.panrotas.com.br\/semreserva\/serpentes-a-bordo\/30-03-2015\/#breadcrumb\"},\"inLanguage\":\"pt-BR\",\"potentialAction\":[{\"@type\":\"ReadAction\",\"target\":[\"https:\/\/blog.panrotas.com.br\/semreserva\/serpentes-a-bordo\/30-03-2015\/\"]}]},{\"@type\":\"BreadcrumbList\",\"@id\":\"https:\/\/blog.panrotas.com.br\/semreserva\/serpentes-a-bordo\/30-03-2015\/#breadcrumb\",\"itemListElement\":[{\"@type\":\"ListItem\",\"position\":1,\"name\":\"Home do Blog\",\"item\":\"http:\/\/blog.panrotas.com.br\/semreserva\/\"},{\"@type\":\"ListItem\",\"position\":2,\"name\":\"Dia a dia\",\"item\":\"https:\/\/blog.panrotas.com.br\/semreserva\/category\/dia-a-dia\/\"},{\"@type\":\"ListItem\",\"position\":3,\"name\":\"Serpentes a bordo\"}]},{\"@type\":\"Article\",\"@id\":\"https:\/\/blog.panrotas.com.br\/semreserva\/serpentes-a-bordo\/30-03-2015\/#article\",\"isPartOf\":{\"@id\":\"https:\/\/blog.panrotas.com.br\/semreserva\/serpentes-a-bordo\/30-03-2015\/#webpage\"},\"author\":{\"@id\":\"http:\/\/blog.panrotas.com.br\/semreserva\/#\/schema\/person\/c93b4555f6a497d2d83c25dcb80f61ed\"},\"headline\":\"Serpentes a bordo\",\"datePublished\":\"2015-03-30T22:36:08+00:00\",\"dateModified\":\"2015-03-30T22:36:08+00:00\",\"mainEntityOfPage\":{\"@id\":\"https:\/\/blog.panrotas.com.br\/semreserva\/serpentes-a-bordo\/30-03-2015\/#webpage\"},\"wordCount\":515,\"commentCount\":0,\"publisher\":{\"@id\":\"http:\/\/blog.panrotas.com.br\/semreserva\/#organization\"},\"articleSection\":[\"Dia a dia\"],\"inLanguage\":\"pt-BR\",\"potentialAction\":[{\"@type\":\"CommentAction\",\"name\":\"Comment\",\"target\":[\"https:\/\/blog.panrotas.com.br\/semreserva\/serpentes-a-bordo\/30-03-2015\/#respond\"]}]},{\"@type\":\"Person\",\"@id\":\"http:\/\/blog.panrotas.com.br\/semreserva\/#\/schema\/person\/c93b4555f6a497d2d83c25dcb80f61ed\",\"name\":\"Artur Andrade\",\"image\":{\"@type\":\"ImageObject\",\"@id\":\"http:\/\/blog.panrotas.com.br\/semreserva\/#personlogo\",\"inLanguage\":\"pt-BR\",\"url\":\"https:\/\/secure.gravatar.com\/avatar\/a94564d630220cefd5c82f3452ac1ef4?s=96&d=mm&r=g\",\"contentUrl\":\"https:\/\/secure.gravatar.com\/avatar\/a94564d630220cefd5c82f3452ac1ef4?s=96&d=mm&r=g\",\"caption\":\"Artur Andrade\"},\"description\":\"Artur Luiz Andrade \\u00e9 carioca, taurino, jornalista e nasceu em 1969. \\u00c9 editor-chefe da PANROTAS Editora e mora em S\\u00e3o Paulo desde 1998\",\"sameAs\":[\"http:\/\/www.panrotas.com.br\"]}]}<\/script>\n<!-- \/ Yoast SEO plugin. -->","yoast_head_json":{"title":"Serpentes a bordo -","description":"Serpentes a bordo. Confira essa Mat\u00e9ria no Canal Sem reserva. \u27a4 Projeto em parceria com a PANROTAS.","robots":{"index":"index","follow":"follow","max-snippet":"max-snippet:-1","max-image-preview":"max-image-preview:large","max-video-preview":"max-video-preview:-1"},"canonical":"https:\/\/blog.panrotas.com.br\/semreserva\/serpentes-a-bordo\/30-03-2015\/","og_locale":"pt_BR","og_type":"article","og_title":"Serpentes a bordo -","og_description":"Serpentes a bordo. Confira essa Mat\u00e9ria no Canal Sem reserva. \u27a4 Projeto em parceria com a PANROTAS.","og_url":"https:\/\/blog.panrotas.com.br\/semreserva\/serpentes-a-bordo\/30-03-2015\/","og_site_name":"Sem reserva","article_publisher":"https:\/\/www.facebook.com\/portalpanrotas\/","article_published_time":"2015-03-30T22:36:08+00:00","twitter_card":"summary_large_image","twitter_creator":"@portalpanrotas","twitter_site":"@portalpanrotas","twitter_misc":{"Escrito por":"Artur Andrade","Est. tempo de leitura":"3 minutos"},"schema":{"@context":"https:\/\/schema.org","@graph":[{"@type":"Organization","@id":"http:\/\/blog.panrotas.com.br\/semreserva\/#organization","name":"Sem Reserva - Blog no Portal PANROTAS","url":"http:\/\/blog.panrotas.com.br\/semreserva\/","sameAs":["https:\/\/www.facebook.com\/portalpanrotas\/","https:\/\/www.instagram.com\/portalpanrotas\/","https:\/\/br.linkedin.com\/company\/panrotas","https:\/\/www.youtube.com\/tvpanrotas","https:\/\/twitter.com\/portalpanrotas"],"logo":{"@type":"ImageObject","@id":"http:\/\/blog.panrotas.com.br\/semreserva\/#logo","inLanguage":"pt-BR","url":"https:\/\/blog.panrotas.com.br\/semreserva\/wp-content\/uploads\/sites\/5\/2020\/06\/logo.png","contentUrl":"https:\/\/blog.panrotas.com.br\/semreserva\/wp-content\/uploads\/sites\/5\/2020\/06\/logo.png","width":259,"height":53,"caption":"Sem Reserva - Blog no Portal PANROTAS"},"image":{"@id":"http:\/\/blog.panrotas.com.br\/semreserva\/#logo"}},{"@type":"WebSite","@id":"http:\/\/blog.panrotas.com.br\/semreserva\/#website","url":"http:\/\/blog.panrotas.com.br\/semreserva\/","name":"Sem reserva","description":"Blogosfera PANROTAS","publisher":{"@id":"http:\/\/blog.panrotas.com.br\/semreserva\/#organization"},"potentialAction":[{"@type":"SearchAction","target":{"@type":"EntryPoint","urlTemplate":"http:\/\/blog.panrotas.com.br\/semreserva\/?s={search_term_string}"},"query-input":"required name=search_term_string"}],"inLanguage":"pt-BR"},{"@type":"WebPage","@id":"https:\/\/blog.panrotas.com.br\/semreserva\/serpentes-a-bordo\/30-03-2015\/#webpage","url":"https:\/\/blog.panrotas.com.br\/semreserva\/serpentes-a-bordo\/30-03-2015\/","name":"Serpentes a bordo -","isPartOf":{"@id":"http:\/\/blog.panrotas.com.br\/semreserva\/#website"},"datePublished":"2015-03-30T22:36:08+00:00","dateModified":"2015-03-30T22:36:08+00:00","description":"Serpentes a bordo. Confira essa Mat\u00e9ria no Canal Sem reserva. \u27a4 Projeto em parceria com a PANROTAS.","breadcrumb":{"@id":"https:\/\/blog.panrotas.com.br\/semreserva\/serpentes-a-bordo\/30-03-2015\/#breadcrumb"},"inLanguage":"pt-BR","potentialAction":[{"@type":"ReadAction","target":["https:\/\/blog.panrotas.com.br\/semreserva\/serpentes-a-bordo\/30-03-2015\/"]}]},{"@type":"BreadcrumbList","@id":"https:\/\/blog.panrotas.com.br\/semreserva\/serpentes-a-bordo\/30-03-2015\/#breadcrumb","itemListElement":[{"@type":"ListItem","position":1,"name":"Home do Blog","item":"http:\/\/blog.panrotas.com.br\/semreserva\/"},{"@type":"ListItem","position":2,"name":"Dia a dia","item":"https:\/\/blog.panrotas.com.br\/semreserva\/category\/dia-a-dia\/"},{"@type":"ListItem","position":3,"name":"Serpentes a bordo"}]},{"@type":"Article","@id":"https:\/\/blog.panrotas.com.br\/semreserva\/serpentes-a-bordo\/30-03-2015\/#article","isPartOf":{"@id":"https:\/\/blog.panrotas.com.br\/semreserva\/serpentes-a-bordo\/30-03-2015\/#webpage"},"author":{"@id":"http:\/\/blog.panrotas.com.br\/semreserva\/#\/schema\/person\/c93b4555f6a497d2d83c25dcb80f61ed"},"headline":"Serpentes a bordo","datePublished":"2015-03-30T22:36:08+00:00","dateModified":"2015-03-30T22:36:08+00:00","mainEntityOfPage":{"@id":"https:\/\/blog.panrotas.com.br\/semreserva\/serpentes-a-bordo\/30-03-2015\/#webpage"},"wordCount":515,"commentCount":0,"publisher":{"@id":"http:\/\/blog.panrotas.com.br\/semreserva\/#organization"},"articleSection":["Dia a dia"],"inLanguage":"pt-BR","potentialAction":[{"@type":"CommentAction","name":"Comment","target":["https:\/\/blog.panrotas.com.br\/semreserva\/serpentes-a-bordo\/30-03-2015\/#respond"]}]},{"@type":"Person","@id":"http:\/\/blog.panrotas.com.br\/semreserva\/#\/schema\/person\/c93b4555f6a497d2d83c25dcb80f61ed","name":"Artur Andrade","image":{"@type":"ImageObject","@id":"http:\/\/blog.panrotas.com.br\/semreserva\/#personlogo","inLanguage":"pt-BR","url":"https:\/\/secure.gravatar.com\/avatar\/a94564d630220cefd5c82f3452ac1ef4?s=96&d=mm&r=g","contentUrl":"https:\/\/secure.gravatar.com\/avatar\/a94564d630220cefd5c82f3452ac1ef4?s=96&d=mm&r=g","caption":"Artur Andrade"},"description":"Artur Luiz Andrade \u00e9 carioca, taurino, jornalista e nasceu em 1969. \u00c9 editor-chefe da PANROTAS Editora e mora em S\u00e3o Paulo desde 1998","sameAs":["http:\/\/www.panrotas.com.br"]}]}},"jetpack_featured_media_url":"","jetpack_shortlink":"https:\/\/wp.me\/p7idIU-178","_links":{"self":[{"href":"https:\/\/blog.panrotas.com.br\/semreserva\/wp-json\/wp\/v2\/posts\/4286"}],"collection":[{"href":"https:\/\/blog.panrotas.com.br\/semreserva\/wp-json\/wp\/v2\/posts"}],"about":[{"href":"https:\/\/blog.panrotas.com.br\/semreserva\/wp-json\/wp\/v2\/types\/post"}],"author":[{"embeddable":true,"href":"https:\/\/blog.panrotas.com.br\/semreserva\/wp-json\/wp\/v2\/users\/7"}],"replies":[{"embeddable":true,"href":"https:\/\/blog.panrotas.com.br\/semreserva\/wp-json\/wp\/v2\/comments?post=4286"}],"version-history":[{"count":0,"href":"https:\/\/blog.panrotas.com.br\/semreserva\/wp-json\/wp\/v2\/posts\/4286\/revisions"}],"wp:attachment":[{"href":"https:\/\/blog.panrotas.com.br\/semreserva\/wp-json\/wp\/v2\/media?parent=4286"}],"wp:term":[{"taxonomy":"category","embeddable":true,"href":"https:\/\/blog.panrotas.com.br\/semreserva\/wp-json\/wp\/v2\/categories?post=4286"},{"taxonomy":"post_tag","embeddable":true,"href":"https:\/\/blog.panrotas.com.br\/semreserva\/wp-json\/wp\/v2\/tags?post=4286"}],"curies":[{"name":"wp","href":"https:\/\/api.w.org\/{rel}","templated":true}]}}