{"id":4294,"date":"2015-04-06T16:54:16","date_gmt":"2015-04-06T19:54:16","guid":{"rendered":"http:\/\/blog.panrotas.com.br\/semreserva\/?p=4294"},"modified":"2015-04-06T16:54:16","modified_gmt":"2015-04-06T19:54:16","slug":"ja-e-grave-a-crise","status":"publish","type":"post","link":"https:\/\/blog.panrotas.com.br\/semreserva\/ja-e-grave-a-crise\/06-04-2015\/","title":{"rendered":"J\u00e1 \u00e9 grave a crise?"},"content":{"rendered":"<p>Para alguns, a crise maior \u00e9 pol\u00edtica (e tamb\u00e9m moral, \u00e9tica). Para outros, o problema \u00e9 o d\u00f3lar inst\u00e1vel. H\u00e1 quem ache o d\u00f3lar alto um bom neg\u00f3cio, pois atrai mais estrangeiros. J\u00e1 a infla\u00e7\u00e3o, \u00e9 um mal para todos e a negocia\u00e7\u00e3o pol\u00edtica para tirar o Brasil da crise, uma novela lament\u00e1vel.<\/p>\n<p>&nbsp;<\/p>\n<p>As companhias a\u00e9reas nacionais passaram uma mensagem pessimista no F\u00f3rum PANROTAS, e se chegou a dizer que havia voos que decolavam sem que 50% dos custos estivessem cobertos. Mas Gol mant\u00e9m sua expectativa de margem operacional positiva, a Azul confirmou voos extras para Miami&#8230;<\/p>\n<p>&nbsp;<\/p>\n<p>As tarifas a\u00e9reas internacionais nunca estiveram t\u00e3o baixas. Por menos de US$ 500 chega-se a Los Angeles, Europa e at\u00e9 al\u00e9m&#8230; Mas em reais, fica tudo parecido.<\/p>\n<p>&nbsp;<\/p>\n<p>Segundo dados de vendas de bilhetes internacionais no Pa\u00eds (relat\u00f3rio eSmash), a queda em faturamento (em d\u00f3lar americano) foi de 22% em janeiro e fevereiro (nos consolidadores a m\u00e9dia \u00e9 mais alta, cerca de 30%). Em n\u00famero de bilhetes o baque foi de 9%. E a tarifa m\u00e9dia caiu 16% (na Decolar.com, por exemplo, foi de 20%). Em reais, pode ser que d\u00ea empate, pode ser que ainda caia um pouco o total de vendas, pode ser que se mantenha acesa a luz no fim do t\u00fanel.<\/p>\n<p>&nbsp;<\/p>\n<p>Os finais de semana voltaram a ser de mega promos. O mercado de venda indireta se ressente e acha que \u00e9 um tiro no p\u00e9, acostumando o cliente a algo tempor\u00e1rio e contaminando segmentos fora do lazer. Mas avi\u00e3o que sobe vazio&#8230;<\/p>\n<p>&nbsp;<\/p>\n<p>Ou seja, a crise chegou, mas tem sa\u00edda. Entre altos e baixos, o planejamento agora \u00e9 di\u00e1rios e o rapaz do yield nunca foi t\u00e3o generoso.<\/p>\n<p>&nbsp;<\/p>\n<p>Outro term\u00f4metro s\u00e3o os eventos (continuam a mil no trade, apesar de menores \u2013 em expositores e em p\u00fablico). Alguns foram cancelados, mas antes da crise.<\/p>\n<p>&nbsp;<\/p>\n<p>O term\u00f4metro demiss\u00f5es tamb\u00e9m anda aquecido. Mas pelo que se v\u00ea, elas afetam mais alguns setores, como o de operadoras, e oscilam de 10% a 25% do quadro. Vale lembrar, por\u00e9m, que o setor viveu um boom de contrata\u00e7\u00f5es h\u00e1 alguns anos e muita gente foi contratada sem as devidas qualifica\u00e7\u00f5es. Era urg\u00eancia mesmo. Esse ajuste deve estar atingindo essa massa extra. Ou n\u00e3o \u2013 precisar\u00edamos analisar a fundo.<\/p>\n<p>&nbsp;<\/p>\n<p>Um operador me disse que a crise tem feito as operadoras voltarem a focar nos seus produtos mais fortes, os carros-chefes e especialidades, os diferenciais.<\/p>\n<p>&nbsp;<\/p>\n<p>A hotelaria se ressente do corporativo de 10% a 12% menor (at\u00e9 mar\u00e7o), mas o receptivo internacional \u00e9 um alento e uma aposta a m\u00e9dio e longo prazos. Mas n\u00e3o compensa a queda de viagem dos executivos. Se a crise for longa, a maior receio \u00e9 em rela\u00e7\u00e3o ao Rio de Janeiro, que ainda vai ganhar muitos e muitos quartos at\u00e9 a Olimp\u00edada. Vale lembrar que o mercado imobili\u00e1rio j\u00e1 est\u00e1 sentindo os efeitos do boom de anos atr\u00e1s \u2013 enquanto o mundo sofria, o Brasil de Lula nadava de bra\u00e7ada e gastava, investia, constru\u00eda&#8230;<\/p>\n<p>&nbsp;<\/p>\n<p>A crise, sim, j\u00e1 chegou. O empresariado se mostra mais r\u00e1pido que o governo, inclusive para cortar na carne. V\u00edtimas vir\u00e3o. Oportunidades e vencedores idem. E o m\u00e9rito mais uma vez ficar\u00e1 com a iniciativa privada. Que, por enquanto, ainda n\u00e3o v\u00ea o fim da turbul\u00eancia e faz ajustes na rota a todo instante.<\/p>\n<p>&nbsp;<\/p>\n<p>Boa pilotagem para todos.<\/p>\n<p>&nbsp;<\/p>\n<p>&nbsp;<\/p>\n","protected":false},"excerpt":{"rendered":"<p>Para alguns, a crise maior \u00e9 pol\u00edtica (e tamb\u00e9m moral, \u00e9tica). Para outros, o problema \u00e9 o d\u00f3lar inst\u00e1vel. H\u00e1 quem ache o d\u00f3lar alto um bom neg\u00f3cio, pois atrai mais estrangeiros. J\u00e1 a infla\u00e7\u00e3o, \u00e9 um mal para todos e a negocia\u00e7\u00e3o pol\u00edtica para tirar o Brasil da crise, uma novela lament\u00e1vel. &nbsp; As [&hellip;]<\/p>\n","protected":false},"author":7,"featured_media":0,"comment_status":"open","ping_status":"open","sticky":false,"template":"","format":"standard","meta":{"spay_email":""},"categories":[2],"tags":[],"yoast_head":"<!-- This site is optimized with the Yoast SEO plugin v17.3 - https:\/\/yoast.com\/wordpress\/plugins\/seo\/ -->\n<title>J\u00e1 \u00e9 grave a crise? -<\/title>\n<meta name=\"description\" content=\"J\u00e1 \u00e9 grave a crise?. Confira essa Mat\u00e9ria no Canal Sem reserva. \u27a4 Projeto em parceria com a PANROTAS.\" \/>\n<meta name=\"robots\" content=\"index, follow, max-snippet:-1, max-image-preview:large, max-video-preview:-1\" \/>\n<link rel=\"canonical\" href=\"https:\/\/blog.panrotas.com.br\/semreserva\/ja-e-grave-a-crise\/06-04-2015\/\" \/>\n<meta property=\"og:locale\" content=\"pt_BR\" \/>\n<meta property=\"og:type\" content=\"article\" \/>\n<meta property=\"og:title\" content=\"J\u00e1 \u00e9 grave a crise? -\" \/>\n<meta property=\"og:description\" content=\"J\u00e1 \u00e9 grave a crise?. Confira essa Mat\u00e9ria no Canal Sem reserva. \u27a4 Projeto em parceria com a PANROTAS.\" \/>\n<meta property=\"og:url\" content=\"https:\/\/blog.panrotas.com.br\/semreserva\/ja-e-grave-a-crise\/06-04-2015\/\" \/>\n<meta property=\"og:site_name\" content=\"Sem reserva\" \/>\n<meta property=\"article:publisher\" content=\"https:\/\/www.facebook.com\/portalpanrotas\/\" \/>\n<meta property=\"article:published_time\" content=\"2015-04-06T19:54:16+00:00\" \/>\n<meta name=\"twitter:card\" content=\"summary_large_image\" \/>\n<meta name=\"twitter:creator\" content=\"@portalpanrotas\" \/>\n<meta name=\"twitter:site\" content=\"@portalpanrotas\" \/>\n<meta name=\"twitter:label1\" content=\"Escrito por\" \/>\n\t<meta name=\"twitter:data1\" content=\"Artur Andrade\" \/>\n\t<meta name=\"twitter:label2\" content=\"Est. tempo de leitura\" \/>\n\t<meta name=\"twitter:data2\" content=\"3 minutos\" \/>\n<script type=\"application\/ld+json\" class=\"yoast-schema-graph\">{\"@context\":\"https:\/\/schema.org\",\"@graph\":[{\"@type\":\"Organization\",\"@id\":\"http:\/\/blog.panrotas.com.br\/semreserva\/#organization\",\"name\":\"Sem Reserva - Blog no Portal PANROTAS\",\"url\":\"http:\/\/blog.panrotas.com.br\/semreserva\/\",\"sameAs\":[\"https:\/\/www.facebook.com\/portalpanrotas\/\",\"https:\/\/www.instagram.com\/portalpanrotas\/\",\"https:\/\/br.linkedin.com\/company\/panrotas\",\"https:\/\/www.youtube.com\/tvpanrotas\",\"https:\/\/twitter.com\/portalpanrotas\"],\"logo\":{\"@type\":\"ImageObject\",\"@id\":\"http:\/\/blog.panrotas.com.br\/semreserva\/#logo\",\"inLanguage\":\"pt-BR\",\"url\":\"https:\/\/blog.panrotas.com.br\/semreserva\/wp-content\/uploads\/sites\/5\/2020\/06\/logo.png\",\"contentUrl\":\"https:\/\/blog.panrotas.com.br\/semreserva\/wp-content\/uploads\/sites\/5\/2020\/06\/logo.png\",\"width\":259,\"height\":53,\"caption\":\"Sem Reserva - Blog no Portal PANROTAS\"},\"image\":{\"@id\":\"http:\/\/blog.panrotas.com.br\/semreserva\/#logo\"}},{\"@type\":\"WebSite\",\"@id\":\"http:\/\/blog.panrotas.com.br\/semreserva\/#website\",\"url\":\"http:\/\/blog.panrotas.com.br\/semreserva\/\",\"name\":\"Sem reserva\",\"description\":\"Blogosfera PANROTAS\",\"publisher\":{\"@id\":\"http:\/\/blog.panrotas.com.br\/semreserva\/#organization\"},\"potentialAction\":[{\"@type\":\"SearchAction\",\"target\":{\"@type\":\"EntryPoint\",\"urlTemplate\":\"http:\/\/blog.panrotas.com.br\/semreserva\/?s={search_term_string}\"},\"query-input\":\"required name=search_term_string\"}],\"inLanguage\":\"pt-BR\"},{\"@type\":\"WebPage\",\"@id\":\"https:\/\/blog.panrotas.com.br\/semreserva\/ja-e-grave-a-crise\/06-04-2015\/#webpage\",\"url\":\"https:\/\/blog.panrotas.com.br\/semreserva\/ja-e-grave-a-crise\/06-04-2015\/\",\"name\":\"J\\u00e1 \\u00e9 grave a crise? -\",\"isPartOf\":{\"@id\":\"http:\/\/blog.panrotas.com.br\/semreserva\/#website\"},\"datePublished\":\"2015-04-06T19:54:16+00:00\",\"dateModified\":\"2015-04-06T19:54:16+00:00\",\"description\":\"J\\u00e1 \\u00e9 grave a crise?. Confira essa Mat\\u00e9ria no Canal Sem reserva. \\u27a4 Projeto em parceria com a PANROTAS.\",\"breadcrumb\":{\"@id\":\"https:\/\/blog.panrotas.com.br\/semreserva\/ja-e-grave-a-crise\/06-04-2015\/#breadcrumb\"},\"inLanguage\":\"pt-BR\",\"potentialAction\":[{\"@type\":\"ReadAction\",\"target\":[\"https:\/\/blog.panrotas.com.br\/semreserva\/ja-e-grave-a-crise\/06-04-2015\/\"]}]},{\"@type\":\"BreadcrumbList\",\"@id\":\"https:\/\/blog.panrotas.com.br\/semreserva\/ja-e-grave-a-crise\/06-04-2015\/#breadcrumb\",\"itemListElement\":[{\"@type\":\"ListItem\",\"position\":1,\"name\":\"Home do Blog\",\"item\":\"http:\/\/blog.panrotas.com.br\/semreserva\/\"},{\"@type\":\"ListItem\",\"position\":2,\"name\":\"Dia a dia\",\"item\":\"https:\/\/blog.panrotas.com.br\/semreserva\/category\/dia-a-dia\/\"},{\"@type\":\"ListItem\",\"position\":3,\"name\":\"J\\u00e1 \\u00e9 grave a crise?\"}]},{\"@type\":\"Article\",\"@id\":\"https:\/\/blog.panrotas.com.br\/semreserva\/ja-e-grave-a-crise\/06-04-2015\/#article\",\"isPartOf\":{\"@id\":\"https:\/\/blog.panrotas.com.br\/semreserva\/ja-e-grave-a-crise\/06-04-2015\/#webpage\"},\"author\":{\"@id\":\"http:\/\/blog.panrotas.com.br\/semreserva\/#\/schema\/person\/c93b4555f6a497d2d83c25dcb80f61ed\"},\"headline\":\"J\\u00e1 \\u00e9 grave a crise?\",\"datePublished\":\"2015-04-06T19:54:16+00:00\",\"dateModified\":\"2015-04-06T19:54:16+00:00\",\"mainEntityOfPage\":{\"@id\":\"https:\/\/blog.panrotas.com.br\/semreserva\/ja-e-grave-a-crise\/06-04-2015\/#webpage\"},\"wordCount\":603,\"commentCount\":0,\"publisher\":{\"@id\":\"http:\/\/blog.panrotas.com.br\/semreserva\/#organization\"},\"articleSection\":[\"Dia a dia\"],\"inLanguage\":\"pt-BR\",\"potentialAction\":[{\"@type\":\"CommentAction\",\"name\":\"Comment\",\"target\":[\"https:\/\/blog.panrotas.com.br\/semreserva\/ja-e-grave-a-crise\/06-04-2015\/#respond\"]}]},{\"@type\":\"Person\",\"@id\":\"http:\/\/blog.panrotas.com.br\/semreserva\/#\/schema\/person\/c93b4555f6a497d2d83c25dcb80f61ed\",\"name\":\"Artur Andrade\",\"image\":{\"@type\":\"ImageObject\",\"@id\":\"http:\/\/blog.panrotas.com.br\/semreserva\/#personlogo\",\"inLanguage\":\"pt-BR\",\"url\":\"https:\/\/secure.gravatar.com\/avatar\/a94564d630220cefd5c82f3452ac1ef4?s=96&d=mm&r=g\",\"contentUrl\":\"https:\/\/secure.gravatar.com\/avatar\/a94564d630220cefd5c82f3452ac1ef4?s=96&d=mm&r=g\",\"caption\":\"Artur Andrade\"},\"description\":\"Artur Luiz Andrade \\u00e9 carioca, taurino, jornalista e nasceu em 1969. \\u00c9 editor-chefe da PANROTAS Editora e mora em S\\u00e3o Paulo desde 1998\",\"sameAs\":[\"http:\/\/www.panrotas.com.br\"]}]}<\/script>\n<!-- \/ Yoast SEO plugin. -->","yoast_head_json":{"title":"J\u00e1 \u00e9 grave a crise? -","description":"J\u00e1 \u00e9 grave a crise?. Confira essa Mat\u00e9ria no Canal Sem reserva. \u27a4 Projeto em parceria com a PANROTAS.","robots":{"index":"index","follow":"follow","max-snippet":"max-snippet:-1","max-image-preview":"max-image-preview:large","max-video-preview":"max-video-preview:-1"},"canonical":"https:\/\/blog.panrotas.com.br\/semreserva\/ja-e-grave-a-crise\/06-04-2015\/","og_locale":"pt_BR","og_type":"article","og_title":"J\u00e1 \u00e9 grave a crise? -","og_description":"J\u00e1 \u00e9 grave a crise?. Confira essa Mat\u00e9ria no Canal Sem reserva. \u27a4 Projeto em parceria com a PANROTAS.","og_url":"https:\/\/blog.panrotas.com.br\/semreserva\/ja-e-grave-a-crise\/06-04-2015\/","og_site_name":"Sem reserva","article_publisher":"https:\/\/www.facebook.com\/portalpanrotas\/","article_published_time":"2015-04-06T19:54:16+00:00","twitter_card":"summary_large_image","twitter_creator":"@portalpanrotas","twitter_site":"@portalpanrotas","twitter_misc":{"Escrito por":"Artur Andrade","Est. tempo de leitura":"3 minutos"},"schema":{"@context":"https:\/\/schema.org","@graph":[{"@type":"Organization","@id":"http:\/\/blog.panrotas.com.br\/semreserva\/#organization","name":"Sem Reserva - Blog no Portal PANROTAS","url":"http:\/\/blog.panrotas.com.br\/semreserva\/","sameAs":["https:\/\/www.facebook.com\/portalpanrotas\/","https:\/\/www.instagram.com\/portalpanrotas\/","https:\/\/br.linkedin.com\/company\/panrotas","https:\/\/www.youtube.com\/tvpanrotas","https:\/\/twitter.com\/portalpanrotas"],"logo":{"@type":"ImageObject","@id":"http:\/\/blog.panrotas.com.br\/semreserva\/#logo","inLanguage":"pt-BR","url":"https:\/\/blog.panrotas.com.br\/semreserva\/wp-content\/uploads\/sites\/5\/2020\/06\/logo.png","contentUrl":"https:\/\/blog.panrotas.com.br\/semreserva\/wp-content\/uploads\/sites\/5\/2020\/06\/logo.png","width":259,"height":53,"caption":"Sem Reserva - Blog no Portal PANROTAS"},"image":{"@id":"http:\/\/blog.panrotas.com.br\/semreserva\/#logo"}},{"@type":"WebSite","@id":"http:\/\/blog.panrotas.com.br\/semreserva\/#website","url":"http:\/\/blog.panrotas.com.br\/semreserva\/","name":"Sem reserva","description":"Blogosfera PANROTAS","publisher":{"@id":"http:\/\/blog.panrotas.com.br\/semreserva\/#organization"},"potentialAction":[{"@type":"SearchAction","target":{"@type":"EntryPoint","urlTemplate":"http:\/\/blog.panrotas.com.br\/semreserva\/?s={search_term_string}"},"query-input":"required name=search_term_string"}],"inLanguage":"pt-BR"},{"@type":"WebPage","@id":"https:\/\/blog.panrotas.com.br\/semreserva\/ja-e-grave-a-crise\/06-04-2015\/#webpage","url":"https:\/\/blog.panrotas.com.br\/semreserva\/ja-e-grave-a-crise\/06-04-2015\/","name":"J\u00e1 \u00e9 grave a crise? -","isPartOf":{"@id":"http:\/\/blog.panrotas.com.br\/semreserva\/#website"},"datePublished":"2015-04-06T19:54:16+00:00","dateModified":"2015-04-06T19:54:16+00:00","description":"J\u00e1 \u00e9 grave a crise?. Confira essa Mat\u00e9ria no Canal Sem reserva. \u27a4 Projeto em parceria com a PANROTAS.","breadcrumb":{"@id":"https:\/\/blog.panrotas.com.br\/semreserva\/ja-e-grave-a-crise\/06-04-2015\/#breadcrumb"},"inLanguage":"pt-BR","potentialAction":[{"@type":"ReadAction","target":["https:\/\/blog.panrotas.com.br\/semreserva\/ja-e-grave-a-crise\/06-04-2015\/"]}]},{"@type":"BreadcrumbList","@id":"https:\/\/blog.panrotas.com.br\/semreserva\/ja-e-grave-a-crise\/06-04-2015\/#breadcrumb","itemListElement":[{"@type":"ListItem","position":1,"name":"Home do Blog","item":"http:\/\/blog.panrotas.com.br\/semreserva\/"},{"@type":"ListItem","position":2,"name":"Dia a dia","item":"https:\/\/blog.panrotas.com.br\/semreserva\/category\/dia-a-dia\/"},{"@type":"ListItem","position":3,"name":"J\u00e1 \u00e9 grave a crise?"}]},{"@type":"Article","@id":"https:\/\/blog.panrotas.com.br\/semreserva\/ja-e-grave-a-crise\/06-04-2015\/#article","isPartOf":{"@id":"https:\/\/blog.panrotas.com.br\/semreserva\/ja-e-grave-a-crise\/06-04-2015\/#webpage"},"author":{"@id":"http:\/\/blog.panrotas.com.br\/semreserva\/#\/schema\/person\/c93b4555f6a497d2d83c25dcb80f61ed"},"headline":"J\u00e1 \u00e9 grave a crise?","datePublished":"2015-04-06T19:54:16+00:00","dateModified":"2015-04-06T19:54:16+00:00","mainEntityOfPage":{"@id":"https:\/\/blog.panrotas.com.br\/semreserva\/ja-e-grave-a-crise\/06-04-2015\/#webpage"},"wordCount":603,"commentCount":0,"publisher":{"@id":"http:\/\/blog.panrotas.com.br\/semreserva\/#organization"},"articleSection":["Dia a dia"],"inLanguage":"pt-BR","potentialAction":[{"@type":"CommentAction","name":"Comment","target":["https:\/\/blog.panrotas.com.br\/semreserva\/ja-e-grave-a-crise\/06-04-2015\/#respond"]}]},{"@type":"Person","@id":"http:\/\/blog.panrotas.com.br\/semreserva\/#\/schema\/person\/c93b4555f6a497d2d83c25dcb80f61ed","name":"Artur Andrade","image":{"@type":"ImageObject","@id":"http:\/\/blog.panrotas.com.br\/semreserva\/#personlogo","inLanguage":"pt-BR","url":"https:\/\/secure.gravatar.com\/avatar\/a94564d630220cefd5c82f3452ac1ef4?s=96&d=mm&r=g","contentUrl":"https:\/\/secure.gravatar.com\/avatar\/a94564d630220cefd5c82f3452ac1ef4?s=96&d=mm&r=g","caption":"Artur Andrade"},"description":"Artur Luiz Andrade \u00e9 carioca, taurino, jornalista e nasceu em 1969. \u00c9 editor-chefe da PANROTAS Editora e mora em S\u00e3o Paulo desde 1998","sameAs":["http:\/\/www.panrotas.com.br"]}]}},"jetpack_featured_media_url":"","jetpack_shortlink":"https:\/\/wp.me\/p7idIU-17g","_links":{"self":[{"href":"https:\/\/blog.panrotas.com.br\/semreserva\/wp-json\/wp\/v2\/posts\/4294"}],"collection":[{"href":"https:\/\/blog.panrotas.com.br\/semreserva\/wp-json\/wp\/v2\/posts"}],"about":[{"href":"https:\/\/blog.panrotas.com.br\/semreserva\/wp-json\/wp\/v2\/types\/post"}],"author":[{"embeddable":true,"href":"https:\/\/blog.panrotas.com.br\/semreserva\/wp-json\/wp\/v2\/users\/7"}],"replies":[{"embeddable":true,"href":"https:\/\/blog.panrotas.com.br\/semreserva\/wp-json\/wp\/v2\/comments?post=4294"}],"version-history":[{"count":0,"href":"https:\/\/blog.panrotas.com.br\/semreserva\/wp-json\/wp\/v2\/posts\/4294\/revisions"}],"wp:attachment":[{"href":"https:\/\/blog.panrotas.com.br\/semreserva\/wp-json\/wp\/v2\/media?parent=4294"}],"wp:term":[{"taxonomy":"category","embeddable":true,"href":"https:\/\/blog.panrotas.com.br\/semreserva\/wp-json\/wp\/v2\/categories?post=4294"},{"taxonomy":"post_tag","embeddable":true,"href":"https:\/\/blog.panrotas.com.br\/semreserva\/wp-json\/wp\/v2\/tags?post=4294"}],"curies":[{"name":"wp","href":"https:\/\/api.w.org\/{rel}","templated":true}]}}