{"id":4295,"date":"2015-04-12T16:16:41","date_gmt":"2015-04-12T19:16:41","guid":{"rendered":"http:\/\/blog.panrotas.com.br\/semreserva\/?p=4295"},"modified":"2015-04-12T16:16:41","modified_gmt":"2015-04-12T19:16:41","slug":"mais-altos-que-baixos-na-aviesp","status":"publish","type":"post","link":"https:\/\/blog.panrotas.com.br\/semreserva\/mais-altos-que-baixos-na-aviesp\/12-04-2015\/","title":{"rendered":"MAIS ALTOS QUE BAIXOS NA AVIESP"},"content":{"rendered":"<p>Ainda acredito que o modelo de feira precisa ser repensado no turismo brasileiro. J\u00e1 h\u00e1 eventos apostando mais na capacita\u00e7\u00e3o, nas reuni\u00f5es marcadas, na qualidade sobre a quantidade. A feira da Aviesp, ainda 90% no modelo tradicional, foi um sucesso no que se prop\u00f4s a fazer.<\/p>\n<p>&nbsp;<\/p>\n<p><strong>PONTOS ALTOS<\/strong><\/p>\n<p>Havia agentes de viagens. Muitos. Mais de 3,6 mil segundo os organizadores. E era f\u00e1cil reconhec\u00ea-los. A toda hora chegavam \u00f4nibus com agentes de todo o Estado e de Estados vizinhos. No Semin\u00e1rio Aviesp, a cada pesquisa sobre quem era quem feita por algu\u00e9m em cima do palco, via-se que 80% dos participantes eram agentes de viagens. Miss\u00e3o cumprida.<\/p>\n<p>&nbsp;<\/p>\n<p>O local escolhido foi um acerto. Estar em Campinas, destino de f\u00e1cil acesso e com muitos atrativos, e no Expo Dom Pedro facilitou a vida de todos. Quem efz bate e volta ainda p\u00f4de conhecer um dos maiores shopping do Brasil.<\/p>\n<p>&nbsp;<\/p>\n<p>A infraestrutura do centro de conven\u00e7\u00f5es \u00e9 muito boa e todo o evento coube ali: welcome coffee para as caravanas, Semin\u00e1rio Aviesp, almo\u00e7o de Fortaleza, feira e Festa da CVC.<\/p>\n<p>&nbsp;<\/p>\n<p>Os agentes presentes se mostraram bastante interessados. Tanto no semin\u00e1rio quanto na feira. No estande da PANROTAS pediam material que pudessem dar tamb\u00e9m a seus clientes, comentavam sobre o Jornal PANROTAS, passavam carregados de sacolas. No Semin\u00e1rio Aviesp, participaram ativamente.<\/p>\n<p>&nbsp;<\/p>\n<p>A pauta do semin\u00e1rio esteve muito boa. Debates no primeiro dia, motiva\u00e7\u00e3o no segundo. Tudo correu bem, com pequeno atraso, esperado.<\/p>\n<p>&nbsp;<\/p>\n<p>A abertura encontrou boa estrutura no Teatro Castro Mendes, e foi prestigiada pelo ministro Vinicius Lages, que tamb\u00e9m visitou a feira. A homenagem a Celso Guelfi, da GTA, foi o ponto alto da noite.<\/p>\n<p>&nbsp;<\/p>\n<p>A diretoria da Aviesp, unida e integrada (todos sabiam de tudo) foi outro destaque. N\u00e3o me pareceu que havia disputas, vaidades ou \u00e1reas demarcadas. Muito bom.<\/p>\n<p>&nbsp;<\/p>\n<p>A capacita\u00e7\u00e3o durante a feira lotou as salas dispon\u00edveis, seja nos espa\u00e7os oficiais da Aviesp, as arenas, seja em espa\u00e7os menos dentro dos estandes. O participantes n\u00e3o quer mais s\u00f3 pegar folhetos e rever fornecedores, mas se atualizar, aprender, voltar para a ag\u00eancia com mais conhecimento.<\/p>\n<p>&nbsp;<\/p>\n<p>A proximidade com o Shopping Dom Pedro \u00e9 um ponto alto. Praticamente todos os participantes fizeram uma visita para comer ou fazer compras. O pre\u00e7o do estacionamento, R$ 6, muito justo.<\/p>\n<p>&nbsp;<\/p>\n<p>O Espa\u00e7o Gol Abracorp foi um primeiro passo e s\u00f3 deve crescer nas pr\u00f3ximas edi\u00e7\u00f5es.<\/p>\n<p>&nbsp;<\/p>\n<p>As \u00e1reas da Resorts Brasil e da Clia Abremar foram dois grandes acertos.<\/p>\n<p>&nbsp;<\/p>\n<p><strong>DEIXOU A DESEJAR (ou PODE MELHORAR)<\/strong><\/p>\n<p>A cerim\u00f4nia de abertura foi muito longa. Foi bonito ver a orquestra de viola, mas no encerramento, eles tocaram para meia d\u00fazia de pessoas. Se estamos em busca de conhecimento, lotar uma cerim\u00f4nia de discursos vai contra esse objetivo. Bastavam discursos do ministro e do presidente da Aviesp. A apresentadora errou v\u00e1rios nomes e n\u00e3o chamava pelo nome quem iria receber os pr\u00eamios&#8230; Faltou um scirpt mais din\u00e2mico para a mo\u00e7a.<\/p>\n<p>&nbsp;<\/p>\n<p>Os banheiros do Expo Dom Pedro pareciam tempor\u00e1rios. Precisam ser melhorados com urg\u00eancia.<\/p>\n<p>&nbsp;<\/p>\n<p>Faltou sinaliza\u00e7\u00e3o do lado de fora do evento (como chegar ao Expo Dom Pedro) e um mapa de estandes na parte de dentro. A feira estava pequena, mas as pessoas procuravam pelos estandes, j\u00e1 que faltou sinaliza\u00e7\u00e3o.<\/p>\n<p>&nbsp;<\/p>\n<p>N\u00e3o sei se ainda h\u00e1 necessidade de uma festa, como a da CVC. A maioria das pessoas estava nos bares e restaurantes do shopping ao lado. Melhor fazer eventos menores, para o p\u00fablico que se quer atingir.<\/p>\n<p>&nbsp;<\/p>\n<p>A distribui\u00e7\u00e3o dos estandes-\u00e2ncoras podia ser melhor, pois quem ficou na \u00faltima fila da feira, praticamente passou despercebido.<\/p>\n<p>&nbsp;<\/p>\n<p>Senti falta de uma presen\u00e7a maior (e melhor) de \u00edcones do interior, como a Ancoradouro e o grupo Royal Palm Plaza. Ficou estranho o evento ir para Campinas e as empresas da regi\u00e3o n\u00e3o se fazerem presentes como se esperava.<\/p>\n<p>&nbsp;<\/p>\n<p>O nome &#8220;Expo de neg\u00f3cios&#8221; \u00e9 como o da Abav &#8220;Expo internacional&#8221;. N\u00e3o vai pegar. Todos v\u00e3o continuar falando Feira da Aviesp e Feira da Abav.<\/p>\n<p>&nbsp;<\/p>\n<p>No geral, foi como um recome\u00e7o, um resgate da Aviesp, que deu passos errados no passado indo onde o p\u00fablico n\u00e3o conseguia chegar ou onde n\u00e3o havia estrutura apropriada. Ficou parecendo um Festival de Gramado, um pouco menor, com tudo reunido em um belo espa\u00e7o, e com participantes interessados. Um evento profissional que s\u00f3 tendte a crescer e melhorar. E que deixou algum dever de casa para a Avirrp. <strong>NOTA: 8<\/strong><\/p>\n<p>&nbsp;<\/p>\n<p>E voc\u00ea? O que achou da Aviesp 2015?<\/p>\n","protected":false},"excerpt":{"rendered":"<p>Ainda acredito que o modelo de feira precisa ser repensado no turismo brasileiro. J\u00e1 h\u00e1 eventos apostando mais na capacita\u00e7\u00e3o, nas reuni\u00f5es marcadas, na qualidade sobre a quantidade. A feira da Aviesp, ainda 90% no modelo tradicional, foi um sucesso no que se prop\u00f4s a fazer. &nbsp; PONTOS ALTOS Havia agentes de viagens. Muitos. Mais [&hellip;]<\/p>\n","protected":false},"author":7,"featured_media":0,"comment_status":"open","ping_status":"open","sticky":false,"template":"","format":"standard","meta":{"spay_email":""},"categories":[2],"tags":[],"yoast_head":"<!-- This site is optimized with the Yoast SEO plugin v17.3 - https:\/\/yoast.com\/wordpress\/plugins\/seo\/ -->\n<title>MAIS ALTOS QUE BAIXOS NA AVIESP -<\/title>\n<meta name=\"description\" content=\"MAIS ALTOS QUE BAIXOS NA AVIESP. Confira essa Mat\u00e9ria no Canal Sem reserva. \u27a4 Projeto em parceria com a PANROTAS.\" \/>\n<meta name=\"robots\" content=\"index, follow, max-snippet:-1, max-image-preview:large, max-video-preview:-1\" \/>\n<link rel=\"canonical\" href=\"https:\/\/blog.panrotas.com.br\/semreserva\/mais-altos-que-baixos-na-aviesp\/12-04-2015\/\" \/>\n<meta property=\"og:locale\" content=\"pt_BR\" \/>\n<meta property=\"og:type\" content=\"article\" \/>\n<meta property=\"og:title\" content=\"MAIS ALTOS QUE BAIXOS NA AVIESP -\" \/>\n<meta property=\"og:description\" content=\"MAIS ALTOS QUE BAIXOS NA AVIESP. Confira essa Mat\u00e9ria no Canal Sem reserva. \u27a4 Projeto em parceria com a PANROTAS.\" \/>\n<meta property=\"og:url\" content=\"https:\/\/blog.panrotas.com.br\/semreserva\/mais-altos-que-baixos-na-aviesp\/12-04-2015\/\" \/>\n<meta property=\"og:site_name\" content=\"Sem reserva\" \/>\n<meta property=\"article:publisher\" content=\"https:\/\/www.facebook.com\/portalpanrotas\/\" \/>\n<meta property=\"article:published_time\" content=\"2015-04-12T19:16:41+00:00\" \/>\n<meta name=\"twitter:card\" content=\"summary_large_image\" \/>\n<meta name=\"twitter:creator\" content=\"@portalpanrotas\" \/>\n<meta name=\"twitter:site\" content=\"@portalpanrotas\" \/>\n<meta name=\"twitter:label1\" content=\"Escrito por\" \/>\n\t<meta name=\"twitter:data1\" content=\"Artur Andrade\" \/>\n\t<meta name=\"twitter:label2\" content=\"Est. tempo de leitura\" \/>\n\t<meta name=\"twitter:data2\" content=\"4 minutos\" \/>\n<script type=\"application\/ld+json\" class=\"yoast-schema-graph\">{\"@context\":\"https:\/\/schema.org\",\"@graph\":[{\"@type\":\"Organization\",\"@id\":\"http:\/\/blog.panrotas.com.br\/semreserva\/#organization\",\"name\":\"Sem Reserva - Blog no Portal PANROTAS\",\"url\":\"http:\/\/blog.panrotas.com.br\/semreserva\/\",\"sameAs\":[\"https:\/\/www.facebook.com\/portalpanrotas\/\",\"https:\/\/www.instagram.com\/portalpanrotas\/\",\"https:\/\/br.linkedin.com\/company\/panrotas\",\"https:\/\/www.youtube.com\/tvpanrotas\",\"https:\/\/twitter.com\/portalpanrotas\"],\"logo\":{\"@type\":\"ImageObject\",\"@id\":\"http:\/\/blog.panrotas.com.br\/semreserva\/#logo\",\"inLanguage\":\"pt-BR\",\"url\":\"https:\/\/blog.panrotas.com.br\/semreserva\/wp-content\/uploads\/sites\/5\/2020\/06\/logo.png\",\"contentUrl\":\"https:\/\/blog.panrotas.com.br\/semreserva\/wp-content\/uploads\/sites\/5\/2020\/06\/logo.png\",\"width\":259,\"height\":53,\"caption\":\"Sem Reserva - Blog no Portal PANROTAS\"},\"image\":{\"@id\":\"http:\/\/blog.panrotas.com.br\/semreserva\/#logo\"}},{\"@type\":\"WebSite\",\"@id\":\"http:\/\/blog.panrotas.com.br\/semreserva\/#website\",\"url\":\"http:\/\/blog.panrotas.com.br\/semreserva\/\",\"name\":\"Sem reserva\",\"description\":\"Blogosfera PANROTAS\",\"publisher\":{\"@id\":\"http:\/\/blog.panrotas.com.br\/semreserva\/#organization\"},\"potentialAction\":[{\"@type\":\"SearchAction\",\"target\":{\"@type\":\"EntryPoint\",\"urlTemplate\":\"http:\/\/blog.panrotas.com.br\/semreserva\/?s={search_term_string}\"},\"query-input\":\"required name=search_term_string\"}],\"inLanguage\":\"pt-BR\"},{\"@type\":\"WebPage\",\"@id\":\"https:\/\/blog.panrotas.com.br\/semreserva\/mais-altos-que-baixos-na-aviesp\/12-04-2015\/#webpage\",\"url\":\"https:\/\/blog.panrotas.com.br\/semreserva\/mais-altos-que-baixos-na-aviesp\/12-04-2015\/\",\"name\":\"MAIS ALTOS QUE BAIXOS NA AVIESP -\",\"isPartOf\":{\"@id\":\"http:\/\/blog.panrotas.com.br\/semreserva\/#website\"},\"datePublished\":\"2015-04-12T19:16:41+00:00\",\"dateModified\":\"2015-04-12T19:16:41+00:00\",\"description\":\"MAIS ALTOS QUE BAIXOS NA AVIESP. Confira essa Mat\\u00e9ria no Canal Sem reserva. \\u27a4 Projeto em parceria com a PANROTAS.\",\"breadcrumb\":{\"@id\":\"https:\/\/blog.panrotas.com.br\/semreserva\/mais-altos-que-baixos-na-aviesp\/12-04-2015\/#breadcrumb\"},\"inLanguage\":\"pt-BR\",\"potentialAction\":[{\"@type\":\"ReadAction\",\"target\":[\"https:\/\/blog.panrotas.com.br\/semreserva\/mais-altos-que-baixos-na-aviesp\/12-04-2015\/\"]}]},{\"@type\":\"BreadcrumbList\",\"@id\":\"https:\/\/blog.panrotas.com.br\/semreserva\/mais-altos-que-baixos-na-aviesp\/12-04-2015\/#breadcrumb\",\"itemListElement\":[{\"@type\":\"ListItem\",\"position\":1,\"name\":\"Home do Blog\",\"item\":\"http:\/\/blog.panrotas.com.br\/semreserva\/\"},{\"@type\":\"ListItem\",\"position\":2,\"name\":\"Dia a dia\",\"item\":\"https:\/\/blog.panrotas.com.br\/semreserva\/category\/dia-a-dia\/\"},{\"@type\":\"ListItem\",\"position\":3,\"name\":\"MAIS ALTOS QUE BAIXOS NA AVIESP\"}]},{\"@type\":\"Article\",\"@id\":\"https:\/\/blog.panrotas.com.br\/semreserva\/mais-altos-que-baixos-na-aviesp\/12-04-2015\/#article\",\"isPartOf\":{\"@id\":\"https:\/\/blog.panrotas.com.br\/semreserva\/mais-altos-que-baixos-na-aviesp\/12-04-2015\/#webpage\"},\"author\":{\"@id\":\"http:\/\/blog.panrotas.com.br\/semreserva\/#\/schema\/person\/c93b4555f6a497d2d83c25dcb80f61ed\"},\"headline\":\"MAIS ALTOS QUE BAIXOS NA AVIESP\",\"datePublished\":\"2015-04-12T19:16:41+00:00\",\"dateModified\":\"2015-04-12T19:16:41+00:00\",\"mainEntityOfPage\":{\"@id\":\"https:\/\/blog.panrotas.com.br\/semreserva\/mais-altos-que-baixos-na-aviesp\/12-04-2015\/#webpage\"},\"wordCount\":805,\"commentCount\":0,\"publisher\":{\"@id\":\"http:\/\/blog.panrotas.com.br\/semreserva\/#organization\"},\"articleSection\":[\"Dia a dia\"],\"inLanguage\":\"pt-BR\",\"potentialAction\":[{\"@type\":\"CommentAction\",\"name\":\"Comment\",\"target\":[\"https:\/\/blog.panrotas.com.br\/semreserva\/mais-altos-que-baixos-na-aviesp\/12-04-2015\/#respond\"]}]},{\"@type\":\"Person\",\"@id\":\"http:\/\/blog.panrotas.com.br\/semreserva\/#\/schema\/person\/c93b4555f6a497d2d83c25dcb80f61ed\",\"name\":\"Artur Andrade\",\"image\":{\"@type\":\"ImageObject\",\"@id\":\"http:\/\/blog.panrotas.com.br\/semreserva\/#personlogo\",\"inLanguage\":\"pt-BR\",\"url\":\"https:\/\/secure.gravatar.com\/avatar\/a94564d630220cefd5c82f3452ac1ef4?s=96&d=mm&r=g\",\"contentUrl\":\"https:\/\/secure.gravatar.com\/avatar\/a94564d630220cefd5c82f3452ac1ef4?s=96&d=mm&r=g\",\"caption\":\"Artur Andrade\"},\"description\":\"Artur Luiz Andrade \\u00e9 carioca, taurino, jornalista e nasceu em 1969. \\u00c9 editor-chefe da PANROTAS Editora e mora em S\\u00e3o Paulo desde 1998\",\"sameAs\":[\"http:\/\/www.panrotas.com.br\"]}]}<\/script>\n<!-- \/ Yoast SEO plugin. -->","yoast_head_json":{"title":"MAIS ALTOS QUE BAIXOS NA AVIESP -","description":"MAIS ALTOS QUE BAIXOS NA AVIESP. Confira essa Mat\u00e9ria no Canal Sem reserva. \u27a4 Projeto em parceria com a PANROTAS.","robots":{"index":"index","follow":"follow","max-snippet":"max-snippet:-1","max-image-preview":"max-image-preview:large","max-video-preview":"max-video-preview:-1"},"canonical":"https:\/\/blog.panrotas.com.br\/semreserva\/mais-altos-que-baixos-na-aviesp\/12-04-2015\/","og_locale":"pt_BR","og_type":"article","og_title":"MAIS ALTOS QUE BAIXOS NA AVIESP -","og_description":"MAIS ALTOS QUE BAIXOS NA AVIESP. Confira essa Mat\u00e9ria no Canal Sem reserva. \u27a4 Projeto em parceria com a PANROTAS.","og_url":"https:\/\/blog.panrotas.com.br\/semreserva\/mais-altos-que-baixos-na-aviesp\/12-04-2015\/","og_site_name":"Sem reserva","article_publisher":"https:\/\/www.facebook.com\/portalpanrotas\/","article_published_time":"2015-04-12T19:16:41+00:00","twitter_card":"summary_large_image","twitter_creator":"@portalpanrotas","twitter_site":"@portalpanrotas","twitter_misc":{"Escrito por":"Artur Andrade","Est. tempo de leitura":"4 minutos"},"schema":{"@context":"https:\/\/schema.org","@graph":[{"@type":"Organization","@id":"http:\/\/blog.panrotas.com.br\/semreserva\/#organization","name":"Sem Reserva - Blog no Portal PANROTAS","url":"http:\/\/blog.panrotas.com.br\/semreserva\/","sameAs":["https:\/\/www.facebook.com\/portalpanrotas\/","https:\/\/www.instagram.com\/portalpanrotas\/","https:\/\/br.linkedin.com\/company\/panrotas","https:\/\/www.youtube.com\/tvpanrotas","https:\/\/twitter.com\/portalpanrotas"],"logo":{"@type":"ImageObject","@id":"http:\/\/blog.panrotas.com.br\/semreserva\/#logo","inLanguage":"pt-BR","url":"https:\/\/blog.panrotas.com.br\/semreserva\/wp-content\/uploads\/sites\/5\/2020\/06\/logo.png","contentUrl":"https:\/\/blog.panrotas.com.br\/semreserva\/wp-content\/uploads\/sites\/5\/2020\/06\/logo.png","width":259,"height":53,"caption":"Sem Reserva - Blog no Portal PANROTAS"},"image":{"@id":"http:\/\/blog.panrotas.com.br\/semreserva\/#logo"}},{"@type":"WebSite","@id":"http:\/\/blog.panrotas.com.br\/semreserva\/#website","url":"http:\/\/blog.panrotas.com.br\/semreserva\/","name":"Sem reserva","description":"Blogosfera PANROTAS","publisher":{"@id":"http:\/\/blog.panrotas.com.br\/semreserva\/#organization"},"potentialAction":[{"@type":"SearchAction","target":{"@type":"EntryPoint","urlTemplate":"http:\/\/blog.panrotas.com.br\/semreserva\/?s={search_term_string}"},"query-input":"required name=search_term_string"}],"inLanguage":"pt-BR"},{"@type":"WebPage","@id":"https:\/\/blog.panrotas.com.br\/semreserva\/mais-altos-que-baixos-na-aviesp\/12-04-2015\/#webpage","url":"https:\/\/blog.panrotas.com.br\/semreserva\/mais-altos-que-baixos-na-aviesp\/12-04-2015\/","name":"MAIS ALTOS QUE BAIXOS NA AVIESP -","isPartOf":{"@id":"http:\/\/blog.panrotas.com.br\/semreserva\/#website"},"datePublished":"2015-04-12T19:16:41+00:00","dateModified":"2015-04-12T19:16:41+00:00","description":"MAIS ALTOS QUE BAIXOS NA AVIESP. Confira essa Mat\u00e9ria no Canal Sem reserva. \u27a4 Projeto em parceria com a PANROTAS.","breadcrumb":{"@id":"https:\/\/blog.panrotas.com.br\/semreserva\/mais-altos-que-baixos-na-aviesp\/12-04-2015\/#breadcrumb"},"inLanguage":"pt-BR","potentialAction":[{"@type":"ReadAction","target":["https:\/\/blog.panrotas.com.br\/semreserva\/mais-altos-que-baixos-na-aviesp\/12-04-2015\/"]}]},{"@type":"BreadcrumbList","@id":"https:\/\/blog.panrotas.com.br\/semreserva\/mais-altos-que-baixos-na-aviesp\/12-04-2015\/#breadcrumb","itemListElement":[{"@type":"ListItem","position":1,"name":"Home do Blog","item":"http:\/\/blog.panrotas.com.br\/semreserva\/"},{"@type":"ListItem","position":2,"name":"Dia a dia","item":"https:\/\/blog.panrotas.com.br\/semreserva\/category\/dia-a-dia\/"},{"@type":"ListItem","position":3,"name":"MAIS ALTOS QUE BAIXOS NA AVIESP"}]},{"@type":"Article","@id":"https:\/\/blog.panrotas.com.br\/semreserva\/mais-altos-que-baixos-na-aviesp\/12-04-2015\/#article","isPartOf":{"@id":"https:\/\/blog.panrotas.com.br\/semreserva\/mais-altos-que-baixos-na-aviesp\/12-04-2015\/#webpage"},"author":{"@id":"http:\/\/blog.panrotas.com.br\/semreserva\/#\/schema\/person\/c93b4555f6a497d2d83c25dcb80f61ed"},"headline":"MAIS ALTOS QUE BAIXOS NA AVIESP","datePublished":"2015-04-12T19:16:41+00:00","dateModified":"2015-04-12T19:16:41+00:00","mainEntityOfPage":{"@id":"https:\/\/blog.panrotas.com.br\/semreserva\/mais-altos-que-baixos-na-aviesp\/12-04-2015\/#webpage"},"wordCount":805,"commentCount":0,"publisher":{"@id":"http:\/\/blog.panrotas.com.br\/semreserva\/#organization"},"articleSection":["Dia a dia"],"inLanguage":"pt-BR","potentialAction":[{"@type":"CommentAction","name":"Comment","target":["https:\/\/blog.panrotas.com.br\/semreserva\/mais-altos-que-baixos-na-aviesp\/12-04-2015\/#respond"]}]},{"@type":"Person","@id":"http:\/\/blog.panrotas.com.br\/semreserva\/#\/schema\/person\/c93b4555f6a497d2d83c25dcb80f61ed","name":"Artur Andrade","image":{"@type":"ImageObject","@id":"http:\/\/blog.panrotas.com.br\/semreserva\/#personlogo","inLanguage":"pt-BR","url":"https:\/\/secure.gravatar.com\/avatar\/a94564d630220cefd5c82f3452ac1ef4?s=96&d=mm&r=g","contentUrl":"https:\/\/secure.gravatar.com\/avatar\/a94564d630220cefd5c82f3452ac1ef4?s=96&d=mm&r=g","caption":"Artur Andrade"},"description":"Artur Luiz Andrade \u00e9 carioca, taurino, jornalista e nasceu em 1969. \u00c9 editor-chefe da PANROTAS Editora e mora em S\u00e3o Paulo desde 1998","sameAs":["http:\/\/www.panrotas.com.br"]}]}},"jetpack_featured_media_url":"","jetpack_shortlink":"https:\/\/wp.me\/p7idIU-17h","_links":{"self":[{"href":"https:\/\/blog.panrotas.com.br\/semreserva\/wp-json\/wp\/v2\/posts\/4295"}],"collection":[{"href":"https:\/\/blog.panrotas.com.br\/semreserva\/wp-json\/wp\/v2\/posts"}],"about":[{"href":"https:\/\/blog.panrotas.com.br\/semreserva\/wp-json\/wp\/v2\/types\/post"}],"author":[{"embeddable":true,"href":"https:\/\/blog.panrotas.com.br\/semreserva\/wp-json\/wp\/v2\/users\/7"}],"replies":[{"embeddable":true,"href":"https:\/\/blog.panrotas.com.br\/semreserva\/wp-json\/wp\/v2\/comments?post=4295"}],"version-history":[{"count":0,"href":"https:\/\/blog.panrotas.com.br\/semreserva\/wp-json\/wp\/v2\/posts\/4295\/revisions"}],"wp:attachment":[{"href":"https:\/\/blog.panrotas.com.br\/semreserva\/wp-json\/wp\/v2\/media?parent=4295"}],"wp:term":[{"taxonomy":"category","embeddable":true,"href":"https:\/\/blog.panrotas.com.br\/semreserva\/wp-json\/wp\/v2\/categories?post=4295"},{"taxonomy":"post_tag","embeddable":true,"href":"https:\/\/blog.panrotas.com.br\/semreserva\/wp-json\/wp\/v2\/tags?post=4295"}],"curies":[{"name":"wp","href":"https:\/\/api.w.org\/{rel}","templated":true}]}}