{"id":4299,"date":"2015-04-16T13:40:14","date_gmt":"2015-04-16T16:40:14","guid":{"rendered":"http:\/\/blog.panrotas.com.br\/semreserva\/?p=4299"},"modified":"2015-04-16T13:40:14","modified_gmt":"2015-04-16T16:40:14","slug":"qual-sera-a-nova-hashtag-do-turismo","status":"publish","type":"post","link":"https:\/\/blog.panrotas.com.br\/semreserva\/qual-sera-a-nova-hashtag-do-turismo\/16-04-2015\/","title":{"rendered":"Qual ser\u00e1 a nova hashtag do turismo?"},"content":{"rendered":"<p>Quando o Minist\u00e9rio do Turismo foi criado, ainda n\u00e3o havia a moda das hashtags, mas ela bem que podia ser #temosminist\u00e9rio. O ent\u00e3o ministro Mares Guia se empolgou com a \u00e1rea (inclusive estabelecendo metas um tanto altas \u2013 ou fora da realidade \u2013 n\u00e3o atingidas at\u00e9 hoje), conquistou a simpatia do setor e era o #homemdasestatisticas.<\/p>\n<p>&nbsp;<\/p>\n<p>Mares Guia saiu do MTur, depois do governo, mas ficou a boa lembran\u00e7a de quem come\u00e7ou o MTur. At\u00e9 hoje o dream team (Eduardo Sanovicz, Jeanine Pires, Airton Pereira, Milton Zuanazzi, T\u00e2nia Brizolla, Jos\u00e9 Francisco de Salles, entre outros), \u00e9 lembrado como refer\u00eancia. Outras hashtags da \u00e9poca: #destinosindutores, #mapeamentodoturismo, #regionaliza\u00e7\u00e3o.<\/p>\n<p>&nbsp;<\/p>\n<p>Marta Suplicy, de olho na prefeitura de S\u00e3o Paulo, focou no #viajamaismelhoridade, mas ficou lembrada pelo #relaxaegoza em pleno #caosa\u00e9reo.<\/p>\n<p>&nbsp;<\/p>\n<p>Luiz Barretto, o mais t\u00e9cnico a passar pelo MTur, fez uma boa trajet\u00f3ria para o lugar da excel\u00eancia em conhecimento t\u00e9cnico, o Sebrae, que preside at\u00e9 hoje. Algumas de suas hashtags foram #capacita\u00e7\u00e3o, #pronatec, #preparacaoparaosgrandeseventos.<\/p>\n<p>&nbsp;<\/p>\n<p>A era mais pol\u00edtica do MTur foi a mais decepcionante. Pedro Novais n\u00e3o deixou marcas (ou saudades) e Gast\u00e3o Vieira teve de conviver com um desafeto pol\u00edtico na Embratur, Fl\u00e1vio Dino, mais de olho no governo do Maranh\u00e3o, que levou. Turismo d\u00e1 voto ou o Maranh\u00e3o pedia mesmo mudan\u00e7as? Hashtags da \u00e9poca inclu\u00edam #mapeamentodasobras, foco nas #emendasparlamentares, #oportunidadeperdidacomaCopa.<\/p>\n<p>&nbsp;<\/p>\n<p>Na \u00e9poca da Copa estava o ministro Vinicius Lages, que pouco conseguiu fazer. Quando conseguiu, revisando planos j\u00e1 existentes (o Nacional de Turismo, o de Marketing), definindo prioridades ligadas ao lado comercial do turismo, trazendo uma objetividade jamais vista na pasta, foi trocado por Henrique Alves, ex-presidente da C\u00e2mara. O trade sabia que Lages cumpria um mandato tamp\u00e3o, mas houve uma afinidade t\u00e3o grande que nasceu uma torcida genu\u00edna para que ficasse. #partiuministro, #partiubrasil.<\/p>\n<p>&nbsp;<\/p>\n<p>Qual ser\u00e1 a hashtag de #henriquealves? Que seja #evolu\u00e7\u00e3o, #soma, #multiplica\u00e7\u00e3o. Que construa sobre uma base que j\u00e1 existe e n\u00e3o no terreno ao lado, recome\u00e7ando do zero. Que conven\u00e7a o governo da import\u00e2ncia do turismo. Que n\u00e3o sejamos mais usados como moeda de troca e sim como capital fundamental e estrat\u00e9gico para o desenvolvimento do Pa\u00eds. Que batamos recordes, n\u00e3o de troca de ministros, mas de resultados que s\u00f3 ir\u00e3o ajudar a todo um Pa\u00eds.<\/p>\n","protected":false},"excerpt":{"rendered":"<p>Quando o Minist\u00e9rio do Turismo foi criado, ainda n\u00e3o havia a moda das hashtags, mas ela bem que podia ser #temosminist\u00e9rio. O ent\u00e3o ministro Mares Guia se empolgou com a \u00e1rea (inclusive estabelecendo metas um tanto altas \u2013 ou fora da realidade \u2013 n\u00e3o atingidas at\u00e9 hoje), conquistou a simpatia do setor e era o [&hellip;]<\/p>\n","protected":false},"author":7,"featured_media":0,"comment_status":"open","ping_status":"open","sticky":false,"template":"","format":"standard","meta":{"spay_email":""},"categories":[2],"tags":[],"yoast_head":"<!-- This site is optimized with the Yoast SEO plugin v17.3 - https:\/\/yoast.com\/wordpress\/plugins\/seo\/ -->\n<title>Qual ser\u00e1 a nova hashtag do turismo? -<\/title>\n<meta name=\"description\" content=\"Qual ser\u00e1 a nova hashtag do turismo?. Confira essa Mat\u00e9ria no Canal Sem reserva. \u27a4 Projeto em parceria com a PANROTAS.\" \/>\n<meta name=\"robots\" content=\"index, follow, max-snippet:-1, max-image-preview:large, max-video-preview:-1\" \/>\n<link rel=\"canonical\" href=\"https:\/\/blog.panrotas.com.br\/semreserva\/qual-sera-a-nova-hashtag-do-turismo\/16-04-2015\/\" \/>\n<meta property=\"og:locale\" content=\"pt_BR\" \/>\n<meta property=\"og:type\" content=\"article\" \/>\n<meta property=\"og:title\" content=\"Qual ser\u00e1 a nova hashtag do turismo? -\" \/>\n<meta property=\"og:description\" content=\"Qual ser\u00e1 a nova hashtag do turismo?. Confira essa Mat\u00e9ria no Canal Sem reserva. \u27a4 Projeto em parceria com a PANROTAS.\" \/>\n<meta property=\"og:url\" content=\"https:\/\/blog.panrotas.com.br\/semreserva\/qual-sera-a-nova-hashtag-do-turismo\/16-04-2015\/\" \/>\n<meta property=\"og:site_name\" content=\"Sem reserva\" \/>\n<meta property=\"article:publisher\" content=\"https:\/\/www.facebook.com\/portalpanrotas\/\" \/>\n<meta property=\"article:published_time\" content=\"2015-04-16T16:40:14+00:00\" \/>\n<meta name=\"twitter:card\" content=\"summary_large_image\" \/>\n<meta name=\"twitter:creator\" content=\"@portalpanrotas\" \/>\n<meta name=\"twitter:site\" content=\"@portalpanrotas\" \/>\n<meta name=\"twitter:label1\" content=\"Escrito por\" \/>\n\t<meta name=\"twitter:data1\" content=\"Artur Andrade\" \/>\n\t<meta name=\"twitter:label2\" content=\"Est. tempo de leitura\" \/>\n\t<meta name=\"twitter:data2\" content=\"2 minutos\" \/>\n<script type=\"application\/ld+json\" class=\"yoast-schema-graph\">{\"@context\":\"https:\/\/schema.org\",\"@graph\":[{\"@type\":\"Organization\",\"@id\":\"http:\/\/blog.panrotas.com.br\/semreserva\/#organization\",\"name\":\"Sem Reserva - Blog no Portal PANROTAS\",\"url\":\"http:\/\/blog.panrotas.com.br\/semreserva\/\",\"sameAs\":[\"https:\/\/www.facebook.com\/portalpanrotas\/\",\"https:\/\/www.instagram.com\/portalpanrotas\/\",\"https:\/\/br.linkedin.com\/company\/panrotas\",\"https:\/\/www.youtube.com\/tvpanrotas\",\"https:\/\/twitter.com\/portalpanrotas\"],\"logo\":{\"@type\":\"ImageObject\",\"@id\":\"http:\/\/blog.panrotas.com.br\/semreserva\/#logo\",\"inLanguage\":\"pt-BR\",\"url\":\"https:\/\/blog.panrotas.com.br\/semreserva\/wp-content\/uploads\/sites\/5\/2020\/06\/logo.png\",\"contentUrl\":\"https:\/\/blog.panrotas.com.br\/semreserva\/wp-content\/uploads\/sites\/5\/2020\/06\/logo.png\",\"width\":259,\"height\":53,\"caption\":\"Sem Reserva - Blog no Portal PANROTAS\"},\"image\":{\"@id\":\"http:\/\/blog.panrotas.com.br\/semreserva\/#logo\"}},{\"@type\":\"WebSite\",\"@id\":\"http:\/\/blog.panrotas.com.br\/semreserva\/#website\",\"url\":\"http:\/\/blog.panrotas.com.br\/semreserva\/\",\"name\":\"Sem reserva\",\"description\":\"Blogosfera PANROTAS\",\"publisher\":{\"@id\":\"http:\/\/blog.panrotas.com.br\/semreserva\/#organization\"},\"potentialAction\":[{\"@type\":\"SearchAction\",\"target\":{\"@type\":\"EntryPoint\",\"urlTemplate\":\"http:\/\/blog.panrotas.com.br\/semreserva\/?s={search_term_string}\"},\"query-input\":\"required name=search_term_string\"}],\"inLanguage\":\"pt-BR\"},{\"@type\":\"WebPage\",\"@id\":\"https:\/\/blog.panrotas.com.br\/semreserva\/qual-sera-a-nova-hashtag-do-turismo\/16-04-2015\/#webpage\",\"url\":\"https:\/\/blog.panrotas.com.br\/semreserva\/qual-sera-a-nova-hashtag-do-turismo\/16-04-2015\/\",\"name\":\"Qual ser\\u00e1 a nova hashtag do turismo? -\",\"isPartOf\":{\"@id\":\"http:\/\/blog.panrotas.com.br\/semreserva\/#website\"},\"datePublished\":\"2015-04-16T16:40:14+00:00\",\"dateModified\":\"2015-04-16T16:40:14+00:00\",\"description\":\"Qual ser\\u00e1 a nova hashtag do turismo?. Confira essa Mat\\u00e9ria no Canal Sem reserva. \\u27a4 Projeto em parceria com a PANROTAS.\",\"breadcrumb\":{\"@id\":\"https:\/\/blog.panrotas.com.br\/semreserva\/qual-sera-a-nova-hashtag-do-turismo\/16-04-2015\/#breadcrumb\"},\"inLanguage\":\"pt-BR\",\"potentialAction\":[{\"@type\":\"ReadAction\",\"target\":[\"https:\/\/blog.panrotas.com.br\/semreserva\/qual-sera-a-nova-hashtag-do-turismo\/16-04-2015\/\"]}]},{\"@type\":\"BreadcrumbList\",\"@id\":\"https:\/\/blog.panrotas.com.br\/semreserva\/qual-sera-a-nova-hashtag-do-turismo\/16-04-2015\/#breadcrumb\",\"itemListElement\":[{\"@type\":\"ListItem\",\"position\":1,\"name\":\"Home do Blog\",\"item\":\"http:\/\/blog.panrotas.com.br\/semreserva\/\"},{\"@type\":\"ListItem\",\"position\":2,\"name\":\"Dia a dia\",\"item\":\"https:\/\/blog.panrotas.com.br\/semreserva\/category\/dia-a-dia\/\"},{\"@type\":\"ListItem\",\"position\":3,\"name\":\"Qual ser\\u00e1 a nova hashtag do turismo?\"}]},{\"@type\":\"Article\",\"@id\":\"https:\/\/blog.panrotas.com.br\/semreserva\/qual-sera-a-nova-hashtag-do-turismo\/16-04-2015\/#article\",\"isPartOf\":{\"@id\":\"https:\/\/blog.panrotas.com.br\/semreserva\/qual-sera-a-nova-hashtag-do-turismo\/16-04-2015\/#webpage\"},\"author\":{\"@id\":\"http:\/\/blog.panrotas.com.br\/semreserva\/#\/schema\/person\/c93b4555f6a497d2d83c25dcb80f61ed\"},\"headline\":\"Qual ser\\u00e1 a nova hashtag do turismo?\",\"datePublished\":\"2015-04-16T16:40:14+00:00\",\"dateModified\":\"2015-04-16T16:40:14+00:00\",\"mainEntityOfPage\":{\"@id\":\"https:\/\/blog.panrotas.com.br\/semreserva\/qual-sera-a-nova-hashtag-do-turismo\/16-04-2015\/#webpage\"},\"wordCount\":421,\"commentCount\":0,\"publisher\":{\"@id\":\"http:\/\/blog.panrotas.com.br\/semreserva\/#organization\"},\"articleSection\":[\"Dia a dia\"],\"inLanguage\":\"pt-BR\",\"potentialAction\":[{\"@type\":\"CommentAction\",\"name\":\"Comment\",\"target\":[\"https:\/\/blog.panrotas.com.br\/semreserva\/qual-sera-a-nova-hashtag-do-turismo\/16-04-2015\/#respond\"]}]},{\"@type\":\"Person\",\"@id\":\"http:\/\/blog.panrotas.com.br\/semreserva\/#\/schema\/person\/c93b4555f6a497d2d83c25dcb80f61ed\",\"name\":\"Artur Andrade\",\"image\":{\"@type\":\"ImageObject\",\"@id\":\"http:\/\/blog.panrotas.com.br\/semreserva\/#personlogo\",\"inLanguage\":\"pt-BR\",\"url\":\"https:\/\/secure.gravatar.com\/avatar\/a94564d630220cefd5c82f3452ac1ef4?s=96&d=mm&r=g\",\"contentUrl\":\"https:\/\/secure.gravatar.com\/avatar\/a94564d630220cefd5c82f3452ac1ef4?s=96&d=mm&r=g\",\"caption\":\"Artur Andrade\"},\"description\":\"Artur Luiz Andrade \\u00e9 carioca, taurino, jornalista e nasceu em 1969. \\u00c9 editor-chefe da PANROTAS Editora e mora em S\\u00e3o Paulo desde 1998\",\"sameAs\":[\"http:\/\/www.panrotas.com.br\"]}]}<\/script>\n<!-- \/ Yoast SEO plugin. -->","yoast_head_json":{"title":"Qual ser\u00e1 a nova hashtag do turismo? -","description":"Qual ser\u00e1 a nova hashtag do turismo?. Confira essa Mat\u00e9ria no Canal Sem reserva. \u27a4 Projeto em parceria com a PANROTAS.","robots":{"index":"index","follow":"follow","max-snippet":"max-snippet:-1","max-image-preview":"max-image-preview:large","max-video-preview":"max-video-preview:-1"},"canonical":"https:\/\/blog.panrotas.com.br\/semreserva\/qual-sera-a-nova-hashtag-do-turismo\/16-04-2015\/","og_locale":"pt_BR","og_type":"article","og_title":"Qual ser\u00e1 a nova hashtag do turismo? -","og_description":"Qual ser\u00e1 a nova hashtag do turismo?. Confira essa Mat\u00e9ria no Canal Sem reserva. \u27a4 Projeto em parceria com a PANROTAS.","og_url":"https:\/\/blog.panrotas.com.br\/semreserva\/qual-sera-a-nova-hashtag-do-turismo\/16-04-2015\/","og_site_name":"Sem reserva","article_publisher":"https:\/\/www.facebook.com\/portalpanrotas\/","article_published_time":"2015-04-16T16:40:14+00:00","twitter_card":"summary_large_image","twitter_creator":"@portalpanrotas","twitter_site":"@portalpanrotas","twitter_misc":{"Escrito por":"Artur Andrade","Est. tempo de leitura":"2 minutos"},"schema":{"@context":"https:\/\/schema.org","@graph":[{"@type":"Organization","@id":"http:\/\/blog.panrotas.com.br\/semreserva\/#organization","name":"Sem Reserva - Blog no Portal PANROTAS","url":"http:\/\/blog.panrotas.com.br\/semreserva\/","sameAs":["https:\/\/www.facebook.com\/portalpanrotas\/","https:\/\/www.instagram.com\/portalpanrotas\/","https:\/\/br.linkedin.com\/company\/panrotas","https:\/\/www.youtube.com\/tvpanrotas","https:\/\/twitter.com\/portalpanrotas"],"logo":{"@type":"ImageObject","@id":"http:\/\/blog.panrotas.com.br\/semreserva\/#logo","inLanguage":"pt-BR","url":"https:\/\/blog.panrotas.com.br\/semreserva\/wp-content\/uploads\/sites\/5\/2020\/06\/logo.png","contentUrl":"https:\/\/blog.panrotas.com.br\/semreserva\/wp-content\/uploads\/sites\/5\/2020\/06\/logo.png","width":259,"height":53,"caption":"Sem Reserva - Blog no Portal PANROTAS"},"image":{"@id":"http:\/\/blog.panrotas.com.br\/semreserva\/#logo"}},{"@type":"WebSite","@id":"http:\/\/blog.panrotas.com.br\/semreserva\/#website","url":"http:\/\/blog.panrotas.com.br\/semreserva\/","name":"Sem reserva","description":"Blogosfera PANROTAS","publisher":{"@id":"http:\/\/blog.panrotas.com.br\/semreserva\/#organization"},"potentialAction":[{"@type":"SearchAction","target":{"@type":"EntryPoint","urlTemplate":"http:\/\/blog.panrotas.com.br\/semreserva\/?s={search_term_string}"},"query-input":"required name=search_term_string"}],"inLanguage":"pt-BR"},{"@type":"WebPage","@id":"https:\/\/blog.panrotas.com.br\/semreserva\/qual-sera-a-nova-hashtag-do-turismo\/16-04-2015\/#webpage","url":"https:\/\/blog.panrotas.com.br\/semreserva\/qual-sera-a-nova-hashtag-do-turismo\/16-04-2015\/","name":"Qual ser\u00e1 a nova hashtag do turismo? -","isPartOf":{"@id":"http:\/\/blog.panrotas.com.br\/semreserva\/#website"},"datePublished":"2015-04-16T16:40:14+00:00","dateModified":"2015-04-16T16:40:14+00:00","description":"Qual ser\u00e1 a nova hashtag do turismo?. Confira essa Mat\u00e9ria no Canal Sem reserva. \u27a4 Projeto em parceria com a PANROTAS.","breadcrumb":{"@id":"https:\/\/blog.panrotas.com.br\/semreserva\/qual-sera-a-nova-hashtag-do-turismo\/16-04-2015\/#breadcrumb"},"inLanguage":"pt-BR","potentialAction":[{"@type":"ReadAction","target":["https:\/\/blog.panrotas.com.br\/semreserva\/qual-sera-a-nova-hashtag-do-turismo\/16-04-2015\/"]}]},{"@type":"BreadcrumbList","@id":"https:\/\/blog.panrotas.com.br\/semreserva\/qual-sera-a-nova-hashtag-do-turismo\/16-04-2015\/#breadcrumb","itemListElement":[{"@type":"ListItem","position":1,"name":"Home do Blog","item":"http:\/\/blog.panrotas.com.br\/semreserva\/"},{"@type":"ListItem","position":2,"name":"Dia a dia","item":"https:\/\/blog.panrotas.com.br\/semreserva\/category\/dia-a-dia\/"},{"@type":"ListItem","position":3,"name":"Qual ser\u00e1 a nova hashtag do turismo?"}]},{"@type":"Article","@id":"https:\/\/blog.panrotas.com.br\/semreserva\/qual-sera-a-nova-hashtag-do-turismo\/16-04-2015\/#article","isPartOf":{"@id":"https:\/\/blog.panrotas.com.br\/semreserva\/qual-sera-a-nova-hashtag-do-turismo\/16-04-2015\/#webpage"},"author":{"@id":"http:\/\/blog.panrotas.com.br\/semreserva\/#\/schema\/person\/c93b4555f6a497d2d83c25dcb80f61ed"},"headline":"Qual ser\u00e1 a nova hashtag do turismo?","datePublished":"2015-04-16T16:40:14+00:00","dateModified":"2015-04-16T16:40:14+00:00","mainEntityOfPage":{"@id":"https:\/\/blog.panrotas.com.br\/semreserva\/qual-sera-a-nova-hashtag-do-turismo\/16-04-2015\/#webpage"},"wordCount":421,"commentCount":0,"publisher":{"@id":"http:\/\/blog.panrotas.com.br\/semreserva\/#organization"},"articleSection":["Dia a dia"],"inLanguage":"pt-BR","potentialAction":[{"@type":"CommentAction","name":"Comment","target":["https:\/\/blog.panrotas.com.br\/semreserva\/qual-sera-a-nova-hashtag-do-turismo\/16-04-2015\/#respond"]}]},{"@type":"Person","@id":"http:\/\/blog.panrotas.com.br\/semreserva\/#\/schema\/person\/c93b4555f6a497d2d83c25dcb80f61ed","name":"Artur Andrade","image":{"@type":"ImageObject","@id":"http:\/\/blog.panrotas.com.br\/semreserva\/#personlogo","inLanguage":"pt-BR","url":"https:\/\/secure.gravatar.com\/avatar\/a94564d630220cefd5c82f3452ac1ef4?s=96&d=mm&r=g","contentUrl":"https:\/\/secure.gravatar.com\/avatar\/a94564d630220cefd5c82f3452ac1ef4?s=96&d=mm&r=g","caption":"Artur Andrade"},"description":"Artur Luiz Andrade \u00e9 carioca, taurino, jornalista e nasceu em 1969. \u00c9 editor-chefe da PANROTAS Editora e mora em S\u00e3o Paulo desde 1998","sameAs":["http:\/\/www.panrotas.com.br"]}]}},"jetpack_featured_media_url":"","jetpack_shortlink":"https:\/\/wp.me\/p7idIU-17l","_links":{"self":[{"href":"https:\/\/blog.panrotas.com.br\/semreserva\/wp-json\/wp\/v2\/posts\/4299"}],"collection":[{"href":"https:\/\/blog.panrotas.com.br\/semreserva\/wp-json\/wp\/v2\/posts"}],"about":[{"href":"https:\/\/blog.panrotas.com.br\/semreserva\/wp-json\/wp\/v2\/types\/post"}],"author":[{"embeddable":true,"href":"https:\/\/blog.panrotas.com.br\/semreserva\/wp-json\/wp\/v2\/users\/7"}],"replies":[{"embeddable":true,"href":"https:\/\/blog.panrotas.com.br\/semreserva\/wp-json\/wp\/v2\/comments?post=4299"}],"version-history":[{"count":0,"href":"https:\/\/blog.panrotas.com.br\/semreserva\/wp-json\/wp\/v2\/posts\/4299\/revisions"}],"wp:attachment":[{"href":"https:\/\/blog.panrotas.com.br\/semreserva\/wp-json\/wp\/v2\/media?parent=4299"}],"wp:term":[{"taxonomy":"category","embeddable":true,"href":"https:\/\/blog.panrotas.com.br\/semreserva\/wp-json\/wp\/v2\/categories?post=4299"},{"taxonomy":"post_tag","embeddable":true,"href":"https:\/\/blog.panrotas.com.br\/semreserva\/wp-json\/wp\/v2\/tags?post=4299"}],"curies":[{"name":"wp","href":"https:\/\/api.w.org\/{rel}","templated":true}]}}