{"id":4303,"date":"2015-04-27T02:33:01","date_gmt":"2015-04-27T05:33:01","guid":{"rendered":"http:\/\/blog.panrotas.com.br\/semreserva\/?p=4303"},"modified":"2015-04-27T02:33:01","modified_gmt":"2015-04-27T05:33:01","slug":"alem-da-boa-vontade","status":"publish","type":"post","link":"https:\/\/blog.panrotas.com.br\/semreserva\/alem-da-boa-vontade\/27-04-2015\/","title":{"rendered":"AL\u00c9M DA BOA VONTADE"},"content":{"rendered":"<p>A pol\u00edtica associativa no turismo sempre dependeu da boa vontade do empresariado e da sorte de ter empres\u00e1rios que al\u00e9m de boa vontade tivessem tino para a coisa, dirigir uma entidade de classe. Exemplos, h\u00e1 muitos. Para o bem e para o mal.<\/p>\n<p>&nbsp;<\/p>\n<p>Hoje, \u00e9 preciso ir al\u00e9m da boa vontade (ou mesmo da vontade). Boa vontade e sorte (de ter a pessoa certa) n\u00e3o fazem mais o sucesso de uma associa\u00e7\u00e3o, entidade, sindicato&#8230; \u00c9 preciso profissionalizar. Conversando com um dos vice-presidentes da Braztoa, o Jos\u00e9 Zuquim, ele me disse que a chegada do Minist\u00e9rio do Turismo ajudou muito na profissionaliza\u00e7\u00e3o e organiza\u00e7\u00e3o do setor. Concordo, mas preciso estudar mais o assunto. \u00c9 isso, mas n\u00e3o \u00e9 tudo isso.<\/p>\n<p>&nbsp;<\/p>\n<p>A profissionaliza\u00e7\u00e3o das entidades, ou melhor, essa necessidade veio mais das mudan\u00e7as do mercado, da nova din\u00e2mica do turismo no Brasil, da vis\u00e3o de que trabalhar por um grupo pode ajudar os neg\u00f3cios sim, mas requer um projeto amplo, trabalhoso e custoso.<\/p>\n<p>&nbsp;<\/p>\n<p>A Braztoa deu sorte desde a sa\u00edda de Marco Ferraz, contratado pela Clia Abremar. Sorte por Ferraz e sua diretoria terem deixado um trabalho dos melhores na pol\u00edtica associativa do turismo brasileiro. Sorte tamb\u00e9m porque essa diretoria, que estava a par de tudo, tocou o barco at\u00e9 o momento, chegando aos \u00eaxitos da semana passada, com uma WTM Latin America e Encontro Braztoa hist\u00f3ricos; idem para a Turismo Week; o lan\u00e7amento do Passaporte Braztoa e a aprova\u00e7\u00e3o da mudan\u00e7a no estatuto para profissionalizar a entidade.<\/p>\n<p>&nbsp;<\/p>\n<p>Agora a Braztoa ter\u00e1 um conselho, um presidente contratado, uma estrutura que trabalhe tamb\u00e9m para ajudar os associados nas rela\u00e7\u00f5es comerciais com o mercado. O Passaporte Braztoa e as viagens t\u00e9cnicas s\u00e3o exemplos.<\/p>\n<p>&nbsp;<\/p>\n<p>Parab\u00e9ns a Monica Samia, Magda Nassa, Jos\u00e9 Zuquim, Plinio Nascimento e Eduardo Barbosa pela boa vontade, pela sabedoria em dividirem afazeres, pela vis\u00e3o de que \u00e9 necess\u00e1rio mudar e pela sorte de estarem todos juntos nesse momento. Todos devem ser candidatos na nova chapa, que ter\u00e1 Magda Nassar candidata a presidente do conselho. Dificilmente haver\u00e1 chapa concorrente, devido a essa uni\u00e3o, mas se houver, que seja com um projeto mais inovador que o deles ainda, e n\u00e3o com aquela cabe\u00e7a de pol\u00edtica associativa que n\u00e3o olha para o mercado e apenas para o pr\u00f3prio umbigo.<\/p>\n<p>&nbsp;<\/p>\n<p>Parab\u00e9ns tamb\u00e9m aos associados Braztoa, por aprovarem as mudan\u00e7as e acreditarem numa entidade de classe.<\/p>\n<p>&nbsp;<\/p>\n<p>A novidade chega em um bom momento, em que a uni\u00e3o e as mudan\u00e7as s\u00e3o necess\u00e1rias para combater crise, abrir novas frentes, criar novas rela\u00e7\u00f5es, reformular outras&#8230; ou seja, n\u00e3o ficar parado esperando&#8230; esperando sabe-se l\u00e1 o qu\u00ea&#8230;<\/p>\n","protected":false},"excerpt":{"rendered":"<p>A pol\u00edtica associativa no turismo sempre dependeu da boa vontade do empresariado e da sorte de ter empres\u00e1rios que al\u00e9m de boa vontade tivessem tino para a coisa, dirigir uma entidade de classe. Exemplos, h\u00e1 muitos. Para o bem e para o mal. &nbsp; Hoje, \u00e9 preciso ir al\u00e9m da boa vontade (ou mesmo da [&hellip;]<\/p>\n","protected":false},"author":7,"featured_media":0,"comment_status":"open","ping_status":"open","sticky":false,"template":"","format":"standard","meta":{"spay_email":""},"categories":[2],"tags":[],"yoast_head":"<!-- This site is optimized with the Yoast SEO plugin v17.3 - https:\/\/yoast.com\/wordpress\/plugins\/seo\/ -->\n<title>AL\u00c9M DA BOA VONTADE -<\/title>\n<meta name=\"description\" content=\"AL\u00c9M DA BOA VONTADE. Confira essa Mat\u00e9ria no Canal Sem reserva. \u27a4 Projeto em parceria com a PANROTAS.\" \/>\n<meta name=\"robots\" content=\"index, follow, max-snippet:-1, max-image-preview:large, max-video-preview:-1\" \/>\n<link rel=\"canonical\" href=\"https:\/\/blog.panrotas.com.br\/semreserva\/alem-da-boa-vontade\/27-04-2015\/\" \/>\n<meta property=\"og:locale\" content=\"pt_BR\" \/>\n<meta property=\"og:type\" content=\"article\" \/>\n<meta property=\"og:title\" content=\"AL\u00c9M DA BOA VONTADE -\" \/>\n<meta property=\"og:description\" content=\"AL\u00c9M DA BOA VONTADE. Confira essa Mat\u00e9ria no Canal Sem reserva. \u27a4 Projeto em parceria com a PANROTAS.\" \/>\n<meta property=\"og:url\" content=\"https:\/\/blog.panrotas.com.br\/semreserva\/alem-da-boa-vontade\/27-04-2015\/\" \/>\n<meta property=\"og:site_name\" content=\"Sem reserva\" \/>\n<meta property=\"article:publisher\" content=\"https:\/\/www.facebook.com\/portalpanrotas\/\" \/>\n<meta property=\"article:published_time\" content=\"2015-04-27T05:33:01+00:00\" \/>\n<meta name=\"twitter:card\" content=\"summary_large_image\" \/>\n<meta name=\"twitter:creator\" content=\"@portalpanrotas\" \/>\n<meta name=\"twitter:site\" content=\"@portalpanrotas\" \/>\n<meta name=\"twitter:label1\" content=\"Escrito por\" \/>\n\t<meta name=\"twitter:data1\" content=\"Artur Andrade\" \/>\n\t<meta name=\"twitter:label2\" content=\"Est. tempo de leitura\" \/>\n\t<meta name=\"twitter:data2\" content=\"2 minutos\" \/>\n<script type=\"application\/ld+json\" class=\"yoast-schema-graph\">{\"@context\":\"https:\/\/schema.org\",\"@graph\":[{\"@type\":\"Organization\",\"@id\":\"http:\/\/blog.panrotas.com.br\/semreserva\/#organization\",\"name\":\"Sem Reserva - Blog no Portal PANROTAS\",\"url\":\"http:\/\/blog.panrotas.com.br\/semreserva\/\",\"sameAs\":[\"https:\/\/www.facebook.com\/portalpanrotas\/\",\"https:\/\/www.instagram.com\/portalpanrotas\/\",\"https:\/\/br.linkedin.com\/company\/panrotas\",\"https:\/\/www.youtube.com\/tvpanrotas\",\"https:\/\/twitter.com\/portalpanrotas\"],\"logo\":{\"@type\":\"ImageObject\",\"@id\":\"http:\/\/blog.panrotas.com.br\/semreserva\/#logo\",\"inLanguage\":\"pt-BR\",\"url\":\"https:\/\/blog.panrotas.com.br\/semreserva\/wp-content\/uploads\/sites\/5\/2020\/06\/logo.png\",\"contentUrl\":\"https:\/\/blog.panrotas.com.br\/semreserva\/wp-content\/uploads\/sites\/5\/2020\/06\/logo.png\",\"width\":259,\"height\":53,\"caption\":\"Sem Reserva - Blog no Portal PANROTAS\"},\"image\":{\"@id\":\"http:\/\/blog.panrotas.com.br\/semreserva\/#logo\"}},{\"@type\":\"WebSite\",\"@id\":\"http:\/\/blog.panrotas.com.br\/semreserva\/#website\",\"url\":\"http:\/\/blog.panrotas.com.br\/semreserva\/\",\"name\":\"Sem reserva\",\"description\":\"Blogosfera PANROTAS\",\"publisher\":{\"@id\":\"http:\/\/blog.panrotas.com.br\/semreserva\/#organization\"},\"potentialAction\":[{\"@type\":\"SearchAction\",\"target\":{\"@type\":\"EntryPoint\",\"urlTemplate\":\"http:\/\/blog.panrotas.com.br\/semreserva\/?s={search_term_string}\"},\"query-input\":\"required name=search_term_string\"}],\"inLanguage\":\"pt-BR\"},{\"@type\":\"WebPage\",\"@id\":\"https:\/\/blog.panrotas.com.br\/semreserva\/alem-da-boa-vontade\/27-04-2015\/#webpage\",\"url\":\"https:\/\/blog.panrotas.com.br\/semreserva\/alem-da-boa-vontade\/27-04-2015\/\",\"name\":\"AL\\u00c9M DA BOA VONTADE -\",\"isPartOf\":{\"@id\":\"http:\/\/blog.panrotas.com.br\/semreserva\/#website\"},\"datePublished\":\"2015-04-27T05:33:01+00:00\",\"dateModified\":\"2015-04-27T05:33:01+00:00\",\"description\":\"AL\\u00c9M DA BOA VONTADE. Confira essa Mat\\u00e9ria no Canal Sem reserva. \\u27a4 Projeto em parceria com a PANROTAS.\",\"breadcrumb\":{\"@id\":\"https:\/\/blog.panrotas.com.br\/semreserva\/alem-da-boa-vontade\/27-04-2015\/#breadcrumb\"},\"inLanguage\":\"pt-BR\",\"potentialAction\":[{\"@type\":\"ReadAction\",\"target\":[\"https:\/\/blog.panrotas.com.br\/semreserva\/alem-da-boa-vontade\/27-04-2015\/\"]}]},{\"@type\":\"BreadcrumbList\",\"@id\":\"https:\/\/blog.panrotas.com.br\/semreserva\/alem-da-boa-vontade\/27-04-2015\/#breadcrumb\",\"itemListElement\":[{\"@type\":\"ListItem\",\"position\":1,\"name\":\"Home do Blog\",\"item\":\"http:\/\/blog.panrotas.com.br\/semreserva\/\"},{\"@type\":\"ListItem\",\"position\":2,\"name\":\"Dia a dia\",\"item\":\"https:\/\/blog.panrotas.com.br\/semreserva\/category\/dia-a-dia\/\"},{\"@type\":\"ListItem\",\"position\":3,\"name\":\"AL\\u00c9M DA BOA VONTADE\"}]},{\"@type\":\"Article\",\"@id\":\"https:\/\/blog.panrotas.com.br\/semreserva\/alem-da-boa-vontade\/27-04-2015\/#article\",\"isPartOf\":{\"@id\":\"https:\/\/blog.panrotas.com.br\/semreserva\/alem-da-boa-vontade\/27-04-2015\/#webpage\"},\"author\":{\"@id\":\"http:\/\/blog.panrotas.com.br\/semreserva\/#\/schema\/person\/c93b4555f6a497d2d83c25dcb80f61ed\"},\"headline\":\"AL\\u00c9M DA BOA VONTADE\",\"datePublished\":\"2015-04-27T05:33:01+00:00\",\"dateModified\":\"2015-04-27T05:33:01+00:00\",\"mainEntityOfPage\":{\"@id\":\"https:\/\/blog.panrotas.com.br\/semreserva\/alem-da-boa-vontade\/27-04-2015\/#webpage\"},\"wordCount\":478,\"commentCount\":0,\"publisher\":{\"@id\":\"http:\/\/blog.panrotas.com.br\/semreserva\/#organization\"},\"articleSection\":[\"Dia a dia\"],\"inLanguage\":\"pt-BR\",\"potentialAction\":[{\"@type\":\"CommentAction\",\"name\":\"Comment\",\"target\":[\"https:\/\/blog.panrotas.com.br\/semreserva\/alem-da-boa-vontade\/27-04-2015\/#respond\"]}]},{\"@type\":\"Person\",\"@id\":\"http:\/\/blog.panrotas.com.br\/semreserva\/#\/schema\/person\/c93b4555f6a497d2d83c25dcb80f61ed\",\"name\":\"Artur Andrade\",\"image\":{\"@type\":\"ImageObject\",\"@id\":\"http:\/\/blog.panrotas.com.br\/semreserva\/#personlogo\",\"inLanguage\":\"pt-BR\",\"url\":\"https:\/\/secure.gravatar.com\/avatar\/a94564d630220cefd5c82f3452ac1ef4?s=96&d=mm&r=g\",\"contentUrl\":\"https:\/\/secure.gravatar.com\/avatar\/a94564d630220cefd5c82f3452ac1ef4?s=96&d=mm&r=g\",\"caption\":\"Artur Andrade\"},\"description\":\"Artur Luiz Andrade \\u00e9 carioca, taurino, jornalista e nasceu em 1969. \\u00c9 editor-chefe da PANROTAS Editora e mora em S\\u00e3o Paulo desde 1998\",\"sameAs\":[\"http:\/\/www.panrotas.com.br\"]}]}<\/script>\n<!-- \/ Yoast SEO plugin. -->","yoast_head_json":{"title":"AL\u00c9M DA BOA VONTADE -","description":"AL\u00c9M DA BOA VONTADE. Confira essa Mat\u00e9ria no Canal Sem reserva. \u27a4 Projeto em parceria com a PANROTAS.","robots":{"index":"index","follow":"follow","max-snippet":"max-snippet:-1","max-image-preview":"max-image-preview:large","max-video-preview":"max-video-preview:-1"},"canonical":"https:\/\/blog.panrotas.com.br\/semreserva\/alem-da-boa-vontade\/27-04-2015\/","og_locale":"pt_BR","og_type":"article","og_title":"AL\u00c9M DA BOA VONTADE -","og_description":"AL\u00c9M DA BOA VONTADE. Confira essa Mat\u00e9ria no Canal Sem reserva. \u27a4 Projeto em parceria com a PANROTAS.","og_url":"https:\/\/blog.panrotas.com.br\/semreserva\/alem-da-boa-vontade\/27-04-2015\/","og_site_name":"Sem reserva","article_publisher":"https:\/\/www.facebook.com\/portalpanrotas\/","article_published_time":"2015-04-27T05:33:01+00:00","twitter_card":"summary_large_image","twitter_creator":"@portalpanrotas","twitter_site":"@portalpanrotas","twitter_misc":{"Escrito por":"Artur Andrade","Est. tempo de leitura":"2 minutos"},"schema":{"@context":"https:\/\/schema.org","@graph":[{"@type":"Organization","@id":"http:\/\/blog.panrotas.com.br\/semreserva\/#organization","name":"Sem Reserva - Blog no Portal PANROTAS","url":"http:\/\/blog.panrotas.com.br\/semreserva\/","sameAs":["https:\/\/www.facebook.com\/portalpanrotas\/","https:\/\/www.instagram.com\/portalpanrotas\/","https:\/\/br.linkedin.com\/company\/panrotas","https:\/\/www.youtube.com\/tvpanrotas","https:\/\/twitter.com\/portalpanrotas"],"logo":{"@type":"ImageObject","@id":"http:\/\/blog.panrotas.com.br\/semreserva\/#logo","inLanguage":"pt-BR","url":"https:\/\/blog.panrotas.com.br\/semreserva\/wp-content\/uploads\/sites\/5\/2020\/06\/logo.png","contentUrl":"https:\/\/blog.panrotas.com.br\/semreserva\/wp-content\/uploads\/sites\/5\/2020\/06\/logo.png","width":259,"height":53,"caption":"Sem Reserva - Blog no Portal PANROTAS"},"image":{"@id":"http:\/\/blog.panrotas.com.br\/semreserva\/#logo"}},{"@type":"WebSite","@id":"http:\/\/blog.panrotas.com.br\/semreserva\/#website","url":"http:\/\/blog.panrotas.com.br\/semreserva\/","name":"Sem reserva","description":"Blogosfera PANROTAS","publisher":{"@id":"http:\/\/blog.panrotas.com.br\/semreserva\/#organization"},"potentialAction":[{"@type":"SearchAction","target":{"@type":"EntryPoint","urlTemplate":"http:\/\/blog.panrotas.com.br\/semreserva\/?s={search_term_string}"},"query-input":"required name=search_term_string"}],"inLanguage":"pt-BR"},{"@type":"WebPage","@id":"https:\/\/blog.panrotas.com.br\/semreserva\/alem-da-boa-vontade\/27-04-2015\/#webpage","url":"https:\/\/blog.panrotas.com.br\/semreserva\/alem-da-boa-vontade\/27-04-2015\/","name":"AL\u00c9M DA BOA VONTADE -","isPartOf":{"@id":"http:\/\/blog.panrotas.com.br\/semreserva\/#website"},"datePublished":"2015-04-27T05:33:01+00:00","dateModified":"2015-04-27T05:33:01+00:00","description":"AL\u00c9M DA BOA VONTADE. Confira essa Mat\u00e9ria no Canal Sem reserva. \u27a4 Projeto em parceria com a PANROTAS.","breadcrumb":{"@id":"https:\/\/blog.panrotas.com.br\/semreserva\/alem-da-boa-vontade\/27-04-2015\/#breadcrumb"},"inLanguage":"pt-BR","potentialAction":[{"@type":"ReadAction","target":["https:\/\/blog.panrotas.com.br\/semreserva\/alem-da-boa-vontade\/27-04-2015\/"]}]},{"@type":"BreadcrumbList","@id":"https:\/\/blog.panrotas.com.br\/semreserva\/alem-da-boa-vontade\/27-04-2015\/#breadcrumb","itemListElement":[{"@type":"ListItem","position":1,"name":"Home do Blog","item":"http:\/\/blog.panrotas.com.br\/semreserva\/"},{"@type":"ListItem","position":2,"name":"Dia a dia","item":"https:\/\/blog.panrotas.com.br\/semreserva\/category\/dia-a-dia\/"},{"@type":"ListItem","position":3,"name":"AL\u00c9M DA BOA VONTADE"}]},{"@type":"Article","@id":"https:\/\/blog.panrotas.com.br\/semreserva\/alem-da-boa-vontade\/27-04-2015\/#article","isPartOf":{"@id":"https:\/\/blog.panrotas.com.br\/semreserva\/alem-da-boa-vontade\/27-04-2015\/#webpage"},"author":{"@id":"http:\/\/blog.panrotas.com.br\/semreserva\/#\/schema\/person\/c93b4555f6a497d2d83c25dcb80f61ed"},"headline":"AL\u00c9M DA BOA VONTADE","datePublished":"2015-04-27T05:33:01+00:00","dateModified":"2015-04-27T05:33:01+00:00","mainEntityOfPage":{"@id":"https:\/\/blog.panrotas.com.br\/semreserva\/alem-da-boa-vontade\/27-04-2015\/#webpage"},"wordCount":478,"commentCount":0,"publisher":{"@id":"http:\/\/blog.panrotas.com.br\/semreserva\/#organization"},"articleSection":["Dia a dia"],"inLanguage":"pt-BR","potentialAction":[{"@type":"CommentAction","name":"Comment","target":["https:\/\/blog.panrotas.com.br\/semreserva\/alem-da-boa-vontade\/27-04-2015\/#respond"]}]},{"@type":"Person","@id":"http:\/\/blog.panrotas.com.br\/semreserva\/#\/schema\/person\/c93b4555f6a497d2d83c25dcb80f61ed","name":"Artur Andrade","image":{"@type":"ImageObject","@id":"http:\/\/blog.panrotas.com.br\/semreserva\/#personlogo","inLanguage":"pt-BR","url":"https:\/\/secure.gravatar.com\/avatar\/a94564d630220cefd5c82f3452ac1ef4?s=96&d=mm&r=g","contentUrl":"https:\/\/secure.gravatar.com\/avatar\/a94564d630220cefd5c82f3452ac1ef4?s=96&d=mm&r=g","caption":"Artur Andrade"},"description":"Artur Luiz Andrade \u00e9 carioca, taurino, jornalista e nasceu em 1969. \u00c9 editor-chefe da PANROTAS Editora e mora em S\u00e3o Paulo desde 1998","sameAs":["http:\/\/www.panrotas.com.br"]}]}},"jetpack_featured_media_url":"","jetpack_shortlink":"https:\/\/wp.me\/p7idIU-17p","_links":{"self":[{"href":"https:\/\/blog.panrotas.com.br\/semreserva\/wp-json\/wp\/v2\/posts\/4303"}],"collection":[{"href":"https:\/\/blog.panrotas.com.br\/semreserva\/wp-json\/wp\/v2\/posts"}],"about":[{"href":"https:\/\/blog.panrotas.com.br\/semreserva\/wp-json\/wp\/v2\/types\/post"}],"author":[{"embeddable":true,"href":"https:\/\/blog.panrotas.com.br\/semreserva\/wp-json\/wp\/v2\/users\/7"}],"replies":[{"embeddable":true,"href":"https:\/\/blog.panrotas.com.br\/semreserva\/wp-json\/wp\/v2\/comments?post=4303"}],"version-history":[{"count":0,"href":"https:\/\/blog.panrotas.com.br\/semreserva\/wp-json\/wp\/v2\/posts\/4303\/revisions"}],"wp:attachment":[{"href":"https:\/\/blog.panrotas.com.br\/semreserva\/wp-json\/wp\/v2\/media?parent=4303"}],"wp:term":[{"taxonomy":"category","embeddable":true,"href":"https:\/\/blog.panrotas.com.br\/semreserva\/wp-json\/wp\/v2\/categories?post=4303"},{"taxonomy":"post_tag","embeddable":true,"href":"https:\/\/blog.panrotas.com.br\/semreserva\/wp-json\/wp\/v2\/tags?post=4303"}],"curies":[{"name":"wp","href":"https:\/\/api.w.org\/{rel}","templated":true}]}}