{"id":4307,"date":"2015-05-05T11:49:18","date_gmt":"2015-05-05T14:49:18","guid":{"rendered":"http:\/\/blog.panrotas.com.br\/semreserva\/?p=4307"},"modified":"2015-05-05T11:49:18","modified_gmt":"2015-05-05T14:49:18","slug":"em-uma-galaxia-nao-muito-distante","status":"publish","type":"post","link":"https:\/\/blog.panrotas.com.br\/semreserva\/em-uma-galaxia-nao-muito-distante\/05-05-2015\/","title":{"rendered":"EM UMA GAL\u00c1XIA N\u00c3O MUITO DISTANTE&#8230;"},"content":{"rendered":"<p>Ou melhor&#8230; logo ali, no Maranh\u00e3o. Quer dizer, logo ali tamb\u00e9m n\u00e3o, pois n\u00e3o \u00e9 f\u00e1cil assim chegar ao Maranh\u00e3o. O destino \u00e9 pouco conhecido, tem uma malha a\u00e9rea fr\u00e1gil, uma imagem muito ligada \u00e0 pobreza e ao cl\u00e3 Sarney&#8230; N\u00e3o \u00e9 um destino priorit\u00e1rio e daqueles que est\u00e3o no imagin\u00e1rio do brasileiro ou do estrangeiro. OK, no de alguns com certeza est\u00e1, mas bem longe de outros tantos \u00edcones do Nordeste e ainda com imagem fragmentada. Tem os Len\u00e7\u00f3is Maranhenses (mas as dunas de Natal s\u00e3o mais famosas, para ficarmos em um exemplo), tem um centro hist\u00f3rico bonito (Recife e Salvador t\u00eam um patrim\u00f4nio maior nesse campo), a cultura do reggae, o boi, a Alcione, que \u00e9 da Mangueira e desfila todo ano no Rio de Janeiro, a cidade maravilhosa, cheia de encantos mil. N\u00e3o, voltemos ao Maranh\u00e3o.<\/p>\n<p>&nbsp;<\/p>\n<p>N\u00e3o \u00e9 f\u00e1cil promover o Maranh\u00e3o. Al\u00e9m da dist\u00e2ncia, da imagem fragmentada de atrativos, da infraestrutura que n\u00e3o se destaca nacionalmente&#8230; imagina-se que o Estado tem mais com o que se preocupar do que com&#8230; turismo. A ind\u00fastria de viagens. Vamos primeiro cuidar do povo, da mis\u00e9ria, da viol\u00eancia, do coronelismo, da alfabetiza\u00e7\u00e3o, do saneamento&#8230; Pensamentos tortos.<\/p>\n<p>&nbsp;<\/p>\n<p>Tortos, pois o mundo inteiro comprova a for\u00e7a da ind\u00fastria de viagens e turismo para gerar riquezas, levar desenvolvimento, criar empregos, formar m\u00e3o de obra qualificada, dar um horizonte a quem n\u00e3o tem, ajudar comunidades mais remotas, recolher impostos, aumentar a auto estima&#8230; E isso n\u00e3o significa transformar o maranh\u00e3o em um destino de massa, asfaltar as dunas, mandar construir atrativos que desfigurem a cor local. N\u00e3o. O Maranh\u00e3o pode atrair o nicho que quiser. Ou quase. Desde que queira.<\/p>\n<p>&nbsp;<\/p>\n<p>Opa, ent\u00e3o investir no turismo do Maranh\u00e3o \u00e9 um bom caminho?<\/p>\n<p>&nbsp;<\/p>\n<p>Parece-me, mas n\u00e3o vou afirmar batendo na mesa, pois estou distante e s\u00f3 acompanho o Maranh\u00e3o pela imprensa e redes sociais, que h\u00e1 uma vontade pol\u00edtica de fazer o maranh\u00e3o dar certo turisticamente. Dinheiro? N\u00e3o h\u00e1. Mas quem sabe vir\u00e1&#8230; E h\u00e1 iniciativa privada, quem sempre tapou os buracos dos governos na hist\u00f3ria do turismo.<\/p>\n<p>&nbsp;<\/p>\n<p>O Maranh\u00e3o j\u00e1 presidiu o Brasil, a Embratur, a Abav, o Skal e h\u00e1 tantos outros exemplos. Mas o que ficou para o Estado? Picuinhas pol\u00edticas e uma mentalidade de ser oposi\u00e7\u00e3o apenas por ser, ser Sarney ou n\u00e3o ser Sarney. Gostar ou n\u00e3o gostar.<\/p>\n<p>&nbsp;<\/p>\n<p>O Maranh\u00e3o me despertou a curiosidade esta semana, pois vi nas redes sociais (e na imprensa local) uma discuss\u00e3o sobre uma reportagem de seis p\u00e1ginas na revista Caras. Sim, aquela das celebridades, dos sal\u00f5es de cabeleireiros, das fotos belas e da publicidade camuflada. Mas que ter\u00e1 havido? A Caras colocou modelos seminuas nos Len\u00e7\u00f3is, incitando o turismo sexual? N\u00e3o. O principal destaque da mat\u00e9ria era o roteiro para visitar os lugares hist\u00f3ricos da Fam\u00edlia Sarney? Tamb\u00e9m n\u00e3o. A quest\u00e3o dos pres\u00eddios? Nem de perto.<\/p>\n<p>&nbsp;<\/p>\n<p>Segundo a revista, a atriz global Leona Cavalli, que posou para a reportagem-visita, ganhou como homenagem da Secretaria de Turismo o batismo de uma lagoa com seu nome. Mas n\u00e3o s\u00e3o os Len\u00e7\u00f3is conhecidos pela muta\u00e7\u00e3o constante do cen\u00e1rio? Com dunas que andam e cobrem lagoas, e mudam a paisagem? Ser\u00e1 que n\u00e3o venderam a Leona um \u201cterreno na lua\u201d? N\u00e3o deixa de ser uma ideia interessante: o turista visita o atrativo e batiza uma lagoa. Com direito a foto e diploma. Se ele voltar e reconhecer a sua lagoa, ganha o direito de batizar uma duna. E por a\u00ed vai.<\/p>\n<p>&nbsp;<\/p>\n<p>Bom, a secret\u00e1ria Delma Andrade negou a tal hist\u00f3ria do batismo da lagoa com o nome da atriz (mais ou menos conhecida) global, mas o trade e a imprensa da oposi\u00e7\u00e3o ao governador comunista (que, em minha opini\u00e3o, n\u00e3o fez um bom trabalho na Embratur, mas teve \u00f3timo in\u00edcio no governo do Maranh\u00e3o) n\u00e3o querem saber do desmentido. Vale o que est\u00e1 na Caras. E se Alcione e Zeca Baleiro n\u00e3o t\u00eam uma lagoa com seu nome, por que Leona vai ter? Mas cad\u00ea a certid\u00e3o de nascimento da lagoa? Cad\u00ea a comemora\u00e7\u00e3o pela grande exposi\u00e7\u00e3o de um destino que ainda n\u00e3o est\u00e1 pronto como deveria em uma revista que fala aos afluentes ou aos que gostariam muito de ser?<\/p>\n<p>&nbsp;<\/p>\n<p>Falamos muito da falta de seriedade em pol\u00edticos, falta de vis\u00e3o sobre o turismo&#8230; mas quando o trade local n\u00e3o ajuda, a coisa desanda do mesmo jeito. Ou n\u00e3o anda.<\/p>\n<p>&nbsp;<\/p>\n<p>Levem todo o Brasil ao Maranh\u00e3o e fa\u00e7am um batismo coletivo. Celebrem as belezas, o povo, o turismo. Tem lagoa pra todo mundo.<\/p>\n<p>&nbsp;<\/p>\n<p>Guardem os preciosos tempos e espa\u00e7os na imprensa, nas tribunas, nas rodinhas de formadores de opini\u00e3o para o que interessa: resgatar e melhorar o Maranh\u00e3o.<\/p>\n<p>&nbsp;<\/p>\n<p>O turismo s\u00f3 poder\u00e1 ajudar o Maranh\u00e3o se governo e iniciativa privada falarem a mesma l\u00edngua. Se houver cobran\u00e7as dos dois lados. Com seriedade e investimentos.<\/p>\n<p>&nbsp;<\/p>\n<p>O Maranh\u00e3o est\u00e1 longe, bem longe, dos seus principais concorrentes no Nordeste. Mas n\u00e3o deveria. Por se tratar de um produto com caracter\u00edsticas e atrativos \u00edmpares, \u00fanicos. \u00c9 preciso mudar tamb\u00e9m a mentalidade de quem faz esse turismo.<\/p>\n<p>&nbsp;<\/p>\n<p>N\u00e3o, a lagoa n\u00e3o tem o nome da atriz. Ponto. Assunto que merece uma linha. Tem algum outro tema que o Maranh\u00e3o queira discutir ou promover para a ind\u00fastria de viagens e turismo brasileira, que movimenta 114 milh\u00f5es de passageiros a\u00e9reos, R$ 35 bilh\u00f5es em venda de passagens a\u00e9reas, o nono PIB tur\u00edstico do mundo, empregando cerca de nove milh\u00f5es de pessoas?<\/p>\n<p>&nbsp;<\/p>\n<p>Com a palavra, o turismo do Maranh\u00e3o.<\/p>\n<p>&nbsp;<\/p>\n<p>Ah sim&#8230; vendo terrenos na lua. Algu\u00e9m se interessa?<\/p>\n","protected":false},"excerpt":{"rendered":"<p>Ou melhor&#8230; logo ali, no Maranh\u00e3o. Quer dizer, logo ali tamb\u00e9m n\u00e3o, pois n\u00e3o \u00e9 f\u00e1cil assim chegar ao Maranh\u00e3o. O destino \u00e9 pouco conhecido, tem uma malha a\u00e9rea fr\u00e1gil, uma imagem muito ligada \u00e0 pobreza e ao cl\u00e3 Sarney&#8230; N\u00e3o \u00e9 um destino priorit\u00e1rio e daqueles que est\u00e3o no imagin\u00e1rio do brasileiro ou do [&hellip;]<\/p>\n","protected":false},"author":7,"featured_media":0,"comment_status":"open","ping_status":"open","sticky":false,"template":"","format":"standard","meta":{"spay_email":""},"categories":[2],"tags":[],"yoast_head":"<!-- This site is optimized with the Yoast SEO plugin v17.3 - https:\/\/yoast.com\/wordpress\/plugins\/seo\/ -->\n<title>EM UMA GAL\u00c1XIA N\u00c3O MUITO DISTANTE... -<\/title>\n<meta name=\"description\" content=\"EM UMA GAL\u00c1XIA N\u00c3O MUITO DISTANTE.... Confira essa Mat\u00e9ria no Canal Sem reserva. \u27a4 Projeto em parceria com a PANROTAS.\" \/>\n<meta name=\"robots\" content=\"index, follow, max-snippet:-1, max-image-preview:large, max-video-preview:-1\" \/>\n<link rel=\"canonical\" href=\"https:\/\/blog.panrotas.com.br\/semreserva\/em-uma-galaxia-nao-muito-distante\/05-05-2015\/\" \/>\n<meta property=\"og:locale\" content=\"pt_BR\" \/>\n<meta property=\"og:type\" content=\"article\" \/>\n<meta property=\"og:title\" content=\"EM UMA GAL\u00c1XIA N\u00c3O MUITO DISTANTE... -\" \/>\n<meta property=\"og:description\" content=\"EM UMA GAL\u00c1XIA N\u00c3O MUITO DISTANTE.... Confira essa Mat\u00e9ria no Canal Sem reserva. \u27a4 Projeto em parceria com a PANROTAS.\" \/>\n<meta property=\"og:url\" content=\"https:\/\/blog.panrotas.com.br\/semreserva\/em-uma-galaxia-nao-muito-distante\/05-05-2015\/\" \/>\n<meta property=\"og:site_name\" content=\"Sem reserva\" \/>\n<meta property=\"article:publisher\" content=\"https:\/\/www.facebook.com\/portalpanrotas\/\" \/>\n<meta property=\"article:published_time\" content=\"2015-05-05T14:49:18+00:00\" \/>\n<meta name=\"twitter:card\" content=\"summary_large_image\" \/>\n<meta name=\"twitter:creator\" content=\"@portalpanrotas\" \/>\n<meta name=\"twitter:site\" content=\"@portalpanrotas\" \/>\n<meta name=\"twitter:label1\" content=\"Escrito por\" \/>\n\t<meta name=\"twitter:data1\" content=\"Artur Andrade\" \/>\n\t<meta name=\"twitter:label2\" content=\"Est. tempo de leitura\" \/>\n\t<meta name=\"twitter:data2\" content=\"5 minutos\" \/>\n<script type=\"application\/ld+json\" class=\"yoast-schema-graph\">{\"@context\":\"https:\/\/schema.org\",\"@graph\":[{\"@type\":\"Organization\",\"@id\":\"http:\/\/blog.panrotas.com.br\/semreserva\/#organization\",\"name\":\"Sem Reserva - Blog no Portal PANROTAS\",\"url\":\"http:\/\/blog.panrotas.com.br\/semreserva\/\",\"sameAs\":[\"https:\/\/www.facebook.com\/portalpanrotas\/\",\"https:\/\/www.instagram.com\/portalpanrotas\/\",\"https:\/\/br.linkedin.com\/company\/panrotas\",\"https:\/\/www.youtube.com\/tvpanrotas\",\"https:\/\/twitter.com\/portalpanrotas\"],\"logo\":{\"@type\":\"ImageObject\",\"@id\":\"http:\/\/blog.panrotas.com.br\/semreserva\/#logo\",\"inLanguage\":\"pt-BR\",\"url\":\"https:\/\/blog.panrotas.com.br\/semreserva\/wp-content\/uploads\/sites\/5\/2020\/06\/logo.png\",\"contentUrl\":\"https:\/\/blog.panrotas.com.br\/semreserva\/wp-content\/uploads\/sites\/5\/2020\/06\/logo.png\",\"width\":259,\"height\":53,\"caption\":\"Sem Reserva - Blog no Portal PANROTAS\"},\"image\":{\"@id\":\"http:\/\/blog.panrotas.com.br\/semreserva\/#logo\"}},{\"@type\":\"WebSite\",\"@id\":\"http:\/\/blog.panrotas.com.br\/semreserva\/#website\",\"url\":\"http:\/\/blog.panrotas.com.br\/semreserva\/\",\"name\":\"Sem reserva\",\"description\":\"Blogosfera PANROTAS\",\"publisher\":{\"@id\":\"http:\/\/blog.panrotas.com.br\/semreserva\/#organization\"},\"potentialAction\":[{\"@type\":\"SearchAction\",\"target\":{\"@type\":\"EntryPoint\",\"urlTemplate\":\"http:\/\/blog.panrotas.com.br\/semreserva\/?s={search_term_string}\"},\"query-input\":\"required name=search_term_string\"}],\"inLanguage\":\"pt-BR\"},{\"@type\":\"WebPage\",\"@id\":\"https:\/\/blog.panrotas.com.br\/semreserva\/em-uma-galaxia-nao-muito-distante\/05-05-2015\/#webpage\",\"url\":\"https:\/\/blog.panrotas.com.br\/semreserva\/em-uma-galaxia-nao-muito-distante\/05-05-2015\/\",\"name\":\"EM UMA GAL\\u00c1XIA N\\u00c3O MUITO DISTANTE... -\",\"isPartOf\":{\"@id\":\"http:\/\/blog.panrotas.com.br\/semreserva\/#website\"},\"datePublished\":\"2015-05-05T14:49:18+00:00\",\"dateModified\":\"2015-05-05T14:49:18+00:00\",\"description\":\"EM UMA GAL\\u00c1XIA N\\u00c3O MUITO DISTANTE.... Confira essa Mat\\u00e9ria no Canal Sem reserva. \\u27a4 Projeto em parceria com a PANROTAS.\",\"breadcrumb\":{\"@id\":\"https:\/\/blog.panrotas.com.br\/semreserva\/em-uma-galaxia-nao-muito-distante\/05-05-2015\/#breadcrumb\"},\"inLanguage\":\"pt-BR\",\"potentialAction\":[{\"@type\":\"ReadAction\",\"target\":[\"https:\/\/blog.panrotas.com.br\/semreserva\/em-uma-galaxia-nao-muito-distante\/05-05-2015\/\"]}]},{\"@type\":\"BreadcrumbList\",\"@id\":\"https:\/\/blog.panrotas.com.br\/semreserva\/em-uma-galaxia-nao-muito-distante\/05-05-2015\/#breadcrumb\",\"itemListElement\":[{\"@type\":\"ListItem\",\"position\":1,\"name\":\"Home do Blog\",\"item\":\"http:\/\/blog.panrotas.com.br\/semreserva\/\"},{\"@type\":\"ListItem\",\"position\":2,\"name\":\"Dia a dia\",\"item\":\"https:\/\/blog.panrotas.com.br\/semreserva\/category\/dia-a-dia\/\"},{\"@type\":\"ListItem\",\"position\":3,\"name\":\"EM UMA GAL\\u00c1XIA N\\u00c3O MUITO DISTANTE&#8230;\"}]},{\"@type\":\"Article\",\"@id\":\"https:\/\/blog.panrotas.com.br\/semreserva\/em-uma-galaxia-nao-muito-distante\/05-05-2015\/#article\",\"isPartOf\":{\"@id\":\"https:\/\/blog.panrotas.com.br\/semreserva\/em-uma-galaxia-nao-muito-distante\/05-05-2015\/#webpage\"},\"author\":{\"@id\":\"http:\/\/blog.panrotas.com.br\/semreserva\/#\/schema\/person\/c93b4555f6a497d2d83c25dcb80f61ed\"},\"headline\":\"EM UMA GAL\\u00c1XIA N\\u00c3O MUITO DISTANTE&#8230;\",\"datePublished\":\"2015-05-05T14:49:18+00:00\",\"dateModified\":\"2015-05-05T14:49:18+00:00\",\"mainEntityOfPage\":{\"@id\":\"https:\/\/blog.panrotas.com.br\/semreserva\/em-uma-galaxia-nao-muito-distante\/05-05-2015\/#webpage\"},\"wordCount\":1038,\"commentCount\":0,\"publisher\":{\"@id\":\"http:\/\/blog.panrotas.com.br\/semreserva\/#organization\"},\"articleSection\":[\"Dia a dia\"],\"inLanguage\":\"pt-BR\",\"potentialAction\":[{\"@type\":\"CommentAction\",\"name\":\"Comment\",\"target\":[\"https:\/\/blog.panrotas.com.br\/semreserva\/em-uma-galaxia-nao-muito-distante\/05-05-2015\/#respond\"]}]},{\"@type\":\"Person\",\"@id\":\"http:\/\/blog.panrotas.com.br\/semreserva\/#\/schema\/person\/c93b4555f6a497d2d83c25dcb80f61ed\",\"name\":\"Artur Andrade\",\"image\":{\"@type\":\"ImageObject\",\"@id\":\"http:\/\/blog.panrotas.com.br\/semreserva\/#personlogo\",\"inLanguage\":\"pt-BR\",\"url\":\"https:\/\/secure.gravatar.com\/avatar\/a94564d630220cefd5c82f3452ac1ef4?s=96&d=mm&r=g\",\"contentUrl\":\"https:\/\/secure.gravatar.com\/avatar\/a94564d630220cefd5c82f3452ac1ef4?s=96&d=mm&r=g\",\"caption\":\"Artur Andrade\"},\"description\":\"Artur Luiz Andrade \\u00e9 carioca, taurino, jornalista e nasceu em 1969. \\u00c9 editor-chefe da PANROTAS Editora e mora em S\\u00e3o Paulo desde 1998\",\"sameAs\":[\"http:\/\/www.panrotas.com.br\"]}]}<\/script>\n<!-- \/ Yoast SEO plugin. -->","yoast_head_json":{"title":"EM UMA GAL\u00c1XIA N\u00c3O MUITO DISTANTE... -","description":"EM UMA GAL\u00c1XIA N\u00c3O MUITO DISTANTE.... Confira essa Mat\u00e9ria no Canal Sem reserva. \u27a4 Projeto em parceria com a PANROTAS.","robots":{"index":"index","follow":"follow","max-snippet":"max-snippet:-1","max-image-preview":"max-image-preview:large","max-video-preview":"max-video-preview:-1"},"canonical":"https:\/\/blog.panrotas.com.br\/semreserva\/em-uma-galaxia-nao-muito-distante\/05-05-2015\/","og_locale":"pt_BR","og_type":"article","og_title":"EM UMA GAL\u00c1XIA N\u00c3O MUITO DISTANTE... -","og_description":"EM UMA GAL\u00c1XIA N\u00c3O MUITO DISTANTE.... Confira essa Mat\u00e9ria no Canal Sem reserva. \u27a4 Projeto em parceria com a PANROTAS.","og_url":"https:\/\/blog.panrotas.com.br\/semreserva\/em-uma-galaxia-nao-muito-distante\/05-05-2015\/","og_site_name":"Sem reserva","article_publisher":"https:\/\/www.facebook.com\/portalpanrotas\/","article_published_time":"2015-05-05T14:49:18+00:00","twitter_card":"summary_large_image","twitter_creator":"@portalpanrotas","twitter_site":"@portalpanrotas","twitter_misc":{"Escrito por":"Artur Andrade","Est. tempo de leitura":"5 minutos"},"schema":{"@context":"https:\/\/schema.org","@graph":[{"@type":"Organization","@id":"http:\/\/blog.panrotas.com.br\/semreserva\/#organization","name":"Sem Reserva - Blog no Portal PANROTAS","url":"http:\/\/blog.panrotas.com.br\/semreserva\/","sameAs":["https:\/\/www.facebook.com\/portalpanrotas\/","https:\/\/www.instagram.com\/portalpanrotas\/","https:\/\/br.linkedin.com\/company\/panrotas","https:\/\/www.youtube.com\/tvpanrotas","https:\/\/twitter.com\/portalpanrotas"],"logo":{"@type":"ImageObject","@id":"http:\/\/blog.panrotas.com.br\/semreserva\/#logo","inLanguage":"pt-BR","url":"https:\/\/blog.panrotas.com.br\/semreserva\/wp-content\/uploads\/sites\/5\/2020\/06\/logo.png","contentUrl":"https:\/\/blog.panrotas.com.br\/semreserva\/wp-content\/uploads\/sites\/5\/2020\/06\/logo.png","width":259,"height":53,"caption":"Sem Reserva - Blog no Portal PANROTAS"},"image":{"@id":"http:\/\/blog.panrotas.com.br\/semreserva\/#logo"}},{"@type":"WebSite","@id":"http:\/\/blog.panrotas.com.br\/semreserva\/#website","url":"http:\/\/blog.panrotas.com.br\/semreserva\/","name":"Sem reserva","description":"Blogosfera PANROTAS","publisher":{"@id":"http:\/\/blog.panrotas.com.br\/semreserva\/#organization"},"potentialAction":[{"@type":"SearchAction","target":{"@type":"EntryPoint","urlTemplate":"http:\/\/blog.panrotas.com.br\/semreserva\/?s={search_term_string}"},"query-input":"required name=search_term_string"}],"inLanguage":"pt-BR"},{"@type":"WebPage","@id":"https:\/\/blog.panrotas.com.br\/semreserva\/em-uma-galaxia-nao-muito-distante\/05-05-2015\/#webpage","url":"https:\/\/blog.panrotas.com.br\/semreserva\/em-uma-galaxia-nao-muito-distante\/05-05-2015\/","name":"EM UMA GAL\u00c1XIA N\u00c3O MUITO DISTANTE... -","isPartOf":{"@id":"http:\/\/blog.panrotas.com.br\/semreserva\/#website"},"datePublished":"2015-05-05T14:49:18+00:00","dateModified":"2015-05-05T14:49:18+00:00","description":"EM UMA GAL\u00c1XIA N\u00c3O MUITO DISTANTE.... Confira essa Mat\u00e9ria no Canal Sem reserva. \u27a4 Projeto em parceria com a PANROTAS.","breadcrumb":{"@id":"https:\/\/blog.panrotas.com.br\/semreserva\/em-uma-galaxia-nao-muito-distante\/05-05-2015\/#breadcrumb"},"inLanguage":"pt-BR","potentialAction":[{"@type":"ReadAction","target":["https:\/\/blog.panrotas.com.br\/semreserva\/em-uma-galaxia-nao-muito-distante\/05-05-2015\/"]}]},{"@type":"BreadcrumbList","@id":"https:\/\/blog.panrotas.com.br\/semreserva\/em-uma-galaxia-nao-muito-distante\/05-05-2015\/#breadcrumb","itemListElement":[{"@type":"ListItem","position":1,"name":"Home do Blog","item":"http:\/\/blog.panrotas.com.br\/semreserva\/"},{"@type":"ListItem","position":2,"name":"Dia a dia","item":"https:\/\/blog.panrotas.com.br\/semreserva\/category\/dia-a-dia\/"},{"@type":"ListItem","position":3,"name":"EM UMA GAL\u00c1XIA N\u00c3O MUITO DISTANTE&#8230;"}]},{"@type":"Article","@id":"https:\/\/blog.panrotas.com.br\/semreserva\/em-uma-galaxia-nao-muito-distante\/05-05-2015\/#article","isPartOf":{"@id":"https:\/\/blog.panrotas.com.br\/semreserva\/em-uma-galaxia-nao-muito-distante\/05-05-2015\/#webpage"},"author":{"@id":"http:\/\/blog.panrotas.com.br\/semreserva\/#\/schema\/person\/c93b4555f6a497d2d83c25dcb80f61ed"},"headline":"EM UMA GAL\u00c1XIA N\u00c3O MUITO DISTANTE&#8230;","datePublished":"2015-05-05T14:49:18+00:00","dateModified":"2015-05-05T14:49:18+00:00","mainEntityOfPage":{"@id":"https:\/\/blog.panrotas.com.br\/semreserva\/em-uma-galaxia-nao-muito-distante\/05-05-2015\/#webpage"},"wordCount":1038,"commentCount":0,"publisher":{"@id":"http:\/\/blog.panrotas.com.br\/semreserva\/#organization"},"articleSection":["Dia a dia"],"inLanguage":"pt-BR","potentialAction":[{"@type":"CommentAction","name":"Comment","target":["https:\/\/blog.panrotas.com.br\/semreserva\/em-uma-galaxia-nao-muito-distante\/05-05-2015\/#respond"]}]},{"@type":"Person","@id":"http:\/\/blog.panrotas.com.br\/semreserva\/#\/schema\/person\/c93b4555f6a497d2d83c25dcb80f61ed","name":"Artur Andrade","image":{"@type":"ImageObject","@id":"http:\/\/blog.panrotas.com.br\/semreserva\/#personlogo","inLanguage":"pt-BR","url":"https:\/\/secure.gravatar.com\/avatar\/a94564d630220cefd5c82f3452ac1ef4?s=96&d=mm&r=g","contentUrl":"https:\/\/secure.gravatar.com\/avatar\/a94564d630220cefd5c82f3452ac1ef4?s=96&d=mm&r=g","caption":"Artur Andrade"},"description":"Artur Luiz Andrade \u00e9 carioca, taurino, jornalista e nasceu em 1969. \u00c9 editor-chefe da PANROTAS Editora e mora em S\u00e3o Paulo desde 1998","sameAs":["http:\/\/www.panrotas.com.br"]}]}},"jetpack_featured_media_url":"","jetpack_shortlink":"https:\/\/wp.me\/p7idIU-17t","_links":{"self":[{"href":"https:\/\/blog.panrotas.com.br\/semreserva\/wp-json\/wp\/v2\/posts\/4307"}],"collection":[{"href":"https:\/\/blog.panrotas.com.br\/semreserva\/wp-json\/wp\/v2\/posts"}],"about":[{"href":"https:\/\/blog.panrotas.com.br\/semreserva\/wp-json\/wp\/v2\/types\/post"}],"author":[{"embeddable":true,"href":"https:\/\/blog.panrotas.com.br\/semreserva\/wp-json\/wp\/v2\/users\/7"}],"replies":[{"embeddable":true,"href":"https:\/\/blog.panrotas.com.br\/semreserva\/wp-json\/wp\/v2\/comments?post=4307"}],"version-history":[{"count":0,"href":"https:\/\/blog.panrotas.com.br\/semreserva\/wp-json\/wp\/v2\/posts\/4307\/revisions"}],"wp:attachment":[{"href":"https:\/\/blog.panrotas.com.br\/semreserva\/wp-json\/wp\/v2\/media?parent=4307"}],"wp:term":[{"taxonomy":"category","embeddable":true,"href":"https:\/\/blog.panrotas.com.br\/semreserva\/wp-json\/wp\/v2\/categories?post=4307"},{"taxonomy":"post_tag","embeddable":true,"href":"https:\/\/blog.panrotas.com.br\/semreserva\/wp-json\/wp\/v2\/tags?post=4307"}],"curies":[{"name":"wp","href":"https:\/\/api.w.org\/{rel}","templated":true}]}}